{"id":15447,"date":"2020-02-17T09:39:32","date_gmt":"2020-02-17T08:39:32","guid":{"rendered":"http:\/\/lignesauto.fr\/?p=15447"},"modified":"2020-02-17T10:04:06","modified_gmt":"2020-02-17T09:04:06","slug":"bon-anniversaire-jean-pierre-ploue-vingt-ans-chez-psa","status":"publish","type":"post","link":"https:\/\/lignesauto.fr\/?p=15447","title":{"rendered":"Bon anniversaire Jean-Pierre Plou\u00e9 ! Cap vers les 30 ans chez PSA ?"},"content":{"rendered":"\n<p><strong>Jean-Pierre Plou\u00e9 entame sa troisi\u00e8me d\u00e9cennie au sein du groupe PSA ! Afin de c\u00e9l\u00e9brer cet anniversaire pas comme les autres, voici la republication d&#8217;une interview r\u00e9alis\u00e9e voici deux ans. Chez son rival Renault, Laurens van den Acker attaque quant \u00e0 lui sa deuxi\u00e8me d\u00e9cennie \u00e0 la t\u00eate de Renault Design&#8230; La stabilit\u00e9 est de mise \u00e0 la t\u00eate du design automobile fran\u00e7aise !<\/strong> <strong>L&#8217;occasion pour nos amis anglophones de d\u00e9couvrir cet entretien car il n&#8217;avait pas encore \u00e9t\u00e9 traduit.<\/strong><\/p>\n\n\n\n<figure class=\"wp-block-image\"><img loading=\"lazy\" decoding=\"async\" width=\"1024\" height=\"683\" src=\"http:\/\/lignesauto.fr\/wp-content\/uploads\/2018\/10\/LIGNESPLOUE04-1024x683.jpg\" alt=\"\" class=\"wp-image-5569\" srcset=\"https:\/\/lignesauto.fr\/wp-content\/uploads\/2018\/10\/LIGNESPLOUE04-1024x683.jpg 1024w, https:\/\/lignesauto.fr\/wp-content\/uploads\/2018\/10\/LIGNESPLOUE04-300x200.jpg 300w, https:\/\/lignesauto.fr\/wp-content\/uploads\/2018\/10\/LIGNESPLOUE04-768x512.jpg 768w, https:\/\/lignesauto.fr\/wp-content\/uploads\/2018\/10\/LIGNESPLOUE04-370x247.jpg 370w, https:\/\/lignesauto.fr\/wp-content\/uploads\/2018\/10\/LIGNESPLOUE04-1040x693.jpg 1040w, https:\/\/lignesauto.fr\/wp-content\/uploads\/2018\/10\/LIGNESPLOUE04.jpg 1701w\" sizes=\"(max-width: 1024px) 100vw, 1024px\" \/><figcaption><em>Photo: &nbsp;Christian Martin<\/em><\/figcaption><\/figure>\n\n\n\n<p><strong>LIGNES\/auto&nbsp;: Le grand public vous conna\u00eet comme le patron du design groupe PSA mais, outre ce groupe et Renault, vous avez effectu\u00e9 une carri\u00e8re \u00e0 l\u2019international. C\u2019est un passage oblig\u00e9&nbsp;?<br><em>Jean-Pierre Plou\u00e9&nbsp;<\/em><\/strong>: &#8220;\u00c0 l\u2019\u00e9poque, le design fran\u00e7ais \u00e9tait assez ferm\u00e9, il \u00e9tait difficile de passer d\u2019un constructeur fran\u00e7ais \u00e0 un autre. Et surtout , j\u2019avais tr\u00e8s envie de d\u00e9couvrir les autres univers du design automobile dans le monde.&#8221;<\/p>\n\n\n\n<p><strong>Que vous a apport\u00e9 cette exp\u00e9rience internationale&nbsp;?<br><\/strong>&#8220;J\u2019ai d\u00e9couvert qu\u2019il existait des cultures d\u2019entreprises et de design tr\u00e8s diff\u00e9rentes d\u2019un constructeur \u00e0 l\u2019autre. Je suis tout d\u2019abord rest\u00e9 trois ans et demi chez Volkswagen \u00e0 Sitges en Espagne. L\u00e0-bas, j\u2019ai d\u00e9couvert un design plut\u00f4t orient\u00e9 \u00ab&nbsp;qualit\u00e9&nbsp;\u00bb et chez Ford \u2013 que j\u2019ai rejoint ensuite \u2013 j\u2019ai connu un design orient\u00e9 \u00ab&nbsp;client&nbsp;\u00bb. Chez Renault d\u2019o\u00f9 je venais, le design \u00e9tait surtout dirig\u00e9 vers la \u00ab&nbsp;cr\u00e9ativit\u00e9&nbsp;\u00bb&nbsp;!&#8221;<\/p>\n\n\n\n<p><strong>Renault reste l\u2019endroit o\u00f9 vous avez grandi&nbsp;dans cet univers de la cr\u00e9ativit\u00e9 !<br><\/strong>&#8220;Chez Renault, tout le d\u00e9partement design \u00e9tait orient\u00e9 vers une approche de cr\u00e9ativit\u00e9 tr\u00e8s forte port\u00e9e par Patrick Le Qu\u00e9ment. Chez VW, cette dimension \u00ab&nbsp;cr\u00e9ation&nbsp;\u00bb n\u2019\u00e9tait pas per\u00e7ue de la m\u00eame fa\u00e7on. Le designer ne cr\u00e9ait pas dans le seul but de cr\u00e9er, mais avec comme ambition de nourrir l\u2019ADN de la marque.&#8221;<\/p>\n\n\n\n<figure class=\"wp-block-image\"><img loading=\"lazy\" decoding=\"async\" width=\"1024\" height=\"683\" src=\"http:\/\/lignesauto.fr\/wp-content\/uploads\/2018\/10\/LIGNESPLOUE103-1024x683.jpg\" alt=\"\" class=\"wp-image-5564\" srcset=\"https:\/\/lignesauto.fr\/wp-content\/uploads\/2018\/10\/LIGNESPLOUE103-1024x683.jpg 1024w, https:\/\/lignesauto.fr\/wp-content\/uploads\/2018\/10\/LIGNESPLOUE103-300x200.jpg 300w, https:\/\/lignesauto.fr\/wp-content\/uploads\/2018\/10\/LIGNESPLOUE103-768x512.jpg 768w, https:\/\/lignesauto.fr\/wp-content\/uploads\/2018\/10\/LIGNESPLOUE103-370x247.jpg 370w, https:\/\/lignesauto.fr\/wp-content\/uploads\/2018\/10\/LIGNESPLOUE103-1040x693.jpg 1040w, https:\/\/lignesauto.fr\/wp-content\/uploads\/2018\/10\/LIGNESPLOUE103.jpg 1701w\" sizes=\"(max-width: 1024px) 100vw, 1024px\" \/><figcaption><em>Jean-Pierre Plou\u00e9 chez Renault lorsqu\u2019il travaillait sur le concept-car Laguna de 1990.<\/em><\/figcaption><\/figure>\n\n\n\n<p>\u201cEn fait, ce passage \u00e0 l\u2019international a \u00e9t\u00e9 magique pour moi car il m\u2019a ensuite permis \u00e0 mon arriv\u00e9e chez PSA d\u2019apporter au design ces trois dimensions \u00ab&nbsp;qualit\u00e9&nbsp;\u00bb \u00ab&nbsp;client&nbsp;\u00bb \u00ab&nbsp;cr\u00e9ativit\u00e9&nbsp;\u00bb\u201d.<\/p>\n\n\n\n<figure class=\"wp-block-image\"><img loading=\"lazy\" decoding=\"async\" width=\"1024\" height=\"680\" src=\"http:\/\/lignesauto.fr\/wp-content\/uploads\/2018\/10\/LIGNESPLOUE06-1024x680.jpg\" alt=\"\" class=\"wp-image-5572\" srcset=\"https:\/\/lignesauto.fr\/wp-content\/uploads\/2018\/10\/LIGNESPLOUE06-1024x680.jpg 1024w, https:\/\/lignesauto.fr\/wp-content\/uploads\/2018\/10\/LIGNESPLOUE06-300x199.jpg 300w, https:\/\/lignesauto.fr\/wp-content\/uploads\/2018\/10\/LIGNESPLOUE06-768x510.jpg 768w, https:\/\/lignesauto.fr\/wp-content\/uploads\/2018\/10\/LIGNESPLOUE06-370x246.jpg 370w, https:\/\/lignesauto.fr\/wp-content\/uploads\/2018\/10\/LIGNESPLOUE06-1040x691.jpg 1040w, https:\/\/lignesauto.fr\/wp-content\/uploads\/2018\/10\/LIGNESPLOUE06.jpg 1701w\" sizes=\"(max-width: 1024px) 100vw, 1024px\" \/><figcaption><em>Dessin de Jean-Pierre Plou\u00e9 ex\u00e9cut\u00e9 voici tout&nbsp;juste trente ans (1988) pour le concept-car Sc\u00e9nic qui appara\u00eetra en 1991.<\/em><\/figcaption><\/figure>\n\n\n\n<p><strong>\u00c7a ne fonctionnait pas comme \u00e7a chez PSA au d\u00e9but des ann\u00e9es 2000&nbsp;?<br><\/strong>&#8220;D\u00e8s mon arriv\u00e9e chez PSA, je me suis attach\u00e9 \u00e0 bien nourrir notre design avec ces trois dimensions pour servir l\u2019entreprise au mieux et apporter de la valeur au Groupe.&nbsp;Sans pr\u00e9tention, j\u2019ai \u00e9t\u00e9 le 1<sup>e&nbsp;<\/sup>dans l\u2019entreprise \u00e0 r\u00e9-int\u00e9grer la notion de \u00ab qualit\u00e9 per\u00e7ue \u00bb qui est acquise dans le groupe aujourd\u2019hui.&#8221;<\/p>\n\n\n\n<p><strong>Le retour en France, de Ford \u00e0 Citro\u00ebn \u00e0 la toute fin 1999, \u00e9tait d\u00fb au mal du pays&nbsp;?<br><\/strong>&#8220;Pas du tout, j\u2019\u00e9tais heureux chez Ford&nbsp;! J\u2019aurais pu continuer sans probl\u00e8me mais il se trouve que Claude Satinet (alors patron de la marque Citro\u00ebn) et Robert Peugeot m\u2019ont appel\u00e9. Quelque part, c\u2019\u00e9tait m\u00eame frustrant de quitter Ford&nbsp;!&#8221;<\/p>\n\n\n\n<figure class=\"wp-block-image\"><img loading=\"lazy\" decoding=\"async\" width=\"1024\" height=\"834\" src=\"http:\/\/lignesauto.fr\/wp-content\/uploads\/2020\/02\/JPP-1024x834.png\" alt=\"\" class=\"wp-image-15451\" srcset=\"https:\/\/lignesauto.fr\/wp-content\/uploads\/2020\/02\/JPP-1024x834.png 1024w, https:\/\/lignesauto.fr\/wp-content\/uploads\/2020\/02\/JPP-300x244.png 300w, https:\/\/lignesauto.fr\/wp-content\/uploads\/2020\/02\/JPP-768x625.png 768w, https:\/\/lignesauto.fr\/wp-content\/uploads\/2020\/02\/JPP-370x301.png 370w, https:\/\/lignesauto.fr\/wp-content\/uploads\/2020\/02\/JPP-1040x847.png 1040w, https:\/\/lignesauto.fr\/wp-content\/uploads\/2020\/02\/JPP.png 1417w\" sizes=\"(max-width: 1024px) 100vw, 1024px\" \/><\/figure>\n\n\n\n<p><strong>Pourtant, vous avez trac\u00e9 votre chemin et votre beau parcours en France, sans retourner \u00e0 l\u2019international\u2026<br><\/strong>&#8220;Il y a eu une p\u00e9riode&nbsp; o\u00f9, si l\u2019occasion s\u2019\u00e9tait pr\u00e9sent\u00e9e, je l\u2019aurais sans doute fait. Aujourd\u2019hui, PSA est un groupe efficace, avec une dimension internationale indiscutable en terme de Design avec notamment notre studio en Chine. Nous avons m\u00eame une petite cellule en Californie de \u00ab&nbsp;prospective&nbsp;\u00bb qui nous aide \u00e0 construire les dossiers et met en place des relations avec des \u2018start-up\u2019 aux USA.&#8221;<\/p>\n\n\n\n<p><strong>Qu\u2019est-ce qui a le plus \u00e9volu\u00e9 depuis vos d\u00e9buts dans votre m\u00e9tier de designers&nbsp;? Les outils&nbsp;?<br><\/strong>&#8220;Il y a deux notions importantes qui conditionnent davantage notre m\u00e9tier, ce sont les perspectives \u00ab \u00e9conomiques \u00bb et \u00ab temporelles \u00bb. Le monde va tr\u00e8s vite, tout s\u2019acc\u00e9l\u00e8re, nous sommes au&nbsp; c\u0153ur d\u2019une vraie rupture dans d\u2019innombrables domaines, amen\u00e9e entre autres, par l\u2019intelligence artificielle et le digital. Et puis, il y a l\u2019aspect socio-politique qui nous contraint \u00e0 prendre des orientations technologiques et sur le plan international. Nous vivons dans un monde chaotique et nous devons parfois g\u00e9rer l\u2019ing\u00e9rable.&#8221;<\/p>\n\n\n\n<figure class=\"wp-block-image\"><img loading=\"lazy\" decoding=\"async\" width=\"1024\" height=\"586\" src=\"http:\/\/lignesauto.fr\/wp-content\/uploads\/2018\/10\/lignesqacceleration-1024x586.jpg\" alt=\"\" class=\"wp-image-5585\" srcset=\"https:\/\/lignesauto.fr\/wp-content\/uploads\/2018\/10\/lignesqacceleration-1024x586.jpg 1024w, https:\/\/lignesauto.fr\/wp-content\/uploads\/2018\/10\/lignesqacceleration-300x172.jpg 300w, https:\/\/lignesauto.fr\/wp-content\/uploads\/2018\/10\/lignesqacceleration-768x440.jpg 768w, https:\/\/lignesauto.fr\/wp-content\/uploads\/2018\/10\/lignesqacceleration-370x212.jpg 370w, https:\/\/lignesauto.fr\/wp-content\/uploads\/2018\/10\/lignesqacceleration-1040x595.jpg 1040w\" sizes=\"(max-width: 1024px) 100vw, 1024px\" \/><\/figure>\n\n\n\n<p><strong>Vous voulez dire que la Commission Europ\u00e9enne qui porte \u00e0 moins 40% de seuil d\u2019\u00e9mission de CO<sub>2<\/sub>\/km en 2030 va nuire au design&nbsp;?<br><\/strong>&#8220;Non, bien au contraire&nbsp;! Plus les contraintes seront fortes, plus il faudra renforcer la dimensions design. Dans les enqu\u00eates men\u00e9es partout sur la plan\u00e8te, la dimension design tient une place importante dans le choix final du client. L\u2019aspect \u00e9conomique compte bien \u00e9videmment, mais dans beaucoup de zones du monde, l\u2019\u00e9l\u00e9ment d\u00e9clencheur reste le design.&#8221;<\/p>\n\n\n\n<figure class=\"wp-block-image\"><img loading=\"lazy\" decoding=\"async\" width=\"1024\" height=\"545\" src=\"http:\/\/lignesauto.fr\/wp-content\/uploads\/2018\/10\/LIGNESPLOUE01-1024x545.jpg\" alt=\"\" class=\"wp-image-5552\" srcset=\"https:\/\/lignesauto.fr\/wp-content\/uploads\/2018\/10\/LIGNESPLOUE01-1024x545.jpg 1024w, https:\/\/lignesauto.fr\/wp-content\/uploads\/2018\/10\/LIGNESPLOUE01-300x160.jpg 300w, https:\/\/lignesauto.fr\/wp-content\/uploads\/2018\/10\/LIGNESPLOUE01-768x409.jpg 768w, https:\/\/lignesauto.fr\/wp-content\/uploads\/2018\/10\/LIGNESPLOUE01-370x197.jpg 370w, https:\/\/lignesauto.fr\/wp-content\/uploads\/2018\/10\/LIGNESPLOUE01-1040x553.jpg 1040w\" sizes=\"(max-width: 1024px) 100vw, 1024px\" \/><figcaption><em>Jean-Pierre Plou\u00e9 supervise tous les projets du groupe, y compris les concept-cars.<\/em><br><em>Le voici en compagnie de Gilles Vidal, patron du style Peugeot et de Matthias Hossann (\u00e0 l\u2019extr\u00eame gauche), responsable des concept-cars Peugeot.<\/em><br><em>Il est \u00e9videmment t question de e-LEGEND..<\/em>.<\/figcaption><\/figure>\n\n\n\n<p><strong>Pouvez-vous nous \u00e9claircir sur l\u2019organisation du design Opel au sein du groupe PSA. Vous \u00eates le patron du style Opel&nbsp;?<br><\/strong>&#8220;Le Directeur du Style Opel est Mark Adams. Mon r\u00f4le en tant que Directeur du Design, est de garantir la diversit\u00e9 des styles de nos marques entre elles et vis \u00e0 vis de la concurrence.&#8221;<\/p>\n\n\n\n<figure class=\"wp-block-image\"><img loading=\"lazy\" decoding=\"async\" width=\"1024\" height=\"681\" src=\"http:\/\/lignesauto.fr\/wp-content\/uploads\/2018\/10\/LIGNESPLOUE100-1024x681.jpg\" alt=\"\" class=\"wp-image-5561\" srcset=\"https:\/\/lignesauto.fr\/wp-content\/uploads\/2018\/10\/LIGNESPLOUE100-1024x681.jpg 1024w, https:\/\/lignesauto.fr\/wp-content\/uploads\/2018\/10\/LIGNESPLOUE100-300x200.jpg 300w, https:\/\/lignesauto.fr\/wp-content\/uploads\/2018\/10\/LIGNESPLOUE100-768x511.jpg 768w, https:\/\/lignesauto.fr\/wp-content\/uploads\/2018\/10\/LIGNESPLOUE100-370x246.jpg 370w, https:\/\/lignesauto.fr\/wp-content\/uploads\/2018\/10\/LIGNESPLOUE100-1040x692.jpg 1040w, https:\/\/lignesauto.fr\/wp-content\/uploads\/2018\/10\/LIGNESPLOUE100.jpg 1701w\" sizes=\"(max-width: 1024px) 100vw, 1024px\" \/><figcaption><br><em>Mark Adams (avec un exemplaire du magazine \u201cpapier\u201d LIGNES\/auto) reste le responsable du style Opel.<\/em><\/figcaption><\/figure>\n\n\n\n<p>&#8220;Si un produit, quel qu\u2019il soit, n\u2019est pas cal\u00e9 avec l\u2019ADN de la marque, s\u2019il d\u00e9rive ou s\u2019il existe des recouvrements avec un concurrent au sein du groupe, c\u2019est mon r\u00f4le d\u2019arbitrer. J\u2019assure donc la diff\u00e9renciation des styles et je garantis aussi que chaque marque ait les meilleurs outils pour monter en puissance. Opel doit progresser sur ce th\u00e8me.&#8221;<\/p>\n\n\n\n<figure class=\"wp-block-image\"><img loading=\"lazy\" decoding=\"async\" width=\"1024\" height=\"576\" src=\"http:\/\/lignesauto.fr\/wp-content\/uploads\/2018\/10\/2056168-nm53mw26ci-1-1024x576.jpg\" alt=\"\" class=\"wp-image-5586\" srcset=\"https:\/\/lignesauto.fr\/wp-content\/uploads\/2018\/10\/2056168-nm53mw26ci-1-1024x576.jpg 1024w, https:\/\/lignesauto.fr\/wp-content\/uploads\/2018\/10\/2056168-nm53mw26ci-1-300x169.jpg 300w, https:\/\/lignesauto.fr\/wp-content\/uploads\/2018\/10\/2056168-nm53mw26ci-1-768x432.jpg 768w, https:\/\/lignesauto.fr\/wp-content\/uploads\/2018\/10\/2056168-nm53mw26ci-1-370x208.jpg 370w, https:\/\/lignesauto.fr\/wp-content\/uploads\/2018\/10\/2056168-nm53mw26ci-1-1040x585.jpg 1040w, https:\/\/lignesauto.fr\/wp-content\/uploads\/2018\/10\/2056168-nm53mw26ci-1.jpg 1927w\" sizes=\"(max-width: 1024px) 100vw, 1024px\" \/><\/figure>\n\n\n\n<p><strong>Le design Opel va rejoindre l\u2019ADN ici \u00e0 V\u00e9lizy&nbsp;?<br><\/strong>&#8220;Le design Opel reste et restera en Allemagne. Je me rends r\u00e9guli\u00e8rement chez Opel et nous avons des s\u00e9ances de travail Style avec Mark \u00e0 R\u00fcsselsheim.&#8221;<\/p>\n\n\n\n<p><strong>Comment ont r\u00e9agi les \u00e9quipes d\u2019Opel en d\u00e9couvrant votre mode de fonctionnement&nbsp;?<br><\/strong>&#8220;Elles ont \u00e9t\u00e9 scotch\u00e9es, notamment par notre outil qui nous aide \u00e0 avoir la vision du futur du design&nbsp;de chacune de nos marques. C\u2019est le manifeste de l\u2019ADN de chaque marque qui aborde tous les domaines du design\u2026&#8221;<\/p>\n\n\n\n<figure class=\"wp-block-image\"><img loading=\"lazy\" decoding=\"async\" width=\"1024\" height=\"410\" src=\"http:\/\/lignesauto.fr\/wp-content\/uploads\/2018\/10\/LIGNESPLOUE12-1024x410.jpg\" alt=\"\" class=\"wp-image-5558\" srcset=\"https:\/\/lignesauto.fr\/wp-content\/uploads\/2018\/10\/LIGNESPLOUE12-1024x410.jpg 1024w, https:\/\/lignesauto.fr\/wp-content\/uploads\/2018\/10\/LIGNESPLOUE12-300x120.jpg 300w, https:\/\/lignesauto.fr\/wp-content\/uploads\/2018\/10\/LIGNESPLOUE12-768x307.jpg 768w, https:\/\/lignesauto.fr\/wp-content\/uploads\/2018\/10\/LIGNESPLOUE12-370x148.jpg 370w, https:\/\/lignesauto.fr\/wp-content\/uploads\/2018\/10\/LIGNESPLOUE12-1040x416.jpg 1040w\" sizes=\"(max-width: 1024px) 100vw, 1024px\" \/><\/figure>\n\n\n\n<p><strong>Comment se pr\u00e9sente cet outil ? Ce sont des mots cl\u00e9s&nbsp;?<br><\/strong>&#8220;C\u2019est en partie une recherche de mots cl\u00e9s&nbsp;qui d\u00e9finissent tout le design de la marque (mati\u00e8res et couleurs, style, langage graphique, etc.)<br>Le langage formel est associ\u00e9 aux valeurs de la marque, \u00e0 ces fameux morts cl\u00e9s. \u00c0 partir du moment o\u00f9 vous d\u00e9finissez ce langage \u00e0 partir de l\u2019histoire de la marque et de ses valeurs, vous ne pouvez pas faire un style Citro\u00ebn, Peugeot ou DS diff\u00e9rents de ce qu\u2019ils sont.&#8221;<\/p>\n\n\n\n<p><strong>Mais vos marques sont presque toutes dans le m\u00eame univers de gamme, \u00e7a complique le travail, non&nbsp;?<br><\/strong>&#8220;Non, le monde est tellement multiple, tellement vari\u00e9 et diversifi\u00e9 qu\u2019il serait bien incroyable qu\u2019il n\u2019existe qu\u2019un seul standard&nbsp;!<br>Il n\u2019y a pas de recouvrement. Au contraire, avec nos \u00ab&nbsp;mapping&nbsp;\u00bb tr\u00e8s clairs sur chaque identit\u00e9 de marque, nous luttons m\u00eame contre le langage d\u2019un design mondial. PSA est un acteur reconnu dans le monde en termes de design\u2026 C\u2019est peut-\u00eatre ce qui explique aussi qu\u2019on vienne nous copier !&#8221;<\/p>\n\n\n\n<figure class=\"wp-block-image\"><img loading=\"lazy\" decoding=\"async\" width=\"1024\" height=\"640\" src=\"http:\/\/lignesauto.fr\/wp-content\/uploads\/2018\/10\/Illustration5marquesV3.1-1024x640.jpg\" alt=\"\" class=\"wp-image-5575\" srcset=\"https:\/\/lignesauto.fr\/wp-content\/uploads\/2018\/10\/Illustration5marquesV3.1-1024x640.jpg 1024w, https:\/\/lignesauto.fr\/wp-content\/uploads\/2018\/10\/Illustration5marquesV3.1-300x188.jpg 300w, https:\/\/lignesauto.fr\/wp-content\/uploads\/2018\/10\/Illustration5marquesV3.1-768x480.jpg 768w, https:\/\/lignesauto.fr\/wp-content\/uploads\/2018\/10\/Illustration5marquesV3.1-370x231.jpg 370w, https:\/\/lignesauto.fr\/wp-content\/uploads\/2018\/10\/Illustration5marquesV3.1-1040x650.jpg 1040w, https:\/\/lignesauto.fr\/wp-content\/uploads\/2018\/10\/Illustration5marquesV3.1.jpg 1920w\" sizes=\"(max-width: 1024px) 100vw, 1024px\" \/><\/figure>\n\n\n\n<p><strong>Apr\u00e8s le recrutement de Thierry M\u00e9troz \u00e0 l\u2019ext\u00e9rieur (Renault), c\u2019est encore un designer ext\u00e9rieur au groupe qui a pris  la responsabilit\u00e9 du style d\u2019une marque : Pierre Leclercq chez Citro\u00ebn. Pourquoi ne pas choisir en interne&nbsp;?<br><\/strong>&#8220;Ah non&nbsp;! Je ne peux pas \u00eatre d\u2019accord avec vous : Alexandre Malval \u00e9tait une recrue de l\u2019interne et Gilles Vidal aussi&nbsp;! Deux recrutements internes pour trois marques (\u00e0 l\u2019\u00e9poque), je pense que ce n\u2019est plut\u00f4t pas mal&nbsp;! Mais pour ce type de recrutement, il n\u2019y a pas de r\u00e8gle absolue. Pour Citro\u00ebn, c\u2019est une bonne chose d\u2019avoir recrut\u00e9 Pierre. Cela nous permettra de nous renouveler.&#8221;<\/p>\n\n\n\n<figure class=\"wp-block-image\"><img loading=\"lazy\" decoding=\"async\" width=\"1024\" height=\"683\" src=\"http:\/\/lignesauto.fr\/wp-content\/uploads\/2018\/10\/LIGNESPLOUE101-1024x683.jpg\" alt=\"\" class=\"wp-image-5562\" srcset=\"https:\/\/lignesauto.fr\/wp-content\/uploads\/2018\/10\/LIGNESPLOUE101-1024x683.jpg 1024w, https:\/\/lignesauto.fr\/wp-content\/uploads\/2018\/10\/LIGNESPLOUE101-300x200.jpg 300w, https:\/\/lignesauto.fr\/wp-content\/uploads\/2018\/10\/LIGNESPLOUE101-768x512.jpg 768w, https:\/\/lignesauto.fr\/wp-content\/uploads\/2018\/10\/LIGNESPLOUE101-370x247.jpg 370w, https:\/\/lignesauto.fr\/wp-content\/uploads\/2018\/10\/LIGNESPLOUE101-1040x693.jpg 1040w\" sizes=\"(max-width: 1024px) 100vw, 1024px\" \/><\/figure>\n\n\n\n<p>Thierry M\u00e9troz, le patron du design de la marque DS&nbsp;<strong>ci-dessus<\/strong>, Gilles Vidal&nbsp;<strong>(ci-dessous<\/strong>), le boss du design Peugeot&#8230;. <\/p>\n\n\n\n<figure class=\"wp-block-image\"><img loading=\"lazy\" decoding=\"async\" width=\"1024\" height=\"614\" src=\"http:\/\/lignesauto.fr\/wp-content\/uploads\/2018\/10\/LIGNESPLOUE301-1024x614.png\" alt=\"\" class=\"wp-image-5566\" srcset=\"https:\/\/lignesauto.fr\/wp-content\/uploads\/2018\/10\/LIGNESPLOUE301-1024x614.png 1024w, https:\/\/lignesauto.fr\/wp-content\/uploads\/2018\/10\/LIGNESPLOUE301-300x180.png 300w, https:\/\/lignesauto.fr\/wp-content\/uploads\/2018\/10\/LIGNESPLOUE301-768x461.png 768w, https:\/\/lignesauto.fr\/wp-content\/uploads\/2018\/10\/LIGNESPLOUE301-370x222.png 370w, https:\/\/lignesauto.fr\/wp-content\/uploads\/2018\/10\/LIGNESPLOUE301-1040x624.png 1040w, https:\/\/lignesauto.fr\/wp-content\/uploads\/2018\/10\/LIGNESPLOUE301.png 1417w\" sizes=\"(max-width: 1024px) 100vw, 1024px\" \/><\/figure>\n\n\n\n<p>&#8230;et Pierre Leclercq, <strong>ci-dessous<\/strong>, qui a pris la direction du design Citro\u00ebn fin 2018 : la dream-team ?<\/p>\n\n\n\n<figure class=\"wp-block-image\"><img loading=\"lazy\" decoding=\"async\" width=\"996\" height=\"1024\" src=\"http:\/\/lignesauto.fr\/wp-content\/uploads\/2019\/05\/LIGNESPL_01-996x1024.png\" alt=\"\" class=\"wp-image-9916\" srcset=\"https:\/\/lignesauto.fr\/wp-content\/uploads\/2019\/05\/LIGNESPL_01-996x1024.png 996w, https:\/\/lignesauto.fr\/wp-content\/uploads\/2019\/05\/LIGNESPL_01-292x300.png 292w, https:\/\/lignesauto.fr\/wp-content\/uploads\/2019\/05\/LIGNESPL_01-768x790.png 768w, https:\/\/lignesauto.fr\/wp-content\/uploads\/2019\/05\/LIGNESPL_01-370x380.png 370w, https:\/\/lignesauto.fr\/wp-content\/uploads\/2019\/05\/LIGNESPL_01-1040x1069.png 1040w, https:\/\/lignesauto.fr\/wp-content\/uploads\/2019\/05\/LIGNESPL_01.png 1417w\" sizes=\"(max-width: 996px) 100vw, 996px\" \/><\/figure>\n\n\n\n<p><strong>Vous ne pensez-pas que l\u2019amateur en a un peu marre des SUV \u00e0 tous les \u00e9tages&nbsp;? La berline est-elle d\u00e9finitivement morte&nbsp;?<br><\/strong>&#8220;Mais vous avez la Peugeot 508&nbsp;! Elle est l\u00e0, elle est magnifique et magique \u00e0 conduire\u2026 Alors non&nbsp;: je ne pense pas que la berline soit morte.&nbsp;Pas du tout.<br>Compte tenu du contexte politique et \u00e9cologique, elle a m\u00eame une tr\u00e8s longue carri\u00e8re devant elle&nbsp;!&#8221;<\/p>\n\n\n\n<figure class=\"wp-block-image\"><img loading=\"lazy\" decoding=\"async\" width=\"1024\" height=\"683\" src=\"http:\/\/lignesauto.fr\/wp-content\/uploads\/2018\/10\/PEUGEOT_508_TESTDRIVE_0618TC135-1024x683.jpg\" alt=\"\" class=\"wp-image-5571\" srcset=\"https:\/\/lignesauto.fr\/wp-content\/uploads\/2018\/10\/PEUGEOT_508_TESTDRIVE_0618TC135-1024x683.jpg 1024w, https:\/\/lignesauto.fr\/wp-content\/uploads\/2018\/10\/PEUGEOT_508_TESTDRIVE_0618TC135-300x200.jpg 300w, https:\/\/lignesauto.fr\/wp-content\/uploads\/2018\/10\/PEUGEOT_508_TESTDRIVE_0618TC135-768x512.jpg 768w, https:\/\/lignesauto.fr\/wp-content\/uploads\/2018\/10\/PEUGEOT_508_TESTDRIVE_0618TC135-370x247.jpg 370w, https:\/\/lignesauto.fr\/wp-content\/uploads\/2018\/10\/PEUGEOT_508_TESTDRIVE_0618TC135-1040x694.jpg 1040w, https:\/\/lignesauto.fr\/wp-content\/uploads\/2018\/10\/PEUGEOT_508_TESTDRIVE_0618TC135.jpg 1417w\" sizes=\"(max-width: 1024px) 100vw, 1024px\" \/><\/figure>\n\n\n\n<p><strong>Donc les SUV sont condamn\u00e9s par les futures r\u00e9glementations \u00e9cologiques&nbsp;?<br><\/strong>&#8220;Non, mais \u00e7a nous pousse \u00e0 faire de l\u2019\u00e9lectrique ou de l\u2019hybride.&#8221;<\/p>\n\n\n\n<figure class=\"wp-block-image\"><img loading=\"lazy\" decoding=\"async\" width=\"1024\" height=\"546\" src=\"http:\/\/lignesauto.fr\/wp-content\/uploads\/2018\/10\/LIGNESPLOUE102-1024x546.jpg\" alt=\"\" class=\"wp-image-5563\" srcset=\"https:\/\/lignesauto.fr\/wp-content\/uploads\/2018\/10\/LIGNESPLOUE102-1024x546.jpg 1024w, https:\/\/lignesauto.fr\/wp-content\/uploads\/2018\/10\/LIGNESPLOUE102-300x160.jpg 300w, https:\/\/lignesauto.fr\/wp-content\/uploads\/2018\/10\/LIGNESPLOUE102-768x409.jpg 768w, https:\/\/lignesauto.fr\/wp-content\/uploads\/2018\/10\/LIGNESPLOUE102-370x197.jpg 370w, https:\/\/lignesauto.fr\/wp-content\/uploads\/2018\/10\/LIGNESPLOUE102-1040x554.jpg 1040w, https:\/\/lignesauto.fr\/wp-content\/uploads\/2018\/10\/LIGNESPLOUE102.jpg 1417w\" sizes=\"(max-width: 1024px) 100vw, 1024px\" \/><figcaption><em>La DS3 Crossback E-TENSE 100% \u00e9lectrique est aujourd&#8217;hui commercialis\u00e9e<\/em><\/figcaption><\/figure>\n\n\n\n<p><strong>Les voitures \u00e9lectriques que l\u2019on voit justement appara\u00eetre semblent avoir \u00e9t\u00e9 \u00e9tudi\u00e9es dans l\u2019urgence. Elles semblent \u00eatre des brouillons\u2026<br><\/strong>&#8220;Vous oubliez la dimension \u00e9conomique. Nous ne sommes pas l\u00e0 pour faire de beaux objets, nous sommes l\u00e0 pour r\u00e9pondre aux demandes des march\u00e9s en tenant compte des r\u00e8glementations gouvernementales.<br>Partir de z\u00e9ro pour concevoir ces nouvelles voitures impliquerait des investissements colossaux. Ces voitures ne sont pas des brouillons. Les constructeurs font avec des moyens qui leur permettent de pr\u00e9server la rentabilit\u00e9 de l\u2019entreprise. On ne vit pas dans le monde des Bisounours&nbsp;!&#8221;<\/p>\n\n\n\n<p><strong>C\u2019est quand m\u00eame navrant de voir des nouveaut\u00e9s 100% \u00e9lectriques munies de calandre, parfois gigantesque, alors qu\u2019il n\u2019y a plus de moteur thermique \u00e0 refroidir&nbsp;!<br><\/strong>&#8220;Peut-\u00eatre que certains constructeurs n\u2019ont pas trouv\u00e9 les codes pour conserver leur identit\u00e9 sans calandre. Nous n\u2019avons pas ce probl\u00e8me et nous l\u2019avons montr\u00e9 avec notre concept-car Instinct 100% \u00e9lectrique&nbsp;<strong>(ci-dessous).<\/strong>&#8220;<\/p>\n\n\n\n<figure class=\"wp-block-image\"><img loading=\"lazy\" decoding=\"async\" width=\"1024\" height=\"569\" src=\"http:\/\/lignesauto.fr\/wp-content\/uploads\/2018\/10\/LIGNESPLOUE400-1024x569.jpg\" alt=\"\" class=\"wp-image-5567\" srcset=\"https:\/\/lignesauto.fr\/wp-content\/uploads\/2018\/10\/LIGNESPLOUE400-1024x569.jpg 1024w, https:\/\/lignesauto.fr\/wp-content\/uploads\/2018\/10\/LIGNESPLOUE400-300x167.jpg 300w, https:\/\/lignesauto.fr\/wp-content\/uploads\/2018\/10\/LIGNESPLOUE400-768x427.jpg 768w, https:\/\/lignesauto.fr\/wp-content\/uploads\/2018\/10\/LIGNESPLOUE400-370x206.jpg 370w, https:\/\/lignesauto.fr\/wp-content\/uploads\/2018\/10\/LIGNESPLOUE400-1040x578.jpg 1040w\" sizes=\"(max-width: 1024px) 100vw, 1024px\" \/><\/figure>\n\n\n\n<p><strong>Restons dans le futur proche. Le d\u00e9veloppement de la voiture autonome et de ses habitacles o\u00f9 l\u2019on va vivre diff\u00e9remment change-t-il votre m\u00e9thode de recrutement vers plus de designers int\u00e9rieurs&nbsp;?<br><\/strong>&#8220;Non, car nous disposons d\u00e9j\u00e0 de la comp\u00e9tence. Il est vrai que de nouveaux m\u00e9tiers apparaissent. On a par exemple cr\u00e9\u00e9 un nouveau d\u00e9partement&nbsp;UXCT&nbsp;(<em>User Exp\u00e9rience Cockpit Teams<\/em>) avec 200 personnes, qui traite entre autres toutes les IHM et l\u2019ergonomie des cockpits du futur. C\u2019est une entit\u00e9 transversale dans le groupe.&#8221;<\/p>\n\n\n\n<figure class=\"wp-block-image\"><img loading=\"lazy\" decoding=\"async\" width=\"1024\" height=\"512\" src=\"http:\/\/lignesauto.fr\/wp-content\/uploads\/2018\/10\/LIGNESPLOUE08-1024x512.jpg\" alt=\"\" class=\"wp-image-5556\" srcset=\"https:\/\/lignesauto.fr\/wp-content\/uploads\/2018\/10\/LIGNESPLOUE08-1024x512.jpg 1024w, https:\/\/lignesauto.fr\/wp-content\/uploads\/2018\/10\/LIGNESPLOUE08-300x150.jpg 300w, https:\/\/lignesauto.fr\/wp-content\/uploads\/2018\/10\/LIGNESPLOUE08-768x384.jpg 768w, https:\/\/lignesauto.fr\/wp-content\/uploads\/2018\/10\/LIGNESPLOUE08-370x185.jpg 370w, https:\/\/lignesauto.fr\/wp-content\/uploads\/2018\/10\/LIGNESPLOUE08-1040x520.jpg 1040w, https:\/\/lignesauto.fr\/wp-content\/uploads\/2018\/10\/LIGNESPLOUE08.jpg 1701w\" sizes=\"(max-width: 1024px) 100vw, 1024px\" \/><\/figure>\n\n\n\n<p><strong>La voiture autonome, c\u2019est quand m\u00eame un changement radical&nbsp;?<br><\/strong>&#8220;Pas tant que \u00e7a&nbsp;! Les \u00e9volutions vont suivre celles des stades d\u2019autonomie.<br>Ce n\u2019est pas violent et il va bien falloir aussi que les clients puissent acheter ces technologies l\u00e0&nbsp;!&#8221;<\/p>\n\n\n\n<p><strong>Nous avons parl\u00e9 de Citro\u00ebn, Peugeot et d\u2019Opel. Reste DS. La DS3 Crossback semble avoir abandonn\u00e9 toute surcharge jusqu\u2019alors assum\u00e9e\u2026<br><\/strong>&#8220;Surcharge&nbsp;? De quoi&nbsp;: de chrome, de style&nbsp;?&#8221;<\/p>\n\n\n\n<p><strong>Les deux\u2026<br><\/strong>&#8220;Non, je ne peux pas vous laisser dire \u00e7a\u2026 Je ne vois dans les DS qu\u2019on a faites la surabondance de chrome que vous \u00e9voquez. Ce n\u2019est pas vrai. Observez bien une DS7 et vous verrez qu\u2019il n\u2019y a pas plus de chrome que sur une Audi. Quant au style, il est adapt\u00e9 au segment.&#8221;<\/p>\n\n\n\n<figure class=\"wp-block-image\"><img loading=\"lazy\" decoding=\"async\" width=\"591\" height=\"241\" src=\"http:\/\/lignesauto.fr\/wp-content\/uploads\/2018\/10\/100.jpg\" alt=\"\" class=\"wp-image-5180\" srcset=\"https:\/\/lignesauto.fr\/wp-content\/uploads\/2018\/10\/100.jpg 591w, https:\/\/lignesauto.fr\/wp-content\/uploads\/2018\/10\/100-300x122.jpg 300w, https:\/\/lignesauto.fr\/wp-content\/uploads\/2018\/10\/100-370x151.jpg 370w\" sizes=\"(max-width: 591px) 100vw, 591px\" \/><\/figure>\n\n\n\n<p>&#8220;Nous avons par exemple fait le choix sur la DS 3 CROSSBACK de l\u00e9cheurs de vitres int\u00e9gr\u00e9s et cach\u00e9s. Nous avons pu d\u00e9gager la ceinture de caisse et aller dans le sens d\u2019une plus grande puret\u00e9 et simplicit\u00e9. Dire que le style DS est baroque, c\u2019est faux. Il y a un travail sophistiqu\u00e9 au contraire sur les feux et les phares,&nbsp;le flanc est naturel et pur compar\u00e9 \u00e0 une Toyota C-HR&nbsp;!&#8221;<\/p>\n\n\n\n<figure class=\"wp-block-image\"><img loading=\"lazy\" decoding=\"async\" width=\"1024\" height=\"552\" src=\"http:\/\/lignesauto.fr\/wp-content\/uploads\/2018\/10\/LIGNESDIVINE-1-1024x552.jpg\" alt=\"\" class=\"wp-image-5577\" srcset=\"https:\/\/lignesauto.fr\/wp-content\/uploads\/2018\/10\/LIGNESDIVINE-1-1024x552.jpg 1024w, https:\/\/lignesauto.fr\/wp-content\/uploads\/2018\/10\/LIGNESDIVINE-1-300x162.jpg 300w, https:\/\/lignesauto.fr\/wp-content\/uploads\/2018\/10\/LIGNESDIVINE-1-768x414.jpg 768w, https:\/\/lignesauto.fr\/wp-content\/uploads\/2018\/10\/LIGNESDIVINE-1-370x199.jpg 370w, https:\/\/lignesauto.fr\/wp-content\/uploads\/2018\/10\/LIGNESDIVINE-1-1040x561.jpg 1040w, https:\/\/lignesauto.fr\/wp-content\/uploads\/2018\/10\/LIGNESDIVINE-1.jpg 1258w\" sizes=\"(max-width: 1024px) 100vw, 1024px\" \/><figcaption><em>Le concept-car Divine a servi de manifeste \u00e0 la marque DS.&nbsp;<\/em><\/figcaption><\/figure>\n\n\n\n<p><strong>Oublions le chrome, le baroque et finissons avec une question personnelle. Si vous deviez coucher sur une lettre \u00e0 vos enfants les trois meilleurs moments professionnels de votre carri\u00e8re, ce serait lesquels&nbsp;?<br><\/strong>&#8220;Ce qui compte pour moi, c\u2019est qu\u2019il faut que je m\u2019amuse au quotidien, que j\u2019ai de la joie et du plaisir. Alors, sinc\u00e8rement, s\u2019il n\u2019y en avait eu que trois, ma vie serait triste&nbsp;! Je leur dirais surtout&nbsp;:&nbsp;<em>\u00ab&nbsp;trouvez un m\u00e9tier dans lequel vous avez de la passion et de l\u2019amour. Sinon vous ne serez jamais performants, vous serez des machines, des outils. Vous ne serez jamais vous-m\u00eame si vous n\u2019exercez pas le m\u00e9tier qui vous plait\u2026&nbsp;\u00bb<\/em>&#8220;<\/p>\n\n\n\n<p><strong>Je pensais surtout aux rencontres fortes&nbsp;!<br><\/strong>&#8220;Les rencontres, elles ont \u00e9videmment compt\u00e9 pour moi. Je pense d\u2019abord \u00e0 Doudou (Jean-Fran\u00e7ois Venet) qui a \u00e9t\u00e9 mon premier chef. Je l\u2019admirais. Je citerais aussi Claude Satinet qui m\u2019a impressionn\u00e9 en tant que patron de marque. Il y a eu bien s\u00fbr Vincent Besson avec qui nous avons reb\u00e2ti le design Citro\u00ebn \u00e0 mon arriv\u00e9e. Ce sont des personnes qui comptent et qui vous am\u00e8nent \u00e0 vous remettre en question, \u00e0 progresser et c\u2019est magique. Et puis \u00e9videmment, Carlos Tavares, impressionnant aussi\u2026&#8221;<\/p>\n\n\n\n<figure class=\"wp-block-image\"><img loading=\"lazy\" decoding=\"async\" width=\"1024\" height=\"673\" src=\"http:\/\/lignesauto.fr\/wp-content\/uploads\/2018\/10\/lignesvenetjf-1024x673.jpg\" alt=\"\" class=\"wp-image-5579\" srcset=\"https:\/\/lignesauto.fr\/wp-content\/uploads\/2018\/10\/lignesvenetjf-1024x673.jpg 1024w, https:\/\/lignesauto.fr\/wp-content\/uploads\/2018\/10\/lignesvenetjf-300x197.jpg 300w, https:\/\/lignesauto.fr\/wp-content\/uploads\/2018\/10\/lignesvenetjf-768x505.jpg 768w, https:\/\/lignesauto.fr\/wp-content\/uploads\/2018\/10\/lignesvenetjf-370x243.jpg 370w, https:\/\/lignesauto.fr\/wp-content\/uploads\/2018\/10\/lignesvenetjf-1040x683.jpg 1040w, https:\/\/lignesauto.fr\/wp-content\/uploads\/2018\/10\/lignesvenetjf.jpg 1417w\" sizes=\"(max-width: 1024px) 100vw, 1024px\" \/><figcaption><em>Hasard de l\u2019histoire, Jean-Pierre Plou\u00e9 a \u00e9t\u00e9 dirig\u00e9 par le regrett\u00e9 Jean-Fran\u00e7ois Venet \u00e0 ses d\u00e9buts chez Renault.<\/em> <em>Jean-Fran\u00e7ois avait \u0153uvr\u00e9 chez Opel (ici avec le&nbsp;concept-car Tech2) alors qu\u2019aujourd\u2019hui, Jean-Pierre Plou\u00e9 retrouve le constructeur allemand au sein du groupe PSA\u2026<\/em><\/figcaption><\/figure>\n\n\n\n<p>Rendez-vous est pris avec Jean-Pierre Plou\u00e9 lorsque la strat\u00e9gie design men\u00e9e d\u00e9sormais avec le groupe FCA sera d\u00e9finie et structur\u00e9e&#8230;<\/p>\n\n\n\n<p><strong>Propos recueillis par Christophe Bonnaud en 2018<br><\/strong><\/p>\n\n\n\n<figure class=\"wp-block-image\"><img loading=\"lazy\" decoding=\"async\" width=\"300\" height=\"108\" src=\"http:\/\/lignesauto.fr\/wp-content\/uploads\/2018\/10\/LOGOActus_BD-300x108.jpg\" alt=\"\" class=\"wp-image-4921\" srcset=\"https:\/\/lignesauto.fr\/wp-content\/uploads\/2018\/10\/LOGOActus_BD-300x108.jpg 300w, https:\/\/lignesauto.fr\/wp-content\/uploads\/2018\/10\/LOGOActus_BD-768x276.jpg 768w, https:\/\/lignesauto.fr\/wp-content\/uploads\/2018\/10\/LOGOActus_BD-1024x367.jpg 1024w, https:\/\/lignesauto.fr\/wp-content\/uploads\/2018\/10\/LOGOActus_BD-370x133.jpg 370w, https:\/\/lignesauto.fr\/wp-content\/uploads\/2018\/10\/LOGOActus_BD-1040x373.jpg 1040w, https:\/\/lignesauto.fr\/wp-content\/uploads\/2018\/10\/LOGOActus_BD.jpg 1240w\" sizes=\"(max-width: 300px) 100vw, 300px\" \/><\/figure>\n","protected":false},"excerpt":{"rendered":"<p>Jean-Pierre Plou\u00e9 entame sa troisi\u00e8me d\u00e9cennie au sein du groupe PSA ! Afin de c\u00e9l\u00e9brer cet anniversaire pas comme les autres, voici la republication d&#8217;une interview r\u00e9alis\u00e9e voici deux ans. Chez son rival Renault, Laurens van den Acker attaque quant \u00e0 lui sa deuxi\u00e8me d\u00e9cennie \u00e0 la t\u00eate de Renault [&hellip;]<\/p>\n","protected":false},"author":1,"featured_media":15487,"comment_status":"open","ping_status":"open","sticky":false,"template":"","format":"standard","meta":{"footnotes":""},"categories":[1],"tags":[],"_links":{"self":[{"href":"https:\/\/lignesauto.fr\/index.php?rest_route=\/wp\/v2\/posts\/15447"}],"collection":[{"href":"https:\/\/lignesauto.fr\/index.php?rest_route=\/wp\/v2\/posts"}],"about":[{"href":"https:\/\/lignesauto.fr\/index.php?rest_route=\/wp\/v2\/types\/post"}],"author":[{"embeddable":true,"href":"https:\/\/lignesauto.fr\/index.php?rest_route=\/wp\/v2\/users\/1"}],"replies":[{"embeddable":true,"href":"https:\/\/lignesauto.fr\/index.php?rest_route=%2Fwp%2Fv2%2Fcomments&post=15447"}],"version-history":[{"count":17,"href":"https:\/\/lignesauto.fr\/index.php?rest_route=\/wp\/v2\/posts\/15447\/revisions"}],"predecessor-version":[{"id":15488,"href":"https:\/\/lignesauto.fr\/index.php?rest_route=\/wp\/v2\/posts\/15447\/revisions\/15488"}],"wp:featuredmedia":[{"embeddable":true,"href":"https:\/\/lignesauto.fr\/index.php?rest_route=\/wp\/v2\/media\/15487"}],"wp:attachment":[{"href":"https:\/\/lignesauto.fr\/index.php?rest_route=%2Fwp%2Fv2%2Fmedia&parent=15447"}],"wp:term":[{"taxonomy":"category","embeddable":true,"href":"https:\/\/lignesauto.fr\/index.php?rest_route=%2Fwp%2Fv2%2Fcategories&post=15447"},{"taxonomy":"post_tag","embeddable":true,"href":"https:\/\/lignesauto.fr\/index.php?rest_route=%2Fwp%2Fv2%2Ftags&post=15447"}],"curies":[{"name":"wp","href":"https:\/\/api.w.org\/{rel}","templated":true}]}}