{"id":15456,"date":"2020-02-17T09:39:19","date_gmt":"2020-02-17T08:39:19","guid":{"rendered":"http:\/\/lignesauto.fr\/?p=15456"},"modified":"2020-02-17T10:04:16","modified_gmt":"2020-02-17T09:04:16","slug":"happy-birthday-jean-pierre-ploue-twenty-years-at-psa","status":"publish","type":"post","link":"https:\/\/lignesauto.fr\/?p=15456","title":{"rendered":"Happy birthday Jean-Pierre Plou\u00e9 ! Heading towards 30 years at PSA ?"},"content":{"rendered":"\n<p><strong>Jean-Pierre Plou\u00e9 is entering his third decade with the PSA Group! In order to celebrate this anniversary like no other, here is the republication of an interview conducted two years ago. At his rival Renault, Laurens van den Acker is starting his second decade at the head of Renault Design\u2026 Stability is a must at the head of French car design! The opportunity for our English speaking friends to discover this interview as it had not yet been translated.<\/strong><\/p>\n\n\n\n<figure class=\"wp-block-image\"><img loading=\"lazy\" decoding=\"async\" width=\"1024\" height=\"683\" src=\"http:\/\/lignesauto.fr\/wp-content\/uploads\/2018\/10\/LIGNESPLOUE04-1024x683.jpg\" alt=\"\" class=\"wp-image-5569\" srcset=\"https:\/\/lignesauto.fr\/wp-content\/uploads\/2018\/10\/LIGNESPLOUE04-1024x683.jpg 1024w, https:\/\/lignesauto.fr\/wp-content\/uploads\/2018\/10\/LIGNESPLOUE04-300x200.jpg 300w, https:\/\/lignesauto.fr\/wp-content\/uploads\/2018\/10\/LIGNESPLOUE04-768x512.jpg 768w, https:\/\/lignesauto.fr\/wp-content\/uploads\/2018\/10\/LIGNESPLOUE04-370x247.jpg 370w, https:\/\/lignesauto.fr\/wp-content\/uploads\/2018\/10\/LIGNESPLOUE04-1040x693.jpg 1040w, https:\/\/lignesauto.fr\/wp-content\/uploads\/2018\/10\/LIGNESPLOUE04.jpg 1701w\" sizes=\"(max-width: 1024px) 100vw, 1024px\" \/><figcaption><em>Photo: &nbsp;Christian Martin<\/em><\/figcaption><\/figure>\n\n\n\n<p><strong>LIGNES\/auto: The general public knows you as the boss of the PSA Group design but, in addition to this group and Renault, you have had an international career. Is this a necessary step ?<\/strong><br><strong><em>Jean-Pierre Plou\u00e9:<\/em><\/strong> &#8220;At the time, French design was rather closed, it was difficult to move from one French manufacturer to another. And above all, I was very keen to discover the other worlds of car design in the world.&#8221;<\/p>\n\n\n\n<p><strong>What has this international experience brought you?<\/strong><br>&#8220;I discovered that there are very different corporate and design cultures from one manufacturer to another. First of all, I spent three and a half years at Volkswagen in Sitges, Spain. There, I discovered a rather quality-oriented design and at Ford &#8211; which I joined later &#8211; I experienced a customer-oriented design. At Renault, where I came from, design was mainly oriented towards &#8220;creativity&#8221;!&#8221;<\/p>\n\n\n\n<p><strong>Renault remains the place where you grew up in this world of creativity !<\/strong><br>&#8220;At Renault, the entire design department was oriented towards a very strong creative approach led by Patrick le Qu\u00e9ment. At VW, this &#8220;creative&#8221; dimension was not perceived in the same way. The designer wasn&#8217;t creating for the sole purpose of creating, but with the ambition of nourishing the brand&#8217;s DNA.&#8221;<\/p>\n\n\n\n<figure class=\"wp-block-image\"><img loading=\"lazy\" decoding=\"async\" width=\"1024\" height=\"683\" src=\"http:\/\/lignesauto.fr\/wp-content\/uploads\/2018\/10\/LIGNESPLOUE103-1024x683.jpg\" alt=\"\" class=\"wp-image-5564\" srcset=\"https:\/\/lignesauto.fr\/wp-content\/uploads\/2018\/10\/LIGNESPLOUE103-1024x683.jpg 1024w, https:\/\/lignesauto.fr\/wp-content\/uploads\/2018\/10\/LIGNESPLOUE103-300x200.jpg 300w, https:\/\/lignesauto.fr\/wp-content\/uploads\/2018\/10\/LIGNESPLOUE103-768x512.jpg 768w, https:\/\/lignesauto.fr\/wp-content\/uploads\/2018\/10\/LIGNESPLOUE103-370x247.jpg 370w, https:\/\/lignesauto.fr\/wp-content\/uploads\/2018\/10\/LIGNESPLOUE103-1040x693.jpg 1040w, https:\/\/lignesauto.fr\/wp-content\/uploads\/2018\/10\/LIGNESPLOUE103.jpg 1701w\" sizes=\"(max-width: 1024px) 100vw, 1024px\" \/><figcaption>Jean-Pierre Plou\u00e9 at Renault when he was working on the 1990 Laguna concept car.<\/figcaption><\/figure>\n\n\n\n<p>&#8220;In fact, this international move was magical for me because it allowed me to bring these three dimensions of &#8220;quality&#8221;, &#8220;customer&#8221; and &#8220;creativity&#8221; to design when I joined PSA.&#8221;<\/p>\n\n\n\n<figure class=\"wp-block-image\"><img loading=\"lazy\" decoding=\"async\" width=\"1024\" height=\"680\" src=\"http:\/\/lignesauto.fr\/wp-content\/uploads\/2018\/10\/LIGNESPLOUE06-1024x680.jpg\" alt=\"\" class=\"wp-image-5572\" srcset=\"https:\/\/lignesauto.fr\/wp-content\/uploads\/2018\/10\/LIGNESPLOUE06-1024x680.jpg 1024w, https:\/\/lignesauto.fr\/wp-content\/uploads\/2018\/10\/LIGNESPLOUE06-300x199.jpg 300w, https:\/\/lignesauto.fr\/wp-content\/uploads\/2018\/10\/LIGNESPLOUE06-768x510.jpg 768w, https:\/\/lignesauto.fr\/wp-content\/uploads\/2018\/10\/LIGNESPLOUE06-370x246.jpg 370w, https:\/\/lignesauto.fr\/wp-content\/uploads\/2018\/10\/LIGNESPLOUE06-1040x691.jpg 1040w, https:\/\/lignesauto.fr\/wp-content\/uploads\/2018\/10\/LIGNESPLOUE06.jpg 1701w\" sizes=\"(max-width: 1024px) 100vw, 1024px\" \/><figcaption>Drawing by Jean-Pierre Plou\u00e9 executed barely thirty years ago (1988) for the concept car Sc\u00e9nic which will appear in 1991.<\/figcaption><\/figure>\n\n\n\n<p><strong>The return to France, from Ford to Citro\u00ebn at the very end of 1999, was due to homesickness ?<\/strong><br>&#8220;Not at all, I was happy at Ford! I could have gone on without any problem but it so happened that Claude Satinet (then boss of the Citro\u00ebn brand) and Robert Peugeot called me. Somewhere it was even frustrating to leave Ford!&#8221;<\/p>\n\n\n\n<p><strong>However, you have made your way and your beautiful journey in France, without going back to the international scene\u2026<\/strong><br>&#8220;There was a time when, had the opportunity presented itself, I probably would have done so. Today, PSA is an efficient group, with an indisputable international dimension in terms of design, notably with our studio in China. We even have a small cell in California for &#8220;prospective&#8221; which helps us to build up the files and set up relations with start-ups in the USA&#8221;.<\/p>\n\n\n\n<figure class=\"wp-block-image\"><img loading=\"lazy\" decoding=\"async\" width=\"1024\" height=\"834\" src=\"http:\/\/lignesauto.fr\/wp-content\/uploads\/2020\/02\/JPP-1024x834.png\" alt=\"\" class=\"wp-image-15451\" srcset=\"https:\/\/lignesauto.fr\/wp-content\/uploads\/2020\/02\/JPP-1024x834.png 1024w, https:\/\/lignesauto.fr\/wp-content\/uploads\/2020\/02\/JPP-300x244.png 300w, https:\/\/lignesauto.fr\/wp-content\/uploads\/2020\/02\/JPP-768x625.png 768w, https:\/\/lignesauto.fr\/wp-content\/uploads\/2020\/02\/JPP-370x301.png 370w, https:\/\/lignesauto.fr\/wp-content\/uploads\/2020\/02\/JPP-1040x847.png 1040w, https:\/\/lignesauto.fr\/wp-content\/uploads\/2020\/02\/JPP.png 1417w\" sizes=\"(max-width: 1024px) 100vw, 1024px\" \/><\/figure>\n\n\n\n<p><strong>What has changed the most since you started working as a designer? The tools ?<\/strong><br>&#8220;There are two important notions that condition our profession more, they are the &#8220;economic&#8221; and &#8220;temporal&#8221; perspectives. The world is moving very fast, everything is accelerating, we are at the heart of a real breakthrough in countless fields, brought about, among other things, by artificial intelligence and digital technology. And then there is the socio-political aspect which forces us to take technological and international directions. We live in a chaotic world and sometimes we have to deal with the unmanageable.&#8221;<\/p>\n\n\n\n<figure class=\"wp-block-image\"><img loading=\"lazy\" decoding=\"async\" width=\"1024\" height=\"586\" src=\"http:\/\/lignesauto.fr\/wp-content\/uploads\/2018\/10\/lignesqacceleration-1024x586.jpg\" alt=\"\" class=\"wp-image-5585\" srcset=\"https:\/\/lignesauto.fr\/wp-content\/uploads\/2018\/10\/lignesqacceleration-1024x586.jpg 1024w, https:\/\/lignesauto.fr\/wp-content\/uploads\/2018\/10\/lignesqacceleration-300x172.jpg 300w, https:\/\/lignesauto.fr\/wp-content\/uploads\/2018\/10\/lignesqacceleration-768x440.jpg 768w, https:\/\/lignesauto.fr\/wp-content\/uploads\/2018\/10\/lignesqacceleration-370x212.jpg 370w, https:\/\/lignesauto.fr\/wp-content\/uploads\/2018\/10\/lignesqacceleration-1040x595.jpg 1040w\" sizes=\"(max-width: 1024px) 100vw, 1024px\" \/><\/figure>\n\n\n\n<p><strong>Are you saying that the European Commission&#8217;s increase to a minus 40% CO2\/km emission threshold in 2030 will harm design ?<\/strong><br>&#8220;No, quite the contrary ! The stronger the constraints will be, the more the design dimension will have to be reinforced. In surveys conducted all over the world, the design dimension plays an important role in the final choice of the client. The economic aspect obviously counts, but in many parts of the world, the trigger is still design.&#8221;<\/p>\n\n\n\n<figure class=\"wp-block-image\"><img loading=\"lazy\" decoding=\"async\" width=\"1024\" height=\"545\" src=\"http:\/\/lignesauto.fr\/wp-content\/uploads\/2018\/10\/LIGNESPLOUE01-1024x545.jpg\" alt=\"\" class=\"wp-image-5552\" srcset=\"https:\/\/lignesauto.fr\/wp-content\/uploads\/2018\/10\/LIGNESPLOUE01-1024x545.jpg 1024w, https:\/\/lignesauto.fr\/wp-content\/uploads\/2018\/10\/LIGNESPLOUE01-300x160.jpg 300w, https:\/\/lignesauto.fr\/wp-content\/uploads\/2018\/10\/LIGNESPLOUE01-768x409.jpg 768w, https:\/\/lignesauto.fr\/wp-content\/uploads\/2018\/10\/LIGNESPLOUE01-370x197.jpg 370w, https:\/\/lignesauto.fr\/wp-content\/uploads\/2018\/10\/LIGNESPLOUE01-1040x553.jpg 1040w\" sizes=\"(max-width: 1024px) 100vw, 1024px\" \/><figcaption>Jean-Pierre Plou\u00e9 supervises all the group&#8217;s projects, including concept cars.  He is shown here with Gilles Vidal, head of Peugeot styling and Matthias Hossann (far left), head of Peugeot concept cars (here, the e-Legend)<\/figcaption><\/figure>\n\n\n\n<p><strong>Can you clarify the organization of Opel design within the PSA Group? Are you the boss of Opel style ?<\/strong><br>&#8220;Opel&#8217;s Style Director is Mark Adams. My role as Director of Design is to ensure that our brands have a diversity of styles in relation to each other and the competition.&#8221;<\/p>\n\n\n\n<figure class=\"wp-block-image\"><img loading=\"lazy\" decoding=\"async\" width=\"1024\" height=\"681\" src=\"http:\/\/lignesauto.fr\/wp-content\/uploads\/2018\/10\/LIGNESPLOUE100-1024x681.jpg\" alt=\"\" class=\"wp-image-5561\" srcset=\"https:\/\/lignesauto.fr\/wp-content\/uploads\/2018\/10\/LIGNESPLOUE100-1024x681.jpg 1024w, https:\/\/lignesauto.fr\/wp-content\/uploads\/2018\/10\/LIGNESPLOUE100-300x200.jpg 300w, https:\/\/lignesauto.fr\/wp-content\/uploads\/2018\/10\/LIGNESPLOUE100-768x511.jpg 768w, https:\/\/lignesauto.fr\/wp-content\/uploads\/2018\/10\/LIGNESPLOUE100-370x246.jpg 370w, https:\/\/lignesauto.fr\/wp-content\/uploads\/2018\/10\/LIGNESPLOUE100-1040x692.jpg 1040w, https:\/\/lignesauto.fr\/wp-content\/uploads\/2018\/10\/LIGNESPLOUE100.jpg 1701w\" sizes=\"(max-width: 1024px) 100vw, 1024px\" \/><figcaption><br>Mark Adams (with a copy of the paper magazine LIGNES\/auto) remains responsible for Opel&#8217;s styling.<\/figcaption><\/figure>\n\n\n\n<p>&#8220;If a product, whatever it is, is not in line with the brand&#8217;s DNA, if it is drifting or if there are overlaps with a competitor within the group, it is my role to arbitrate. I therefore ensure the differentiation of styles and I also guarantee that each brand has the best tools to grow. Opel needs to make progress on this issue.&#8221;<\/p>\n\n\n\n<figure class=\"wp-block-image\"><img loading=\"lazy\" decoding=\"async\" width=\"1024\" height=\"576\" src=\"http:\/\/lignesauto.fr\/wp-content\/uploads\/2018\/10\/2056168-nm53mw26ci-1-1024x576.jpg\" alt=\"\" class=\"wp-image-5586\" srcset=\"https:\/\/lignesauto.fr\/wp-content\/uploads\/2018\/10\/2056168-nm53mw26ci-1-1024x576.jpg 1024w, https:\/\/lignesauto.fr\/wp-content\/uploads\/2018\/10\/2056168-nm53mw26ci-1-300x169.jpg 300w, https:\/\/lignesauto.fr\/wp-content\/uploads\/2018\/10\/2056168-nm53mw26ci-1-768x432.jpg 768w, https:\/\/lignesauto.fr\/wp-content\/uploads\/2018\/10\/2056168-nm53mw26ci-1-370x208.jpg 370w, https:\/\/lignesauto.fr\/wp-content\/uploads\/2018\/10\/2056168-nm53mw26ci-1-1040x585.jpg 1040w, https:\/\/lignesauto.fr\/wp-content\/uploads\/2018\/10\/2056168-nm53mw26ci-1.jpg 1927w\" sizes=\"(max-width: 1024px) 100vw, 1024px\" \/><\/figure>\n\n\n\n<p><strong>Is Opel design going to join the DNA here in Velizy ?<\/strong><br>&#8220;Opel design stays and will stay in Germany. I visit Opel regularly and we have style sessions with Mark in R\u00fcsselsheim.&#8221;<\/p>\n\n\n\n<p><strong>How did the Opel teams react when they found out how you work ?<\/strong><br>&#8220;They were glued in, particularly by our tool that helps us to have a vision of the future design of each of our brands. It&#8217;s the DNA manifesto of each brand that addresses all areas of design\u2026&#8221;<\/p>\n\n\n\n<figure class=\"wp-block-image\"><img loading=\"lazy\" decoding=\"async\" width=\"1024\" height=\"410\" src=\"http:\/\/lignesauto.fr\/wp-content\/uploads\/2018\/10\/LIGNESPLOUE12-1024x410.jpg\" alt=\"\" class=\"wp-image-5558\" srcset=\"https:\/\/lignesauto.fr\/wp-content\/uploads\/2018\/10\/LIGNESPLOUE12-1024x410.jpg 1024w, https:\/\/lignesauto.fr\/wp-content\/uploads\/2018\/10\/LIGNESPLOUE12-300x120.jpg 300w, https:\/\/lignesauto.fr\/wp-content\/uploads\/2018\/10\/LIGNESPLOUE12-768x307.jpg 768w, https:\/\/lignesauto.fr\/wp-content\/uploads\/2018\/10\/LIGNESPLOUE12-370x148.jpg 370w, https:\/\/lignesauto.fr\/wp-content\/uploads\/2018\/10\/LIGNESPLOUE12-1040x416.jpg 1040w\" sizes=\"(max-width: 1024px) 100vw, 1024px\" \/><\/figure>\n\n\n\n<p><strong>How does this tool look like ? Are these keywords ?<\/strong><br>&#8221; It is partly a search for keywords that define the whole design of the brand (materials and colours, style, graphic language, etc.).<br> The formal language is associated with the values of the brand, with these famous key dead. From the moment you define this language based on the history of the brand and its values, you cannot make a Citro\u00ebn, Peugeot or DS style different from what they are.&#8221;<\/p>\n\n\n\n<p><strong>But your brands are almost all in the same range, which makes it harder to work, doesn&#8217;t it ?<\/strong><br>&#8220;No, the world is so multiple, so varied and diverse that it would be quite incredible if there was only one standard ! There&#8217;s no overlap. On the contrary, with our very clear &#8220;mapping&#8221; on each brand identity, we even fight against the language of a global design. PSA is a recognized player in the world in terms of design\u2026 Maybe that&#8217;s also why people come to copy us!&#8221;<\/p>\n\n\n\n<figure class=\"wp-block-image\"><img loading=\"lazy\" decoding=\"async\" width=\"1024\" height=\"640\" src=\"http:\/\/lignesauto.fr\/wp-content\/uploads\/2018\/10\/Illustration5marquesV3.1-1024x640.jpg\" alt=\"\" class=\"wp-image-5575\" srcset=\"https:\/\/lignesauto.fr\/wp-content\/uploads\/2018\/10\/Illustration5marquesV3.1-1024x640.jpg 1024w, https:\/\/lignesauto.fr\/wp-content\/uploads\/2018\/10\/Illustration5marquesV3.1-300x188.jpg 300w, https:\/\/lignesauto.fr\/wp-content\/uploads\/2018\/10\/Illustration5marquesV3.1-768x480.jpg 768w, https:\/\/lignesauto.fr\/wp-content\/uploads\/2018\/10\/Illustration5marquesV3.1-370x231.jpg 370w, https:\/\/lignesauto.fr\/wp-content\/uploads\/2018\/10\/Illustration5marquesV3.1-1040x650.jpg 1040w, https:\/\/lignesauto.fr\/wp-content\/uploads\/2018\/10\/Illustration5marquesV3.1.jpg 1920w\" sizes=\"(max-width: 1024px) 100vw, 1024px\" \/><\/figure>\n\n\n\n<p><strong>After the recruitment of Thierry M\u00e9troz from outside (Renault), it is still a designer from outside the group who has taken responsibility for the style of a brand: Pierre Leclercq at Citro\u00ebn. Why not choose in-house ?<\/strong><br>&#8220;Oh no! I can&#8217;t agree with you: Alexandre Malval was an in-house recruit and Gilles Vidal too ! Two internal recruitments for three brands (at the time), I think that&#8217;s pretty good! But for this type of recruitment, there is no absolute rule. For Citro\u00ebn, it&#8217;s a good thing that we recruited Pierre. It will allow us to renew ourselves.&#8221;<\/p>\n\n\n\n<figure class=\"wp-block-image\"><img loading=\"lazy\" decoding=\"async\" width=\"1024\" height=\"683\" src=\"http:\/\/lignesauto.fr\/wp-content\/uploads\/2018\/10\/LIGNESPLOUE101-1024x683.jpg\" alt=\"\" class=\"wp-image-5562\" srcset=\"https:\/\/lignesauto.fr\/wp-content\/uploads\/2018\/10\/LIGNESPLOUE101-1024x683.jpg 1024w, https:\/\/lignesauto.fr\/wp-content\/uploads\/2018\/10\/LIGNESPLOUE101-300x200.jpg 300w, https:\/\/lignesauto.fr\/wp-content\/uploads\/2018\/10\/LIGNESPLOUE101-768x512.jpg 768w, https:\/\/lignesauto.fr\/wp-content\/uploads\/2018\/10\/LIGNESPLOUE101-370x247.jpg 370w, https:\/\/lignesauto.fr\/wp-content\/uploads\/2018\/10\/LIGNESPLOUE101-1040x693.jpg 1040w\" sizes=\"(max-width: 1024px) 100vw, 1024px\" \/><\/figure>\n\n\n\n<p>Thierry M\u00e9troz, the design boss of the DS brand above, Gilles Vidal (below), the Peugeot design boss \u2026 <\/p>\n\n\n\n<figure class=\"wp-block-image\"><img loading=\"lazy\" decoding=\"async\" width=\"1024\" height=\"614\" src=\"http:\/\/lignesauto.fr\/wp-content\/uploads\/2018\/10\/LIGNESPLOUE301-1024x614.png\" alt=\"\" class=\"wp-image-5566\" srcset=\"https:\/\/lignesauto.fr\/wp-content\/uploads\/2018\/10\/LIGNESPLOUE301-1024x614.png 1024w, https:\/\/lignesauto.fr\/wp-content\/uploads\/2018\/10\/LIGNESPLOUE301-300x180.png 300w, https:\/\/lignesauto.fr\/wp-content\/uploads\/2018\/10\/LIGNESPLOUE301-768x461.png 768w, https:\/\/lignesauto.fr\/wp-content\/uploads\/2018\/10\/LIGNESPLOUE301-370x222.png 370w, https:\/\/lignesauto.fr\/wp-content\/uploads\/2018\/10\/LIGNESPLOUE301-1040x624.png 1040w, https:\/\/lignesauto.fr\/wp-content\/uploads\/2018\/10\/LIGNESPLOUE301.png 1417w\" sizes=\"(max-width: 1024px) 100vw, 1024px\" \/><\/figure>\n\n\n\n<p>\u2026and Pierre Leclercq, below, who took charge of Citro\u00ebn design at the end of 2018 : the dream-team ?<\/p>\n\n\n\n<figure class=\"wp-block-image\"><img loading=\"lazy\" decoding=\"async\" width=\"996\" height=\"1024\" src=\"http:\/\/lignesauto.fr\/wp-content\/uploads\/2019\/05\/LIGNESPL_01-996x1024.png\" alt=\"\" class=\"wp-image-9916\" srcset=\"https:\/\/lignesauto.fr\/wp-content\/uploads\/2019\/05\/LIGNESPL_01-996x1024.png 996w, https:\/\/lignesauto.fr\/wp-content\/uploads\/2019\/05\/LIGNESPL_01-292x300.png 292w, https:\/\/lignesauto.fr\/wp-content\/uploads\/2019\/05\/LIGNESPL_01-768x790.png 768w, https:\/\/lignesauto.fr\/wp-content\/uploads\/2019\/05\/LIGNESPL_01-370x380.png 370w, https:\/\/lignesauto.fr\/wp-content\/uploads\/2019\/05\/LIGNESPL_01-1040x1069.png 1040w, https:\/\/lignesauto.fr\/wp-content\/uploads\/2019\/05\/LIGNESPL_01.png 1417w\" sizes=\"(max-width: 996px) 100vw, 996px\" \/><\/figure>\n\n\n\n<p><strong>Don&#8217;t you think the amateur&#8217;s a little sick of SUVs on every floor ? Is the sedan definitely dead ?<\/strong><br>&#8220;But you have the Peugeot 508 ! It&#8217;s there, it&#8217;s beautiful and magical to drive\u2026 So no: I don&#8217;t think the sedan is dead. Not at all.<br> Given the political and ecological context, it even has a very long career ahead of it !&#8221;<\/p>\n\n\n\n<figure class=\"wp-block-image\"><img loading=\"lazy\" decoding=\"async\" width=\"1024\" height=\"683\" src=\"http:\/\/lignesauto.fr\/wp-content\/uploads\/2018\/10\/PEUGEOT_508_TESTDRIVE_0618TC135-1024x683.jpg\" alt=\"\" class=\"wp-image-5571\" srcset=\"https:\/\/lignesauto.fr\/wp-content\/uploads\/2018\/10\/PEUGEOT_508_TESTDRIVE_0618TC135-1024x683.jpg 1024w, https:\/\/lignesauto.fr\/wp-content\/uploads\/2018\/10\/PEUGEOT_508_TESTDRIVE_0618TC135-300x200.jpg 300w, https:\/\/lignesauto.fr\/wp-content\/uploads\/2018\/10\/PEUGEOT_508_TESTDRIVE_0618TC135-768x512.jpg 768w, https:\/\/lignesauto.fr\/wp-content\/uploads\/2018\/10\/PEUGEOT_508_TESTDRIVE_0618TC135-370x247.jpg 370w, https:\/\/lignesauto.fr\/wp-content\/uploads\/2018\/10\/PEUGEOT_508_TESTDRIVE_0618TC135-1040x694.jpg 1040w, https:\/\/lignesauto.fr\/wp-content\/uploads\/2018\/10\/PEUGEOT_508_TESTDRIVE_0618TC135.jpg 1417w\" sizes=\"(max-width: 1024px) 100vw, 1024px\" \/><\/figure>\n\n\n\n<p><strong>So SUVs are doomed by future environmental regulations ?<\/strong><br> &#8220;No, but it&#8217;s pushing us to go electric or hybrid.&#8221;<\/p>\n\n\n\n<figure class=\"wp-block-image\"><img loading=\"lazy\" decoding=\"async\" width=\"1024\" height=\"546\" src=\"http:\/\/lignesauto.fr\/wp-content\/uploads\/2018\/10\/LIGNESPLOUE102-1024x546.jpg\" alt=\"\" class=\"wp-image-5563\" srcset=\"https:\/\/lignesauto.fr\/wp-content\/uploads\/2018\/10\/LIGNESPLOUE102-1024x546.jpg 1024w, https:\/\/lignesauto.fr\/wp-content\/uploads\/2018\/10\/LIGNESPLOUE102-300x160.jpg 300w, https:\/\/lignesauto.fr\/wp-content\/uploads\/2018\/10\/LIGNESPLOUE102-768x409.jpg 768w, https:\/\/lignesauto.fr\/wp-content\/uploads\/2018\/10\/LIGNESPLOUE102-370x197.jpg 370w, https:\/\/lignesauto.fr\/wp-content\/uploads\/2018\/10\/LIGNESPLOUE102-1040x554.jpg 1040w, https:\/\/lignesauto.fr\/wp-content\/uploads\/2018\/10\/LIGNESPLOUE102.jpg 1417w\" sizes=\"(max-width: 1024px) 100vw, 1024px\" \/><figcaption>The 100% electric DS3 Crossback E-TENSE is now available on the market.<\/figcaption><\/figure>\n\n\n\n<p><strong>The electric cars that are just appearing seem to have been studied in a hurry. They appear to be drafts\u2026<\/strong><br>&#8220;You&#8217;re forgetting the economic dimension. We are not here to make beautiful objects, we are here to respond to the demands of the markets while taking into account government regulations.<br> Starting from scratch to design these new cars would involve huge investments. These cars are not drafts. Manufacturers are doing it in a way that allows them to preserve the profitability of the company. &#8220;<\/p>\n\n\n\n<p><strong>It&#8217;s a shame to see 100% electric new models equipped with a sometimes gigantic front grille, when there&#8217;s no more combustion engine to cool down !<\/strong><br>&#8220;Maybe some manufacturers haven&#8217;t found the codes to keep their identity without a grille. We don&#8217;t have this problem and we showed it with our 100% electric Instinct concept car (below).&#8221;<\/p>\n\n\n\n<figure class=\"wp-block-image\"><img loading=\"lazy\" decoding=\"async\" width=\"1024\" height=\"569\" src=\"http:\/\/lignesauto.fr\/wp-content\/uploads\/2018\/10\/LIGNESPLOUE400-1024x569.jpg\" alt=\"\" class=\"wp-image-5567\" srcset=\"https:\/\/lignesauto.fr\/wp-content\/uploads\/2018\/10\/LIGNESPLOUE400-1024x569.jpg 1024w, https:\/\/lignesauto.fr\/wp-content\/uploads\/2018\/10\/LIGNESPLOUE400-300x167.jpg 300w, https:\/\/lignesauto.fr\/wp-content\/uploads\/2018\/10\/LIGNESPLOUE400-768x427.jpg 768w, https:\/\/lignesauto.fr\/wp-content\/uploads\/2018\/10\/LIGNESPLOUE400-370x206.jpg 370w, https:\/\/lignesauto.fr\/wp-content\/uploads\/2018\/10\/LIGNESPLOUE400-1040x578.jpg 1040w\" sizes=\"(max-width: 1024px) 100vw, 1024px\" \/><\/figure>\n\n\n\n<p><strong>Let&#8217;s stay in the near future. Does the development of the autonomous car and its interiors where you will live differently change your recruitment method towards more interior designers ?<\/strong><br>&#8220;No, because we already have the competence. It is true that new professions are emerging. For example, we&#8217;ve created a new UXCT (User Experience Cockpit Teams) department with 200 people, which deals, among other things, with all the HMIs and the ergonomics of the cockpits of the future. This is a cross-functional entity within the group.&#8221;<\/p>\n\n\n\n<figure class=\"wp-block-image\"><img loading=\"lazy\" decoding=\"async\" width=\"1024\" height=\"512\" src=\"http:\/\/lignesauto.fr\/wp-content\/uploads\/2018\/10\/LIGNESPLOUE08-1024x512.jpg\" alt=\"\" class=\"wp-image-5556\" srcset=\"https:\/\/lignesauto.fr\/wp-content\/uploads\/2018\/10\/LIGNESPLOUE08-1024x512.jpg 1024w, https:\/\/lignesauto.fr\/wp-content\/uploads\/2018\/10\/LIGNESPLOUE08-300x150.jpg 300w, https:\/\/lignesauto.fr\/wp-content\/uploads\/2018\/10\/LIGNESPLOUE08-768x384.jpg 768w, https:\/\/lignesauto.fr\/wp-content\/uploads\/2018\/10\/LIGNESPLOUE08-370x185.jpg 370w, https:\/\/lignesauto.fr\/wp-content\/uploads\/2018\/10\/LIGNESPLOUE08-1040x520.jpg 1040w, https:\/\/lignesauto.fr\/wp-content\/uploads\/2018\/10\/LIGNESPLOUE08.jpg 1701w\" sizes=\"(max-width: 1024px) 100vw, 1024px\" \/><\/figure>\n\n\n\n<p><strong>Is the autonomous car still a radical change ?<\/strong><br>&#8220;Not so much! The evolutions will follow those of the stages of autonomy.<br> It&#8217;s not violent and customers will also have to be able to buy these technologies !&#8221;<\/p>\n\n\n\n<p><strong>We talked about Citro\u00ebn, Peugeot and Opel. Stay DS. The DS3 Crossback seems to have given up any overload that it had assumed until then <\/strong>.<br> &#8220;Overload? Of what : chrome, style ?&#8221;<\/p>\n\n\n\n<p><strong>Both of them\u2026<\/strong><br>&#8220;No, I can&#8217;t let you say that\u2026 I don&#8217;t see in the DS&#8217;s that we&#8217;ve made the chromium overabundance you&#8217;re talking about. That&#8217;s not true. Take a good look at a DS7 and you&#8217;ll see that there&#8217;s no more chrome than in an Audi. As for the styling, it&#8217;s adapted to the segment.&#8221;<\/p>\n\n\n\n<figure class=\"wp-block-image\"><img loading=\"lazy\" decoding=\"async\" width=\"591\" height=\"241\" src=\"http:\/\/lignesauto.fr\/wp-content\/uploads\/2018\/10\/100.jpg\" alt=\"\" class=\"wp-image-5180\" srcset=\"https:\/\/lignesauto.fr\/wp-content\/uploads\/2018\/10\/100.jpg 591w, https:\/\/lignesauto.fr\/wp-content\/uploads\/2018\/10\/100-300x122.jpg 300w, https:\/\/lignesauto.fr\/wp-content\/uploads\/2018\/10\/100-370x151.jpg 370w\" sizes=\"(max-width: 591px) 100vw, 591px\" \/><\/figure>\n\n\n\n<p>&#8220;For example, on the DS 3 CROSSBACK we have chosen integrated and hidden window washers. We were able to remove the body belt and move in the direction of greater purity and simplicity. To say that the DS style is baroque is not true. On the contrary, there&#8217;s sophisticated work on the lights and headlights. The side is natural and pure compared to a Toyota C-HR !&#8221;<\/p>\n\n\n\n<figure class=\"wp-block-image\"><img loading=\"lazy\" decoding=\"async\" width=\"1024\" height=\"552\" src=\"http:\/\/lignesauto.fr\/wp-content\/uploads\/2018\/10\/LIGNESDIVINE-1-1024x552.jpg\" alt=\"\" class=\"wp-image-5577\" srcset=\"https:\/\/lignesauto.fr\/wp-content\/uploads\/2018\/10\/LIGNESDIVINE-1-1024x552.jpg 1024w, https:\/\/lignesauto.fr\/wp-content\/uploads\/2018\/10\/LIGNESDIVINE-1-300x162.jpg 300w, https:\/\/lignesauto.fr\/wp-content\/uploads\/2018\/10\/LIGNESDIVINE-1-768x414.jpg 768w, https:\/\/lignesauto.fr\/wp-content\/uploads\/2018\/10\/LIGNESDIVINE-1-370x199.jpg 370w, https:\/\/lignesauto.fr\/wp-content\/uploads\/2018\/10\/LIGNESDIVINE-1-1040x561.jpg 1040w, https:\/\/lignesauto.fr\/wp-content\/uploads\/2018\/10\/LIGNESDIVINE-1.jpg 1258w\" sizes=\"(max-width: 1024px) 100vw, 1024px\" \/><figcaption>The Divine concept car served as a manifesto for the DS brand. <\/figcaption><\/figure>\n\n\n\n<p><strong>Let&#8217;s forget about chrome, baroque and end with a personal question. If you had to write a letter to your children about the three best professional moments of your career, which ones would they be ?<\/strong><br>&#8220;What matters to me is that I have to have fun every day, that I have joy and pleasure. So, sincerely, if there were only three, my life would be sad! Above all, I would say to them: &#8220;Find a job in which you have passion and love. Otherwise you&#8217;ll never perform, you&#8217;ll be machines, tools. You&#8217;ll never be yourself if you don&#8217;t do the job you love\u2026&#8221;<\/p>\n\n\n\n<p><strong>I was thinking mostly about strong encounters !<\/strong><br>&#8220;The encounters, they obviously meant a lot to me. I think first of all of Doudou (Jean-Fran\u00e7ois Venet) who was my first chef. I admired him. I would also mention Claude Satinet who impressed me as a brand owner. There was of course Vincent Besson with whom we rebuilt the Citro\u00ebn design when I arrived. These are people who count and who make you question yourself, make you progress, and that&#8217;s magic. And then of course, Carlos Tavares, who is also impressive\u2026&#8221;<\/p>\n\n\n\n<figure class=\"wp-block-image\"><img loading=\"lazy\" decoding=\"async\" width=\"1024\" height=\"673\" src=\"http:\/\/lignesauto.fr\/wp-content\/uploads\/2018\/10\/lignesvenetjf-1024x673.jpg\" alt=\"\" class=\"wp-image-5579\" srcset=\"https:\/\/lignesauto.fr\/wp-content\/uploads\/2018\/10\/lignesvenetjf-1024x673.jpg 1024w, https:\/\/lignesauto.fr\/wp-content\/uploads\/2018\/10\/lignesvenetjf-300x197.jpg 300w, https:\/\/lignesauto.fr\/wp-content\/uploads\/2018\/10\/lignesvenetjf-768x505.jpg 768w, https:\/\/lignesauto.fr\/wp-content\/uploads\/2018\/10\/lignesvenetjf-370x243.jpg 370w, https:\/\/lignesauto.fr\/wp-content\/uploads\/2018\/10\/lignesvenetjf-1040x683.jpg 1040w, https:\/\/lignesauto.fr\/wp-content\/uploads\/2018\/10\/lignesvenetjf.jpg 1417w\" sizes=\"(max-width: 1024px) 100vw, 1024px\" \/><figcaption>By chance of history, Jean-Pierre Plou\u00e9 was directed by the late Jean-Fran\u00e7ois Venet when he started at Renault. Jean-Fran\u00e7ois had worked at Opel (here with the Tech2 concept car) whereas today, Jean-Pierre Plou\u00e9 is back with the German manufacturer within the PSA group\u2026<\/figcaption><\/figure>\n\n\n\n<p>Appointment is made with Jean-Pierre Plou\u00e9 when the design strategy to be carried out from now on with the FCA group will be defined and structured\u2026<\/p>\n\n\n\n<p><strong>Interview by Christophe Bonnaud in 2018<\/strong><\/p>\n\n\n\n<figure class=\"wp-block-image\"><img loading=\"lazy\" decoding=\"async\" width=\"300\" height=\"108\" src=\"http:\/\/lignesauto.fr\/wp-content\/uploads\/2018\/10\/LOGOActus_BD-300x108.jpg\" alt=\"\" class=\"wp-image-4921\" srcset=\"https:\/\/lignesauto.fr\/wp-content\/uploads\/2018\/10\/LOGOActus_BD-300x108.jpg 300w, https:\/\/lignesauto.fr\/wp-content\/uploads\/2018\/10\/LOGOActus_BD-768x276.jpg 768w, https:\/\/lignesauto.fr\/wp-content\/uploads\/2018\/10\/LOGOActus_BD-1024x367.jpg 1024w, https:\/\/lignesauto.fr\/wp-content\/uploads\/2018\/10\/LOGOActus_BD-370x133.jpg 370w, https:\/\/lignesauto.fr\/wp-content\/uploads\/2018\/10\/LOGOActus_BD-1040x373.jpg 1040w, https:\/\/lignesauto.fr\/wp-content\/uploads\/2018\/10\/LOGOActus_BD.jpg 1240w\" sizes=\"(max-width: 300px) 100vw, 300px\" \/><\/figure>\n","protected":false},"excerpt":{"rendered":"<p>Jean-Pierre Plou\u00e9 is entering his third decade with the PSA Group! In order to celebrate this anniversary like no other, here is the republication of an interview conducted two years ago. At his rival Renault, Laurens van den Acker is starting his second decade at the head of Renault Design\u2026 [&hellip;]<\/p>\n","protected":false},"author":1,"featured_media":15487,"comment_status":"open","ping_status":"open","sticky":false,"template":"","format":"standard","meta":{"footnotes":""},"categories":[1],"tags":[],"_links":{"self":[{"href":"https:\/\/lignesauto.fr\/index.php?rest_route=\/wp\/v2\/posts\/15456"}],"collection":[{"href":"https:\/\/lignesauto.fr\/index.php?rest_route=\/wp\/v2\/posts"}],"about":[{"href":"https:\/\/lignesauto.fr\/index.php?rest_route=\/wp\/v2\/types\/post"}],"author":[{"embeddable":true,"href":"https:\/\/lignesauto.fr\/index.php?rest_route=\/wp\/v2\/users\/1"}],"replies":[{"embeddable":true,"href":"https:\/\/lignesauto.fr\/index.php?rest_route=%2Fwp%2Fv2%2Fcomments&post=15456"}],"version-history":[{"count":20,"href":"https:\/\/lignesauto.fr\/index.php?rest_route=\/wp\/v2\/posts\/15456\/revisions"}],"predecessor-version":[{"id":15486,"href":"https:\/\/lignesauto.fr\/index.php?rest_route=\/wp\/v2\/posts\/15456\/revisions\/15486"}],"wp:featuredmedia":[{"embeddable":true,"href":"https:\/\/lignesauto.fr\/index.php?rest_route=\/wp\/v2\/media\/15487"}],"wp:attachment":[{"href":"https:\/\/lignesauto.fr\/index.php?rest_route=%2Fwp%2Fv2%2Fmedia&parent=15456"}],"wp:term":[{"taxonomy":"category","embeddable":true,"href":"https:\/\/lignesauto.fr\/index.php?rest_route=%2Fwp%2Fv2%2Fcategories&post=15456"},{"taxonomy":"post_tag","embeddable":true,"href":"https:\/\/lignesauto.fr\/index.php?rest_route=%2Fwp%2Fv2%2Ftags&post=15456"}],"curies":[{"name":"wp","href":"https:\/\/api.w.org\/{rel}","templated":true}]}}