{"id":15490,"date":"2020-02-26T08:01:13","date_gmt":"2020-02-26T07:01:13","guid":{"rendered":"http:\/\/lignesauto.fr\/?p=15490"},"modified":"2020-02-25T12:06:17","modified_gmt":"2020-02-25T11:06:17","slug":"ds-aero-sport-lounge-et-si-cetait-un-fauteuil-une-boisson-un-batiment-etc","status":"publish","type":"post","link":"https:\/\/lignesauto.fr\/?p=15490","title":{"rendered":"DS Aero Sport Lounge : et si c&#8217;\u00e9tait un fauteuil, une boisson, un b\u00e2timent, etc&#8230;"},"content":{"rendered":"\n<p>Deuxi\u00e8me r\u00e9v\u00e9lation de la marque DS cette semaine : voici le concept-car DS Aero Sport Lounge. D\u00e9couvrez-le, fa\u00e7on LIGNES\/auto, c&#8217;est \u00e0 dire sous un autre angle !<\/p>\n\n\n\n<figure class=\"wp-block-image is-resized\"><img loading=\"lazy\" decoding=\"async\" src=\"http:\/\/lignesauto.fr\/wp-content\/uploads\/2018\/10\/LOGOActus_BD-1024x367.jpg\" alt=\"L\u2019attribut alt de cette image est vide, son nom de fichier est LOGOActus_BD-1024x367.jpg.\" width=\"490\" height=\"175\"\/><\/figure>\n\n\n\n<figure class=\"wp-block-image\"><img loading=\"lazy\" decoding=\"async\" width=\"1024\" height=\"639\" src=\"http:\/\/lignesauto.fr\/wp-content\/uploads\/2020\/02\/LIGNESASL_03-1024x639.png\" alt=\"\" class=\"wp-image-15761\" srcset=\"https:\/\/lignesauto.fr\/wp-content\/uploads\/2020\/02\/LIGNESASL_03-1024x639.png 1024w, https:\/\/lignesauto.fr\/wp-content\/uploads\/2020\/02\/LIGNESASL_03-300x187.png 300w, https:\/\/lignesauto.fr\/wp-content\/uploads\/2020\/02\/LIGNESASL_03-768x479.png 768w, https:\/\/lignesauto.fr\/wp-content\/uploads\/2020\/02\/LIGNESASL_03-370x231.png 370w, https:\/\/lignesauto.fr\/wp-content\/uploads\/2020\/02\/LIGNESASL_03-1040x649.png 1040w, https:\/\/lignesauto.fr\/wp-content\/uploads\/2020\/02\/LIGNESASL_03.png 1417w\" sizes=\"(max-width: 1024px) 100vw, 1024px\" \/><\/figure>\n\n\n\n<p>Outre son habitacle novateur que l&#8217;on d\u00e9couvrira \u00e0 Gen\u00e8ve, le concept DS Aero Sport Lounge aborde un style qui casse certains codes automobiles, y compris ceux de la marque DS&#8230; Mais si nous le voyions subjectivement comme autre chose qu&#8217;une auto tr\u00e8s mobile, \u00e7a donnerait quoi ? <\/p>\n\n\n\n<h2 class=\"wp-block-heading\"><strong>Et si la DS ASL \u00e9tait une mati\u00e8re ?<\/strong><\/h2>\n\n\n\n<figure class=\"wp-block-image\"><img loading=\"lazy\" decoding=\"async\" width=\"1024\" height=\"478\" src=\"http:\/\/lignesauto.fr\/wp-content\/uploads\/2020\/02\/LIGNESPAILLEDSASL-1024x478.png\" alt=\"\" class=\"wp-image-15525\" srcset=\"https:\/\/lignesauto.fr\/wp-content\/uploads\/2020\/02\/LIGNESPAILLEDSASL-1024x478.png 1024w, https:\/\/lignesauto.fr\/wp-content\/uploads\/2020\/02\/LIGNESPAILLEDSASL-300x140.png 300w, https:\/\/lignesauto.fr\/wp-content\/uploads\/2020\/02\/LIGNESPAILLEDSASL-768x359.png 768w, https:\/\/lignesauto.fr\/wp-content\/uploads\/2020\/02\/LIGNESPAILLEDSASL-370x173.png 370w, https:\/\/lignesauto.fr\/wp-content\/uploads\/2020\/02\/LIGNESPAILLEDSASL-1040x486.png 1040w, https:\/\/lignesauto.fr\/wp-content\/uploads\/2020\/02\/LIGNESPAILLEDSASL.png 1417w\" sizes=\"(max-width: 1024px) 100vw, 1024px\" \/><\/figure>\n\n\n\n<p>Ce serait la paille. La lame de sa planche de bord et le dossier des si\u00e8ges sont confectionn\u00e9s en marqueterie de paille. Elle est, selon DS, &#8220;redevenue un outil de luxe. Tir\u00e9e des techniques du XVIIe si\u00e8cle, cette tradition prend une place de choix dans l&#8217;art d\u00e9coratif, notamment gr\u00e2ce \u00e0 l&#8217;atelier de Lison de Caunes.&#8221; On retrouve \u00e0 bord de l&#8217;ASL ce mat\u00e9riau cultiv\u00e9 en Bourgogne, r\u00e9gion de naissance de Jean-Pierre Plou\u00e9, patron du design PSA. Thierry M\u00e9troz se fait bien voir ! La paille est s\u00e9ch\u00e9e, teint\u00e9e, fendue tige par tiges et encoll\u00e9e sur son c\u00f4t\u00e9 mat puis aplatie au pilori sur son support. Bravo \u00e0 Sabine le Masson-Pannetrat, responsable des couleurs et mati\u00e8res de DS, pour avoir mis sur la paille ses \u00e9quipes !<\/p>\n\n\n\n<h2 class=\"wp-block-heading\"><strong>Et si la DS ASL \u00e9tait une boisson ?<\/strong><\/h2>\n\n\n\n<figure class=\"wp-block-image\"><img loading=\"lazy\" decoding=\"async\" width=\"1024\" height=\"753\" src=\"http:\/\/lignesauto.fr\/wp-content\/uploads\/2020\/02\/LIGNESCONCEPT_07-1024x753.png\" alt=\"\" class=\"wp-image-15497\" srcset=\"https:\/\/lignesauto.fr\/wp-content\/uploads\/2020\/02\/LIGNESCONCEPT_07-1024x753.png 1024w, https:\/\/lignesauto.fr\/wp-content\/uploads\/2020\/02\/LIGNESCONCEPT_07-300x221.png 300w, https:\/\/lignesauto.fr\/wp-content\/uploads\/2020\/02\/LIGNESCONCEPT_07-768x565.png 768w, https:\/\/lignesauto.fr\/wp-content\/uploads\/2020\/02\/LIGNESCONCEPT_07-370x272.png 370w, https:\/\/lignesauto.fr\/wp-content\/uploads\/2020\/02\/LIGNESCONCEPT_07-1040x765.png 1040w, https:\/\/lignesauto.fr\/wp-content\/uploads\/2020\/02\/LIGNESCONCEPT_07.png 1417w\" sizes=\"(max-width: 1024px) 100vw, 1024px\" \/><\/figure>\n\n\n\n<p>Quand on s&#8217;appelle DS Aero Sport Lounge, on fait en sorte de soigner son&#8230; a\u00e9rodynamique. Le flux d&#8217;air est canalis\u00e9 d\u00e8s son entr\u00e9e de part et d&#8217;autre de la calandre et la volume g\u00e9n\u00e9reux de l&#8217;ASL est sculpt\u00e9 par le vent. Ses flancs adoptent ainsi la ligne de la bouteille coca-cola dessin\u00e9e par l&#8217;agence de Raymond Loewy. A consommer sans mod\u00e9ration. Mais sans sucre&#8230; <\/p>\n\n\n\n<h2 class=\"wp-block-heading\"><strong>Et si la DS ASL \u00e9tait un meuble ?<\/strong><\/h2>\n\n\n\n<figure class=\"wp-block-image\"><img loading=\"lazy\" decoding=\"async\" width=\"965\" height=\"1024\" src=\"http:\/\/lignesauto.fr\/wp-content\/uploads\/2020\/02\/LIGNESCONCEPT_09-965x1024.png\" alt=\"\" class=\"wp-image-15495\" srcset=\"https:\/\/lignesauto.fr\/wp-content\/uploads\/2020\/02\/LIGNESCONCEPT_09-965x1024.png 965w, https:\/\/lignesauto.fr\/wp-content\/uploads\/2020\/02\/LIGNESCONCEPT_09-283x300.png 283w, https:\/\/lignesauto.fr\/wp-content\/uploads\/2020\/02\/LIGNESCONCEPT_09-768x815.png 768w, https:\/\/lignesauto.fr\/wp-content\/uploads\/2020\/02\/LIGNESCONCEPT_09-370x393.png 370w, https:\/\/lignesauto.fr\/wp-content\/uploads\/2020\/02\/LIGNESCONCEPT_09-1040x1104.png 1040w, https:\/\/lignesauto.fr\/wp-content\/uploads\/2020\/02\/LIGNESCONCEPT_09.png 1417w\" sizes=\"(max-width: 965px) 100vw, 965px\" \/><\/figure>\n\n\n\n<p>Ce serait par exemple cette console Walla, \u00e9tonnant assemblage de facettes vitr\u00e9es et parfois de miroirs. Le concept n&#8217;en oublie pas moins la fonctionnalit\u00e9 avec, quand m\u00eame, la possibilit\u00e9 de &#8220;s&#8217;approcher&#8221; de cet \u00e9trange objet pour y d\u00e9poser pourquoi pas, une coupe triangulaire de champagne&#8230;<\/p>\n\n\n\n<h2 class=\"wp-block-heading\"><strong>Et si la DS ASL \u00e9tait un b\u00e2timent ?<\/strong><\/h2>\n\n\n\n<figure class=\"wp-block-image\"><img loading=\"lazy\" decoding=\"async\" width=\"837\" height=\"1024\" src=\"http:\/\/lignesauto.fr\/wp-content\/uploads\/2020\/02\/LIGNESCONCEPT_05-837x1024.png\" alt=\"\" class=\"wp-image-15494\" srcset=\"https:\/\/lignesauto.fr\/wp-content\/uploads\/2020\/02\/LIGNESCONCEPT_05-837x1024.png 837w, https:\/\/lignesauto.fr\/wp-content\/uploads\/2020\/02\/LIGNESCONCEPT_05-245x300.png 245w, https:\/\/lignesauto.fr\/wp-content\/uploads\/2020\/02\/LIGNESCONCEPT_05-768x940.png 768w, https:\/\/lignesauto.fr\/wp-content\/uploads\/2020\/02\/LIGNESCONCEPT_05-370x453.png 370w, https:\/\/lignesauto.fr\/wp-content\/uploads\/2020\/02\/LIGNESCONCEPT_05-1040x1273.png 1040w, https:\/\/lignesauto.fr\/wp-content\/uploads\/2020\/02\/LIGNESCONCEPT_05.png 1417w\" sizes=\"(max-width: 837px) 100vw, 837px\" \/><\/figure>\n\n\n\n<p>Ce serait sans aucun doute le&#8230; C42 de l&#8217;avenue des Champs Elys\u00e9es. N&#8217;y allez pas, le b\u00e2timent, propri\u00e9t\u00e9 de Citro\u00ebn depuis 1928 (sous le r\u00e8gne d&#8217;Andr\u00e9 Citro\u00ebn) a \u00e9t\u00e9 d\u00e9finitivement ferm\u00e9 le 7 d\u00e9cembre 2017 apr\u00e8s 90 ans de pr\u00e9sence ! Il n&#8217;emp\u00eache, avec ses lignes tendues, ses chevrons et son allure, le concept DS ASL \u00e9voque l&#8217;ex-C42. N&#8217;oublions quand m\u00eame pas que le sigle de la marque DS est form\u00e9 d&#8217;un chevron plein pour former le &#8220;D&#8221; accol\u00e9 \u00e0 deux autres, r\u00e9unis verticalement, pour former le &#8220;S&#8221;.<\/p>\n\n\n\n<h2 class=\"wp-block-heading\"><strong>Et si la DS ASL \u00e9tait un fauteuil ?<\/strong><\/h2>\n\n\n\n<figure class=\"wp-block-image\"><img loading=\"lazy\" decoding=\"async\" width=\"1024\" height=\"468\" src=\"http:\/\/lignesauto.fr\/wp-content\/uploads\/2020\/02\/LIGNESCONCEPT_08-1024x468.png\" alt=\"\" class=\"wp-image-15496\" srcset=\"https:\/\/lignesauto.fr\/wp-content\/uploads\/2020\/02\/LIGNESCONCEPT_08-1024x468.png 1024w, https:\/\/lignesauto.fr\/wp-content\/uploads\/2020\/02\/LIGNESCONCEPT_08-300x137.png 300w, https:\/\/lignesauto.fr\/wp-content\/uploads\/2020\/02\/LIGNESCONCEPT_08-768x351.png 768w, https:\/\/lignesauto.fr\/wp-content\/uploads\/2020\/02\/LIGNESCONCEPT_08-370x169.png 370w, https:\/\/lignesauto.fr\/wp-content\/uploads\/2020\/02\/LIGNESCONCEPT_08-1040x476.png 1040w, https:\/\/lignesauto.fr\/wp-content\/uploads\/2020\/02\/LIGNESCONCEPT_08.png 1417w\" sizes=\"(max-width: 1024px) 100vw, 1024px\" \/><\/figure>\n\n\n\n<p>Ce serait forc\u00e9ment un si\u00e8ge Acapulco avec ses cordages tendus d&#8217;un confort certes relatif mais qui font penser imm\u00e9diatement au concept d&#8217;optiques DS Light Veil en nappes lumineuses qui, d&#8217;apr\u00e8s le constructeur lui-m\u00eame, &#8220;<em>\u00e9voque la future signature de DS<\/em>.&#8221;<\/p>\n\n\n\n<h2 class=\"wp-block-heading\"><strong>Et si la DS ASL \u00e9tait une&#8230; voiture ?<\/strong><\/h2>\n\n\n\n<figure class=\"wp-block-image\"><img loading=\"lazy\" decoding=\"async\" width=\"918\" height=\"1024\" src=\"http:\/\/lignesauto.fr\/wp-content\/uploads\/2020\/02\/LIGNESCONCEPT_02-918x1024.png\" alt=\"\" class=\"wp-image-15493\" srcset=\"https:\/\/lignesauto.fr\/wp-content\/uploads\/2020\/02\/LIGNESCONCEPT_02-918x1024.png 918w, https:\/\/lignesauto.fr\/wp-content\/uploads\/2020\/02\/LIGNESCONCEPT_02-269x300.png 269w, https:\/\/lignesauto.fr\/wp-content\/uploads\/2020\/02\/LIGNESCONCEPT_02-768x856.png 768w, https:\/\/lignesauto.fr\/wp-content\/uploads\/2020\/02\/LIGNESCONCEPT_02-370x413.png 370w, https:\/\/lignesauto.fr\/wp-content\/uploads\/2020\/02\/LIGNESCONCEPT_02-1040x1160.png 1040w, https:\/\/lignesauto.fr\/wp-content\/uploads\/2020\/02\/LIGNESCONCEPT_02.png 1417w\" sizes=\"(max-width: 918px) 100vw, 918px\" \/><\/figure>\n\n\n\n<p>Ce serait un concept-car Lexus et c&#8217;est plut\u00f4t un compliment, m\u00eame si les deux \u00e9quipes de design Lexus et DS voguent souvent vers des objectifs diff\u00e9rents. Pourtant, ces trajectoires ne sont pas parall\u00e8les et se croisent, notamment sur certains des fondamentaux du design des deux marques. Etonnement, avec l&#8217;arriv\u00e9e de la DS 9, c&#8217;est d\u00e9sormais Lexus qui continue \u00e0 porter \u00e0 son paroxysme le style \u00e0 facettes, alors que DS semble se calmer sur ce point. Et \u00e0 bord, le &#8220;luxe \u00e0 la fran\u00e7aise&#8221; de DS conserve une tr\u00e8s large avance !<\/p>\n\n\n\n<h2 class=\"wp-block-heading\"><strong>Et si la DS ASL \u00e9tait une&#8230; DS ?<\/strong><\/h2>\n\n\n\n<figure class=\"wp-block-image\"><img loading=\"lazy\" decoding=\"async\" width=\"1024\" height=\"313\" src=\"http:\/\/lignesauto.fr\/wp-content\/uploads\/2020\/02\/LIGNESCONCEPT_00-1024x313.png\" alt=\"\" class=\"wp-image-15492\" srcset=\"https:\/\/lignesauto.fr\/wp-content\/uploads\/2020\/02\/LIGNESCONCEPT_00-1024x313.png 1024w, https:\/\/lignesauto.fr\/wp-content\/uploads\/2020\/02\/LIGNESCONCEPT_00-300x92.png 300w, https:\/\/lignesauto.fr\/wp-content\/uploads\/2020\/02\/LIGNESCONCEPT_00-768x235.png 768w, https:\/\/lignesauto.fr\/wp-content\/uploads\/2020\/02\/LIGNESCONCEPT_00-370x113.png 370w, https:\/\/lignesauto.fr\/wp-content\/uploads\/2020\/02\/LIGNESCONCEPT_00-1040x318.png 1040w, https:\/\/lignesauto.fr\/wp-content\/uploads\/2020\/02\/LIGNESCONCEPT_00.png 1417w\" sizes=\"(max-width: 1024px) 100vw, 1024px\" \/><\/figure>\n\n\n\n<p>Elle serait sans doute une extrapolation du concept de travail Code-X, d\u00e9voil\u00e9 au printemps 2019 lors d&#8217;une exposition sur le design au sein du DS Store qui a, depuis, ferm\u00e9 ses portes. Ce concept Code-X commence certes \u00e0 dater, mais il s&#8217;aventurait sur la voie du SUV au gabarit g\u00e9n\u00e9reux. Le nouveau concept-car DS ASL est plus dynamique, mais tout autant imposant avec ses 5 m de longueur.<\/p>\n\n\n\n<figure class=\"wp-block-image\"><img loading=\"lazy\" decoding=\"async\" width=\"1024\" height=\"506\" src=\"http:\/\/lignesauto.fr\/wp-content\/uploads\/2020\/02\/LIGNESASL_01-1024x506.png\" alt=\"\" class=\"wp-image-15766\" srcset=\"https:\/\/lignesauto.fr\/wp-content\/uploads\/2020\/02\/LIGNESASL_01-1024x506.png 1024w, https:\/\/lignesauto.fr\/wp-content\/uploads\/2020\/02\/LIGNESASL_01-300x148.png 300w, https:\/\/lignesauto.fr\/wp-content\/uploads\/2020\/02\/LIGNESASL_01-768x380.png 768w, https:\/\/lignesauto.fr\/wp-content\/uploads\/2020\/02\/LIGNESASL_01-370x183.png 370w, https:\/\/lignesauto.fr\/wp-content\/uploads\/2020\/02\/LIGNESASL_01-1040x514.png 1040w, https:\/\/lignesauto.fr\/wp-content\/uploads\/2020\/02\/LIGNESASL_01.png 1378w\" sizes=\"(max-width: 1024px) 100vw, 1024px\" \/><\/figure>\n\n\n\n<h2 class=\"wp-block-heading\"><strong>LISEZ L&#8217;ANALYSE DU DESIGN DE LA NOUVELLE BERLINE DS 9 : CLIQUEZ CI-DESSOUS<\/strong><\/h2>\n\n\n\n<figure class=\"wp-block-embed-wordpress wp-block-embed is-type-wp-embed is-provider-lignes-auto\"><div class=\"wp-block-embed__wrapper\">\n<blockquote class=\"wp-embedded-content\" data-secret=\"gYeGt5w21Z\"><a href=\"https:\/\/lignesauto.fr\/?p=15532\">DS 9 : son design \u00e0 la loupe<\/a><\/blockquote><iframe class=\"wp-embedded-content\" sandbox=\"allow-scripts\" security=\"restricted\" style=\"position: absolute; clip: rect(1px, 1px, 1px, 1px);\" title=\"&#8220;DS 9 : son design \u00e0 la loupe&#8221; &#8212; LIGNES\/auto\" src=\"https:\/\/lignesauto.fr\/?p=15532&#038;embed=true#?secret=4v2iUHqAIL#?secret=gYeGt5w21Z\" data-secret=\"gYeGt5w21Z\" width=\"600\" height=\"338\" frameborder=\"0\" marginwidth=\"0\" marginheight=\"0\" scrolling=\"no\"><\/iframe>\n<\/div><\/figure>\n\n\n\n<figure class=\"wp-block-image is-resized\"><img loading=\"lazy\" decoding=\"async\" src=\"http:\/\/lignesauto.fr\/wp-content\/uploads\/2018\/10\/LOGOActus_BD-1024x367.jpg\" alt=\"\" class=\"wp-image-4921\" width=\"520\" height=\"185\" srcset=\"https:\/\/lignesauto.fr\/wp-content\/uploads\/2018\/10\/LOGOActus_BD-1024x367.jpg 1024w, https:\/\/lignesauto.fr\/wp-content\/uploads\/2018\/10\/LOGOActus_BD-300x108.jpg 300w, https:\/\/lignesauto.fr\/wp-content\/uploads\/2018\/10\/LOGOActus_BD-370x133.jpg 370w\" sizes=\"(max-width: 520px) 100vw, 520px\" \/><\/figure>\n","protected":false},"excerpt":{"rendered":"<p>Deuxi\u00e8me r\u00e9v\u00e9lation de la marque DS cette semaine : voici le concept-car DS Aero Sport Lounge. D\u00e9couvrez-le, fa\u00e7on LIGNES\/auto, c&#8217;est \u00e0 dire sous un autre angle ! Outre son habitacle novateur que l&#8217;on d\u00e9couvrira \u00e0 Gen\u00e8ve, le concept DS Aero Sport Lounge aborde un style qui casse certains codes automobiles, [&hellip;]<\/p>\n","protected":false},"author":1,"featured_media":15496,"comment_status":"open","ping_status":"open","sticky":false,"template":"","format":"standard","meta":{"footnotes":""},"categories":[1],"tags":[],"_links":{"self":[{"href":"https:\/\/lignesauto.fr\/index.php?rest_route=\/wp\/v2\/posts\/15490"}],"collection":[{"href":"https:\/\/lignesauto.fr\/index.php?rest_route=\/wp\/v2\/posts"}],"about":[{"href":"https:\/\/lignesauto.fr\/index.php?rest_route=\/wp\/v2\/types\/post"}],"author":[{"embeddable":true,"href":"https:\/\/lignesauto.fr\/index.php?rest_route=\/wp\/v2\/users\/1"}],"replies":[{"embeddable":true,"href":"https:\/\/lignesauto.fr\/index.php?rest_route=%2Fwp%2Fv2%2Fcomments&post=15490"}],"version-history":[{"count":23,"href":"https:\/\/lignesauto.fr\/index.php?rest_route=\/wp\/v2\/posts\/15490\/revisions"}],"predecessor-version":[{"id":15800,"href":"https:\/\/lignesauto.fr\/index.php?rest_route=\/wp\/v2\/posts\/15490\/revisions\/15800"}],"wp:featuredmedia":[{"embeddable":true,"href":"https:\/\/lignesauto.fr\/index.php?rest_route=\/wp\/v2\/media\/15496"}],"wp:attachment":[{"href":"https:\/\/lignesauto.fr\/index.php?rest_route=%2Fwp%2Fv2%2Fmedia&parent=15490"}],"wp:term":[{"taxonomy":"category","embeddable":true,"href":"https:\/\/lignesauto.fr\/index.php?rest_route=%2Fwp%2Fv2%2Fcategories&post=15490"},{"taxonomy":"post_tag","embeddable":true,"href":"https:\/\/lignesauto.fr\/index.php?rest_route=%2Fwp%2Fv2%2Ftags&post=15490"}],"curies":[{"name":"wp","href":"https:\/\/api.w.org\/{rel}","templated":true}]}}