{"id":15514,"date":"2020-02-26T08:00:22","date_gmt":"2020-02-26T07:00:22","guid":{"rendered":"http:\/\/lignesauto.fr\/?p=15514"},"modified":"2020-02-25T12:07:19","modified_gmt":"2020-02-25T11:07:19","slug":"english-ds-aero-sport-lounge-what-if-it-was-a-chair-a-drink-a-building-etc","status":"publish","type":"post","link":"https:\/\/lignesauto.fr\/?p=15514","title":{"rendered":"ENGLISH &#8211; DS Aero Sport Lounge: what if it was a chair, a drink, a building, etc.?"},"content":{"rendered":"\n<p>Second revelation from the DS brand this week : the DS Aero Sport Lounge concept car. Discover it in a LIGNES\/auto way, that is to say from a different angle !<\/p>\n\n\n\n<figure class=\"wp-block-image is-resized\"><img loading=\"lazy\" decoding=\"async\" src=\"http:\/\/lignesauto.fr\/wp-content\/uploads\/2018\/10\/LOGOActus_BD-1024x367.jpg\" alt=\"L\u2019attribut alt de cette image est vide, son nom de fichier est LOGOActus_BD-1024x367.jpg.\" width=\"479\" height=\"171\"\/><\/figure>\n\n\n\n<p>The DS Aero Sport Lounge concept car, in addition to its innovative interior which will be unveiled in Geneva, has a style that breaks certain automobile codes, including those of the DS brand\u2026. But if we subjectively see it as something other than a very mobile car, what would it look like ?<\/p>\n\n\n\n<figure class=\"wp-block-image\"><img loading=\"lazy\" decoding=\"async\" width=\"1024\" height=\"639\" src=\"http:\/\/lignesauto.fr\/wp-content\/uploads\/2020\/02\/LIGNESASL_03-1024x639.png\" alt=\"\" class=\"wp-image-15761\" srcset=\"https:\/\/lignesauto.fr\/wp-content\/uploads\/2020\/02\/LIGNESASL_03-1024x639.png 1024w, https:\/\/lignesauto.fr\/wp-content\/uploads\/2020\/02\/LIGNESASL_03-300x187.png 300w, https:\/\/lignesauto.fr\/wp-content\/uploads\/2020\/02\/LIGNESASL_03-768x479.png 768w, https:\/\/lignesauto.fr\/wp-content\/uploads\/2020\/02\/LIGNESASL_03-370x231.png 370w, https:\/\/lignesauto.fr\/wp-content\/uploads\/2020\/02\/LIGNESASL_03-1040x649.png 1040w, https:\/\/lignesauto.fr\/wp-content\/uploads\/2020\/02\/LIGNESASL_03.png 1417w\" sizes=\"(max-width: 1024px) 100vw, 1024px\" \/><\/figure>\n\n\n\n<h2 class=\"wp-block-heading\"><strong>What if DS ASL was a material ?<\/strong><\/h2>\n\n\n\n<figure class=\"wp-block-image\"><img loading=\"lazy\" decoding=\"async\" width=\"1024\" height=\"478\" src=\"http:\/\/lignesauto.fr\/wp-content\/uploads\/2020\/02\/LIGNESPAILLEDSASL-1024x478.png\" alt=\"\" class=\"wp-image-15525\" srcset=\"https:\/\/lignesauto.fr\/wp-content\/uploads\/2020\/02\/LIGNESPAILLEDSASL-1024x478.png 1024w, https:\/\/lignesauto.fr\/wp-content\/uploads\/2020\/02\/LIGNESPAILLEDSASL-300x140.png 300w, https:\/\/lignesauto.fr\/wp-content\/uploads\/2020\/02\/LIGNESPAILLEDSASL-768x359.png 768w, https:\/\/lignesauto.fr\/wp-content\/uploads\/2020\/02\/LIGNESPAILLEDSASL-370x173.png 370w, https:\/\/lignesauto.fr\/wp-content\/uploads\/2020\/02\/LIGNESPAILLEDSASL-1040x486.png 1040w, https:\/\/lignesauto.fr\/wp-content\/uploads\/2020\/02\/LIGNESPAILLEDSASL.png 1417w\" sizes=\"(max-width: 1024px) 100vw, 1024px\" \/><\/figure>\n\n\n\n<p>That would be the straw. The dashboard blade and seat backs are made of straw marquetry. It has, according to DS, &#8220;once again become a luxury tool. Derived from 17th century techniques, this tradition has taken a prominent place in decorative art, thanks in particular to the Lison de Caunes workshop&#8221;. On board the ASL, you will find this material grown in Burgundy, the birthplace of Jean-Pierre Plou\u00e9, head of PSA design. Thierry M\u00e9troz makes himself very visible! The straw is dried, tinted, split stem by stem and glued on its matt side then flattened on its support with a pillory. Congratulations to Sabine le Masson-Pannetrat, in charge of DS colours and materials, and her teams !<\/p>\n\n\n\n<h2 class=\"wp-block-heading\"><strong>What if the DS ASL was a drink ?<\/strong><\/h2>\n\n\n\n<figure class=\"wp-block-image\"><img loading=\"lazy\" decoding=\"async\" width=\"1024\" height=\"753\" src=\"http:\/\/lignesauto.fr\/wp-content\/uploads\/2020\/02\/LIGNESCONCEPT_07-1024x753.png\" alt=\"\" class=\"wp-image-15497\" srcset=\"https:\/\/lignesauto.fr\/wp-content\/uploads\/2020\/02\/LIGNESCONCEPT_07-1024x753.png 1024w, https:\/\/lignesauto.fr\/wp-content\/uploads\/2020\/02\/LIGNESCONCEPT_07-300x221.png 300w, https:\/\/lignesauto.fr\/wp-content\/uploads\/2020\/02\/LIGNESCONCEPT_07-768x565.png 768w, https:\/\/lignesauto.fr\/wp-content\/uploads\/2020\/02\/LIGNESCONCEPT_07-370x272.png 370w, https:\/\/lignesauto.fr\/wp-content\/uploads\/2020\/02\/LIGNESCONCEPT_07-1040x765.png 1040w, https:\/\/lignesauto.fr\/wp-content\/uploads\/2020\/02\/LIGNESCONCEPT_07.png 1417w\" sizes=\"(max-width: 1024px) 100vw, 1024px\" \/><\/figure>\n\n\n\n<p>When you call yourself DS Aero Sport Lounge, you make sure you take care of your\u2026 aerodynamics. The airflow is channelled as it enters on either side of the grille and the generous volume of the ASL is sculpted by the wind. The sides of the ASL adopt the line of the Coca-Cola bottle designed by Raymond Loewy&#8217;s agency. To consume without moderation. But without sugar\u2026 <\/p>\n\n\n\n<h2 class=\"wp-block-heading\"><strong>What if the DS ASL was a piece of furniture ?<\/strong><\/h2>\n\n\n\n<figure class=\"wp-block-image\"><img loading=\"lazy\" decoding=\"async\" width=\"965\" height=\"1024\" src=\"http:\/\/lignesauto.fr\/wp-content\/uploads\/2020\/02\/LIGNESCONCEPT_09-965x1024.png\" alt=\"\" class=\"wp-image-15495\" srcset=\"https:\/\/lignesauto.fr\/wp-content\/uploads\/2020\/02\/LIGNESCONCEPT_09-965x1024.png 965w, https:\/\/lignesauto.fr\/wp-content\/uploads\/2020\/02\/LIGNESCONCEPT_09-283x300.png 283w, https:\/\/lignesauto.fr\/wp-content\/uploads\/2020\/02\/LIGNESCONCEPT_09-768x815.png 768w, https:\/\/lignesauto.fr\/wp-content\/uploads\/2020\/02\/LIGNESCONCEPT_09-370x393.png 370w, https:\/\/lignesauto.fr\/wp-content\/uploads\/2020\/02\/LIGNESCONCEPT_09-1040x1104.png 1040w, https:\/\/lignesauto.fr\/wp-content\/uploads\/2020\/02\/LIGNESCONCEPT_09.png 1417w\" sizes=\"(max-width: 965px) 100vw, 965px\" \/><\/figure>\n\n\n\n<p>It would be, for example, this Walla console, an astonishing assembly of glass facets and sometimes mirrors. However, the concept does not forget the functionality with, nevertheless, the possibility of &#8220;approaching&#8221; this strange object to place a triangular glass of champagne on it\u2026<\/p>\n\n\n\n<h2 class=\"wp-block-heading\"><strong>What if the DS ASL was a building ?<\/strong><\/h2>\n\n\n\n<figure class=\"wp-block-image\"><img loading=\"lazy\" decoding=\"async\" width=\"837\" height=\"1024\" src=\"http:\/\/lignesauto.fr\/wp-content\/uploads\/2020\/02\/LIGNESCONCEPT_05-837x1024.png\" alt=\"\" class=\"wp-image-15494\" srcset=\"https:\/\/lignesauto.fr\/wp-content\/uploads\/2020\/02\/LIGNESCONCEPT_05-837x1024.png 837w, https:\/\/lignesauto.fr\/wp-content\/uploads\/2020\/02\/LIGNESCONCEPT_05-245x300.png 245w, https:\/\/lignesauto.fr\/wp-content\/uploads\/2020\/02\/LIGNESCONCEPT_05-768x940.png 768w, https:\/\/lignesauto.fr\/wp-content\/uploads\/2020\/02\/LIGNESCONCEPT_05-370x453.png 370w, https:\/\/lignesauto.fr\/wp-content\/uploads\/2020\/02\/LIGNESCONCEPT_05-1040x1273.png 1040w, https:\/\/lignesauto.fr\/wp-content\/uploads\/2020\/02\/LIGNESCONCEPT_05.png 1417w\" sizes=\"(max-width: 837px) 100vw, 837px\" \/><\/figure>\n\n\n\n<p>It would undoubtedly be the\u2026 C42 Avenue des Champs Elys\u00e9es. Don&#8217;t go there, the building, owned by Citro\u00ebn since 1928 (under the reign of Andr\u00e9 Citro\u00ebn) was definitively closed on 7 December 2017 after 90 years of presence! Nevertheless, with its taut lines, rafters and allure, the DS ASL concept is reminiscent of the ex-C42. But let&#8217;s not forget that the DS brand logo is made up of a solid chevron to form the &#8220;D&#8221; joined to two others, joined vertically, to form the &#8220;S&#8221;.<\/p>\n\n\n\n<h2 class=\"wp-block-heading\"><strong>What if the DS ASL was a chair ?<\/strong><\/h2>\n\n\n\n<figure class=\"wp-block-image\"><img loading=\"lazy\" decoding=\"async\" width=\"1024\" height=\"468\" src=\"http:\/\/lignesauto.fr\/wp-content\/uploads\/2020\/02\/LIGNESCONCEPT_08-1024x468.png\" alt=\"\" class=\"wp-image-15496\" srcset=\"https:\/\/lignesauto.fr\/wp-content\/uploads\/2020\/02\/LIGNESCONCEPT_08-1024x468.png 1024w, https:\/\/lignesauto.fr\/wp-content\/uploads\/2020\/02\/LIGNESCONCEPT_08-300x137.png 300w, https:\/\/lignesauto.fr\/wp-content\/uploads\/2020\/02\/LIGNESCONCEPT_08-768x351.png 768w, https:\/\/lignesauto.fr\/wp-content\/uploads\/2020\/02\/LIGNESCONCEPT_08-370x169.png 370w, https:\/\/lignesauto.fr\/wp-content\/uploads\/2020\/02\/LIGNESCONCEPT_08-1040x476.png 1040w, https:\/\/lignesauto.fr\/wp-content\/uploads\/2020\/02\/LIGNESCONCEPT_08.png 1417w\" sizes=\"(max-width: 1024px) 100vw, 1024px\" \/><\/figure>\n\n\n\n<p>It would inevitably be an Acapulco seat with its stretched ropes that are certainly relatively comfortable, but which immediately bring to mind the DS Light Veil concept of luminous tablecloths which, according to the manufacturer itself, &#8220;evokes the future signature of DS&#8221;.<\/p>\n\n\n\n<h2 class=\"wp-block-heading\"><strong>What if the DS ASL was a\u2026 car ?<\/strong><\/h2>\n\n\n\n<figure class=\"wp-block-image\"><img loading=\"lazy\" decoding=\"async\" width=\"918\" height=\"1024\" src=\"http:\/\/lignesauto.fr\/wp-content\/uploads\/2020\/02\/LIGNESCONCEPT_02-918x1024.png\" alt=\"\" class=\"wp-image-15493\" srcset=\"https:\/\/lignesauto.fr\/wp-content\/uploads\/2020\/02\/LIGNESCONCEPT_02-918x1024.png 918w, https:\/\/lignesauto.fr\/wp-content\/uploads\/2020\/02\/LIGNESCONCEPT_02-269x300.png 269w, https:\/\/lignesauto.fr\/wp-content\/uploads\/2020\/02\/LIGNESCONCEPT_02-768x856.png 768w, https:\/\/lignesauto.fr\/wp-content\/uploads\/2020\/02\/LIGNESCONCEPT_02-370x413.png 370w, https:\/\/lignesauto.fr\/wp-content\/uploads\/2020\/02\/LIGNESCONCEPT_02-1040x1160.png 1040w, https:\/\/lignesauto.fr\/wp-content\/uploads\/2020\/02\/LIGNESCONCEPT_02.png 1417w\" sizes=\"(max-width: 918px) 100vw, 918px\" \/><\/figure>\n\n\n\n<p>That would be a Lexus concept car, and it&#8217;s more of a compliment, even though the two design teams, Lexus and DS, often sail towards different goals. Yet these trajectories are not parallel and intersect, especially on some of the design fundamentals of both brands. Surprisingly, with the arrival of the DS 9, it&#8217;s now Lexus that continues to bring facetted styling to the forefront, while DS seems to be calming down on this point. And on board, DS&#8217;s &#8220;French luxury&#8221; is still way ahead!<\/p>\n\n\n\n<h2 class=\"wp-block-heading\"><strong>What if the DS ASL was a\u2026 DS ?<\/strong><\/h2>\n\n\n\n<figure class=\"wp-block-image\"><img loading=\"lazy\" decoding=\"async\" width=\"1024\" height=\"313\" src=\"http:\/\/lignesauto.fr\/wp-content\/uploads\/2020\/02\/LIGNESCONCEPT_00-1024x313.png\" alt=\"\" class=\"wp-image-15492\" srcset=\"https:\/\/lignesauto.fr\/wp-content\/uploads\/2020\/02\/LIGNESCONCEPT_00-1024x313.png 1024w, https:\/\/lignesauto.fr\/wp-content\/uploads\/2020\/02\/LIGNESCONCEPT_00-300x92.png 300w, https:\/\/lignesauto.fr\/wp-content\/uploads\/2020\/02\/LIGNESCONCEPT_00-768x235.png 768w, https:\/\/lignesauto.fr\/wp-content\/uploads\/2020\/02\/LIGNESCONCEPT_00-370x113.png 370w, https:\/\/lignesauto.fr\/wp-content\/uploads\/2020\/02\/LIGNESCONCEPT_00-1040x318.png 1040w, https:\/\/lignesauto.fr\/wp-content\/uploads\/2020\/02\/LIGNESCONCEPT_00.png 1417w\" sizes=\"(max-width: 1024px) 100vw, 1024px\" \/><\/figure>\n\n\n\n<p>It would no doubt be an extrapolation of the Code-X working concept, unveiled in the spring of 2019 at a design exhibition in the DS Store, which has since closed its doors. This Code-X concept is certainly starting to be dated, but it was venturing down the road of the generously sized SUV. The new DS ASL concept car is more dynamic, but just as imposing with its 5m length.<\/p>\n\n\n\n<figure class=\"wp-block-image\"><img loading=\"lazy\" decoding=\"async\" width=\"1024\" height=\"506\" src=\"http:\/\/lignesauto.fr\/wp-content\/uploads\/2020\/02\/LIGNESASL_01-1024x506.png\" alt=\"\" class=\"wp-image-15766\" srcset=\"https:\/\/lignesauto.fr\/wp-content\/uploads\/2020\/02\/LIGNESASL_01-1024x506.png 1024w, https:\/\/lignesauto.fr\/wp-content\/uploads\/2020\/02\/LIGNESASL_01-300x148.png 300w, https:\/\/lignesauto.fr\/wp-content\/uploads\/2020\/02\/LIGNESASL_01-768x380.png 768w, https:\/\/lignesauto.fr\/wp-content\/uploads\/2020\/02\/LIGNESASL_01-370x183.png 370w, https:\/\/lignesauto.fr\/wp-content\/uploads\/2020\/02\/LIGNESASL_01-1040x514.png 1040w, https:\/\/lignesauto.fr\/wp-content\/uploads\/2020\/02\/LIGNESASL_01.png 1378w\" sizes=\"(max-width: 1024px) 100vw, 1024px\" \/><\/figure>\n\n\n\n<h2 class=\"wp-block-heading\"><strong>READ THE DESIGN ANALYSIS OF THE NEW DS 9 SEDAN : CLICK BELOW<\/strong><\/h2>\n\n\n\n<figure class=\"wp-block-embed-wordpress wp-block-embed is-type-wp-embed is-provider-lignes-auto\"><div class=\"wp-block-embed__wrapper\">\n<blockquote class=\"wp-embedded-content\" data-secret=\"cds06WqQQc\"><a href=\"https:\/\/lignesauto.fr\/?p=15618\">ENGLISH &#8211; DS 9 : Design under the microscope<\/a><\/blockquote><iframe class=\"wp-embedded-content\" sandbox=\"allow-scripts\" security=\"restricted\" style=\"position: absolute; clip: rect(1px, 1px, 1px, 1px);\" title=\"&#8220;ENGLISH &#8211; DS 9 : Design under the microscope&#8221; &#8212; LIGNES\/auto\" src=\"https:\/\/lignesauto.fr\/?p=15618&#038;embed=true#?secret=vd2kuBTMMb#?secret=cds06WqQQc\" data-secret=\"cds06WqQQc\" width=\"600\" height=\"338\" frameborder=\"0\" marginwidth=\"0\" marginheight=\"0\" scrolling=\"no\"><\/iframe>\n<\/div><\/figure>\n\n\n\n<figure class=\"wp-block-image is-resized\"><img loading=\"lazy\" decoding=\"async\" src=\"http:\/\/lignesauto.fr\/wp-content\/uploads\/2018\/10\/LOGOActus_BD-1024x367.jpg\" alt=\"\" class=\"wp-image-4921\" width=\"505\" height=\"180\" srcset=\"https:\/\/lignesauto.fr\/wp-content\/uploads\/2018\/10\/LOGOActus_BD-1024x367.jpg 1024w, https:\/\/lignesauto.fr\/wp-content\/uploads\/2018\/10\/LOGOActus_BD-300x108.jpg 300w, https:\/\/lignesauto.fr\/wp-content\/uploads\/2018\/10\/LOGOActus_BD-768x276.jpg 768w, https:\/\/lignesauto.fr\/wp-content\/uploads\/2018\/10\/LOGOActus_BD-370x133.jpg 370w, https:\/\/lignesauto.fr\/wp-content\/uploads\/2018\/10\/LOGOActus_BD-1040x373.jpg 1040w, https:\/\/lignesauto.fr\/wp-content\/uploads\/2018\/10\/LOGOActus_BD.jpg 1240w\" sizes=\"(max-width: 505px) 100vw, 505px\" \/><\/figure>\n","protected":false},"excerpt":{"rendered":"<p>Second revelation from the DS brand this week : the DS Aero Sport Lounge concept car. Discover it in a LIGNES\/auto way, that is to say from a different angle ! The DS Aero Sport Lounge concept car, in addition to its innovative interior which will be unveiled in Geneva, [&hellip;]<\/p>\n","protected":false},"author":1,"featured_media":15496,"comment_status":"open","ping_status":"open","sticky":false,"template":"","format":"standard","meta":{"footnotes":""},"categories":[1],"tags":[],"_links":{"self":[{"href":"https:\/\/lignesauto.fr\/index.php?rest_route=\/wp\/v2\/posts\/15514"}],"collection":[{"href":"https:\/\/lignesauto.fr\/index.php?rest_route=\/wp\/v2\/posts"}],"about":[{"href":"https:\/\/lignesauto.fr\/index.php?rest_route=\/wp\/v2\/types\/post"}],"author":[{"embeddable":true,"href":"https:\/\/lignesauto.fr\/index.php?rest_route=\/wp\/v2\/users\/1"}],"replies":[{"embeddable":true,"href":"https:\/\/lignesauto.fr\/index.php?rest_route=%2Fwp%2Fv2%2Fcomments&post=15514"}],"version-history":[{"count":18,"href":"https:\/\/lignesauto.fr\/index.php?rest_route=\/wp\/v2\/posts\/15514\/revisions"}],"predecessor-version":[{"id":15773,"href":"https:\/\/lignesauto.fr\/index.php?rest_route=\/wp\/v2\/posts\/15514\/revisions\/15773"}],"wp:featuredmedia":[{"embeddable":true,"href":"https:\/\/lignesauto.fr\/index.php?rest_route=\/wp\/v2\/media\/15496"}],"wp:attachment":[{"href":"https:\/\/lignesauto.fr\/index.php?rest_route=%2Fwp%2Fv2%2Fmedia&parent=15514"}],"wp:term":[{"taxonomy":"category","embeddable":true,"href":"https:\/\/lignesauto.fr\/index.php?rest_route=%2Fwp%2Fv2%2Fcategories&post=15514"},{"taxonomy":"post_tag","embeddable":true,"href":"https:\/\/lignesauto.fr\/index.php?rest_route=%2Fwp%2Fv2%2Ftags&post=15514"}],"curies":[{"name":"wp","href":"https:\/\/api.w.org\/{rel}","templated":true}]}}