{"id":15532,"date":"2020-02-29T08:01:25","date_gmt":"2020-02-29T07:01:25","guid":{"rendered":"http:\/\/lignesauto.fr\/?p=15532"},"modified":"2020-02-29T19:29:28","modified_gmt":"2020-02-29T18:29:28","slug":"ds-9-son-design-a-la-loupe","status":"publish","type":"post","link":"https:\/\/lignesauto.fr\/?p=15532","title":{"rendered":"DS 9 : son design \u00e0 la loupe"},"content":{"rendered":"\n<figure class=\"wp-block-image is-resized\"><img loading=\"lazy\" decoding=\"async\" src=\"http:\/\/lignesauto.fr\/wp-content\/uploads\/2018\/10\/LOGOActus_BD-1024x367.jpg\" alt=\"\" class=\"wp-image-4921\" width=\"424\" height=\"151\" srcset=\"https:\/\/lignesauto.fr\/wp-content\/uploads\/2018\/10\/LOGOActus_BD-1024x367.jpg 1024w, https:\/\/lignesauto.fr\/wp-content\/uploads\/2018\/10\/LOGOActus_BD-300x108.jpg 300w, https:\/\/lignesauto.fr\/wp-content\/uploads\/2018\/10\/LOGOActus_BD-768x276.jpg 768w, https:\/\/lignesauto.fr\/wp-content\/uploads\/2018\/10\/LOGOActus_BD-370x133.jpg 370w, https:\/\/lignesauto.fr\/wp-content\/uploads\/2018\/10\/LOGOActus_BD-1040x373.jpg 1040w, https:\/\/lignesauto.fr\/wp-content\/uploads\/2018\/10\/LOGOActus_BD.jpg 1240w\" sizes=\"(max-width: 424px) 100vw, 424px\" \/><figcaption><br><\/figcaption><\/figure>\n\n\n\n<figure class=\"wp-block-image\"><img loading=\"lazy\" decoding=\"async\" width=\"1024\" height=\"543\" src=\"http:\/\/lignesauto.fr\/wp-content\/uploads\/2020\/02\/LIGNESDS9_02-1024x543.png\" alt=\"\" class=\"wp-image-15535\" srcset=\"https:\/\/lignesauto.fr\/wp-content\/uploads\/2020\/02\/LIGNESDS9_02-1024x543.png 1024w, https:\/\/lignesauto.fr\/wp-content\/uploads\/2020\/02\/LIGNESDS9_02-300x159.png 300w, https:\/\/lignesauto.fr\/wp-content\/uploads\/2020\/02\/LIGNESDS9_02-768x408.png 768w, https:\/\/lignesauto.fr\/wp-content\/uploads\/2020\/02\/LIGNESDS9_02-370x196.png 370w, https:\/\/lignesauto.fr\/wp-content\/uploads\/2020\/02\/LIGNESDS9_02-1040x552.png 1040w, https:\/\/lignesauto.fr\/wp-content\/uploads\/2020\/02\/LIGNESDS9_02.png 1417w\" sizes=\"(max-width: 1024px) 100vw, 1024px\" \/><\/figure>\n\n\n\n<p>La voil\u00e0 enfin cette (tr\u00e8s) grande berline DS ! Le constructeur l&#8217;\u00e9voque en ces termes francs et assur\u00e9s : c&#8217;est le vaisseau amiral de DS, hautement raffin\u00e9 et qui incarne l&#8217;excellence fran\u00e7aise de la marque dans un march\u00e9 automobile en pleine mutation. D\u00e9couvrons son style bien plus sage que les derni\u00e8res cr\u00e9ations de la marque. Tant mieux ? Au milieu de ce post, d\u00e9couvrez le d\u00e9cryptage de ce design.<\/p>\n\n\n\n<figure class=\"wp-block-image\"><img loading=\"lazy\" decoding=\"async\" width=\"1417\" height=\"708\" src=\"http:\/\/lignesauto.fr\/wp-content\/uploads\/2020\/02\/2-1024x512.jpg\" alt=\"\" class=\"wp-image-15708\" srcset=\"https:\/\/lignesauto.fr\/wp-content\/uploads\/2020\/02\/2-1024x512.jpg 1024w, https:\/\/lignesauto.fr\/wp-content\/uploads\/2020\/02\/2-300x150.jpg 300w, https:\/\/lignesauto.fr\/wp-content\/uploads\/2020\/02\/2-768x384.jpg 768w, https:\/\/lignesauto.fr\/wp-content\/uploads\/2020\/02\/2-370x185.jpg 370w, https:\/\/lignesauto.fr\/wp-content\/uploads\/2020\/02\/2-1040x520.jpg 1040w, https:\/\/lignesauto.fr\/wp-content\/uploads\/2020\/02\/2.jpg 1417w\" sizes=\"(max-width: 1417px) 100vw, 1417px\" \/><\/figure>\n\n\n\n<p>La DS 9 est une berline \u00e0 coffre, de 4,93 m de longueur pour 1,85 m de largeur. Elle vise donc le segment des routi\u00e8res, de type Mercedes Classe E et joue avec ses propres atouts, avec cette expression de luxe \u00e0 la fran\u00e7aise, notamment sur la personnalisation &#8220;Op\u00e9ra&#8221; avec le fameux cuir bracelet de montre.<\/p>\n\n\n\n<figure class=\"wp-block-image\"><img loading=\"lazy\" decoding=\"async\" width=\"1024\" height=\"512\" src=\"http:\/\/lignesauto.fr\/wp-content\/uploads\/2020\/02\/3-1024x512.jpg\" alt=\"\" class=\"wp-image-15709\" srcset=\"https:\/\/lignesauto.fr\/wp-content\/uploads\/2020\/02\/3-1024x512.jpg 1024w, https:\/\/lignesauto.fr\/wp-content\/uploads\/2020\/02\/3-300x150.jpg 300w, https:\/\/lignesauto.fr\/wp-content\/uploads\/2020\/02\/3-768x384.jpg 768w, https:\/\/lignesauto.fr\/wp-content\/uploads\/2020\/02\/3-370x185.jpg 370w, https:\/\/lignesauto.fr\/wp-content\/uploads\/2020\/02\/3-1040x520.jpg 1040w, https:\/\/lignesauto.fr\/wp-content\/uploads\/2020\/02\/3.jpg 1417w\" sizes=\"(max-width: 1024px) 100vw, 1024px\" \/><\/figure>\n\n\n\n<p>Imposante, cette grande berline fran\u00e7aise partage une partie de sa plateforme avec la Peugeot 508 L Chinoise, d\u00e9voil\u00e9e en novembre 2018, qui n\u2019a pas grand-chose \u00e0 voir avec la 508 europ\u00e9enne&nbsp;: longueur accrue de 12 cm (4,86 m pour cette 508 L chinoise), coffre classique sans hayon, portes avec cadre&#8230; Mais l\u2019empattement de la 508 L est g\u00e9n\u00e9reux (2,85 m). La DS 9 l&#8217;a encore allong\u00e9 pour offrir 2,90 m entre les essieux avant et arri\u00e8re, augurant d&#8217;une habitabilit\u00e9 arri\u00e8re exceptionnelle.<\/p>\n\n\n\n<figure class=\"wp-block-image\"><img loading=\"lazy\" decoding=\"async\" width=\"1024\" height=\"653\" src=\"http:\/\/lignesauto.fr\/wp-content\/uploads\/2020\/02\/LOGO_00-1024x653.png\" alt=\"\" class=\"wp-image-15744\" srcset=\"https:\/\/lignesauto.fr\/wp-content\/uploads\/2020\/02\/LOGO_00-1024x653.png 1024w, https:\/\/lignesauto.fr\/wp-content\/uploads\/2020\/02\/LOGO_00-300x191.png 300w, https:\/\/lignesauto.fr\/wp-content\/uploads\/2020\/02\/LOGO_00-768x489.png 768w, https:\/\/lignesauto.fr\/wp-content\/uploads\/2020\/02\/LOGO_00-370x236.png 370w, https:\/\/lignesauto.fr\/wp-content\/uploads\/2020\/02\/LOGO_00-1040x663.png 1040w, https:\/\/lignesauto.fr\/wp-content\/uploads\/2020\/02\/LOGO_00.png 1417w\" sizes=\"(max-width: 1024px) 100vw, 1024px\" \/><\/figure>\n\n\n\n<p>Cette nouvelle berline fran\u00e7aise, produite en Chine, sera commercialis\u00e9e dans le courant du second semestre avec tout d&#8217;abord des versions hybrides rechargeables : une DS E-TENSE de 225 ch, en deux roues motrices et capable de rouler 50 km en 100% \u00e9lectrique, accompagn\u00e9e plus tard de la m\u00eame cha\u00eene de traction port\u00e9e \u00e0 250 ch et surtout, d&#8217;une variante avec deux machines \u00e9lectriques, quatre roues motrices et 360 ch. Une thermique &#8220;classique&#8221; sera \u00e9galement propos\u00e9e avec un moteur PureTech de 225 ch.<\/p>\n\n\n\n<figure class=\"wp-block-image\"><img loading=\"lazy\" decoding=\"async\" width=\"1024\" height=\"659\" src=\"http:\/\/lignesauto.fr\/wp-content\/uploads\/2020\/02\/LIGNESDS9_04-1024x659.png\" alt=\"\" class=\"wp-image-15537\" srcset=\"https:\/\/lignesauto.fr\/wp-content\/uploads\/2020\/02\/LIGNESDS9_04-1024x659.png 1024w, https:\/\/lignesauto.fr\/wp-content\/uploads\/2020\/02\/LIGNESDS9_04-300x193.png 300w, https:\/\/lignesauto.fr\/wp-content\/uploads\/2020\/02\/LIGNESDS9_04-768x494.png 768w, https:\/\/lignesauto.fr\/wp-content\/uploads\/2020\/02\/LIGNESDS9_04-370x238.png 370w, https:\/\/lignesauto.fr\/wp-content\/uploads\/2020\/02\/LIGNESDS9_04-1040x669.png 1040w, https:\/\/lignesauto.fr\/wp-content\/uploads\/2020\/02\/LIGNESDS9_04.png 1417w\" sizes=\"(max-width: 1024px) 100vw, 1024px\" \/><\/figure>\n\n\n\n<h2 class=\"wp-block-heading\"><strong>Le point \u00e0 la ligne<\/strong>&#8230;<br>Son style \u00e0 la loupe<\/h2>\n\n\n\n<p><strong>CI-DESSOUS : FACE<\/strong><\/p>\n\n\n\n<figure class=\"wp-block-image\"><img loading=\"lazy\" decoding=\"async\" width=\"1024\" height=\"572\" src=\"http:\/\/lignesauto.fr\/wp-content\/uploads\/2020\/02\/LIGNES_A-1024x572.png\" alt=\"\" class=\"wp-image-15538\" srcset=\"https:\/\/lignesauto.fr\/wp-content\/uploads\/2020\/02\/LIGNES_A-1024x572.png 1024w, https:\/\/lignesauto.fr\/wp-content\/uploads\/2020\/02\/LIGNES_A-300x168.png 300w, https:\/\/lignesauto.fr\/wp-content\/uploads\/2020\/02\/LIGNES_A-768x429.png 768w, https:\/\/lignesauto.fr\/wp-content\/uploads\/2020\/02\/LIGNES_A-370x207.png 370w, https:\/\/lignesauto.fr\/wp-content\/uploads\/2020\/02\/LIGNES_A-1040x581.png 1040w, https:\/\/lignesauto.fr\/wp-content\/uploads\/2020\/02\/LIGNES_A.png 1417w\" sizes=\"(max-width: 1024px) 100vw, 1024px\" \/><\/figure>\n\n\n\n<p>De pleine face, la DS 9 reprend les fondamentaux du style DS vu sur les deux SUV propos\u00e9s aujourd&#8217;hui dans la gamme. Sa calandre est con\u00e7ue en &#8220;design param\u00e9trique \u00e0 effet diamant\u00e9 tridimensionnel &#8221; selon DS.<br><strong>&#8211; 1, 2 et 3 :<\/strong> la qualit\u00e9 des joints semble excellente. Un travail compliqu\u00e9 entre le capot carrossier et le soft-nose qui prolonge les ar\u00eates naissant sur le capot.<br><strong>&#8211; 4 : <\/strong>sur le capot, le &#8220;sabre&#8221; guilloch\u00e9 &#8220;Clous de Paris&#8221; prolonge cette signature int\u00e9rieure vers l&#8217;ext\u00e9rieur, avec un petit effet protection nasale d&#8217;un Centurion !<br><strong>&#8211; 5 : <\/strong>Bravo ! Les entr\u00e9es d&#8217;air sont discr\u00e8tes, contrairement aux \u00e9normes et factices bouches vues chez Audi, Mercedes et BMW.<\/p>\n\n\n\n<p><strong>CI-DESSOUS : 3\/4 AR<\/strong><\/p>\n\n\n\n<figure class=\"wp-block-image\"><img loading=\"lazy\" decoding=\"async\" width=\"1024\" height=\"547\" src=\"http:\/\/lignesauto.fr\/wp-content\/uploads\/2020\/02\/LIGNES_b-1024x547.png\" alt=\"\" class=\"wp-image-15539\" srcset=\"https:\/\/lignesauto.fr\/wp-content\/uploads\/2020\/02\/LIGNES_b-1024x547.png 1024w, https:\/\/lignesauto.fr\/wp-content\/uploads\/2020\/02\/LIGNES_b-300x160.png 300w, https:\/\/lignesauto.fr\/wp-content\/uploads\/2020\/02\/LIGNES_b-768x410.png 768w, https:\/\/lignesauto.fr\/wp-content\/uploads\/2020\/02\/LIGNES_b-370x198.png 370w, https:\/\/lignesauto.fr\/wp-content\/uploads\/2020\/02\/LIGNES_b-1040x556.png 1040w, https:\/\/lignesauto.fr\/wp-content\/uploads\/2020\/02\/LIGNES_b.png 1417w\" sizes=\"(max-width: 1024px) 100vw, 1024px\" \/><\/figure>\n\n\n\n<p><strong>&#8211; 1 : <\/strong>les poign\u00e9es sont affleurantes \u00e0 extraction automatique mais contrairement \u00e0 celles de la &#8220;petite&#8221; DS3 Crossback, elles sont ici de la couleur caisse.<br><strong>&#8211; 2 <\/strong>: la lame chrom\u00e9e qui souligne la base des feux arri\u00e8re se prolonge au tiers du bouclier (voir ci-dessous l&#8217;ensemble des lignes de cette r\u00e9gion, un travail pr\u00e9cis et ma\u00eetris\u00e9)<br><strong>&#8211; 3 :<\/strong> les feux de position sont remont\u00e9s en lieu et place des &#8220;cornets&#8221; de clignotants de la DS de 1955.<br><strong>&#8211; 4 :<\/strong> l&#8217;a\u00e9rodynamique est trait\u00e9e finement avec un discret becquet arri\u00e8re embouti avec le couvercle de malle.<\/p>\n\n\n\n<figure class=\"wp-block-image\"><img loading=\"lazy\" decoding=\"async\" width=\"1024\" height=\"485\" src=\"http:\/\/lignesauto.fr\/wp-content\/uploads\/2020\/02\/AJOUT-DESIGN-1024x485.png\" alt=\"\" class=\"wp-image-15600\" srcset=\"https:\/\/lignesauto.fr\/wp-content\/uploads\/2020\/02\/AJOUT-DESIGN-1024x485.png 1024w, https:\/\/lignesauto.fr\/wp-content\/uploads\/2020\/02\/AJOUT-DESIGN-300x142.png 300w, https:\/\/lignesauto.fr\/wp-content\/uploads\/2020\/02\/AJOUT-DESIGN-768x363.png 768w, https:\/\/lignesauto.fr\/wp-content\/uploads\/2020\/02\/AJOUT-DESIGN-370x175.png 370w, https:\/\/lignesauto.fr\/wp-content\/uploads\/2020\/02\/AJOUT-DESIGN-1040x492.png 1040w, https:\/\/lignesauto.fr\/wp-content\/uploads\/2020\/02\/AJOUT-DESIGN.png 1701w\" sizes=\"(max-width: 1024px) 100vw, 1024px\" \/><\/figure>\n\n\n\n<p><strong>CI-DESOUS : 3\/4 AR PLONGEANT<\/strong><\/p>\n\n\n\n<figure class=\"wp-block-image\"><img loading=\"lazy\" decoding=\"async\" width=\"1024\" height=\"659\" src=\"http:\/\/lignesauto.fr\/wp-content\/uploads\/2020\/02\/LIGNES_C-1024x659.png\" alt=\"\" class=\"wp-image-15540\" srcset=\"https:\/\/lignesauto.fr\/wp-content\/uploads\/2020\/02\/LIGNES_C-1024x659.png 1024w, https:\/\/lignesauto.fr\/wp-content\/uploads\/2020\/02\/LIGNES_C-300x193.png 300w, https:\/\/lignesauto.fr\/wp-content\/uploads\/2020\/02\/LIGNES_C-768x494.png 768w, https:\/\/lignesauto.fr\/wp-content\/uploads\/2020\/02\/LIGNES_C-370x238.png 370w, https:\/\/lignesauto.fr\/wp-content\/uploads\/2020\/02\/LIGNES_C-1040x669.png 1040w, https:\/\/lignesauto.fr\/wp-content\/uploads\/2020\/02\/LIGNES_C.png 1417w\" sizes=\"(max-width: 1024px) 100vw, 1024px\" \/><\/figure>\n\n\n\n<p><strong>&#8211;  1 :<\/strong> les flancs sont tr\u00e8s propres et peu surcharg\u00e9s, laissant augurer d&#8217;une volont\u00e9 de &#8220;calmer&#8221; le design sur cette grande berline. Une ligne tendue va des projecteurs avant aux feux arri\u00e8re sans la moindre cassure.<br><strong>&#8211; 2 :<\/strong> seule concession aux volumes \u00e0 ce niveau, un travail de sculpture en profondeur sur la porte arri\u00e8re fait \u00e9cho au relief qui bombe subtilement le passage de roue arri\u00e8re<br><strong>&#8211; 3 : <\/strong>le panneau arri\u00e8re tr\u00e8s fin (effet fastback) est n\u00e9anmoins tr\u00e8s travaill\u00e9 avec juste ce qu&#8217;il faut d&#8217;ar\u00eates.<br><strong>&#8211; 4 : <\/strong>le concept &#8220;double-wings&#8221; de la calandre avant est reconduit \u00e0 l&#8217;arri\u00e8re.<br><strong>&#8211; 5 : <\/strong>confirmant cette volont\u00e9 de simplifier le style, le bouclier arri\u00e8re est sobre, sans extractions d&#8217;air fictives souvent ridicules.<\/p>\n\n\n\n<p><strong>CI-DESSOUS : PROFIL<\/strong><\/p>\n\n\n\n<figure class=\"wp-block-image\"><img loading=\"lazy\" decoding=\"async\" width=\"1024\" height=\"543\" src=\"http:\/\/lignesauto.fr\/wp-content\/uploads\/2020\/02\/LIGNES_D-1024x543.png\" alt=\"\" class=\"wp-image-15541\" srcset=\"https:\/\/lignesauto.fr\/wp-content\/uploads\/2020\/02\/LIGNES_D-1024x543.png 1024w, https:\/\/lignesauto.fr\/wp-content\/uploads\/2020\/02\/LIGNES_D-300x159.png 300w, https:\/\/lignesauto.fr\/wp-content\/uploads\/2020\/02\/LIGNES_D-768x408.png 768w, https:\/\/lignesauto.fr\/wp-content\/uploads\/2020\/02\/LIGNES_D-370x196.png 370w, https:\/\/lignesauto.fr\/wp-content\/uploads\/2020\/02\/LIGNES_D-1040x552.png 1040w, https:\/\/lignesauto.fr\/wp-content\/uploads\/2020\/02\/LIGNES_D.png 1417w\" sizes=\"(max-width: 1024px) 100vw, 1024px\" \/><\/figure>\n\n\n\n<p><strong>&#8211; 1 : <\/strong>le passage de la vitre de porti\u00e8re au montant &#8220;C&#8221; est toujours d\u00e9licat, surtout lorsqu&#8217;il n&#8217;existe pas dans le style de la marque, des fondamentaux \u00e0 respecter, comme par exemple le pli &#8220;Hofmeister&#8221; des BMW. Ici, jonc \u00e9pais et ar\u00eate se d\u00e9veloppant jusqu&#8217;\u00e0 la t\u00f4le, tentent de cr\u00e9er une singularit\u00e9.<br><strong>&#8211; 2 :<\/strong> Les flancs totalement lisses sont l\u00e9g\u00e8rement creus\u00e9s \u00e0 leur base, donnant un peu de muscles \u00e0 l&#8217;ensemble.<\/p>\n\n\n\n<p><strong>CI-DESSOUS : 3\/4 AV PLONGEANT<\/strong><\/p>\n\n\n\n<figure class=\"wp-block-image\"><img loading=\"lazy\" decoding=\"async\" width=\"1024\" height=\"577\" src=\"http:\/\/lignesauto.fr\/wp-content\/uploads\/2020\/02\/LIGNES_E-1024x577.png\" alt=\"\" class=\"wp-image-15542\" srcset=\"https:\/\/lignesauto.fr\/wp-content\/uploads\/2020\/02\/LIGNES_E-1024x577.png 1024w, https:\/\/lignesauto.fr\/wp-content\/uploads\/2020\/02\/LIGNES_E-300x169.png 300w, https:\/\/lignesauto.fr\/wp-content\/uploads\/2020\/02\/LIGNES_E-768x433.png 768w, https:\/\/lignesauto.fr\/wp-content\/uploads\/2020\/02\/LIGNES_E-370x209.png 370w, https:\/\/lignesauto.fr\/wp-content\/uploads\/2020\/02\/LIGNES_E-1040x586.png 1040w, https:\/\/lignesauto.fr\/wp-content\/uploads\/2020\/02\/LIGNES_E.png 1417w\" sizes=\"(max-width: 1024px) 100vw, 1024px\" \/><\/figure>\n\n\n\n<p><strong>&#8211; 1 : <\/strong>on retrouve sur cette vue la ligne quasi rectiligne reliant les optiques avant aux feux arri\u00e8re.<br><strong>&#8211; 2 : <\/strong>cette seconde ligne louvoie sous la premi\u00e8re en formant une ar\u00eate sur l&#8217;aile avant et en donnant un effet dynamique sur la porti\u00e8re arri\u00e8re en la creusant un peu.<br><strong>&#8211; 3 : <\/strong>voici l&#8217;endroit le plus complexe \u00e0 traiter en design : le &#8220;n\u0153ud&#8221; du montant &#8220;A&#8221; (pied de pare-brise). Selon que la plateforme est bien ou moins bien \u00e9tudi\u00e9e \u00e0 ce niveau, le travail est plus ou moins complexe. Parfois, le style sert \u00e0 camoufler une diff\u00e9rence de hauteur entre le capot et l&#8217;auvent de pare-brise. Ici, l&#8217;aile recouvre la base du pied de pare-brise \u00e9chappant ainsi \u00e0 un disgracieux joint.<br><strong>&#8211; 4 : <\/strong>le passage des emboutis d&#8217;aile et capot vers le soft-nose donne naissance \u00e0 de petites ar\u00eates qui s&#8217;estompent dans la carrosserie. Un concept aper\u00e7u d\u00e9j\u00e0 sur le concept-car E-Legend de Peugeot.<\/p>\n\n\n\n<p><strong>A BORD<\/strong><\/p>\n\n\n\n<figure class=\"wp-block-image\"><img loading=\"lazy\" decoding=\"async\" width=\"1024\" height=\"449\" src=\"http:\/\/lignesauto.fr\/wp-content\/uploads\/2020\/02\/LIGNESDS9_08-1024x449.jpg\" alt=\"\" class=\"wp-image-15546\" srcset=\"https:\/\/lignesauto.fr\/wp-content\/uploads\/2020\/02\/LIGNESDS9_08-1024x449.jpg 1024w, https:\/\/lignesauto.fr\/wp-content\/uploads\/2020\/02\/LIGNESDS9_08-300x131.jpg 300w, https:\/\/lignesauto.fr\/wp-content\/uploads\/2020\/02\/LIGNESDS9_08-768x337.jpg 768w, https:\/\/lignesauto.fr\/wp-content\/uploads\/2020\/02\/LIGNESDS9_08-370x162.jpg 370w, https:\/\/lignesauto.fr\/wp-content\/uploads\/2020\/02\/LIGNESDS9_08-1040x456.jpg 1040w, https:\/\/lignesauto.fr\/wp-content\/uploads\/2020\/02\/LIGNESDS9_08.jpg 1417w\" sizes=\"(max-width: 1024px) 100vw, 1024px\" \/><\/figure>\n\n\n\n<p>L&#8217;empattement g\u00e9n\u00e9reux offre un espace au rang deux assez exceptionnel. Ici, DS parle de &#8220;DS Lounge&#8221; qui introduit la vision de la Premi\u00e8re Classe dans l&#8217;habitacle d&#8217;une grande routi\u00e8re. Trois &#8220;inspirations DS&#8221; (Bastille, Rivoli et Op\u00e9ra) permettent une grande personnalisation de l&#8217;habitacle.<\/p>\n\n\n\n<figure class=\"wp-block-image\"><img loading=\"lazy\" decoding=\"async\" width=\"1024\" height=\"577\" src=\"http:\/\/lignesauto.fr\/wp-content\/uploads\/2020\/02\/LIGNESDS9_09-1024x577.jpg\" alt=\"\" class=\"wp-image-15547\" srcset=\"https:\/\/lignesauto.fr\/wp-content\/uploads\/2020\/02\/LIGNESDS9_09-1024x577.jpg 1024w, https:\/\/lignesauto.fr\/wp-content\/uploads\/2020\/02\/LIGNESDS9_09-300x169.jpg 300w, https:\/\/lignesauto.fr\/wp-content\/uploads\/2020\/02\/LIGNESDS9_09-768x433.jpg 768w, https:\/\/lignesauto.fr\/wp-content\/uploads\/2020\/02\/LIGNESDS9_09-370x209.jpg 370w, https:\/\/lignesauto.fr\/wp-content\/uploads\/2020\/02\/LIGNESDS9_09-1040x586.jpg 1040w, https:\/\/lignesauto.fr\/wp-content\/uploads\/2020\/02\/LIGNESDS9_09.jpg 1417w\" sizes=\"(max-width: 1024px) 100vw, 1024px\" \/><figcaption><br><\/figcaption><\/figure>\n\n\n\n<h2 class=\"wp-block-heading\"><strong>Et aussi, sur le m\u00eame sujet : la vraie histoire de la naissance de la marque DS.<\/strong> Cliquez ci-dessous.<\/h2>\n\n\n\n<figure class=\"wp-block-embed-wordpress wp-block-embed is-type-wp-embed is-provider-lignes-auto\"><div class=\"wp-block-embed__wrapper\">\n<blockquote class=\"wp-embedded-content\" data-secret=\"aPRz65pLyU\"><a href=\"https:\/\/lignesauto.fr\/?p=15556\">La vraie histoire de la naissance de DS<\/a><\/blockquote><iframe class=\"wp-embedded-content\" sandbox=\"allow-scripts\" security=\"restricted\" style=\"position: absolute; clip: rect(1px, 1px, 1px, 1px);\" title=\"&#8220;La vraie histoire de la naissance de DS&#8221; &#8212; LIGNES\/auto\" src=\"https:\/\/lignesauto.fr\/?p=15556&#038;embed=true#?secret=aAzHt7uYHz#?secret=aPRz65pLyU\" data-secret=\"aPRz65pLyU\" width=\"600\" height=\"338\" frameborder=\"0\" marginwidth=\"0\" marginheight=\"0\" scrolling=\"no\"><\/iframe>\n<\/div><\/figure>\n\n\n\n<h2 class=\"wp-block-heading\"><strong>Et aussi, sur le m\u00eame sujet : qui a dessin\u00e9 le logo DS ?<\/strong> Cliquez ci-dessous.<\/h2>\n\n\n\n<figure class=\"wp-block-embed-wordpress wp-block-embed is-type-wp-embed is-provider-lignes-auto\"><div class=\"wp-block-embed__wrapper\">\n<blockquote class=\"wp-embedded-content\" data-secret=\"lxIqhi3GH1\"><a href=\"https:\/\/lignesauto.fr\/?p=15565\">Bient\u00f4t la grande berline DS. Mais qui a cr\u00e9\u00e9 le logo &#8220;DS&#8221; ?<\/a><\/blockquote><iframe class=\"wp-embedded-content\" sandbox=\"allow-scripts\" security=\"restricted\" style=\"position: absolute; clip: rect(1px, 1px, 1px, 1px);\" title=\"&#8220;Bient\u00f4t la grande berline DS. Mais qui a cr\u00e9\u00e9 le logo &#8220;DS&#8221; ?&#8221; &#8212; LIGNES\/auto\" src=\"https:\/\/lignesauto.fr\/?p=15565&#038;embed=true#?secret=Jt8vAasHkn#?secret=lxIqhi3GH1\" data-secret=\"lxIqhi3GH1\" width=\"600\" height=\"338\" frameborder=\"0\" marginwidth=\"0\" marginheight=\"0\" scrolling=\"no\"><\/iframe>\n<\/div><\/figure>\n\n\n\n<figure class=\"wp-block-image is-resized\"><img loading=\"lazy\" decoding=\"async\" src=\"http:\/\/lignesauto.fr\/wp-content\/uploads\/2018\/10\/LOGOActus_BD-1024x367.jpg\" alt=\"L\u2019attribut alt de cette image est vide, son nom de fichier est LOGOActus_BD-1024x367.jpg.\" width=\"473\" height=\"169\"\/><\/figure>\n","protected":false},"excerpt":{"rendered":"<p>La voil\u00e0 enfin cette (tr\u00e8s) grande berline DS ! Le constructeur l&#8217;\u00e9voque en ces termes francs et assur\u00e9s : c&#8217;est le vaisseau amiral de DS, hautement raffin\u00e9 et qui incarne l&#8217;excellence fran\u00e7aise de la marque dans un march\u00e9 automobile en pleine mutation. D\u00e9couvrons son style bien plus sage que les [&hellip;]<\/p>\n","protected":false},"author":1,"featured_media":15538,"comment_status":"open","ping_status":"open","sticky":false,"template":"","format":"standard","meta":{"footnotes":""},"categories":[1],"tags":[],"_links":{"self":[{"href":"https:\/\/lignesauto.fr\/index.php?rest_route=\/wp\/v2\/posts\/15532"}],"collection":[{"href":"https:\/\/lignesauto.fr\/index.php?rest_route=\/wp\/v2\/posts"}],"about":[{"href":"https:\/\/lignesauto.fr\/index.php?rest_route=\/wp\/v2\/types\/post"}],"author":[{"embeddable":true,"href":"https:\/\/lignesauto.fr\/index.php?rest_route=\/wp\/v2\/users\/1"}],"replies":[{"embeddable":true,"href":"https:\/\/lignesauto.fr\/index.php?rest_route=%2Fwp%2Fv2%2Fcomments&post=15532"}],"version-history":[{"count":41,"href":"https:\/\/lignesauto.fr\/index.php?rest_route=\/wp\/v2\/posts\/15532\/revisions"}],"predecessor-version":[{"id":16037,"href":"https:\/\/lignesauto.fr\/index.php?rest_route=\/wp\/v2\/posts\/15532\/revisions\/16037"}],"wp:featuredmedia":[{"embeddable":true,"href":"https:\/\/lignesauto.fr\/index.php?rest_route=\/wp\/v2\/media\/15538"}],"wp:attachment":[{"href":"https:\/\/lignesauto.fr\/index.php?rest_route=%2Fwp%2Fv2%2Fmedia&parent=15532"}],"wp:term":[{"taxonomy":"category","embeddable":true,"href":"https:\/\/lignesauto.fr\/index.php?rest_route=%2Fwp%2Fv2%2Fcategories&post=15532"},{"taxonomy":"post_tag","embeddable":true,"href":"https:\/\/lignesauto.fr\/index.php?rest_route=%2Fwp%2Fv2%2Ftags&post=15532"}],"curies":[{"name":"wp","href":"https:\/\/api.w.org\/{rel}","templated":true}]}}