{"id":15551,"date":"2020-02-24T16:58:55","date_gmt":"2020-02-24T15:58:55","guid":{"rendered":"http:\/\/lignesauto.fr\/?p=15551"},"modified":"2020-02-24T16:58:46","modified_gmt":"2020-02-24T15:58:46","slug":"ds-9-heritiere-legitime","status":"publish","type":"post","link":"https:\/\/lignesauto.fr\/?p=15551","title":{"rendered":"DS 9 : h\u00e9riti\u00e8re l\u00e9gitime ?"},"content":{"rendered":"\n<figure class=\"wp-block-image is-resized\"><img loading=\"lazy\" decoding=\"async\" src=\"http:\/\/lignesauto.fr\/wp-content\/uploads\/2018\/10\/LOGOActus_BD-1024x367.jpg\" alt=\"\" class=\"wp-image-4921\" width=\"439\" height=\"156\" srcset=\"https:\/\/lignesauto.fr\/wp-content\/uploads\/2018\/10\/LOGOActus_BD-1024x367.jpg 1024w, https:\/\/lignesauto.fr\/wp-content\/uploads\/2018\/10\/LOGOActus_BD-300x108.jpg 300w, https:\/\/lignesauto.fr\/wp-content\/uploads\/2018\/10\/LOGOActus_BD-1040x373.jpg 1040w\" sizes=\"(max-width: 439px) 100vw, 439px\" \/><\/figure>\n\n\n\n<p>La DS 9 est-elle l\u00e9gitime par rapport \u00e0 la DS de 1955 qui a offert son nom \u00e0 la marque fran\u00e7aise ? 65 ans les s\u00e9parent, alors les confronter, c&#8217;est imaginer la diff\u00e9rence entre un nourrisson et son grand-p\u00e8re. Sans commentaire ! Quoique\u2026<\/p>\n\n\n\n<figure class=\"wp-block-image\"><img loading=\"lazy\" decoding=\"async\" width=\"614\" height=\"1024\" src=\"http:\/\/lignesauto.fr\/wp-content\/uploads\/2020\/02\/LIGNESDS9_10-614x1024.jpg\" alt=\"\" class=\"wp-image-15549\" srcset=\"https:\/\/lignesauto.fr\/wp-content\/uploads\/2020\/02\/LIGNESDS9_10-614x1024.jpg 614w, https:\/\/lignesauto.fr\/wp-content\/uploads\/2020\/02\/LIGNESDS9_10-180x300.jpg 180w, https:\/\/lignesauto.fr\/wp-content\/uploads\/2020\/02\/LIGNESDS9_10-768x1281.jpg 768w, https:\/\/lignesauto.fr\/wp-content\/uploads\/2020\/02\/LIGNESDS9_10-370x617.jpg 370w, https:\/\/lignesauto.fr\/wp-content\/uploads\/2020\/02\/LIGNESDS9_10-1040x1735.jpg 1040w, https:\/\/lignesauto.fr\/wp-content\/uploads\/2020\/02\/LIGNESDS9_10.jpg 1417w\" sizes=\"(max-width: 614px) 100vw, 614px\" \/><\/figure>\n\n\n\n<p>Thierry M\u00e9troz, le patron du design DS l&#8217;a toujours dit,<em> &#8221;&nbsp;je m\u2019interdis formellement \u2013 et la marque avec moi -, de dessiner et de concevoir des concept-cars&nbsp;revival. On n\u2019en fera pas, m\u00eame si je sais tr\u00e8s bien que vous attendez tous un concept-car inspir\u00e9 de la DS de 1955, ou de la SM de 1970. Mais&nbsp;on a bien d\u2019autres histoires \u00e0 raconter.&#8221;<\/em> En voici une d&#8217;histoire \u00e0 raconter, celle de la DS 9. Alors tentons de voir les micros particules communes entre ses deux berlines fran\u00e7aises.<\/p>\n\n\n\n<figure class=\"wp-block-image\"><img loading=\"lazy\" decoding=\"async\" width=\"1024\" height=\"679\" src=\"http:\/\/lignesauto.fr\/wp-content\/uploads\/2020\/02\/Capture-d\u2019\u00e9cran-2020-02-24-\u00e0-16.32.27-1024x679.png\" alt=\"\" class=\"wp-image-15700\" srcset=\"https:\/\/lignesauto.fr\/wp-content\/uploads\/2020\/02\/Capture-d\u2019\u00e9cran-2020-02-24-\u00e0-16.32.27-1024x679.png 1024w, https:\/\/lignesauto.fr\/wp-content\/uploads\/2020\/02\/Capture-d\u2019\u00e9cran-2020-02-24-\u00e0-16.32.27-300x199.png 300w, https:\/\/lignesauto.fr\/wp-content\/uploads\/2020\/02\/Capture-d\u2019\u00e9cran-2020-02-24-\u00e0-16.32.27-768x509.png 768w, https:\/\/lignesauto.fr\/wp-content\/uploads\/2020\/02\/Capture-d\u2019\u00e9cran-2020-02-24-\u00e0-16.32.27-370x245.png 370w, https:\/\/lignesauto.fr\/wp-content\/uploads\/2020\/02\/Capture-d\u2019\u00e9cran-2020-02-24-\u00e0-16.32.27-1040x690.png 1040w, https:\/\/lignesauto.fr\/wp-content\/uploads\/2020\/02\/Capture-d\u2019\u00e9cran-2020-02-24-\u00e0-16.32.27.png 1417w\" sizes=\"(max-width: 1024px) 100vw, 1024px\" \/><\/figure>\n\n\n\n<p>Premi\u00e8re surprise, la tr\u00e8s grande DS 9 ne l&#8217;est pas tant que \u00e7a aux c\u00f4t\u00e9s de sa grand-m\u00e8re : seuls 13 centim\u00e8tres les s\u00e9parent ! Evoquons l&#8217;empattement de la nouvelle DS 9 que la marque annonce comme &#8220;long&#8221; : 2,90 m. Il est surprenant de constater que sur ce plan, la DS de 1955 bat largement la nouvelle venue avec un empattement de 3,12 m !<\/p>\n\n\n\n<p><strong>-1 : <\/strong>la ligne -1- quasiment horizontale, qui relie les optiques aux feux arri\u00e8re, est situ\u00e9e en haut de flancs de la DS9, alors qu&#8217;on la trouve aussi rectiligne au niveau des bas de caisse de la DS de 1955.<br><strong>-2 :<\/strong> la ligne du pavillon est \u00e9tonnement assez identique sur les deux berlines. Mais \u00e9videmment, elle d\u00e9bouche sur une chute plus abrupte sur la DS de 1955 et plus fuyante sur la DS 9.<br><strong>-3 :<\/strong> petit clin d&#8217;\u0153il totalement involontaire, la lignes creus\u00e9e des flancs de la DS 9 rappelle, \u00e0 l&#8217;envers, celle de la jointure aile-capot de la DS de 1955&#8230;<br>-Notons \u00e9videmment la pr\u00e9sence des feux de position de la DS 9 remont\u00e9s au niveau des clignotants de la DS iconique.<\/p>\n\n\n\n<figure class=\"wp-block-image\"><img loading=\"lazy\" decoding=\"async\" width=\"1024\" height=\"689\" src=\"http:\/\/lignesauto.fr\/wp-content\/uploads\/2020\/02\/BBB-1024x689.jpg\" alt=\"\" class=\"wp-image-15662\" srcset=\"https:\/\/lignesauto.fr\/wp-content\/uploads\/2020\/02\/BBB-1024x689.jpg 1024w, https:\/\/lignesauto.fr\/wp-content\/uploads\/2020\/02\/BBB-300x202.jpg 300w, https:\/\/lignesauto.fr\/wp-content\/uploads\/2020\/02\/BBB-768x517.jpg 768w, https:\/\/lignesauto.fr\/wp-content\/uploads\/2020\/02\/BBB-370x249.jpg 370w, https:\/\/lignesauto.fr\/wp-content\/uploads\/2020\/02\/BBB-1040x700.jpg 1040w, https:\/\/lignesauto.fr\/wp-content\/uploads\/2020\/02\/BBB.jpg 1417w\" sizes=\"(max-width: 1024px) 100vw, 1024px\" \/><\/figure>\n\n\n\n<p>Ajoutons que le rapport des masses est oppos\u00e9 : sur la DS originale, le bloc avant est volumineux, il montre la force du train moteur (une berline routi\u00e8re traction, ce n&#8217;est pas courant en 1955) et la roue est parfaitement visible pour accentuer cette force tractrice. En revanche, la partie arri\u00e8re est fuyante et les roues sont car\u00e9n\u00e9es. La force que la DS de 1955 exprime, elle la place \u00e0 l&#8217;avant. Question d&#8217;a\u00e9rodynamique, la DS 9 rehausse au contraire son post\u00e9rieur et tente d&#8217;abaisser son capot&#8230;<\/p>\n\n\n\n<figure class=\"wp-block-image\"><img loading=\"lazy\" decoding=\"async\" width=\"1024\" height=\"640\" src=\"http:\/\/lignesauto.fr\/wp-content\/uploads\/2020\/02\/LIGNESDS9_12-1024x640.jpg\" alt=\"\" class=\"wp-image-15544\" srcset=\"https:\/\/lignesauto.fr\/wp-content\/uploads\/2020\/02\/LIGNESDS9_12-1024x640.jpg 1024w, https:\/\/lignesauto.fr\/wp-content\/uploads\/2020\/02\/LIGNESDS9_12-300x188.jpg 300w, https:\/\/lignesauto.fr\/wp-content\/uploads\/2020\/02\/LIGNESDS9_12-768x480.jpg 768w, https:\/\/lignesauto.fr\/wp-content\/uploads\/2020\/02\/LIGNESDS9_12-370x231.jpg 370w, https:\/\/lignesauto.fr\/wp-content\/uploads\/2020\/02\/LIGNESDS9_12-1040x650.jpg 1040w, https:\/\/lignesauto.fr\/wp-content\/uploads\/2020\/02\/LIGNESDS9_12.jpg 1417w\" sizes=\"(max-width: 1024px) 100vw, 1024px\" \/><\/figure>\n\n\n\n<p>Voil\u00e0, les micro-particules ont \u00e9t\u00e9 difficiles \u00e0 trouver. <strong>Normal, le nourrisson  et le grand-p\u00e8re ont des g\u00e8nes en commun qui ne se devinent pas forc\u00e9ment au physique.<\/strong> Je referme donc l&#8217;album photo de la DS de 1955, et vous invite \u00e0 ouvrir celui de la nouvelle venue, fraichement r\u00e9v\u00e9l\u00e9e !<\/p>\n\n\n\n<figure class=\"wp-block-image is-resized\"><img loading=\"lazy\" decoding=\"async\" src=\"http:\/\/lignesauto.fr\/wp-content\/uploads\/2018\/10\/LOGOActus_BD-1024x367.jpg\" alt=\"L\u2019attribut alt de cette image est vide, son nom de fichier est LOGOActus_BD-1024x367.jpg.\" width=\"431\" height=\"154\"\/><\/figure>\n","protected":false},"excerpt":{"rendered":"<p>La DS 9 est-elle l\u00e9gitime par rapport \u00e0 la DS de 1955 qui a offert son nom \u00e0 la marque fran\u00e7aise ? 65 ans les s\u00e9parent, alors les confronter, c&#8217;est imaginer la diff\u00e9rence entre un nourrisson et son grand-p\u00e8re. Sans commentaire ! Quoique\u2026 Thierry M\u00e9troz, le patron du design DS [&hellip;]<\/p>\n","protected":false},"author":1,"featured_media":15544,"comment_status":"open","ping_status":"open","sticky":false,"template":"","format":"standard","meta":{"footnotes":""},"categories":[1],"tags":[],"_links":{"self":[{"href":"https:\/\/lignesauto.fr\/index.php?rest_route=\/wp\/v2\/posts\/15551"}],"collection":[{"href":"https:\/\/lignesauto.fr\/index.php?rest_route=\/wp\/v2\/posts"}],"about":[{"href":"https:\/\/lignesauto.fr\/index.php?rest_route=\/wp\/v2\/types\/post"}],"author":[{"embeddable":true,"href":"https:\/\/lignesauto.fr\/index.php?rest_route=\/wp\/v2\/users\/1"}],"replies":[{"embeddable":true,"href":"https:\/\/lignesauto.fr\/index.php?rest_route=%2Fwp%2Fv2%2Fcomments&post=15551"}],"version-history":[{"count":18,"href":"https:\/\/lignesauto.fr\/index.php?rest_route=\/wp\/v2\/posts\/15551\/revisions"}],"predecessor-version":[{"id":15706,"href":"https:\/\/lignesauto.fr\/index.php?rest_route=\/wp\/v2\/posts\/15551\/revisions\/15706"}],"wp:featuredmedia":[{"embeddable":true,"href":"https:\/\/lignesauto.fr\/index.php?rest_route=\/wp\/v2\/media\/15544"}],"wp:attachment":[{"href":"https:\/\/lignesauto.fr\/index.php?rest_route=%2Fwp%2Fv2%2Fmedia&parent=15551"}],"wp:term":[{"taxonomy":"category","embeddable":true,"href":"https:\/\/lignesauto.fr\/index.php?rest_route=%2Fwp%2Fv2%2Fcategories&post=15551"},{"taxonomy":"post_tag","embeddable":true,"href":"https:\/\/lignesauto.fr\/index.php?rest_route=%2Fwp%2Fv2%2Ftags&post=15551"}],"curies":[{"name":"wp","href":"https:\/\/api.w.org\/{rel}","templated":true}]}}