{"id":15565,"date":"2020-02-21T13:43:29","date_gmt":"2020-02-21T12:43:29","guid":{"rendered":"http:\/\/lignesauto.fr\/?p=15565"},"modified":"2020-02-21T13:46:33","modified_gmt":"2020-02-21T12:46:33","slug":"bientot-la-grande-berline-ds-mais-qui-a-cree-le-logo-ds","status":"publish","type":"post","link":"https:\/\/lignesauto.fr\/?p=15565","title":{"rendered":"Bient\u00f4t la grande berline DS. Mais qui a cr\u00e9\u00e9 le logo &#8220;DS&#8221; ?"},"content":{"rendered":"\n<figure class=\"wp-block-image is-resized\"><img loading=\"lazy\" decoding=\"async\" src=\"http:\/\/lignesauto.fr\/wp-content\/uploads\/2018\/10\/LOGOActus_BD-1024x367.jpg\" alt=\"\" class=\"wp-image-4921\" width=\"437\" height=\"156\" srcset=\"https:\/\/lignesauto.fr\/wp-content\/uploads\/2018\/10\/LOGOActus_BD-1024x367.jpg 1024w, https:\/\/lignesauto.fr\/wp-content\/uploads\/2018\/10\/LOGOActus_BD-300x108.jpg 300w, https:\/\/lignesauto.fr\/wp-content\/uploads\/2018\/10\/LOGOActus_BD-768x276.jpg 768w, https:\/\/lignesauto.fr\/wp-content\/uploads\/2018\/10\/LOGOActus_BD-370x133.jpg 370w, https:\/\/lignesauto.fr\/wp-content\/uploads\/2018\/10\/LOGOActus_BD-1040x373.jpg 1040w, https:\/\/lignesauto.fr\/wp-content\/uploads\/2018\/10\/LOGOActus_BD.jpg 1240w\" sizes=\"(max-width: 437px) 100vw, 437px\" \/><\/figure>\n\n\n\n<p>DS, la jeune marque premium fran\u00e7aise, a annonc\u00e9 sur sa page Facebook qu&#8217;elle d\u00e9voilerait  sa grande berline la semaine prochaine. On retrouvera \u00e9videmment sur sa calandre le joli logo DS. Un logo qui rattache tr\u00e8s directement la marque \u00e0 Citro\u00ebn, puisqu&#8217;il est constitu\u00e9 de trois chevrons orient\u00e9s de fa\u00e7on tr\u00e8s graphique. Mais d&#8217;o\u00f9 vient-il et qui l&#8217;a dessin\u00e9 ? LIGNES\/auto vous dit tout.<\/p>\n\n\n\n<figure class=\"wp-block-image\"><img loading=\"lazy\" decoding=\"async\" width=\"683\" height=\"1024\" src=\"http:\/\/lignesauto.fr\/wp-content\/uploads\/2020\/02\/LOGO_01-683x1024.jpg\" alt=\"\" class=\"wp-image-15573\" srcset=\"https:\/\/lignesauto.fr\/wp-content\/uploads\/2020\/02\/LOGO_01-683x1024.jpg 683w, https:\/\/lignesauto.fr\/wp-content\/uploads\/2020\/02\/LOGO_01-200x300.jpg 200w, https:\/\/lignesauto.fr\/wp-content\/uploads\/2020\/02\/LOGO_01-768x1152.jpg 768w, https:\/\/lignesauto.fr\/wp-content\/uploads\/2020\/02\/LOGO_01-370x555.jpg 370w, https:\/\/lignesauto.fr\/wp-content\/uploads\/2020\/02\/LOGO_01-1040x1560.jpg 1040w\" sizes=\"(max-width: 683px) 100vw, 683px\" \/><figcaption>Le logo sur l&#8217;arri\u00e8re du concept DS Inside<\/figcaption><\/figure>\n\n\n\n<p>Il faut remonter \u00e0 gen\u00e8se du show-car DS Inside pr\u00e9sent\u00e9 en f\u00e9vrier 2009 pour trouver l&#8217;origine de ce logo. A cette \u00e9poque, la DS3 est en cours d&#8217;industrialisation et porte sur sa calandre le logo ail\u00e9 de la marque Citro\u00ebn et, \u00e0 l&#8217;arri\u00e8re (ci-dessus), celui de la &#8220;ligne premium&#8221; DS. Un logo qui deviendra tr\u00e8s vite celui de la nouvelle marque DS, mondiale, qui sera adoub\u00e9e en 2014.<\/p>\n\n\n\n<figure class=\"wp-block-image\"><img loading=\"lazy\" decoding=\"async\" width=\"1024\" height=\"681\" src=\"http:\/\/lignesauto.fr\/wp-content\/uploads\/2020\/02\/LOGO_02-1024x681.jpg\" alt=\"\" class=\"wp-image-15571\" srcset=\"https:\/\/lignesauto.fr\/wp-content\/uploads\/2020\/02\/LOGO_02-1024x681.jpg 1024w, https:\/\/lignesauto.fr\/wp-content\/uploads\/2020\/02\/LOGO_02-300x200.jpg 300w, https:\/\/lignesauto.fr\/wp-content\/uploads\/2020\/02\/LOGO_02-768x511.jpg 768w, https:\/\/lignesauto.fr\/wp-content\/uploads\/2020\/02\/LOGO_02-370x246.jpg 370w, https:\/\/lignesauto.fr\/wp-content\/uploads\/2020\/02\/LOGO_02-1040x692.jpg 1040w\" sizes=\"(max-width: 1024px) 100vw, 1024px\" \/><\/figure>\n\n\n\n<p>C&#8217;est le tout jeune designer cor\u00e9en Jin Joo (ci-dessus), alors entr\u00e9 chez Citro\u00ebn depuis seulement cinq mois, qui en est l&#8217;auteur. Pour LIGNES\/auto (version papier \u00e0 l&#8217;\u00e9poque&#8230;), il nous confiait que <em>\u00ab j\u2019ai d\u2019abord dessin\u00e9 le &#8216;D&#8217; en remplissant un chevron, et j\u2019ai superpos\u00e9 les chevrons avec un effet miroir pour enfanter le &#8216;S&#8217;. Je me suis amus\u00e9 avec la forme triangulaire et les chevrons que j\u2019ai int\u00e9gr\u00e9s dans une sorte de grille tr\u00e8s graphique. Elle est d&#8217;ailleurs devenue une trame int\u00e9ressante. C\u2019est \u00e9l\u00e9gant, moderne. \u00bb<\/em><\/p>\n\n\n\n<figure class=\"wp-block-image\"><img loading=\"lazy\" decoding=\"async\" width=\"1024\" height=\"681\" src=\"http:\/\/lignesauto.fr\/wp-content\/uploads\/2020\/02\/LOGO_03-1024x681.jpg\" alt=\"\" class=\"wp-image-15572\" srcset=\"https:\/\/lignesauto.fr\/wp-content\/uploads\/2020\/02\/LOGO_03-1024x681.jpg 1024w, https:\/\/lignesauto.fr\/wp-content\/uploads\/2020\/02\/LOGO_03-300x200.jpg 300w, https:\/\/lignesauto.fr\/wp-content\/uploads\/2020\/02\/LOGO_03-768x511.jpg 768w, https:\/\/lignesauto.fr\/wp-content\/uploads\/2020\/02\/LOGO_03-370x246.jpg 370w, https:\/\/lignesauto.fr\/wp-content\/uploads\/2020\/02\/LOGO_03-1040x692.jpg 1040w\" sizes=\"(max-width: 1024px) 100vw, 1024px\" \/><\/figure>\n\n\n\n<p>Mark Lloyd, alors responsable du d\u00e9veloppement de la DS Inside de 2009, nous expliquait <em>&#8220;que le logo de Jin Joo a \u00e9t\u00e9 dessin\u00e9 quelques semaines seulement avant la grande r\u00e9v\u00e9lation de la DS Inside qui pr\u00e9figurait la DS3. Nous avions travaill\u00e9 sur un logo DS, mais il restait trop ancr\u00e9 dans l\u2019univers automobile.&#8221;<\/em><\/p>\n\n\n\n<figure class=\"wp-block-image\"><img loading=\"lazy\" decoding=\"async\" width=\"1024\" height=\"681\" src=\"http:\/\/lignesauto.fr\/wp-content\/uploads\/2020\/02\/LOGO_04-1024x681.jpg\" alt=\"\" class=\"wp-image-15570\" srcset=\"https:\/\/lignesauto.fr\/wp-content\/uploads\/2020\/02\/LOGO_04-1024x681.jpg 1024w, https:\/\/lignesauto.fr\/wp-content\/uploads\/2020\/02\/LOGO_04-300x200.jpg 300w, https:\/\/lignesauto.fr\/wp-content\/uploads\/2020\/02\/LOGO_04-768x511.jpg 768w, https:\/\/lignesauto.fr\/wp-content\/uploads\/2020\/02\/LOGO_04-370x246.jpg 370w, https:\/\/lignesauto.fr\/wp-content\/uploads\/2020\/02\/LOGO_04-1040x692.jpg 1040w\" sizes=\"(max-width: 1024px) 100vw, 1024px\" \/><\/figure>\n\n\n\n<p><em>&#8220;Nous voulions quelque chose de plus moderne et&#8230; distinctif. Celui de Jin est sorti du lot avec beaucoup de potentiel, non seulement pour le badge en lui-m\u00eame, mais il offre en plus, avec sa trame, d\u2019\u00e9normes possibilit\u00e9s pour cr\u00e9er de nouveaux univers qui renforceront la perception de l\u2019univers DS. \u00bb<\/em> Jin a ainsi dessin\u00e9 toutes sortes d\u2019objets d\u00e9riv\u00e9s, du sac \u00e0 main au ski en passant par les lunettes DS. A-t-il depuis assouvi son r\u00eave de conduire une DS, une vraie ?<\/p>\n\n\n\n<figure class=\"wp-block-image is-resized\"><img loading=\"lazy\" decoding=\"async\" src=\"http:\/\/lignesauto.fr\/wp-content\/uploads\/2018\/10\/LOGOActus_BD-1024x367.jpg\" alt=\"L\u2019attribut alt de cette image est vide, son nom de fichier est LOGOActus_BD-1024x367.jpg.\" width=\"474\" height=\"169\"\/><\/figure>\n","protected":false},"excerpt":{"rendered":"<p>DS, la jeune marque premium fran\u00e7aise, a annonc\u00e9 sur sa page Facebook qu&#8217;elle d\u00e9voilerait sa grande berline la semaine prochaine. On retrouvera \u00e9videmment sur sa calandre le joli logo DS. Un logo qui rattache tr\u00e8s directement la marque \u00e0 Citro\u00ebn, puisqu&#8217;il est constitu\u00e9 de trois chevrons orient\u00e9s de fa\u00e7on tr\u00e8s [&hellip;]<\/p>\n","protected":false},"author":1,"featured_media":15575,"comment_status":"open","ping_status":"open","sticky":false,"template":"","format":"standard","meta":{"footnotes":""},"categories":[1],"tags":[],"_links":{"self":[{"href":"https:\/\/lignesauto.fr\/index.php?rest_route=\/wp\/v2\/posts\/15565"}],"collection":[{"href":"https:\/\/lignesauto.fr\/index.php?rest_route=\/wp\/v2\/posts"}],"about":[{"href":"https:\/\/lignesauto.fr\/index.php?rest_route=\/wp\/v2\/types\/post"}],"author":[{"embeddable":true,"href":"https:\/\/lignesauto.fr\/index.php?rest_route=\/wp\/v2\/users\/1"}],"replies":[{"embeddable":true,"href":"https:\/\/lignesauto.fr\/index.php?rest_route=%2Fwp%2Fv2%2Fcomments&post=15565"}],"version-history":[{"count":8,"href":"https:\/\/lignesauto.fr\/index.php?rest_route=\/wp\/v2\/posts\/15565\/revisions"}],"predecessor-version":[{"id":15589,"href":"https:\/\/lignesauto.fr\/index.php?rest_route=\/wp\/v2\/posts\/15565\/revisions\/15589"}],"wp:featuredmedia":[{"embeddable":true,"href":"https:\/\/lignesauto.fr\/index.php?rest_route=\/wp\/v2\/media\/15575"}],"wp:attachment":[{"href":"https:\/\/lignesauto.fr\/index.php?rest_route=%2Fwp%2Fv2%2Fmedia&parent=15565"}],"wp:term":[{"taxonomy":"category","embeddable":true,"href":"https:\/\/lignesauto.fr\/index.php?rest_route=%2Fwp%2Fv2%2Fcategories&post=15565"},{"taxonomy":"post_tag","embeddable":true,"href":"https:\/\/lignesauto.fr\/index.php?rest_route=%2Fwp%2Fv2%2Ftags&post=15565"}],"curies":[{"name":"wp","href":"https:\/\/api.w.org\/{rel}","templated":true}]}}