{"id":15727,"date":"2020-02-24T18:02:08","date_gmt":"2020-02-24T17:02:08","guid":{"rendered":"http:\/\/lignesauto.fr\/?p=15727"},"modified":"2020-02-26T08:15:49","modified_gmt":"2020-02-26T07:15:49","slug":"thierry-metroz-parle-de-sa-ds9","status":"publish","type":"post","link":"https:\/\/lignesauto.fr\/?p=15727","title":{"rendered":"Thierry M\u00e9troz parle de &#8220;SA&#8221; DS9 (VIDEO)"},"content":{"rendered":"\n<figure class=\"wp-block-image is-resized\"><img loading=\"lazy\" decoding=\"async\" src=\"http:\/\/lignesauto.fr\/wp-content\/uploads\/2018\/10\/LOGOActus_BD-1024x367.jpg\" alt=\"\" class=\"wp-image-4921\" width=\"434\" height=\"155\" srcset=\"https:\/\/lignesauto.fr\/wp-content\/uploads\/2018\/10\/LOGOActus_BD-1024x367.jpg 1024w, https:\/\/lignesauto.fr\/wp-content\/uploads\/2018\/10\/LOGOActus_BD-300x108.jpg 300w, https:\/\/lignesauto.fr\/wp-content\/uploads\/2018\/10\/LOGOActus_BD-768x276.jpg 768w, https:\/\/lignesauto.fr\/wp-content\/uploads\/2018\/10\/LOGOActus_BD-370x133.jpg 370w, https:\/\/lignesauto.fr\/wp-content\/uploads\/2018\/10\/LOGOActus_BD-1040x373.jpg 1040w, https:\/\/lignesauto.fr\/wp-content\/uploads\/2018\/10\/LOGOActus_BD.jpg 1240w\" sizes=\"(max-width: 434px) 100vw, 434px\" \/><\/figure>\n\n\n\n<figure class=\"wp-block-image\"><img loading=\"lazy\" decoding=\"async\" width=\"1024\" height=\"584\" src=\"http:\/\/lignesauto.fr\/wp-content\/uploads\/2020\/02\/OO-1024x584.png\" alt=\"\" class=\"wp-image-15728\" srcset=\"https:\/\/lignesauto.fr\/wp-content\/uploads\/2020\/02\/OO-1024x584.png 1024w, https:\/\/lignesauto.fr\/wp-content\/uploads\/2020\/02\/OO-300x171.png 300w, https:\/\/lignesauto.fr\/wp-content\/uploads\/2020\/02\/OO-768x438.png 768w, https:\/\/lignesauto.fr\/wp-content\/uploads\/2020\/02\/OO-370x211.png 370w, https:\/\/lignesauto.fr\/wp-content\/uploads\/2020\/02\/OO-1040x593.png 1040w, https:\/\/lignesauto.fr\/wp-content\/uploads\/2020\/02\/OO.png 1417w\" sizes=\"(max-width: 1024px) 100vw, 1024px\" \/><\/figure>\n\n\n\n<p>\u00ab L\u2019ambition de proposer une grande berline dans la plus pure tradition de la carrosserie fran\u00e7aise a toujours anim\u00e9 le DS DESIGN STUDIO PARIS. Cette envie se mat\u00e9rialise aujourd\u2019hui avec DS 9.\u00a0<\/p>\n\n\n\n<figure class=\"wp-block-embed-youtube wp-block-embed is-type-video is-provider-youtube wp-embed-aspect-16-9 wp-has-aspect-ratio\"><div class=\"wp-block-embed__wrapper\">\n<iframe loading=\"lazy\" title=\"DS 9. Discover DS Automobiles\u2019 flagship model.\" width=\"640\" height=\"360\" src=\"https:\/\/www.youtube.com\/embed\/eMCBl0X6KTA?feature=oembed\" frameborder=\"0\" allow=\"accelerometer; autoplay; clipboard-write; encrypted-media; gyroscope; picture-in-picture; web-share\" referrerpolicy=\"strict-origin-when-cross-origin\" allowfullscreen><\/iframe>\n<\/div><\/figure>\n\n\n\n<p>La silhouette se d\u00e9roule d\u2019un trait, sans rupture. De l\u2019attaque de capot au bord de fuite de la malle. Les flancs sont lisses, finement sculpt\u00e9s avec une parfaite int\u00e9gration des poign\u00e9es affleurantes \u00e0 la teinte de la carrosserie. <\/p>\n\n\n\n<figure class=\"wp-block-image\"><img loading=\"lazy\" decoding=\"async\" width=\"1024\" height=\"582\" src=\"http:\/\/lignesauto.fr\/wp-content\/uploads\/2020\/02\/P-1-1024x582.png\" alt=\"\" class=\"wp-image-15736\" srcset=\"https:\/\/lignesauto.fr\/wp-content\/uploads\/2020\/02\/P-1-1024x582.png 1024w, https:\/\/lignesauto.fr\/wp-content\/uploads\/2020\/02\/P-1-300x170.png 300w, https:\/\/lignesauto.fr\/wp-content\/uploads\/2020\/02\/P-1-768x436.png 768w, https:\/\/lignesauto.fr\/wp-content\/uploads\/2020\/02\/P-1-370x210.png 370w, https:\/\/lignesauto.fr\/wp-content\/uploads\/2020\/02\/P-1-1040x591.png 1040w, https:\/\/lignesauto.fr\/wp-content\/uploads\/2020\/02\/P-1.png 1417w\" sizes=\"(max-width: 1024px) 100vw, 1024px\" \/><\/figure>\n\n\n\n<p>Les projecteurs sont connect\u00e9s aux feux arri\u00e8re par une ligne de caract\u00e8re pure et incisive donnant toute sa tension \u00e0 la silhouette. Des cornets, comme sur la DS de 1955, jouent un r\u00f4le analogue pour \u00e9tendre le pavillon en faisant office de feux de position lat\u00e9raux.<\/p>\n\n\n\n<figure class=\"wp-block-image\"><img loading=\"lazy\" decoding=\"async\" width=\"1024\" height=\"551\" src=\"http:\/\/lignesauto.fr\/wp-content\/uploads\/2020\/02\/J-1024x551.png\" alt=\"\" class=\"wp-image-15729\" srcset=\"https:\/\/lignesauto.fr\/wp-content\/uploads\/2020\/02\/J-1024x551.png 1024w, https:\/\/lignesauto.fr\/wp-content\/uploads\/2020\/02\/J-300x161.png 300w, https:\/\/lignesauto.fr\/wp-content\/uploads\/2020\/02\/J-768x413.png 768w, https:\/\/lignesauto.fr\/wp-content\/uploads\/2020\/02\/J-370x199.png 370w, https:\/\/lignesauto.fr\/wp-content\/uploads\/2020\/02\/J-1040x559.png 1040w, https:\/\/lignesauto.fr\/wp-content\/uploads\/2020\/02\/J.png 1417w\" sizes=\"(max-width: 1024px) 100vw, 1024px\" \/><\/figure>\n\n\n\n<p>En lien direct avec nos deux derniers concept-cars, nous avons sign\u00e9 l\u2019axe central du capot avec un sabre en m\u00e9tal guilloch\u00e9. Exclusif \u00e0 DS 9, c\u2019est un \u00e9l\u00e9ment identitaire.<\/p>\n\n\n\n<figure class=\"wp-block-image\"><img loading=\"lazy\" decoding=\"async\" width=\"1024\" height=\"577\" src=\"http:\/\/lignesauto.fr\/wp-content\/uploads\/2020\/02\/G-1024x577.png\" alt=\"\" class=\"wp-image-15733\" srcset=\"https:\/\/lignesauto.fr\/wp-content\/uploads\/2020\/02\/G-1024x577.png 1024w, https:\/\/lignesauto.fr\/wp-content\/uploads\/2020\/02\/G-300x169.png 300w, https:\/\/lignesauto.fr\/wp-content\/uploads\/2020\/02\/G-768x433.png 768w, https:\/\/lignesauto.fr\/wp-content\/uploads\/2020\/02\/G-370x209.png 370w, https:\/\/lignesauto.fr\/wp-content\/uploads\/2020\/02\/G-1040x586.png 1040w, https:\/\/lignesauto.fr\/wp-content\/uploads\/2020\/02\/G.png 1417w\" sizes=\"(max-width: 1024px) 100vw, 1024px\" \/><\/figure>\n\n\n\n<p>\u00c0 l\u2019arri\u00e8re, la fluidit\u00e9 s\u2019impose. Un unique volume constitue l\u2019ensemble ailes arri\u00e8re, bouclier et malle de coffre. Les feux sont sertis au sein de cette surface, fins et cisel\u00e9s. Ils g\u00e9n\u00e8rent un contraste fort apportant de la profondeur et du relief. En plus de la signature technologique en \u00e9cailles, les clignotants d\u00e9filants participent \u00e0 la mise en sc\u00e8ne de la lumi\u00e8re. L\u2019ensemble est magnifi\u00e9 par des sabres lat\u00e9raux qui rendent hommage \u00e0 la grande carrosserie fran\u00e7aise des ann\u00e9es 1930.<\/p>\n\n\n\n<figure class=\"wp-block-image\"><img loading=\"lazy\" decoding=\"async\" width=\"960\" height=\"960\" src=\"http:\/\/lignesauto.fr\/wp-content\/uploads\/2020\/02\/A.jpg\" alt=\"\" class=\"wp-image-15757\" srcset=\"https:\/\/lignesauto.fr\/wp-content\/uploads\/2020\/02\/A.jpg 960w, https:\/\/lignesauto.fr\/wp-content\/uploads\/2020\/02\/A-150x150.jpg 150w, https:\/\/lignesauto.fr\/wp-content\/uploads\/2020\/02\/A-300x300.jpg 300w, https:\/\/lignesauto.fr\/wp-content\/uploads\/2020\/02\/A-768x768.jpg 768w, https:\/\/lignesauto.fr\/wp-content\/uploads\/2020\/02\/A-370x370.jpg 370w\" sizes=\"(max-width: 960px) 100vw, 960px\" \/><\/figure>\n\n\n\n<p>DS 9 inaugure un nouvel int\u00e9rieur. C\u2019est une volont\u00e9 d\u2019affirmer une architecture verticale \u00e0 la fois expression de statut et d\u2019\u00e9l\u00e9gance. Cette verticalit\u00e9 accentue \u00e9galement la perception de largeur. L\u2019assise basse et le pavillon, lui aussi abaiss\u00e9, renforce cet effet d\u2019horizontalit\u00e9. Le tout est accompagn\u00e9 par une mise en sc\u00e8ne travaill\u00e9e des \u00e9clairages qui naviguent des portes vers la planche de bord avec huit harmonies diff\u00e9rentes.<\/p>\n\n\n\n<figure class=\"wp-block-image\"><img loading=\"lazy\" decoding=\"async\" width=\"1024\" height=\"530\" src=\"http:\/\/lignesauto.fr\/wp-content\/uploads\/2020\/02\/H-1024x530.png\" alt=\"\" class=\"wp-image-15732\" srcset=\"https:\/\/lignesauto.fr\/wp-content\/uploads\/2020\/02\/H-1024x530.png 1024w, https:\/\/lignesauto.fr\/wp-content\/uploads\/2020\/02\/H-300x155.png 300w, https:\/\/lignesauto.fr\/wp-content\/uploads\/2020\/02\/H-768x398.png 768w, https:\/\/lignesauto.fr\/wp-content\/uploads\/2020\/02\/H-370x192.png 370w, https:\/\/lignesauto.fr\/wp-content\/uploads\/2020\/02\/H-1040x539.png 1040w, https:\/\/lignesauto.fr\/wp-content\/uploads\/2020\/02\/H.png 1417w\" sizes=\"(max-width: 1024px) 100vw, 1024px\" \/><\/figure>\n\n\n\n<p>En ligne avec les g\u00eanes de DS, nous avons voulu cr\u00e9er une berline de r\u00e9f\u00e9rence, respectueuse des fondamentaux du segment tout en faisant \u00e9voluer certains codes \u00e9tablis, fid\u00e8le \u00e0 l\u2019esprit d\u2019avant-garde qui nous anime.&nbsp;\u00bb<\/p>\n\n\n\n<figure class=\"wp-block-image\"><img loading=\"lazy\" decoding=\"async\" width=\"1024\" height=\"512\" src=\"http:\/\/lignesauto.fr\/wp-content\/uploads\/2020\/02\/1-1024x512.jpg\" alt=\"\" class=\"wp-image-15707\" srcset=\"https:\/\/lignesauto.fr\/wp-content\/uploads\/2020\/02\/1-1024x512.jpg 1024w, https:\/\/lignesauto.fr\/wp-content\/uploads\/2020\/02\/1-300x150.jpg 300w, https:\/\/lignesauto.fr\/wp-content\/uploads\/2020\/02\/1-768x384.jpg 768w, https:\/\/lignesauto.fr\/wp-content\/uploads\/2020\/02\/1-370x185.jpg 370w, https:\/\/lignesauto.fr\/wp-content\/uploads\/2020\/02\/1-1040x520.jpg 1040w, https:\/\/lignesauto.fr\/wp-content\/uploads\/2020\/02\/1.jpg 1417w\" sizes=\"(max-width: 1024px) 100vw, 1024px\" \/><\/figure>\n\n\n\n<figure class=\"wp-block-image is-resized\"><img loading=\"lazy\" decoding=\"async\" src=\"http:\/\/lignesauto.fr\/wp-content\/uploads\/2018\/10\/LOGOActus_BD-1024x367.jpg\" alt=\"L\u2019attribut alt de cette image est vide, son nom de fichier est LOGOActus_BD-1024x367.jpg.\" width=\"455\" height=\"162\"\/><\/figure>\n","protected":false},"excerpt":{"rendered":"<p>\u00ab L\u2019ambition de proposer une grande berline dans la plus pure tradition de la carrosserie fran\u00e7aise a toujours anim\u00e9 le DS DESIGN STUDIO PARIS. Cette envie se mat\u00e9rialise aujourd\u2019hui avec DS 9.\u00a0 La silhouette se d\u00e9roule d\u2019un trait, sans rupture. De l\u2019attaque de capot au bord de fuite de la [&hellip;]<\/p>\n","protected":false},"author":1,"featured_media":15734,"comment_status":"open","ping_status":"open","sticky":false,"template":"","format":"standard","meta":{"footnotes":""},"categories":[1],"tags":[],"_links":{"self":[{"href":"https:\/\/lignesauto.fr\/index.php?rest_route=\/wp\/v2\/posts\/15727"}],"collection":[{"href":"https:\/\/lignesauto.fr\/index.php?rest_route=\/wp\/v2\/posts"}],"about":[{"href":"https:\/\/lignesauto.fr\/index.php?rest_route=\/wp\/v2\/types\/post"}],"author":[{"embeddable":true,"href":"https:\/\/lignesauto.fr\/index.php?rest_route=\/wp\/v2\/users\/1"}],"replies":[{"embeddable":true,"href":"https:\/\/lignesauto.fr\/index.php?rest_route=%2Fwp%2Fv2%2Fcomments&post=15727"}],"version-history":[{"count":4,"href":"https:\/\/lignesauto.fr\/index.php?rest_route=\/wp\/v2\/posts\/15727\/revisions"}],"predecessor-version":[{"id":15801,"href":"https:\/\/lignesauto.fr\/index.php?rest_route=\/wp\/v2\/posts\/15727\/revisions\/15801"}],"wp:featuredmedia":[{"embeddable":true,"href":"https:\/\/lignesauto.fr\/index.php?rest_route=\/wp\/v2\/media\/15734"}],"wp:attachment":[{"href":"https:\/\/lignesauto.fr\/index.php?rest_route=%2Fwp%2Fv2%2Fmedia&parent=15727"}],"wp:term":[{"taxonomy":"category","embeddable":true,"href":"https:\/\/lignesauto.fr\/index.php?rest_route=%2Fwp%2Fv2%2Fcategories&post=15727"},{"taxonomy":"post_tag","embeddable":true,"href":"https:\/\/lignesauto.fr\/index.php?rest_route=%2Fwp%2Fv2%2Ftags&post=15727"}],"curies":[{"name":"wp","href":"https:\/\/api.w.org\/{rel}","templated":true}]}}