{"id":15866,"date":"2020-03-06T08:01:03","date_gmt":"2020-03-06T07:01:03","guid":{"rendered":"http:\/\/lignesauto.fr\/?p=15866"},"modified":"2020-03-06T08:47:13","modified_gmt":"2020-03-06T07:47:13","slug":"citroen-ami-delicieusement-moche","status":"publish","type":"post","link":"https:\/\/lignesauto.fr\/?p=15866","title":{"rendered":"Vous \u00eates pr\u00e8s de 8000 \u00e0 avoir lu ce post : Citro\u00ebn AMI, d\u00e9licieusement moche"},"content":{"rendered":"\n<figure class=\"wp-block-image is-resized\"><img loading=\"lazy\" decoding=\"async\" src=\"http:\/\/lignesauto.fr\/wp-content\/uploads\/2018\/10\/LOGOActus_BD-1024x367.jpg\" alt=\"\" class=\"wp-image-4921\" width=\"476\" height=\"170\" srcset=\"https:\/\/lignesauto.fr\/wp-content\/uploads\/2018\/10\/LOGOActus_BD-1024x367.jpg 1024w, https:\/\/lignesauto.fr\/wp-content\/uploads\/2018\/10\/LOGOActus_BD-300x108.jpg 300w, https:\/\/lignesauto.fr\/wp-content\/uploads\/2018\/10\/LOGOActus_BD-768x276.jpg 768w, https:\/\/lignesauto.fr\/wp-content\/uploads\/2018\/10\/LOGOActus_BD-370x133.jpg 370w, https:\/\/lignesauto.fr\/wp-content\/uploads\/2018\/10\/LOGOActus_BD-1040x373.jpg 1040w, https:\/\/lignesauto.fr\/wp-content\/uploads\/2018\/10\/LOGOActus_BD.jpg 1240w\" sizes=\"(max-width: 476px) 100vw, 476px\" \/><\/figure>\n\n\n\n<p>Vous avez d\u00e9j\u00e0 tout lu sur l&#8217;Ami-100% \u00eblectrique. Citro\u00ebn doit \u00eatre applaudi des deux mains, et m\u00eame, ajoutons-y les nageoires d&#8217;otaries pour faire plus de bruit ! FAITES DU BRUIT pour cet \u00e9v\u00e9nement qui restera dans l&#8217;histoire de la mobilit\u00e9. Et d\u00e9couvrez ici pourquoi cette nouvelle Ami est d\u00e9licieusement moche.<\/p>\n\n\n\n<figure class=\"wp-block-image\"><img loading=\"lazy\" decoding=\"async\" width=\"1024\" height=\"580\" src=\"http:\/\/lignesauto.fr\/wp-content\/uploads\/2020\/02\/16-1024x580.jpg\" alt=\"\" class=\"wp-image-15873\" srcset=\"https:\/\/lignesauto.fr\/wp-content\/uploads\/2020\/02\/16-1024x580.jpg 1024w, https:\/\/lignesauto.fr\/wp-content\/uploads\/2020\/02\/16-300x170.jpg 300w, https:\/\/lignesauto.fr\/wp-content\/uploads\/2020\/02\/16-768x435.jpg 768w, https:\/\/lignesauto.fr\/wp-content\/uploads\/2020\/02\/16-370x209.jpg 370w, https:\/\/lignesauto.fr\/wp-content\/uploads\/2020\/02\/16-1040x589.jpg 1040w, https:\/\/lignesauto.fr\/wp-content\/uploads\/2020\/02\/16.jpg 1417w\" sizes=\"(max-width: 1024px) 100vw, 1024px\" \/><\/figure>\n\n\n\n<p>Autant le dire tout de suite : je suis fan de la d\u00e9marche de Citro\u00ebn qui prend le risque de casser les codes, pour une mobilit\u00e9 disruptive ! Et j&#8217;ajoute que je suis fan du design du concept-car Ami One de 2019 avec sa sym\u00e9trie int\u00e9gralement reconduite sur le v\u00e9hicule de s\u00e9rie.<\/p>\n\n\n\n<figure class=\"wp-block-image\"><img loading=\"lazy\" decoding=\"async\" width=\"1024\" height=\"970\" src=\"http:\/\/lignesauto.fr\/wp-content\/uploads\/2020\/02\/503-1024x970.png\" alt=\"\" class=\"wp-image-15874\" srcset=\"https:\/\/lignesauto.fr\/wp-content\/uploads\/2020\/02\/503-1024x970.png 1024w, https:\/\/lignesauto.fr\/wp-content\/uploads\/2020\/02\/503-300x284.png 300w, https:\/\/lignesauto.fr\/wp-content\/uploads\/2020\/02\/503-768x727.png 768w, https:\/\/lignesauto.fr\/wp-content\/uploads\/2020\/02\/503-370x350.png 370w, https:\/\/lignesauto.fr\/wp-content\/uploads\/2020\/02\/503-1040x985.png 1040w, https:\/\/lignesauto.fr\/wp-content\/uploads\/2020\/02\/503.png 1417w\" sizes=\"(max-width: 1024px) 100vw, 1024px\" \/><\/figure>\n\n\n\n<p>Je l&#8217;aime bien cette Ami, c&#8217;est tr\u00e8s personnel. Car quand j&#8217;entends le mot &#8220;Ami&#8221;, je me rem\u00e9more qu&#8217;\u00e0 la mi-2010, lorsque je suis pass\u00e9 de l&#8217;autre c\u00f4t\u00e9 de la barri\u00e8re pendant trois ans, j&#8217;ai \u00e9t\u00e9 embauch\u00e9 chez PSA apr\u00e8s avoir d\u00e9pos\u00e9 un dossier o\u00f9 trainait au milieu des 80 pages, une r\u00e9flexion sur une famille de mod\u00e8les &#8220;Ami&#8221;. <\/p>\n\n\n\n<figure class=\"wp-block-image\"><img loading=\"lazy\" decoding=\"async\" width=\"1024\" height=\"714\" src=\"http:\/\/lignesauto.fr\/wp-content\/uploads\/2020\/02\/1001-1024x714.png\" alt=\"\" class=\"wp-image-15875\" srcset=\"https:\/\/lignesauto.fr\/wp-content\/uploads\/2020\/02\/1001-1024x714.png 1024w, https:\/\/lignesauto.fr\/wp-content\/uploads\/2020\/02\/1001-300x209.png 300w, https:\/\/lignesauto.fr\/wp-content\/uploads\/2020\/02\/1001-768x535.png 768w, https:\/\/lignesauto.fr\/wp-content\/uploads\/2020\/02\/1001-370x258.png 370w, https:\/\/lignesauto.fr\/wp-content\/uploads\/2020\/02\/1001-1040x725.png 1040w, https:\/\/lignesauto.fr\/wp-content\/uploads\/2020\/02\/1001.png 1417w\" sizes=\"(max-width: 1024px) 100vw, 1024px\" \/><\/figure>\n\n\n\n<p>Et plus de cette famille, comme je n&#8217;avais pas de probl\u00e8me de budget, j&#8217;avais imagin\u00e9 une petite citadine \u00e9lectrique deux places : la C-Zup, un nom en rapport avec la Citro\u00ebn Zup \u00e9tudi\u00e9e dans les ann\u00e9es 60-70.<\/p>\n\n\n\n<figure class=\"wp-block-image\"><img loading=\"lazy\" decoding=\"async\" width=\"1024\" height=\"677\" src=\"http:\/\/lignesauto.fr\/wp-content\/uploads\/2020\/02\/1002-1024x677.png\" alt=\"\" class=\"wp-image-15876\" srcset=\"https:\/\/lignesauto.fr\/wp-content\/uploads\/2020\/02\/1002-1024x677.png 1024w, https:\/\/lignesauto.fr\/wp-content\/uploads\/2020\/02\/1002-300x198.png 300w, https:\/\/lignesauto.fr\/wp-content\/uploads\/2020\/02\/1002-768x508.png 768w, https:\/\/lignesauto.fr\/wp-content\/uploads\/2020\/02\/1002-370x245.png 370w, https:\/\/lignesauto.fr\/wp-content\/uploads\/2020\/02\/1002-1040x688.png 1040w, https:\/\/lignesauto.fr\/wp-content\/uploads\/2020\/02\/1002.png 1374w\" sizes=\"(max-width: 1024px) 100vw, 1024px\" \/><\/figure>\n\n\n\n<p>Voici la Citro\u00ebn Zup qui m&#8217;inspirait \u00e0 l&#8217;\u00e9poque, ce qui prouve bien que je ne suis pas rancunier.<\/p>\n\n\n\n<figure class=\"wp-block-image\"><img loading=\"lazy\" decoding=\"async\" width=\"1001\" height=\"1024\" src=\"http:\/\/lignesauto.fr\/wp-content\/uploads\/2020\/02\/9-1001x1024.jpg\" alt=\"\" class=\"wp-image-15877\" srcset=\"https:\/\/lignesauto.fr\/wp-content\/uploads\/2020\/02\/9-1001x1024.jpg 1001w, https:\/\/lignesauto.fr\/wp-content\/uploads\/2020\/02\/9-293x300.jpg 293w, https:\/\/lignesauto.fr\/wp-content\/uploads\/2020\/02\/9-768x785.jpg 768w, https:\/\/lignesauto.fr\/wp-content\/uploads\/2020\/02\/9-370x378.jpg 370w, https:\/\/lignesauto.fr\/wp-content\/uploads\/2020\/02\/9-1040x1063.jpg 1040w, https:\/\/lignesauto.fr\/wp-content\/uploads\/2020\/02\/9.jpg 1417w\" sizes=\"(max-width: 1001px) 100vw, 1001px\" \/><\/figure>\n\n\n\n<p>Je l&#8217;aime bien cette nouvelle &#8220;Ami-100% \u00eblectrique&#8221; parce qu&#8217;elle est fid\u00e8le, conceptuellement, au concept-car Ami One de 2019. J&#8217;ai bien pr\u00e9cis\u00e9 : conceptuellement.<\/p>\n\n\n\n<figure class=\"wp-block-image\"><img loading=\"lazy\" decoding=\"async\" width=\"1024\" height=\"683\" src=\"http:\/\/lignesauto.fr\/wp-content\/uploads\/2020\/02\/19-1024x683.jpg\" alt=\"\" class=\"wp-image-15878\" srcset=\"https:\/\/lignesauto.fr\/wp-content\/uploads\/2020\/02\/19-1024x683.jpg 1024w, https:\/\/lignesauto.fr\/wp-content\/uploads\/2020\/02\/19-300x200.jpg 300w, https:\/\/lignesauto.fr\/wp-content\/uploads\/2020\/02\/19-768x512.jpg 768w, https:\/\/lignesauto.fr\/wp-content\/uploads\/2020\/02\/19-370x247.jpg 370w, https:\/\/lignesauto.fr\/wp-content\/uploads\/2020\/02\/19-1040x694.jpg 1040w, https:\/\/lignesauto.fr\/wp-content\/uploads\/2020\/02\/19.jpg 1417w\" sizes=\"(max-width: 1024px) 100vw, 1024px\" \/><\/figure>\n\n\n\n<p>Elle est toute petite dehors, assez grande dedans : elle mesure 2,41 m seulement et propose deux places \u00e0 bord. Bien s\u00fbr, elle est \u00e9lectrique avec une toute petite batterie qui autorise quand m\u00eame 70 km d&#8217;autonomie. Il suffit de trois heures pour recharger la puce.<\/p>\n\n\n\n<figure class=\"wp-block-image\"><img loading=\"lazy\" decoding=\"async\" width=\"1024\" height=\"326\" src=\"http:\/\/lignesauto.fr\/wp-content\/uploads\/2020\/02\/504-1024x326.png\" alt=\"\" class=\"wp-image-15879\" srcset=\"https:\/\/lignesauto.fr\/wp-content\/uploads\/2020\/02\/504-1024x326.png 1024w, https:\/\/lignesauto.fr\/wp-content\/uploads\/2020\/02\/504-300x95.png 300w, https:\/\/lignesauto.fr\/wp-content\/uploads\/2020\/02\/504-768x244.png 768w, https:\/\/lignesauto.fr\/wp-content\/uploads\/2020\/02\/504-370x118.png 370w, https:\/\/lignesauto.fr\/wp-content\/uploads\/2020\/02\/504-1040x331.png 1040w, https:\/\/lignesauto.fr\/wp-content\/uploads\/2020\/02\/504.png 1417w\" sizes=\"(max-width: 1024px) 100vw, 1024px\" \/><\/figure>\n\n\n\n<p>Je l&#8217;aime bien cette &#8220;Ami&#8221;, car elle a conserv\u00e9 cette sym\u00e9trie qui impose une dr\u00f4le de cin\u00e9matique des ouvrants puisque leur charni\u00e8re sont au m\u00eame endroit : le c\u00f4t\u00e9 droit s&#8217;ouvre \u00e0 l&#8217;inverse du c\u00f4t\u00e9 conducteur. Ce dernier va se croire dans les 2CV d&#8217;apr\u00e8s-guerre avec leurs portes dites &#8220;suicide&#8221; ! C&#8217;est un clin d&#8217;\u0153il qui n&#8217;a pourtant pas de l\u00e9gitimit\u00e9 historique, car il est impos\u00e9 par cette sym\u00e9trie qui abaisse les co\u00fbts de fabrication en limitant les pi\u00e8ces.<\/p>\n\n\n\n<figure class=\"wp-block-image\"><img loading=\"lazy\" decoding=\"async\" width=\"1024\" height=\"666\" src=\"http:\/\/lignesauto.fr\/wp-content\/uploads\/2020\/02\/505-1024x666.png\" alt=\"\" class=\"wp-image-15880\" srcset=\"https:\/\/lignesauto.fr\/wp-content\/uploads\/2020\/02\/505-1024x666.png 1024w, https:\/\/lignesauto.fr\/wp-content\/uploads\/2020\/02\/505-300x195.png 300w, https:\/\/lignesauto.fr\/wp-content\/uploads\/2020\/02\/505-768x499.png 768w, https:\/\/lignesauto.fr\/wp-content\/uploads\/2020\/02\/505-370x240.png 370w, https:\/\/lignesauto.fr\/wp-content\/uploads\/2020\/02\/505-1040x676.png 1040w, https:\/\/lignesauto.fr\/wp-content\/uploads\/2020\/02\/505.png 1417w\" sizes=\"(max-width: 1024px) 100vw, 1024px\" \/><\/figure>\n\n\n\n<p>Je l&#8217;aime bien cette &#8220;Ami&#8221; parce qu&#8217;elle ose tout : un aileron sur sa finition Pop pour am\u00e9liorer l&#8217;appui lorsqu&#8217;on atteint la vitesse maxi de 45 km\/h. Car, oui, ce quadricycle peut-\u00eatre conduit en France par des ados de 14 ans, sans permis. <em>&#8220;Comment tu veux que je p\u00e9cho avec \u00e7a&#8221; <\/em>entends-je d\u00e9j\u00e0 derri\u00e8re mon dos&#8230;<\/p>\n\n\n\n<figure class=\"wp-block-image\"><img loading=\"lazy\" decoding=\"async\" width=\"1024\" height=\"287\" src=\"http:\/\/lignesauto.fr\/wp-content\/uploads\/2020\/02\/502-1024x287.png\" alt=\"\" class=\"wp-image-15881\" srcset=\"https:\/\/lignesauto.fr\/wp-content\/uploads\/2020\/02\/502-1024x287.png 1024w, https:\/\/lignesauto.fr\/wp-content\/uploads\/2020\/02\/502-300x84.png 300w, https:\/\/lignesauto.fr\/wp-content\/uploads\/2020\/02\/502-768x215.png 768w, https:\/\/lignesauto.fr\/wp-content\/uploads\/2020\/02\/502-370x104.png 370w, https:\/\/lignesauto.fr\/wp-content\/uploads\/2020\/02\/502-1040x291.png 1040w, https:\/\/lignesauto.fr\/wp-content\/uploads\/2020\/02\/502.png 1417w\" sizes=\"(max-width: 1024px) 100vw, 1024px\" \/><\/figure>\n\n\n\n<p>Je l&#8217;aime bien cette &#8220;Ami&#8221; parce qu&#8217;avec seulement une teinte de carrosserie bleu-gris, elle propose des personnalisations qui nous font croire qu&#8217;elle est disponible en de multiples couleurs. Je suis particuli\u00e8rement attir\u00e9 par la version &#8220;My Ami Khaki&#8221;, mon amour pour le Japon sans doute&#8230;<\/p>\n\n\n\n<figure class=\"wp-block-image\"><img loading=\"lazy\" decoding=\"async\" width=\"1024\" height=\"587\" src=\"http:\/\/lignesauto.fr\/wp-content\/uploads\/2020\/02\/500-1024x587.png\" alt=\"\" class=\"wp-image-15882\" srcset=\"https:\/\/lignesauto.fr\/wp-content\/uploads\/2020\/02\/500-1024x587.png 1024w, https:\/\/lignesauto.fr\/wp-content\/uploads\/2020\/02\/500-300x172.png 300w, https:\/\/lignesauto.fr\/wp-content\/uploads\/2020\/02\/500-768x440.png 768w, https:\/\/lignesauto.fr\/wp-content\/uploads\/2020\/02\/500-370x212.png 370w, https:\/\/lignesauto.fr\/wp-content\/uploads\/2020\/02\/500-1040x596.png 1040w, https:\/\/lignesauto.fr\/wp-content\/uploads\/2020\/02\/500.png 1417w\" sizes=\"(max-width: 1024px) 100vw, 1024px\" \/><\/figure>\n\n\n\n<p>Je l&#8217;aime bien cette petite Ami parce que si elle avait exist\u00e9 avant, je n&#8217;aurais pas pass\u00e9 des soir\u00e9es dans l&#8217;attente inqui\u00e8te de voir mes enfants revenir en s\u00e9curit\u00e9 (?) sur leurs scooters.<\/p>\n\n\n\n<figure class=\"wp-block-image\"><img loading=\"lazy\" decoding=\"async\" width=\"1024\" height=\"640\" src=\"http:\/\/lignesauto.fr\/wp-content\/uploads\/2020\/02\/7-1024x640.png\" alt=\"\" class=\"wp-image-15883\" srcset=\"https:\/\/lignesauto.fr\/wp-content\/uploads\/2020\/02\/7-1024x640.png 1024w, https:\/\/lignesauto.fr\/wp-content\/uploads\/2020\/02\/7-300x187.png 300w, https:\/\/lignesauto.fr\/wp-content\/uploads\/2020\/02\/7-768x480.png 768w, https:\/\/lignesauto.fr\/wp-content\/uploads\/2020\/02\/7-370x231.png 370w, https:\/\/lignesauto.fr\/wp-content\/uploads\/2020\/02\/7-1040x650.png 1040w, https:\/\/lignesauto.fr\/wp-content\/uploads\/2020\/02\/7.png 1417w\" sizes=\"(max-width: 1024px) 100vw, 1024px\" \/><\/figure>\n\n\n\n<p>Je l&#8217;aime bien mon &#8220;Ami&#8221; parce qu&#8217;elle se branche sur n&#8217;importe quelle prise, comme mon aspirateur ! G\u00e9nial ! Et en \u00e9crivant \u00e7a, je viens de me rendre compte que je compare une &#8220;voiture&#8221; et un &#8220;aspirateur&#8221;. Je me flagelle, je me flagelle&#8230;<\/p>\n\n\n\n<figure class=\"wp-block-image\"><img loading=\"lazy\" decoding=\"async\" width=\"1024\" height=\"684\" src=\"http:\/\/lignesauto.fr\/wp-content\/uploads\/2020\/02\/15-1024x684.jpg\" alt=\"\" class=\"wp-image-15884\" srcset=\"https:\/\/lignesauto.fr\/wp-content\/uploads\/2020\/02\/15-1024x684.jpg 1024w, https:\/\/lignesauto.fr\/wp-content\/uploads\/2020\/02\/15-300x200.jpg 300w, https:\/\/lignesauto.fr\/wp-content\/uploads\/2020\/02\/15-768x513.jpg 768w, https:\/\/lignesauto.fr\/wp-content\/uploads\/2020\/02\/15-370x247.jpg 370w, https:\/\/lignesauto.fr\/wp-content\/uploads\/2020\/02\/15-1040x694.jpg 1040w, https:\/\/lignesauto.fr\/wp-content\/uploads\/2020\/02\/15.jpg 1417w\" sizes=\"(max-width: 1024px) 100vw, 1024px\" \/><\/figure>\n\n\n\n<p>Je l&#8217;aime bien mon &#8220;Ami&#8221; parce que je la vois d\u00e9j\u00e0 dans mon salon avec son c\u00e2ble tout riquiqui, et Lucien, 3 ans, la regarder avec des yeux qui p\u00e9tillent. Un jouet grandeur nature, aussi belle qu&#8217;une voiture Lego-Duplo&#8230;<\/p>\n\n\n\n<figure class=\"wp-block-image\"><img loading=\"lazy\" decoding=\"async\" width=\"1024\" height=\"333\" src=\"http:\/\/lignesauto.fr\/wp-content\/uploads\/2020\/02\/duplolignes-1024x333.png\" alt=\"\" class=\"wp-image-15902\" srcset=\"https:\/\/lignesauto.fr\/wp-content\/uploads\/2020\/02\/duplolignes-1024x333.png 1024w, https:\/\/lignesauto.fr\/wp-content\/uploads\/2020\/02\/duplolignes-300x98.png 300w, https:\/\/lignesauto.fr\/wp-content\/uploads\/2020\/02\/duplolignes-768x250.png 768w, https:\/\/lignesauto.fr\/wp-content\/uploads\/2020\/02\/duplolignes-370x120.png 370w, https:\/\/lignesauto.fr\/wp-content\/uploads\/2020\/02\/duplolignes-1040x338.png 1040w, https:\/\/lignesauto.fr\/wp-content\/uploads\/2020\/02\/duplolignes.png 1417w\" sizes=\"(max-width: 1024px) 100vw, 1024px\" \/><\/figure>\n\n\n\n<p>Je l&#8217;aime bien mon &#8220;Ami&#8221;, parce que je peux retourner en enfance et justement jouer aux Lego avec elle. J&#8217;imbrique tout ce bric \u00e0 brac orange. Ou Khaki. Gris. Bleu&#8230;<\/p>\n\n\n\n<figure class=\"wp-block-image\"><img loading=\"lazy\" decoding=\"async\" width=\"1024\" height=\"663\" src=\"http:\/\/lignesauto.fr\/wp-content\/uploads\/2020\/02\/10-1024x663.jpg\" alt=\"\" class=\"wp-image-15885\" srcset=\"https:\/\/lignesauto.fr\/wp-content\/uploads\/2020\/02\/10-1024x663.jpg 1024w, https:\/\/lignesauto.fr\/wp-content\/uploads\/2020\/02\/10-300x194.jpg 300w, https:\/\/lignesauto.fr\/wp-content\/uploads\/2020\/02\/10-768x498.jpg 768w, https:\/\/lignesauto.fr\/wp-content\/uploads\/2020\/02\/10-370x240.jpg 370w, https:\/\/lignesauto.fr\/wp-content\/uploads\/2020\/02\/10-1040x674.jpg 1040w, https:\/\/lignesauto.fr\/wp-content\/uploads\/2020\/02\/10.jpg 1417w\" sizes=\"(max-width: 1024px) 100vw, 1024px\" \/><\/figure>\n\n\n\n<p>Je l&#8217;aime bien mon &#8220;Ami&#8221; parce qu&#8217;elle me rappelle pourquoi grand-p\u00e8re avait des bleus sur le coude gauche. La vitre qui bascule rappelle celle de la 2CV. C&#8217;est quand m\u00eame bien moins cher \u00e0 fabriquer et \u00e7a laisse la place \u00e0 un gros rangement dans la porti\u00e8re.<\/p>\n\n\n\n<figure class=\"wp-block-image\"><img loading=\"lazy\" decoding=\"async\" width=\"1024\" height=\"770\" src=\"http:\/\/lignesauto.fr\/wp-content\/uploads\/2020\/02\/11-1024x770.jpg\" alt=\"\" class=\"wp-image-15886\" srcset=\"https:\/\/lignesauto.fr\/wp-content\/uploads\/2020\/02\/11-1024x770.jpg 1024w, https:\/\/lignesauto.fr\/wp-content\/uploads\/2020\/02\/11-300x225.jpg 300w, https:\/\/lignesauto.fr\/wp-content\/uploads\/2020\/02\/11-768x577.jpg 768w, https:\/\/lignesauto.fr\/wp-content\/uploads\/2020\/02\/11-370x278.jpg 370w, https:\/\/lignesauto.fr\/wp-content\/uploads\/2020\/02\/11-1040x782.jpg 1040w, https:\/\/lignesauto.fr\/wp-content\/uploads\/2020\/02\/11.jpg 1417w\" sizes=\"(max-width: 1024px) 100vw, 1024px\" \/><\/figure>\n\n\n\n<p>Je l&#8217;aime bien, parce qu&#8217;\u00e0 19,99 \u20ac par mois (apr\u00e8s avoir fait un ch\u00e8que de 2644 \u20ac d&#8217;apport&#8230;quand m\u00eame !), c&#8217;est moins cher que mon abonnement TV. Et t\u00e9l\u00e9phone&#8230; Notons quand m\u00eame que l&#8217;Ami ne fait pas t\u00e9l\u00e9phone.<\/p>\n\n\n\n<figure class=\"wp-block-image\"><img loading=\"lazy\" decoding=\"async\" width=\"1024\" height=\"548\" src=\"http:\/\/lignesauto.fr\/wp-content\/uploads\/2020\/02\/17-1024x548.jpg\" alt=\"\" class=\"wp-image-15889\" srcset=\"https:\/\/lignesauto.fr\/wp-content\/uploads\/2020\/02\/17-1024x548.jpg 1024w, https:\/\/lignesauto.fr\/wp-content\/uploads\/2020\/02\/17-300x161.jpg 300w, https:\/\/lignesauto.fr\/wp-content\/uploads\/2020\/02\/17-768x411.jpg 768w, https:\/\/lignesauto.fr\/wp-content\/uploads\/2020\/02\/17-370x198.jpg 370w, https:\/\/lignesauto.fr\/wp-content\/uploads\/2020\/02\/17-1040x557.jpg 1040w, https:\/\/lignesauto.fr\/wp-content\/uploads\/2020\/02\/17.jpg 1417w\" sizes=\"(max-width: 1024px) 100vw, 1024px\" \/><\/figure>\n\n\n\n<p>Mais elle est un peu moche mon &#8220;Ami&#8221;, non ? Le physique, en m\u00eame temps&#8230; C&#8217;est le charisme qui compte, me direz-vous ! Je veux bien comprendre qu&#8217;il y a mille raisons pour expliquer que le style de mon &#8220;Ami&#8221; ne soit pas fid\u00e8le \u00e0 celui d&#8217;Ami One : trop cher les optiques respectant l&#8217;identit\u00e9 Citro\u00ebn, trop cher ce pare-brise panoramique, trop cher ces \u00e9l\u00e9ments de caisse en couleur. Trop cher, car le prix de l&#8217;Ami de s\u00e9rie est de 6000\u20ac en version de base. Et c&#8217;est tr\u00e8s comp\u00e9titif face \u00e0 une Renault Twizy propos\u00e9e \u00e0 7540 \u20ac en prix de base ou en location \u00e0 120,39 \u20ac par mois.<\/p>\n\n\n\n<figure class=\"wp-block-image\"><img loading=\"lazy\" decoding=\"async\" width=\"1024\" height=\"782\" src=\"http:\/\/lignesauto.fr\/wp-content\/uploads\/2019\/02\/LIGNESDEF105-1024x782.png\" alt=\"\" class=\"wp-image-7961\" srcset=\"https:\/\/lignesauto.fr\/wp-content\/uploads\/2019\/02\/LIGNESDEF105-1024x782.png 1024w, https:\/\/lignesauto.fr\/wp-content\/uploads\/2019\/02\/LIGNESDEF105-300x229.png 300w, https:\/\/lignesauto.fr\/wp-content\/uploads\/2019\/02\/LIGNESDEF105-768x586.png 768w, https:\/\/lignesauto.fr\/wp-content\/uploads\/2019\/02\/LIGNESDEF105-370x283.png 370w, https:\/\/lignesauto.fr\/wp-content\/uploads\/2019\/02\/LIGNESDEF105-1040x794.png 1040w, https:\/\/lignesauto.fr\/wp-content\/uploads\/2019\/02\/LIGNESDEF105.png 1417w\" sizes=\"(max-width: 1024px) 100vw, 1024px\" \/><\/figure>\n\n\n\n<p>Alors la messe est dite : l&#8217;Ami de Citro\u00ebn veut r\u00e9volutionner la mobilit\u00e9, la rendre accessible \u00e0 tous. D&#8217;ailleurs, elle sera expos\u00e9e dans certains Darty et certaines FNAC. On pourra la commander seulement via le net et on pourra m\u00eame se la faire livrer \u00e0 domicile. D\u00e8s ce printemps&#8230; C&#8217;est donc cette d\u00e9marche-l\u00e0 qui nous s\u00e9duit. Car m\u00eame si mon &#8220;Ami&#8221; n&#8217;a pas un physique facile, parfois, on peut l&#8217;aimer. Je vais donc prendre rendez-vous chez mon psy&#8230;<\/p>\n\n\n\n<p><strong>A LIRE EN CLIQUANT CI-DESSOUS : IL Y A 60 ANS, DEJA DE NOUVELLES SOLUTIONS DE MOBILITE CHEZ CITROEN<\/strong><\/p>\n\n\n\n<figure class=\"wp-block-embed-wordpress wp-block-embed is-type-wp-embed is-provider-lignes-auto\"><div class=\"wp-block-embed__wrapper\">\n<blockquote class=\"wp-embedded-content\" data-secret=\"cDhvBo9S41\"><a href=\"http:\/\/lignesauto.fr\/?p=15803\">La Citro\u00ebn AMI arrive ! Plongez dans le pass\u00e9 des petites Citro\u00ebn<\/a><\/blockquote><iframe class=\"wp-embedded-content\" sandbox=\"allow-scripts\" security=\"restricted\" style=\"position: absolute; clip: rect(1px, 1px, 1px, 1px);\" title=\"&#8220;La Citro\u00ebn AMI arrive ! Plongez dans le pass\u00e9 des petites Citro\u00ebn&#8221; &#8212; LIGNES\/auto\" src=\"http:\/\/lignesauto.fr\/?p=15803&#038;embed=true#?secret=id4DOX0YtA#?secret=cDhvBo9S41\" data-secret=\"cDhvBo9S41\" width=\"600\" height=\"338\" frameborder=\"0\" marginwidth=\"0\" marginheight=\"0\" scrolling=\"no\"><\/iframe>\n<\/div><\/figure>\n\n\n\n<figure class=\"wp-block-image is-resized\"><img loading=\"lazy\" decoding=\"async\" src=\"http:\/\/lignesauto.fr\/wp-content\/uploads\/2018\/10\/LOGOActus_BD-1024x367.jpg\" alt=\"\" class=\"wp-image-4921\" width=\"452\" height=\"161\" srcset=\"https:\/\/lignesauto.fr\/wp-content\/uploads\/2018\/10\/LOGOActus_BD-1024x367.jpg 1024w, https:\/\/lignesauto.fr\/wp-content\/uploads\/2018\/10\/LOGOActus_BD-300x108.jpg 300w, https:\/\/lignesauto.fr\/wp-content\/uploads\/2018\/10\/LOGOActus_BD-768x276.jpg 768w, https:\/\/lignesauto.fr\/wp-content\/uploads\/2018\/10\/LOGOActus_BD-370x133.jpg 370w, https:\/\/lignesauto.fr\/wp-content\/uploads\/2018\/10\/LOGOActus_BD-1040x373.jpg 1040w, https:\/\/lignesauto.fr\/wp-content\/uploads\/2018\/10\/LOGOActus_BD.jpg 1240w\" sizes=\"(max-width: 452px) 100vw, 452px\" \/><\/figure>\n","protected":false},"excerpt":{"rendered":"<p>Vous avez d\u00e9j\u00e0 tout lu sur l&#8217;Ami-100% \u00eblectrique. Citro\u00ebn doit \u00eatre applaudi des deux mains, et m\u00eame, ajoutons-y les nageoires d&#8217;otaries pour faire plus de bruit ! FAITES DU BRUIT pour cet \u00e9v\u00e9nement qui restera dans l&#8217;histoire de la mobilit\u00e9. Et d\u00e9couvrez ici pourquoi cette nouvelle Ami est d\u00e9licieusement moche. [&hellip;]<\/p>\n","protected":false},"author":1,"featured_media":15869,"comment_status":"open","ping_status":"open","sticky":false,"template":"","format":"standard","meta":{"footnotes":""},"categories":[1],"tags":[],"_links":{"self":[{"href":"https:\/\/lignesauto.fr\/index.php?rest_route=\/wp\/v2\/posts\/15866"}],"collection":[{"href":"https:\/\/lignesauto.fr\/index.php?rest_route=\/wp\/v2\/posts"}],"about":[{"href":"https:\/\/lignesauto.fr\/index.php?rest_route=\/wp\/v2\/types\/post"}],"author":[{"embeddable":true,"href":"https:\/\/lignesauto.fr\/index.php?rest_route=\/wp\/v2\/users\/1"}],"replies":[{"embeddable":true,"href":"https:\/\/lignesauto.fr\/index.php?rest_route=%2Fwp%2Fv2%2Fcomments&post=15866"}],"version-history":[{"count":33,"href":"https:\/\/lignesauto.fr\/index.php?rest_route=\/wp\/v2\/posts\/15866\/revisions"}],"predecessor-version":[{"id":16192,"href":"https:\/\/lignesauto.fr\/index.php?rest_route=\/wp\/v2\/posts\/15866\/revisions\/16192"}],"wp:featuredmedia":[{"embeddable":true,"href":"https:\/\/lignesauto.fr\/index.php?rest_route=\/wp\/v2\/media\/15869"}],"wp:attachment":[{"href":"https:\/\/lignesauto.fr\/index.php?rest_route=%2Fwp%2Fv2%2Fmedia&parent=15866"}],"wp:term":[{"taxonomy":"category","embeddable":true,"href":"https:\/\/lignesauto.fr\/index.php?rest_route=%2Fwp%2Fv2%2Fcategories&post=15866"},{"taxonomy":"post_tag","embeddable":true,"href":"https:\/\/lignesauto.fr\/index.php?rest_route=%2Fwp%2Fv2%2Ftags&post=15866"}],"curies":[{"name":"wp","href":"https:\/\/api.w.org\/{rel}","templated":true}]}}