{"id":16046,"date":"2020-02-29T20:28:18","date_gmt":"2020-02-29T19:28:18","guid":{"rendered":"http:\/\/lignesauto.fr\/?p=16046"},"modified":"2020-02-29T20:28:18","modified_gmt":"2020-02-29T19:28:18","slug":"quand-citroen-redescend-sur-terre-grace-a-denni5","status":"publish","type":"post","link":"https:\/\/lignesauto.fr\/?p=16046","title":{"rendered":"Quand Citro\u00ebn redescend sur terre gr\u00e2ce \u00e0 &#8220;Denni5&#8221; !"},"content":{"rendered":"\n<figure class=\"wp-block-image is-resized\"><img loading=\"lazy\" decoding=\"async\" src=\"http:\/\/lignesauto.fr\/wp-content\/uploads\/2018\/10\/LOGOActus_BD-1024x367.jpg\" alt=\"\" class=\"wp-image-4921\" width=\"487\" height=\"173\"\/><\/figure>\n\n\n\n<figure class=\"wp-block-image\"><img loading=\"lazy\" decoding=\"async\" width=\"1024\" height=\"724\" src=\"http:\/\/lignesauto.fr\/wp-content\/uploads\/2020\/02\/LIGNESDENNI5_01-1024x724.jpg\" alt=\"\" class=\"wp-image-16049\" srcset=\"https:\/\/lignesauto.fr\/wp-content\/uploads\/2020\/02\/LIGNESDENNI5_01-1024x724.jpg 1024w, https:\/\/lignesauto.fr\/wp-content\/uploads\/2020\/02\/LIGNESDENNI5_01-300x212.jpg 300w, https:\/\/lignesauto.fr\/wp-content\/uploads\/2020\/02\/LIGNESDENNI5_01-768x543.jpg 768w, https:\/\/lignesauto.fr\/wp-content\/uploads\/2020\/02\/LIGNESDENNI5_01-370x262.jpg 370w, https:\/\/lignesauto.fr\/wp-content\/uploads\/2020\/02\/LIGNESDENNI5_01-1040x735.jpg 1040w, https:\/\/lignesauto.fr\/wp-content\/uploads\/2020\/02\/LIGNESDENNI5_01.jpg 1417w\" sizes=\"(max-width: 1024px) 100vw, 1024px\" \/><\/figure>\n\n\n\n<p>Nous avons d\u00e9j\u00e0 eu l&#8217;occasion de publier des travaux du designer &#8220;Denni5 d5&#8221; qui op\u00e8re depuis Shanghai en Chine avec des projets toujours efficaces et qui nous plaisent tous ! Voici que Denni5 s&#8217;est attaqu\u00e9 au concept Citro\u00ebn 19_19 pour le faire &#8220;redescendre&#8221; sur Terre.<\/p>\n\n\n\n<figure class=\"wp-block-image is-resized\"><img loading=\"lazy\" decoding=\"async\" src=\"http:\/\/lignesauto.fr\/wp-content\/uploads\/2018\/10\/LOGOActus_BD-1024x367.jpg\" alt=\"\" class=\"wp-image-4921\" width=\"431\" height=\"154\" srcset=\"https:\/\/lignesauto.fr\/wp-content\/uploads\/2018\/10\/LOGOActus_BD-1024x367.jpg 1024w, https:\/\/lignesauto.fr\/wp-content\/uploads\/2018\/10\/LOGOActus_BD-300x108.jpg 300w, https:\/\/lignesauto.fr\/wp-content\/uploads\/2018\/10\/LOGOActus_BD-768x276.jpg 768w, https:\/\/lignesauto.fr\/wp-content\/uploads\/2018\/10\/LOGOActus_BD-370x133.jpg 370w, https:\/\/lignesauto.fr\/wp-content\/uploads\/2018\/10\/LOGOActus_BD-1040x373.jpg 1040w, https:\/\/lignesauto.fr\/wp-content\/uploads\/2018\/10\/LOGOActus_BD.jpg 1240w\" sizes=\"(max-width: 431px) 100vw, 431px\" \/><\/figure>\n\n\n\n<p>Vous vous souvenez \u00e9videmment du concept-car 19_19 dessin\u00e9 par Romain Gauvin pour c\u00e9l\u00e9brer le centenaire de Citro\u00ebn l&#8217;ann\u00e9e derni\u00e8re (ci-dessous)<\/p>\n\n\n\n<figure class=\"wp-block-image\"><img loading=\"lazy\" decoding=\"async\" width=\"1024\" height=\"768\" src=\"http:\/\/lignesauto.fr\/wp-content\/uploads\/2020\/02\/LIGNESDENNI5_06-1024x768.jpg\" alt=\"\" class=\"wp-image-16048\" srcset=\"https:\/\/lignesauto.fr\/wp-content\/uploads\/2020\/02\/LIGNESDENNI5_06-1024x768.jpg 1024w, https:\/\/lignesauto.fr\/wp-content\/uploads\/2020\/02\/LIGNESDENNI5_06-300x225.jpg 300w, https:\/\/lignesauto.fr\/wp-content\/uploads\/2020\/02\/LIGNESDENNI5_06-768x576.jpg 768w, https:\/\/lignesauto.fr\/wp-content\/uploads\/2020\/02\/LIGNESDENNI5_06-370x278.jpg 370w, https:\/\/lignesauto.fr\/wp-content\/uploads\/2020\/02\/LIGNESDENNI5_06-1040x780.jpg 1040w, https:\/\/lignesauto.fr\/wp-content\/uploads\/2020\/02\/LIGNESDENNI5_06.jpg 1417w\" sizes=\"(max-width: 1024px) 100vw, 1024px\" \/><\/figure>\n\n\n\n<p>L&#8217;artiste de Shanghai s&#8217;en est inspir\u00e9 pour concevoir le concept-car 2020, d\u00e9riv\u00e9 de 19_19 : une berline coup\u00e9 basse qui tranche sur la voiture haut perch\u00e9e de l&#8217;ann\u00e9e derni\u00e8re.<\/p>\n\n\n\n<figure class=\"wp-block-image\"><img loading=\"lazy\" decoding=\"async\" width=\"1024\" height=\"507\" src=\"http:\/\/lignesauto.fr\/wp-content\/uploads\/2020\/02\/LIGNESDENNI_07-1024x507.jpg\" alt=\"\" class=\"wp-image-16053\" srcset=\"https:\/\/lignesauto.fr\/wp-content\/uploads\/2020\/02\/LIGNESDENNI_07-1024x507.jpg 1024w, https:\/\/lignesauto.fr\/wp-content\/uploads\/2020\/02\/LIGNESDENNI_07-300x149.jpg 300w, https:\/\/lignesauto.fr\/wp-content\/uploads\/2020\/02\/LIGNESDENNI_07-768x380.jpg 768w, https:\/\/lignesauto.fr\/wp-content\/uploads\/2020\/02\/LIGNESDENNI_07-370x183.jpg 370w, https:\/\/lignesauto.fr\/wp-content\/uploads\/2020\/02\/LIGNESDENNI_07-1040x515.jpg 1040w, https:\/\/lignesauto.fr\/wp-content\/uploads\/2020\/02\/LIGNESDENNI_07.jpg 1417w\" sizes=\"(max-width: 1024px) 100vw, 1024px\" \/><\/figure>\n\n\n\n<p>Fini la capsule, tel un nuage qui vole au-dessus de la route, pour simuler une suspension Citro\u00ebn hyper-confortable, le tout sur des roues de 30 pouces. Place \u00e0 un engin bas qui reprend tous les fondamentaux du concept dessin\u00e9 par Romain Gauvin mais \u00e0 la mode asiatique et \u00e7a flash !<\/p>\n\n\n\n<figure class=\"wp-block-image\"><img loading=\"lazy\" decoding=\"async\" width=\"1024\" height=\"724\" src=\"http:\/\/lignesauto.fr\/wp-content\/uploads\/2020\/02\/LIGNESDENNI5_02-1024x724.jpg\" alt=\"\" class=\"wp-image-16051\" srcset=\"https:\/\/lignesauto.fr\/wp-content\/uploads\/2020\/02\/LIGNESDENNI5_02-1024x724.jpg 1024w, https:\/\/lignesauto.fr\/wp-content\/uploads\/2020\/02\/LIGNESDENNI5_02-300x212.jpg 300w, https:\/\/lignesauto.fr\/wp-content\/uploads\/2020\/02\/LIGNESDENNI5_02-768x543.jpg 768w, https:\/\/lignesauto.fr\/wp-content\/uploads\/2020\/02\/LIGNESDENNI5_02-370x262.jpg 370w, https:\/\/lignesauto.fr\/wp-content\/uploads\/2020\/02\/LIGNESDENNI5_02-1040x735.jpg 1040w, https:\/\/lignesauto.fr\/wp-content\/uploads\/2020\/02\/LIGNESDENNI5_02.jpg 1417w\" sizes=\"(max-width: 1024px) 100vw, 1024px\" \/><\/figure>\n\n\n\n<p>Retrouver la page Behance de Denni5 ici : <a href=\"https:\/\/www.behance.net\/denni5_\">https:\/\/www.behance.net\/denni5_<\/a><\/p>\n\n\n\n<figure class=\"wp-block-image\"><img loading=\"lazy\" decoding=\"async\" width=\"1024\" height=\"724\" src=\"http:\/\/lignesauto.fr\/wp-content\/uploads\/2020\/02\/LIGNESDENNI_03-1024x724.jpg\" alt=\"\" class=\"wp-image-16052\" srcset=\"https:\/\/lignesauto.fr\/wp-content\/uploads\/2020\/02\/LIGNESDENNI_03-1024x724.jpg 1024w, https:\/\/lignesauto.fr\/wp-content\/uploads\/2020\/02\/LIGNESDENNI_03-300x212.jpg 300w, https:\/\/lignesauto.fr\/wp-content\/uploads\/2020\/02\/LIGNESDENNI_03-768x543.jpg 768w, https:\/\/lignesauto.fr\/wp-content\/uploads\/2020\/02\/LIGNESDENNI_03-370x262.jpg 370w, https:\/\/lignesauto.fr\/wp-content\/uploads\/2020\/02\/LIGNESDENNI_03-1040x735.jpg 1040w, https:\/\/lignesauto.fr\/wp-content\/uploads\/2020\/02\/LIGNESDENNI_03.jpg 1417w\" sizes=\"(max-width: 1024px) 100vw, 1024px\" \/><\/figure>\n\n\n\n<figure class=\"wp-block-image is-resized\"><img loading=\"lazy\" decoding=\"async\" src=\"http:\/\/lignesauto.fr\/wp-content\/uploads\/2018\/10\/LOGOActus_BD-1024x367.jpg\" alt=\"L\u2019attribut alt de cette image est vide, son nom de fichier est LOGOActus_BD-1024x367.jpg.\" width=\"494\" height=\"176\"\/><\/figure>\n","protected":false},"excerpt":{"rendered":"<p>Nous avons d\u00e9j\u00e0 eu l&#8217;occasion de publier des travaux du designer &#8220;Denni5 d5&#8221; qui op\u00e8re depuis Shanghai en Chine avec des projets toujours efficaces et qui nous plaisent tous ! Voici que Denni5 s&#8217;est attaqu\u00e9 au concept Citro\u00ebn 19_19 pour le faire &#8220;redescendre&#8221; sur Terre. Vous vous souvenez \u00e9videmment du [&hellip;]<\/p>\n","protected":false},"author":1,"featured_media":16051,"comment_status":"open","ping_status":"open","sticky":false,"template":"","format":"standard","meta":{"footnotes":""},"categories":[1],"tags":[],"_links":{"self":[{"href":"https:\/\/lignesauto.fr\/index.php?rest_route=\/wp\/v2\/posts\/16046"}],"collection":[{"href":"https:\/\/lignesauto.fr\/index.php?rest_route=\/wp\/v2\/posts"}],"about":[{"href":"https:\/\/lignesauto.fr\/index.php?rest_route=\/wp\/v2\/types\/post"}],"author":[{"embeddable":true,"href":"https:\/\/lignesauto.fr\/index.php?rest_route=\/wp\/v2\/users\/1"}],"replies":[{"embeddable":true,"href":"https:\/\/lignesauto.fr\/index.php?rest_route=%2Fwp%2Fv2%2Fcomments&post=16046"}],"version-history":[{"count":6,"href":"https:\/\/lignesauto.fr\/index.php?rest_route=\/wp\/v2\/posts\/16046\/revisions"}],"predecessor-version":[{"id":16064,"href":"https:\/\/lignesauto.fr\/index.php?rest_route=\/wp\/v2\/posts\/16046\/revisions\/16064"}],"wp:featuredmedia":[{"embeddable":true,"href":"https:\/\/lignesauto.fr\/index.php?rest_route=\/wp\/v2\/media\/16051"}],"wp:attachment":[{"href":"https:\/\/lignesauto.fr\/index.php?rest_route=%2Fwp%2Fv2%2Fmedia&parent=16046"}],"wp:term":[{"taxonomy":"category","embeddable":true,"href":"https:\/\/lignesauto.fr\/index.php?rest_route=%2Fwp%2Fv2%2Fcategories&post=16046"},{"taxonomy":"post_tag","embeddable":true,"href":"https:\/\/lignesauto.fr\/index.php?rest_route=%2Fwp%2Fv2%2Ftags&post=16046"}],"curies":[{"name":"wp","href":"https:\/\/api.w.org\/{rel}","templated":true}]}}