{"id":16196,"date":"2020-04-18T17:10:55","date_gmt":"2020-04-18T15:10:55","guid":{"rendered":"http:\/\/lignesauto.fr\/?p=16196"},"modified":"2020-04-21T13:04:16","modified_gmt":"2020-04-21T11:04:16","slug":"la-longue-interview-dan-abramson-24-ans-de-design-citroen","status":"publish","type":"post","link":"https:\/\/lignesauto.fr\/?p=16196","title":{"rendered":"La longue interview : Dan Abramson, 24 ans de design Citro\u00ebn !"},"content":{"rendered":"\n<figure class=\"wp-block-image is-resized\"><img loading=\"lazy\" decoding=\"async\" src=\"http:\/\/lignesauto.fr\/wp-content\/uploads\/2018\/10\/LOGOActus_BD-1024x367.jpg\" alt=\"\" class=\"wp-image-4921\" width=\"424\" height=\"151\" srcset=\"https:\/\/lignesauto.fr\/wp-content\/uploads\/2018\/10\/LOGOActus_BD-1024x367.jpg 1024w, https:\/\/lignesauto.fr\/wp-content\/uploads\/2018\/10\/LOGOActus_BD-300x108.jpg 300w, https:\/\/lignesauto.fr\/wp-content\/uploads\/2018\/10\/LOGOActus_BD-768x276.jpg 768w, https:\/\/lignesauto.fr\/wp-content\/uploads\/2018\/10\/LOGOActus_BD-370x133.jpg 370w, https:\/\/lignesauto.fr\/wp-content\/uploads\/2018\/10\/LOGOActus_BD-1040x373.jpg 1040w, https:\/\/lignesauto.fr\/wp-content\/uploads\/2018\/10\/LOGOActus_BD.jpg 1240w\" sizes=\"(max-width: 424px) 100vw, 424px\" \/><\/figure>\n\n\n\n<figure class=\"wp-block-image\"><img loading=\"lazy\" decoding=\"async\" width=\"1417\" height=\"768\" src=\"http:\/\/lignesauto.fr\/wp-content\/uploads\/2020\/03\/5-1024x555.png\" alt=\"\" class=\"wp-image-16229\" srcset=\"https:\/\/lignesauto.fr\/wp-content\/uploads\/2020\/03\/5-1024x555.png 1024w, https:\/\/lignesauto.fr\/wp-content\/uploads\/2020\/03\/5-300x163.png 300w, https:\/\/lignesauto.fr\/wp-content\/uploads\/2020\/03\/5-768x416.png 768w, https:\/\/lignesauto.fr\/wp-content\/uploads\/2020\/03\/5-370x201.png 370w, https:\/\/lignesauto.fr\/wp-content\/uploads\/2020\/03\/5-1040x564.png 1040w, https:\/\/lignesauto.fr\/wp-content\/uploads\/2020\/03\/5.png 1417w\" sizes=\"(max-width: 1417px) 100vw, 1417px\" \/><\/figure>\n\n\n\n<p style=\"font-size:18px\">Dan Abramson est des grands designers de l\u2019\u00e8re Citro\u00ebn des ann\u00e9es 1983 (design avanc\u00e9) \u00e0 2007. On le connait pour ses travaux sur les deux concept-cars Activa et Activa 2 &#8211; de 1988 et 1990 -. Mais il a \u0153uvr\u00e9 sur de nombreux autres travaux comme on va le d\u00e9couvrir. Aujourd\u2019hui directeur design de RCD Except (voir notre post sur cette soci\u00e9t\u00e9), il revient pour vous sur ses travaux pour le constructeur fran\u00e7ais.<\/p>\n\n\n\n<figure class=\"wp-block-image\"><img loading=\"lazy\" decoding=\"async\" width=\"576\" height=\"1024\" src=\"http:\/\/lignesauto.fr\/wp-content\/uploads\/2020\/03\/15-576x1024.jpg\" alt=\"\" class=\"wp-image-16257\" srcset=\"https:\/\/lignesauto.fr\/wp-content\/uploads\/2020\/03\/15-576x1024.jpg 576w, https:\/\/lignesauto.fr\/wp-content\/uploads\/2020\/03\/15-169x300.jpg 169w, https:\/\/lignesauto.fr\/wp-content\/uploads\/2020\/03\/15-768x1366.jpg 768w, https:\/\/lignesauto.fr\/wp-content\/uploads\/2020\/03\/15-370x658.jpg 370w, https:\/\/lignesauto.fr\/wp-content\/uploads\/2020\/03\/15-1040x1850.jpg 1040w, https:\/\/lignesauto.fr\/wp-content\/uploads\/2020\/03\/15.jpg 1417w\" sizes=\"(max-width: 576px) 100vw, 576px\" \/><\/figure>\n\n\n\n<p style=\"font-size:18px\"><strong>LIGNES\/auto&nbsp;: Vous arrivez chez PSA par le biais du bureau de style avanc\u00e9 implant\u00e9 \u00e0 Carri\u00e8res-sous-Poissy&nbsp;?<\/strong><br>Dan Abramson&nbsp;: &#8220;Oui, je suis arriv\u00e9 l\u00e0 en 1984, apr\u00e8s le rachat de Chrysler Europe par PSA. Le groupe fran\u00e7ais a implant\u00e9 ce studio de style avanc\u00e9 et Arthur Blakeslee en a pris les commandes. Il venait de suivre \u00e0 Withley en Angleterre, la gen\u00e8se de la Talbot Tagora.&#8221;<\/p>\n\n\n\n<figure class=\"wp-block-image\"><img loading=\"lazy\" decoding=\"async\" width=\"1417\" height=\"797\" src=\"http:\/\/lignesauto.fr\/wp-content\/uploads\/2020\/03\/6-1024x576.jpg\" alt=\"\" class=\"wp-image-16203\" srcset=\"https:\/\/lignesauto.fr\/wp-content\/uploads\/2020\/03\/6-1024x576.jpg 1024w, https:\/\/lignesauto.fr\/wp-content\/uploads\/2020\/03\/6-300x169.jpg 300w, https:\/\/lignesauto.fr\/wp-content\/uploads\/2020\/03\/6-768x432.jpg 768w, https:\/\/lignesauto.fr\/wp-content\/uploads\/2020\/03\/6-370x208.jpg 370w, https:\/\/lignesauto.fr\/wp-content\/uploads\/2020\/03\/6-1040x585.jpg 1040w, https:\/\/lignesauto.fr\/wp-content\/uploads\/2020\/03\/6.jpg 1417w\" sizes=\"(max-width: 1417px) 100vw, 1417px\" \/><\/figure>\n\n\n\n<p style=\"font-size:18px\"><strong>Avant ce programme, on dit que Blakeslee a travaill\u00e9 sur le projet d\u2019un van compact Chrysler qui aurait inspir\u00e9 les concepteurs de la Renault Espace&nbsp;?<\/strong><br>D.A.&nbsp;: &#8220;Oui, je crois me souvenir que le projet s\u2019appelait Super Van, et il y avait Curtis Gwin et Geoff Matthews sur ce programme qui \u00e9tait g\u00e9r\u00e9 par Arthur Blakeslee. Ce dernier m\u2019a montr\u00e9 pas mal de photos o\u00f9 l\u2019on voit le v\u00e9hicule qui \u00e9tait un Espace avant l\u2019heure.&#8221;<\/p>\n\n\n\n<p style=\"font-size:18px\"><strong>Chez PSA, quelles sont les relations entre votre studio de Carri\u00e8res-sous-Poissy et les deux centres de style Citro\u00ebn et Peugeot&nbsp;?<\/strong><br>D.A.&nbsp;:&nbsp;&#8220;Il n\u2019y a aucune avec G\u00e9rard Welter&#8230; Il faut savoir que la volont\u00e9 d\u2019Arthur Blakeslee est alors de former un centre de design avanc\u00e9. Donc nous entrons en concurrence sur les projets en cours. A l\u2019\u00e9poque, on a travaill\u00e9 sur la Peugeot 405, en concurrence avec Peugeot et Pininfarina, et sur la 309 (ci-dessous)&#8221;<\/p>\n\n\n\n<figure class=\"wp-block-image\"><img loading=\"lazy\" decoding=\"async\" width=\"1024\" height=\"581\" src=\"http:\/\/lignesauto.fr\/wp-content\/uploads\/2020\/03\/PEUGEOT-309-1024x581.jpg\" alt=\"\" class=\"wp-image-16223\" srcset=\"https:\/\/lignesauto.fr\/wp-content\/uploads\/2020\/03\/PEUGEOT-309-1024x581.jpg 1024w, https:\/\/lignesauto.fr\/wp-content\/uploads\/2020\/03\/PEUGEOT-309-300x170.jpg 300w, https:\/\/lignesauto.fr\/wp-content\/uploads\/2020\/03\/PEUGEOT-309-768x436.jpg 768w, https:\/\/lignesauto.fr\/wp-content\/uploads\/2020\/03\/PEUGEOT-309-370x210.jpg 370w, https:\/\/lignesauto.fr\/wp-content\/uploads\/2020\/03\/PEUGEOT-309-1040x590.jpg 1040w, https:\/\/lignesauto.fr\/wp-content\/uploads\/2020\/03\/PEUGEOT-309.jpg 1417w\" sizes=\"(max-width: 1024px) 100vw, 1024px\" \/><\/figure>\n\n\n\n<p style=\"font-size:18px\">&#8220;Le seul moment o\u00f9 l\u2019on se croise &#8211; dans l\u2019ascenseur&nbsp;!-, c\u2019est lorsqu\u2019on pr\u00e9sente nos maquettes sur la terrasse de la Garenne. Arthur Blakeslee ne parle pas tr\u00e8s bien fran\u00e7ais et il me semble qu\u2019il n\u2019est pas trait\u00e9 avec le respect qu\u2019on lui doit. J\u2019ai toujours trouv\u00e9 \u00e7a dommageable, car c\u2019est un designer brillant, mais \u00e7a lui a pris beaucoup de temps pour imposer ses id\u00e9es. En m\u00eame temps, je crois savoir que Carl Olsen (<strong>patron du style Citro\u00ebn de 1982 \u00e0 1987, ci-dessous au centre entre Geoff Matthews et Jean Giret<\/strong>) s\u2019est fait virer justement parce qu\u2019en tant que responsable du style, il impose ses id\u00e9es, ce qui ne plait pas \u00e0 Luc Epron, responsable marketing. Le marketing de Citro\u00ebn de l\u2019\u00e9poque est tr\u00e8s fort.&#8221;<\/p>\n\n\n\n<figure class=\"wp-block-image\"><img loading=\"lazy\" decoding=\"async\" width=\"1024\" height=\"653\" src=\"http:\/\/lignesauto.fr\/wp-content\/uploads\/2020\/03\/332-01-1024x653.png\" alt=\"\" class=\"wp-image-16225\" srcset=\"https:\/\/lignesauto.fr\/wp-content\/uploads\/2020\/03\/332-01-1024x653.png 1024w, https:\/\/lignesauto.fr\/wp-content\/uploads\/2020\/03\/332-01-300x191.png 300w, https:\/\/lignesauto.fr\/wp-content\/uploads\/2020\/03\/332-01-768x490.png 768w, https:\/\/lignesauto.fr\/wp-content\/uploads\/2020\/03\/332-01-370x236.png 370w, https:\/\/lignesauto.fr\/wp-content\/uploads\/2020\/03\/332-01-1040x663.png 1040w, https:\/\/lignesauto.fr\/wp-content\/uploads\/2020\/03\/332-01.png 1417w\" sizes=\"(max-width: 1024px) 100vw, 1024px\" \/><\/figure>\n\n\n\n<p style=\"font-size:18px\"><strong>Quand arrivez-vous au design Citro\u00ebn&nbsp;?<\/strong><br>D.A.&nbsp;: &#8220;En 1987, en m\u00eame temps qu\u2019Arthur Blakeslee en prend la direction. Il y avait l\u00e0 d\u00e9j\u00e0 Donato Coco, Michel Albertus ou encore Jean-Claude Quinet, et m\u00eame encore Jean Giret&nbsp;!&#8221;<\/p>\n\n\n\n<figure class=\"wp-block-image\"><img loading=\"lazy\" decoding=\"async\" width=\"1024\" height=\"750\" src=\"http:\/\/lignesauto.fr\/wp-content\/uploads\/2020\/03\/LIGNESGIRET_05-1024x750.png\" alt=\"\" class=\"wp-image-16207\" srcset=\"https:\/\/lignesauto.fr\/wp-content\/uploads\/2020\/03\/LIGNESGIRET_05-1024x750.png 1024w, https:\/\/lignesauto.fr\/wp-content\/uploads\/2020\/03\/LIGNESGIRET_05-300x220.png 300w, https:\/\/lignesauto.fr\/wp-content\/uploads\/2020\/03\/LIGNESGIRET_05-768x563.png 768w, https:\/\/lignesauto.fr\/wp-content\/uploads\/2020\/03\/LIGNESGIRET_05-370x271.png 370w, https:\/\/lignesauto.fr\/wp-content\/uploads\/2020\/03\/LIGNESGIRET_05-1040x762.png 1040w, https:\/\/lignesauto.fr\/wp-content\/uploads\/2020\/03\/LIGNESGIRET_05.png 1417w\" sizes=\"(max-width: 1024px) 100vw, 1024px\" \/><\/figure>\n\n\n\n<p style=\"font-size:18px\"><strong>Quelle \u00e9tait votre relation avec Jean Giret, un homme de l\u2019\u00e8re Robert Opron&nbsp;?<\/strong><br>D.A.&nbsp;: &#8220;Jean Giret est alors un expert en maquettage pl\u00e2tre. Il travaille sur l\u2019Axel quand je d\u00e9barque chez Citro\u00ebn. Il semble comme un vieux monsieur qui tra\u00eene dans le studio. Il n\u2019a pas beaucoup de projets en cours. Je me souviens lui avoir montr\u00e9 une maquette en mousse des d\u00e9buts de mes travaux sur Activa parce que j\u2019avais une bonne relation avec lui.&nbsp;Le dernier travail de Jean Giret fut sa maquette pour le programme de la XM.&#8221;&nbsp;(ci-dessus)<\/p>\n\n\n\n<p style=\"font-size:18px\"><strong>Vous avez donc connu le pl\u00e2tre chez Citro\u00ebn&nbsp;?<\/strong><br>D.A. &#8220;Oui. Mais Arthur Blakeslee trouvait que ce mat\u00e9riau \u00e9tait ancien, certes assez noble, et il voulait imposer la clay qui est dans la culture am\u00e9ricaine.&#8221;<\/p>\n\n\n\n<figure class=\"wp-block-image\"><img loading=\"lazy\" decoding=\"async\" width=\"1024\" height=\"809\" src=\"http:\/\/lignesauto.fr\/wp-content\/uploads\/2020\/03\/2-1024x809.png\" alt=\"\" class=\"wp-image-16219\" srcset=\"https:\/\/lignesauto.fr\/wp-content\/uploads\/2020\/03\/2-1024x809.png 1024w, https:\/\/lignesauto.fr\/wp-content\/uploads\/2020\/03\/2-300x237.png 300w, https:\/\/lignesauto.fr\/wp-content\/uploads\/2020\/03\/2-768x607.png 768w, https:\/\/lignesauto.fr\/wp-content\/uploads\/2020\/03\/2-370x292.png 370w, https:\/\/lignesauto.fr\/wp-content\/uploads\/2020\/03\/2-1040x822.png 1040w, https:\/\/lignesauto.fr\/wp-content\/uploads\/2020\/03\/2.png 1417w\" sizes=\"(max-width: 1024px) 100vw, 1024px\" \/><\/figure>\n\n\n\n<p style=\"font-size:18px\"><strong>En 1987 \u00e0 votre arriv\u00e9e, vous d\u00e9couvrez la concurrence avec le studio de Bertone \u00e0 Turin&nbsp;?<\/strong><br>D.A.&nbsp;: &#8220;Philippe Couvreur g\u00e9rait les relations avec les fournisseurs ext\u00e9rieurs. PSA avait sign\u00e9 avec Bertone une sorte de forfait annuel qui imposait \u00e0 l\u2019Italien des travaux pour les programmes Citro\u00ebn. Je n\u2019y voyais aucun probl\u00e8me. Je crois cependant que, face \u00e0 Bertone, nous avons \u00e9t\u00e9 pi\u00e9g\u00e9s par nos maquettes en clay&#8230;&#8221; <strong>Ci-dessous, maquette Bertone pour le programme XM.<\/strong><\/p>\n\n\n\n<figure class=\"wp-block-image\"><img loading=\"lazy\" decoding=\"async\" width=\"1024\" height=\"564\" src=\"http:\/\/lignesauto.fr\/wp-content\/uploads\/2020\/03\/XM-BERTONE-1024x564.png\" alt=\"\" class=\"wp-image-16220\" srcset=\"https:\/\/lignesauto.fr\/wp-content\/uploads\/2020\/03\/XM-BERTONE-1024x564.png 1024w, https:\/\/lignesauto.fr\/wp-content\/uploads\/2020\/03\/XM-BERTONE-300x165.png 300w, https:\/\/lignesauto.fr\/wp-content\/uploads\/2020\/03\/XM-BERTONE-768x423.png 768w, https:\/\/lignesauto.fr\/wp-content\/uploads\/2020\/03\/XM-BERTONE-370x204.png 370w, https:\/\/lignesauto.fr\/wp-content\/uploads\/2020\/03\/XM-BERTONE-1040x572.png 1040w, https:\/\/lignesauto.fr\/wp-content\/uploads\/2020\/03\/XM-BERTONE.png 1417w\" sizes=\"(max-width: 1024px) 100vw, 1024px\" \/><\/figure>\n\n\n\n<p style=\"font-size:18px\"><strong>Pi\u00e9g\u00e9s&nbsp;? Dans quel sens&nbsp;?<\/strong><br>D.A.&nbsp;: &#8220;Jacques Calvet et certains d\u00e9cideurs ne trouvaient pas la clay assez pr\u00e9cise. Un jour qu\u2019il faisait chaud, Calvet a enfonc\u00e9 son pouce dans une maquette Clay de l\u2019une de nos propositions pour la XM, avec un rictus. Il pr\u00e9f\u00e9rait les maquettes en pl\u00e2tre&nbsp;! Bertone r\u00e9alisait les siennes avec une finition assez exceptionnelle, faites en laiton chrom\u00e9 et les joints \u00e9taient superbement grav\u00e9s. On pouvait toucher la maquette sans crainte, nos d\u00e9cideurs trouvait \u00e7a \u00ab&nbsp;solide&nbsp;\u00bb&nbsp;! Les n\u00f4tres \u00e9taient tout aussi expressives, mais nous les travaillions sans cesse, et elles \u00e9taient parfois bard\u00e9es de&nbsp;<em>tape<\/em>car nous les faisions \u00e9voluer chaque jour&nbsp;!&#8221;<\/p>\n\n\n\n<figure class=\"wp-block-image\"><img loading=\"lazy\" decoding=\"async\" width=\"1024\" height=\"562\" src=\"http:\/\/lignesauto.fr\/wp-content\/uploads\/2020\/03\/LIGNESXM_01-1024x562.png\" alt=\"\" class=\"wp-image-16221\" srcset=\"https:\/\/lignesauto.fr\/wp-content\/uploads\/2020\/03\/LIGNESXM_01-1024x562.png 1024w, https:\/\/lignesauto.fr\/wp-content\/uploads\/2020\/03\/LIGNESXM_01-300x165.png 300w, https:\/\/lignesauto.fr\/wp-content\/uploads\/2020\/03\/LIGNESXM_01-768x422.png 768w, https:\/\/lignesauto.fr\/wp-content\/uploads\/2020\/03\/LIGNESXM_01-370x203.png 370w, https:\/\/lignesauto.fr\/wp-content\/uploads\/2020\/03\/LIGNESXM_01-1040x571.png 1040w, https:\/\/lignesauto.fr\/wp-content\/uploads\/2020\/03\/LIGNESXM_01.png 1417w\" sizes=\"(max-width: 1024px) 100vw, 1024px\" \/><\/figure>\n\n\n\n<p style=\"font-size:18px\"><strong>Pour ce projet XM, il y avait un nombre invraisemblable de maquettes PSA&nbsp;?!<\/strong><br>D.A.&nbsp;:&nbsp;&#8220;Oui, on en a trop fait&nbsp;!&nbsp;&nbsp;On n\u2019a pas r\u00e9ussi \u00e0 se concentrer sur un seul design, contrairement \u00e0 Marc Deschamps chez Bertone qui est rest\u00e9 concentr\u00e9 sur une seule proposition. L\u2019id\u00e9e de Blakeslee \u00e9tait toujours de faire de nombreuses propositions, parfois jusqu\u2019\u00e0 huit maquettes. C\u2019est une m\u00e9thode tr\u00e8s anglo-saxonne&nbsp;!&#8221;<\/p>\n\n\n\n<p style=\"font-size:18px\"><strong>Avant ces travaux sur la XM, vous avez dessin\u00e9 l\u2019Activa du salon de Paris 1988.<\/strong><br>D.A.&nbsp;: &#8220;Citro\u00ebn avait l\u2019id\u00e9e de faire quelque chose de tr\u00e8s haut de gamme sur la plateforme de la XM en gestation. Moi je dirigeais l\u2019\u00e9quipe d\u00e9di\u00e9e au haut de gamme et Blakeslee est venu me voir pour me dire qu\u2019il y avait une proposition pour un show-car sur la plateforme \u00ab&nbsp;Y \u00bb. C\u2019est parti comme \u00e7a.&#8221;<\/p>\n\n\n\n<figure class=\"wp-block-image\"><img loading=\"lazy\" decoding=\"async\" width=\"1024\" height=\"576\" src=\"http:\/\/lignesauto.fr\/wp-content\/uploads\/2020\/03\/13-1024x576.jpg\" alt=\"\" class=\"wp-image-16208\" srcset=\"https:\/\/lignesauto.fr\/wp-content\/uploads\/2020\/03\/13-1024x576.jpg 1024w, https:\/\/lignesauto.fr\/wp-content\/uploads\/2020\/03\/13-300x169.jpg 300w, https:\/\/lignesauto.fr\/wp-content\/uploads\/2020\/03\/13-768x432.jpg 768w, https:\/\/lignesauto.fr\/wp-content\/uploads\/2020\/03\/13-370x208.jpg 370w, https:\/\/lignesauto.fr\/wp-content\/uploads\/2020\/03\/13-1040x585.jpg 1040w, https:\/\/lignesauto.fr\/wp-content\/uploads\/2020\/03\/13.jpg 1417w\" sizes=\"(max-width: 1024px) 100vw, 1024px\" \/><\/figure>\n\n\n\n<p style=\"font-size:18px\"> &#8220;Presque tout le monde bossait dessus au d\u00e9but, m\u00eame Donato Coco, mais j\u2019ai dessin\u00e9 plein de croquis dont l\u2019un a \u00e9t\u00e9 choisi par Blakeslee. Apr\u00e8s la petite maquette \u00e9chelle 1\/5<sup>e<\/sup>que j\u2019ai r\u00e9alis\u00e9 en mousse, chez moi, j\u2019ai eu la chance d\u2019avoir \u00e0 mes c\u00f4t\u00e9s Ray Downes, le responsable \u00ab&nbsp;faisabilit\u00e9&nbsp;\u00bb des avances de phases.&#8221;<\/p>\n\n\n\n<figure class=\"wp-block-image\"><img loading=\"lazy\" decoding=\"async\" width=\"1024\" height=\"576\" src=\"http:\/\/lignesauto.fr\/wp-content\/uploads\/2020\/03\/3-1024x576.jpg\" alt=\"\" class=\"wp-image-16255\" srcset=\"https:\/\/lignesauto.fr\/wp-content\/uploads\/2020\/03\/3-1024x576.jpg 1024w, https:\/\/lignesauto.fr\/wp-content\/uploads\/2020\/03\/3-300x169.jpg 300w, https:\/\/lignesauto.fr\/wp-content\/uploads\/2020\/03\/3-768x432.jpg 768w, https:\/\/lignesauto.fr\/wp-content\/uploads\/2020\/03\/3-370x208.jpg 370w, https:\/\/lignesauto.fr\/wp-content\/uploads\/2020\/03\/3-1040x585.jpg 1040w, https:\/\/lignesauto.fr\/wp-content\/uploads\/2020\/03\/3.jpg 1417w\" sizes=\"(max-width: 1024px) 100vw, 1024px\" \/><\/figure>\n\n\n\n<p style=\"font-size:18px\">&#8220;Ce type \u00e9tait incroyable, il tra\u00e7ait les sections de montants ou de bas de caisse \u00e0 la main, c\u2019\u00e9tait fabuleux. Avec lui, j\u2019ai r\u00e9alis\u00e9 la maquette \u00e9chelle 1 qui a \u00e9t\u00e9 frais\u00e9e chez Bernard Pene \u00e0 MBPM, dans l\u2019ancien b\u00e2timent de l\u2019usine Solex, tout \u00e0 c\u00f4t\u00e9 de celle de&#8230; Delage&nbsp;!&#8221;<\/p>\n\n\n\n<figure class=\"wp-block-image\"><img loading=\"lazy\" decoding=\"async\" width=\"1024\" height=\"637\" src=\"http:\/\/lignesauto.fr\/wp-content\/uploads\/2020\/03\/19-1024x637.png\" alt=\"\" class=\"wp-image-16209\" srcset=\"https:\/\/lignesauto.fr\/wp-content\/uploads\/2020\/03\/19-1024x637.png 1024w, https:\/\/lignesauto.fr\/wp-content\/uploads\/2020\/03\/19-300x187.png 300w, https:\/\/lignesauto.fr\/wp-content\/uploads\/2020\/03\/19-768x477.png 768w, https:\/\/lignesauto.fr\/wp-content\/uploads\/2020\/03\/19-370x230.png 370w, https:\/\/lignesauto.fr\/wp-content\/uploads\/2020\/03\/19-1040x647.png 1040w, https:\/\/lignesauto.fr\/wp-content\/uploads\/2020\/03\/19.png 1417w\" sizes=\"(max-width: 1024px) 100vw, 1024px\" \/><\/figure>\n\n\n\n<p style=\"font-size:18px\"><strong>C\u2019est l\u2019\u00e9poque du salon de Paris 1988 o\u00f9 elle est expos\u00e9e avec les Peugeot Oxia et Renault M\u00e9gane. Il y avait beaucoup de technologie \u00e0 bord de ces concept-cars&nbsp;!<\/strong><br>D.A.&nbsp;: &#8220;Toute la partie technique de l\u2019Activa a \u00e9t\u00e9 ma\u00eetris\u00e9e \u00e0 la Garenne avec l&#8217;\u00e9quipe de Vincent Soulignac. Tous l\u00e0-bas ont fait un travail incroyable&nbsp;! Les suspensions fonctionnaient, les commandes&nbsp;<em>by wire<\/em> \u00e9galement. On a travaill\u00e9 avec une soci\u00e9t\u00e9 \u00e0 V\u00e9lizy qui a d\u00e9velopp\u00e9 cette technologie pour Airbus. Il devait y avoir une centaine de personne qui bossaient sur le projet. Ils ont m\u00eame coul\u00e9 un bloc sp\u00e9cifique pour pourvoir implanter le moteur plus bas dans le ch\u00e2ssis. Le groupe a mis beaucoup d\u2019argent dans ce concept.&#8221;<\/p>\n\n\n\n<figure class=\"wp-block-image\"><img loading=\"lazy\" decoding=\"async\" width=\"1024\" height=\"426\" src=\"http:\/\/lignesauto.fr\/wp-content\/uploads\/2020\/03\/8-1024x426.png\" alt=\"\" class=\"wp-image-16210\" srcset=\"https:\/\/lignesauto.fr\/wp-content\/uploads\/2020\/03\/8-1024x426.png 1024w, https:\/\/lignesauto.fr\/wp-content\/uploads\/2020\/03\/8-300x125.png 300w, https:\/\/lignesauto.fr\/wp-content\/uploads\/2020\/03\/8-768x319.png 768w, https:\/\/lignesauto.fr\/wp-content\/uploads\/2020\/03\/8-370x154.png 370w, https:\/\/lignesauto.fr\/wp-content\/uploads\/2020\/03\/8-1040x432.png 1040w, https:\/\/lignesauto.fr\/wp-content\/uploads\/2020\/03\/8.png 1417w\" sizes=\"(max-width: 1024px) 100vw, 1024px\" \/><\/figure>\n\n\n\n<p style=\"font-size:18px\"><strong>Deux ans apr\u00e8s, vous dessinez l\u2019Activa 2. \u00c9tait-ce une volont\u00e9 de Citro\u00ebn de produire \u00e0 terme un coup\u00e9 haut de gamme&nbsp;?<\/strong><br>D.A.&nbsp;: &#8220;Non, \u00e7a n\u2019a jamais \u00e9t\u00e9 \u00e9voqu\u00e9. L\u2019Activa 2 est n\u00e9e pendant mes vacances dans les C\u00e9vennes. J\u2019ai sculpt\u00e9 une maquette de coup\u00e9 au 1\/5<sup>e<\/sup>&nbsp;&nbsp;dans mon coin. Pour m\u2019amuser&nbsp;!&#8221; Et avec Mark Lloyd qui \u00e9tait dans mon \u00e9quipe, on l\u2019a travaill\u00e9e avec deux flancs diff\u00e9rents avant de la pr\u00e9senter \u00e0 Blakeslee puis \u00e0 Luc Epron. L\u2019id\u00e9e \u00e9tait de concevoir une \u00e9tude&nbsp;&nbsp;assez high tech. On a ensuite r\u00e9alis\u00e9e la maquette \u00e9chelle 1\/1, la seule que Calvet ait vue d\u2019ailleurs&#8230;&#8221;<\/p>\n\n\n\n<figure class=\"wp-block-image\"><img loading=\"lazy\" decoding=\"async\" width=\"1024\" height=\"457\" src=\"http:\/\/lignesauto.fr\/wp-content\/uploads\/2020\/03\/20_04-1024x457.png\" alt=\"\" class=\"wp-image-16213\" srcset=\"https:\/\/lignesauto.fr\/wp-content\/uploads\/2020\/03\/20_04-1024x457.png 1024w, https:\/\/lignesauto.fr\/wp-content\/uploads\/2020\/03\/20_04-300x134.png 300w, https:\/\/lignesauto.fr\/wp-content\/uploads\/2020\/03\/20_04-768x343.png 768w, https:\/\/lignesauto.fr\/wp-content\/uploads\/2020\/03\/20_04-370x165.png 370w, https:\/\/lignesauto.fr\/wp-content\/uploads\/2020\/03\/20_04-1040x465.png 1040w, https:\/\/lignesauto.fr\/wp-content\/uploads\/2020\/03\/20_04.png 1417w\" sizes=\"(max-width: 1024px) 100vw, 1024px\" \/><figcaption>Dans cette proposition, le soft-nose est mou<br>et les optiques sortent en ouvrant litt\u00e9ralement le bouclier !<\/figcaption><\/figure>\n\n\n\n<p style=\"font-size:18px\"><strong>Jacques Calvet donne son feu vert \u00e0 ce moment-l\u00e0&nbsp;?<\/strong><br>D.A.&nbsp;: &#8220;On a montr\u00e9 la maquette \u00e0 Jacques Calvet. C\u2019est Bernard Pene qui l\u2019avait frais\u00e9e en r\u00e9sine et elle \u00e9tait peinte en grise. On savait qu\u2019il voulait pr\u00e9senter un show-car \u00e0 Paris en 1990. Il a \u00e9t\u00e9 surpris&nbsp;! On s\u2019est dit qu\u2019il ne&nbsp;choisirait pas un projet comme celui-l\u00e0 car nous le trouvions \u00e9videmment plus joli que la XM en gestation&nbsp;! Mais il l\u2019a valid\u00e9e. Il pr\u00e9f\u00e9rait les lignes souples de l\u2019Activa 2 aux lignes un peu hach\u00e9es de la XM.&nbsp;Il a donc donn\u00e9 son feu vert, mais pour un concept, pas pour un coup\u00e9 de s\u00e9rie. Par contre, on a \u00e9t\u00e9 oblig\u00e9 d&#8217;adoucir les lignes un peu \u00e9loign\u00e9es de cette future XM, surtout la ligne de ceinture, qui avait une remont\u00e9e plus franche sur l&#8217;arri\u00e8re, comme sur XM.&#8221;<\/p>\n\n\n\n<figure class=\"wp-block-image\"><img loading=\"lazy\" decoding=\"async\" width=\"1024\" height=\"669\" src=\"http:\/\/lignesauto.fr\/wp-content\/uploads\/2020\/03\/CL_90_360_025_HD-1024x669.jpg\" alt=\"\" class=\"wp-image-16215\" srcset=\"https:\/\/lignesauto.fr\/wp-content\/uploads\/2020\/03\/CL_90_360_025_HD-1024x669.jpg 1024w, https:\/\/lignesauto.fr\/wp-content\/uploads\/2020\/03\/CL_90_360_025_HD-300x196.jpg 300w, https:\/\/lignesauto.fr\/wp-content\/uploads\/2020\/03\/CL_90_360_025_HD-768x502.jpg 768w, https:\/\/lignesauto.fr\/wp-content\/uploads\/2020\/03\/CL_90_360_025_HD-370x242.jpg 370w, https:\/\/lignesauto.fr\/wp-content\/uploads\/2020\/03\/CL_90_360_025_HD-1040x680.jpg 1040w, https:\/\/lignesauto.fr\/wp-content\/uploads\/2020\/03\/CL_90_360_025_HD.jpg 1417w\" sizes=\"(max-width: 1024px) 100vw, 1024px\" \/><\/figure>\n\n\n\n<p style=\"font-size:18px\"><strong>Il me semble que Xavier Karcher, au produit, avait envisag\u00e9 la production en petite s\u00e9rie de l\u2019Activa 2&nbsp;?<\/strong><br>D.A.&nbsp;: &#8220;Karcher a lanc\u00e9 la rumeur que Bertone la produirait. C\u2019est vrai que l\u2019Activa 2 est l\u2019une des plus belles voitures qu\u2019on ait faites. Mais su effectivement il a \u00e9t\u00e9 question de Bertone, c\u2019est uniquement pour rendre le concept-car roulant. Bertone a moul\u00e9 la voiture et taper toute la carrosserie en t\u00f4le sur un ch\u00e2ssis de XM. C\u2019est \u00e0 ce moment-l\u00e0 que je deviens ami avec Marc Deschamps. Il est rest\u00e9 dans son r\u00f4le, sans jamais rien modifier en style et en garantissant la qualit\u00e9 Bertone sur le prototype roulant.&#8221;<\/p>\n\n\n\n<figure class=\"wp-block-image\"><img loading=\"lazy\" decoding=\"async\" width=\"1024\" height=\"731\" src=\"http:\/\/lignesauto.fr\/wp-content\/uploads\/2020\/03\/101.01-1024x731.jpg\" alt=\"\" class=\"wp-image-16241\" srcset=\"https:\/\/lignesauto.fr\/wp-content\/uploads\/2020\/03\/101.01-1024x731.jpg 1024w, https:\/\/lignesauto.fr\/wp-content\/uploads\/2020\/03\/101.01-300x214.jpg 300w, https:\/\/lignesauto.fr\/wp-content\/uploads\/2020\/03\/101.01-768x548.jpg 768w, https:\/\/lignesauto.fr\/wp-content\/uploads\/2020\/03\/101.01-370x264.jpg 370w, https:\/\/lignesauto.fr\/wp-content\/uploads\/2020\/03\/101.01-1040x742.jpg 1040w, https:\/\/lignesauto.fr\/wp-content\/uploads\/2020\/03\/101.01.jpg 1417w\" sizes=\"(max-width: 1024px) 100vw, 1024px\" \/><\/figure>\n\n\n\n<p style=\"font-size:18px\"><strong>En 1995, vous g\u00e9rez le concept-car Xanae, la berline monospace volumique (ci-dessus)&#8230;<\/strong><br>D.A&nbsp;: &#8220;Citro\u00ebn savait que Renault pr\u00e9parait le lancement de son monospace compact Sc\u00e9nic et la direction voulait montrer que la marque \u00e9tait bien vivante&nbsp;! Comme le ch\u00e2ssis est avec la suspension hydraulique, le projet tombe dans mon \u00e9quipe. Mark Lloyd travaille sur le style ext\u00e9rieur, Marc Pinson sur l\u2019int\u00e9rieur. Nous r\u00e9alisons de nombreux dessins, une maquette 1\/5<sup>e<\/sup>puis une \u00e0 l\u2019\u00e9chelle 1\/1. Tout le travail est pratiquement termin\u00e9 lorsqu\u2019\u00e0 la pr\u00e9sentation de notre concept-car, on apprend que l\u2019\u00e9quipe de Luc Epron a demand\u00e9 \u00e0 Antoine Volanis (ex-designer Matra) de faire sa propre proposition. On est extr\u00eamement surpris car pour un concept-car habituellement, on ne consulte pas \u00e0 l\u2019ext\u00e9rieur&#8230;&#8221;<\/p>\n\n\n\n<figure class=\"wp-block-image\"><img loading=\"lazy\" decoding=\"async\" width=\"1024\" height=\"702\" src=\"http:\/\/lignesauto.fr\/wp-content\/uploads\/2020\/03\/334-01-1024x702.jpg\" alt=\"\" class=\"wp-image-16216\" srcset=\"https:\/\/lignesauto.fr\/wp-content\/uploads\/2020\/03\/334-01-1024x702.jpg 1024w, https:\/\/lignesauto.fr\/wp-content\/uploads\/2020\/03\/334-01-300x206.jpg 300w, https:\/\/lignesauto.fr\/wp-content\/uploads\/2020\/03\/334-01-768x527.jpg 768w, https:\/\/lignesauto.fr\/wp-content\/uploads\/2020\/03\/334-01-370x254.jpg 370w, https:\/\/lignesauto.fr\/wp-content\/uploads\/2020\/03\/334-01-1040x713.jpg 1040w, https:\/\/lignesauto.fr\/wp-content\/uploads\/2020\/03\/334-01.jpg 1417w\" sizes=\"(max-width: 1024px) 100vw, 1024px\" \/><\/figure>\n\n\n\n<p style=\"font-size:18px\"><strong>C\u2019est ce qui va conduire Citro\u00ebn \u00e0 un proc\u00e8s&#8230;<\/strong><br>D.A.&nbsp;: &#8220;En fait, Antoine Volanis avait pr\u00e9sent\u00e9 un projet \u00e0 la Garenne d\u2019un pseudo-monospace. Chacun de ses dessins \u00e9tait num\u00e9rot\u00e9s et prot\u00e9g\u00e9s, mais nous ne les avons jamais vus&nbsp;! Le pire, c\u2019est que la personne de l\u2019\u00e9quipe de Luc Epron en charge de la liaison avec Volanis lui communiquait l\u2019avancement de nos propres travaux&nbsp;! Le probl\u00e8me \u00e0 l\u2019\u00e9poque, c\u2019est que nous ne prot\u00e9gions pas nos dessins. Philippe Couvreur qui g\u00e9rait les collaborations ext\u00e9rieurs a \u00e9t\u00e9 pris au pi\u00e8ge par Volanis qui a consid\u00e9r\u00e9 que son projet avait \u00e9t\u00e9 plagi\u00e9 par Citro\u00ebn&nbsp;! Ce qui est incroyable, c\u2019est que nous n\u2019avons vu la maquette de Volanis que lors de la pr\u00e9sentation ultime et c\u2019est bien la n\u00f4tre qui a \u00e9t\u00e9 retenue. En outre, il faut savoir que lorsqu\u2019un consultant pr\u00e9sentait une maquette \u00e0 l\u2019(\u00e9poque, elle devenait la propri\u00e9t\u00e9 du groupe&#8230; mais avec Volanis, PSA n\u2019avait visiblement pas prot\u00e9g\u00e9 l\u2019affaire.&nbsp;Alors le groupe a constitu\u00e9 avec nous un dossier, avec tous nos croquis, et d\u00e9montr\u00e9 ainsi que les dessins et maquettes de Citro\u00ebn avaient tous \u00e9t\u00e9 cr\u00e9\u00e9s six mois, voire un an avant les propositions de Volanis. Mais comme nos dessins n\u2019avaient pas \u00e9t\u00e9 d\u00e9pos\u00e9s, Volanis a gagn\u00e9 son proc\u00e8s.&#8221;<\/p>\n\n\n\n<figure class=\"wp-block-image\"><img loading=\"lazy\" decoding=\"async\" width=\"1024\" height=\"654\" src=\"http:\/\/lignesauto.fr\/wp-content\/uploads\/2020\/03\/103.03-1024x654.jpg\" alt=\"\" class=\"wp-image-16217\" srcset=\"https:\/\/lignesauto.fr\/wp-content\/uploads\/2020\/03\/103.03-1024x654.jpg 1024w, https:\/\/lignesauto.fr\/wp-content\/uploads\/2020\/03\/103.03-300x192.jpg 300w, https:\/\/lignesauto.fr\/wp-content\/uploads\/2020\/03\/103.03-768x491.jpg 768w, https:\/\/lignesauto.fr\/wp-content\/uploads\/2020\/03\/103.03-370x236.jpg 370w, https:\/\/lignesauto.fr\/wp-content\/uploads\/2020\/03\/103.03-1040x664.jpg 1040w, https:\/\/lignesauto.fr\/wp-content\/uploads\/2020\/03\/103.03.jpg 1417w\" sizes=\"(max-width: 1024px) 100vw, 1024px\" \/><\/figure>\n\n\n\n<p style=\"font-size:18px\"><strong>Vous \u00eates responsable du projet qui va donner naissance \u00e0 la premi\u00e8re g\u00e9n\u00e9ration de C5. Une d\u00e9ception dites-vous ?!<\/strong><br>D.A. : &#8220;Pour le projet de la premi\u00e8re C5, Luc Epron voulait le plus grand volume int\u00e9rieur possible sur la plateforme. On a fait une maquette tr\u00e8s esth\u00e9tique, sans coffre. Un bicorps faite par Mark Lloyd, presque un coup\u00e9 quatre portes avec une vitre en amont de la porte avant et un pied milieu tr\u00e8s avanc\u00e9. Elle \u00e9tait dynamique. Mais tout s\u2019est g\u00e2t\u00e9&#8230;.&#8221;<\/p>\n\n\n\n<figure class=\"wp-block-image\"><img loading=\"lazy\" decoding=\"async\" width=\"1024\" height=\"567\" src=\"http:\/\/lignesauto.fr\/wp-content\/uploads\/2020\/03\/DANABRAMSON-C5-BICORPS-1024x567.png\" alt=\"\" class=\"wp-image-16235\" srcset=\"https:\/\/lignesauto.fr\/wp-content\/uploads\/2020\/03\/DANABRAMSON-C5-BICORPS-1024x567.png 1024w, https:\/\/lignesauto.fr\/wp-content\/uploads\/2020\/03\/DANABRAMSON-C5-BICORPS-300x166.png 300w, https:\/\/lignesauto.fr\/wp-content\/uploads\/2020\/03\/DANABRAMSON-C5-BICORPS-768x425.png 768w, https:\/\/lignesauto.fr\/wp-content\/uploads\/2020\/03\/DANABRAMSON-C5-BICORPS-370x205.png 370w, https:\/\/lignesauto.fr\/wp-content\/uploads\/2020\/03\/DANABRAMSON-C5-BICORPS-1040x576.png 1040w, https:\/\/lignesauto.fr\/wp-content\/uploads\/2020\/03\/DANABRAMSON-C5-BICORPS.png 1340w\" sizes=\"(max-width: 1024px) 100vw, 1024px\" \/><figcaption>Document Car Design Archives : <a href=\"https:\/\/www.facebook.com\/cardesignarchives\/\">https:\/\/www.facebook.com\/cardesignarchives\/<\/a><\/figcaption><\/figure>\n\n\n\n<p style=\"font-size:18px\">&#8220;D\u2019abord, Luc Epron demande de greffer un coffre puis les gars de l\u2019a\u00e9rodynamique ont fait remonter l\u2019arri\u00e8re, Epron voulait encore plus de place \u00e0 l\u2019arri\u00e8re, puis ils ont supprim\u00e9 le fenestron avant, pour des raisons de co\u00fbts. On a donc recul\u00e9 le montant de pare-brise&#8230; Toutes les d\u00e9corations chrom\u00e9es ont disparu, et au moment des pr\u00e9s\u00e9ries, ils ont remont\u00e9 l\u2019assiette de 25 mm et je crois qu\u2019il y a m\u00eame eu des versions avec des roues de 14 pouces. Bref, mille modifications qui ont cass\u00e9 l\u2019\u00e9quilibre de la voiture. En plus, le directeur du projet ne le d\u00e9fendait pas&nbsp;! Mais elle s\u2019est quand m\u00eame mieux vendue que la C5 actuelle&#8230;&#8221;<\/p>\n\n\n\n<figure class=\"wp-block-image\"><img loading=\"lazy\" decoding=\"async\" width=\"1024\" height=\"681\" src=\"http:\/\/lignesauto.fr\/wp-content\/uploads\/2020\/03\/LIGNESC5_04-1024x681.jpg\" alt=\"\" class=\"wp-image-16237\" srcset=\"https:\/\/lignesauto.fr\/wp-content\/uploads\/2020\/03\/LIGNESC5_04-1024x681.jpg 1024w, https:\/\/lignesauto.fr\/wp-content\/uploads\/2020\/03\/LIGNESC5_04-300x200.jpg 300w, https:\/\/lignesauto.fr\/wp-content\/uploads\/2020\/03\/LIGNESC5_04-768x511.jpg 768w, https:\/\/lignesauto.fr\/wp-content\/uploads\/2020\/03\/LIGNESC5_04-370x246.jpg 370w, https:\/\/lignesauto.fr\/wp-content\/uploads\/2020\/03\/LIGNESC5_04-1040x692.jpg 1040w, https:\/\/lignesauto.fr\/wp-content\/uploads\/2020\/03\/LIGNESC5_04.jpg 1417w\" sizes=\"(max-width: 1024px) 100vw, 1024px\" \/><figcaption>Dan Abramson a rapidement lanc\u00e9 le restyling de la C5 de la premi\u00e8re g\u00e9n\u00e9ration.<\/figcaption><\/figure>\n\n\n\n<p style=\"font-size:18px\"><strong>En 1999, quand Jean-Pierre Plou\u00e9 prend la succession d\u2019Arthur Blakeslee, quel est votre \u00e9tat d\u2019esprit&nbsp;?<\/strong><br>D.A&nbsp;: &#8220;Blakeslee a donn\u00e9 mon nom pour son remplacement, mais on savait que PSA n\u2019allait pas choisir un autre anglo-saxon&nbsp;! Trois ans auparavant, le groupe avait contact\u00e9 Victor Nacif . Mais trois ans avant, c\u2019\u00e9tait bien trop long et Victor n\u2019a finalement pas \u00e9t\u00e9 choisi, \u00e0 son grande d\u00e9ception. Claude Satinet, le patron de Citro\u00ebn \u00e0 l\u2019\u00e9poque, disait qu\u2019il ne croyait pas que quelqu\u2019un en interne puisse prendre ce poste&#8230; Mais bon, c\u2019est normal que le groupe ait choisi quelqu\u2019un de l\u2019ext\u00e9rieur. Et c\u2019est \u00e9galement \u00e0 cette \u00e9poque que Robert Peugeot est devenu responsable des bureaux de design. Il aimait bien G\u00e9rard Welter, moins Arthur Blakeslee&#8230;&#8221;<\/p>\n\n\n\n<figure class=\"wp-block-image\"><img loading=\"lazy\" decoding=\"async\" width=\"1024\" height=\"681\" src=\"http:\/\/lignesauto.fr\/wp-content\/uploads\/2020\/03\/LIGNESC02-1024x681.jpg\" alt=\"\" class=\"wp-image-16227\" srcset=\"https:\/\/lignesauto.fr\/wp-content\/uploads\/2020\/03\/LIGNESC02-1024x681.jpg 1024w, https:\/\/lignesauto.fr\/wp-content\/uploads\/2020\/03\/LIGNESC02-300x200.jpg 300w, https:\/\/lignesauto.fr\/wp-content\/uploads\/2020\/03\/LIGNESC02-768x511.jpg 768w, https:\/\/lignesauto.fr\/wp-content\/uploads\/2020\/03\/LIGNESC02-370x246.jpg 370w, https:\/\/lignesauto.fr\/wp-content\/uploads\/2020\/03\/LIGNESC02-1040x692.jpg 1040w, https:\/\/lignesauto.fr\/wp-content\/uploads\/2020\/03\/LIGNESC02.jpg 1417w\" sizes=\"(max-width: 1024px) 100vw, 1024px\" \/><\/figure>\n\n\n\n<p style=\"font-size:18px\"><strong>Vous quittez Citro\u00ebn en 2007, apr\u00e8s avoir g\u00e9r\u00e9 le programme de la C6 (ci-dessus)&#8230;.<\/strong><br>D.A.&nbsp;: &#8220;Quand Blakeslee est parti, je savais que je n\u2019allais pas rester&#8230; J\u2019\u00e9tais un tr\u00e8s bon ami d\u2019Arthur, sa femme s\u2019occupait souvent de mes enfants. La C6 \u00e9tait presque termin\u00e9e avant l\u2019arriv\u00e9e de Plou\u00e9, puisqu\u2019avant mon d\u00e9part, je suivais encore sa pr\u00e9-production \u00e0 l\u2019usine de Rennes, et je travaillais au renouvellement du Berlingo. Jean-Pierre me laissait pr\u00e9senter les projets de C6 ou du Berlingo B9. Il \u00e9tait m\u00eame satisfait du boulot que mon \u00e9quipe a fait sur le restylage de la C5. Mais c\u2019est normal qu\u2019il ait voulu s\u2019investir dans un projet qui lui soit propre, avec sa nouvelle \u00e9quipe&nbsp;: \u00e7a a \u00e9t\u00e9 la nouvelle C5 qu\u2019il a confi\u00e9e \u00e0 Alexandre Malval.&nbsp;Je quitte donc Citro\u00ebn au moment du lancement de la C6, apr\u00e8s 24 ans.&#8221;<\/p>\n\n\n\n<figure class=\"wp-block-image\"><img loading=\"lazy\" decoding=\"async\" width=\"1024\" height=\"724\" src=\"http:\/\/lignesauto.fr\/wp-content\/uploads\/2020\/03\/LIGNESCHRYSALIS_01-1024x724.jpg\" alt=\"\" class=\"wp-image-16250\" srcset=\"https:\/\/lignesauto.fr\/wp-content\/uploads\/2020\/03\/LIGNESCHRYSALIS_01-1024x724.jpg 1024w, https:\/\/lignesauto.fr\/wp-content\/uploads\/2020\/03\/LIGNESCHRYSALIS_01-300x212.jpg 300w, https:\/\/lignesauto.fr\/wp-content\/uploads\/2020\/03\/LIGNESCHRYSALIS_01-768x543.jpg 768w, https:\/\/lignesauto.fr\/wp-content\/uploads\/2020\/03\/LIGNESCHRYSALIS_01-370x262.jpg 370w, https:\/\/lignesauto.fr\/wp-content\/uploads\/2020\/03\/LIGNESCHRYSALIS_01-1040x735.jpg 1040w, https:\/\/lignesauto.fr\/wp-content\/uploads\/2020\/03\/LIGNESCHRYSALIS_01.jpg 1417w\" sizes=\"(max-width: 1024px) 100vw, 1024px\" \/><\/figure>\n\n\n\n<p style=\"font-size:18px\">Apr\u00e8s une ann\u00e9e sabbatique, Dan Abramson devient actionnaire d\u2019une entreprise italienne (Linea-Gam) avec, comme maquettiste, sans doute l\u2019un des plus grands sur la plan\u00e8te automobile&nbsp;: Victorio ex-ma\u00eetre incontest\u00e9 chez Ital Design. Le parcours de Dan Abramson croise ensuite la route de la soci\u00e9t\u00e9 Duarte (1&nbsp;400 personnes \u00e0 l\u2019\u00e9poque) pour se poursuivre chez Estech. C\u2019est l\u00e0 que Gilles Vidal lui fait confiance et la fabrication du concept-car&#8230; GTbyCitro\u00ebn, de 2008 sera ainsi le premier concept r\u00e9alis\u00e9 par Estech. C&#8217;est ici que Dan cr\u00e9e \u00e9galement le concept Chrysalis (ci-dessus : design ext\u00e9rieur, ci-dessous : design inter).<\/p>\n\n\n\n<figure class=\"wp-block-image\"><img loading=\"lazy\" decoding=\"async\" width=\"1024\" height=\"614\" src=\"http:\/\/lignesauto.fr\/wp-content\/uploads\/2020\/03\/LIGNESCHRYSALIS_02-1024x614.png\" alt=\"\" class=\"wp-image-16252\" srcset=\"https:\/\/lignesauto.fr\/wp-content\/uploads\/2020\/03\/LIGNESCHRYSALIS_02-1024x614.png 1024w, https:\/\/lignesauto.fr\/wp-content\/uploads\/2020\/03\/LIGNESCHRYSALIS_02-300x180.png 300w, https:\/\/lignesauto.fr\/wp-content\/uploads\/2020\/03\/LIGNESCHRYSALIS_02-768x461.png 768w, https:\/\/lignesauto.fr\/wp-content\/uploads\/2020\/03\/LIGNESCHRYSALIS_02-370x222.png 370w, https:\/\/lignesauto.fr\/wp-content\/uploads\/2020\/03\/LIGNESCHRYSALIS_02-1040x624.png 1040w, https:\/\/lignesauto.fr\/wp-content\/uploads\/2020\/03\/LIGNESCHRYSALIS_02.png 1417w\" sizes=\"(max-width: 1024px) 100vw, 1024px\" \/><\/figure>\n\n\n\n<p><strong>En 2011, il rejoint les rangs de RCD en tant que directeur de la conception : <\/strong><a href=\"http:\/\/lignesauto.fr\/?p=16263\">http:\/\/lignesauto.fr\/?p=16263<\/a> CLIQUEZ SUR LA PHOTO CI-DESSOUS<\/p>\n\n\n\n<figure class=\"wp-block-image\"><a href=\"http:\/\/lignesauto.fr\/?p=16263\"><img loading=\"lazy\" decoding=\"async\" width=\"1024\" height=\"528\" src=\"http:\/\/lignesauto.fr\/wp-content\/uploads\/2020\/03\/LIGNESRCD_00-1024x528.png\" alt=\"\" class=\"wp-image-16287\" srcset=\"https:\/\/lignesauto.fr\/wp-content\/uploads\/2020\/03\/LIGNESRCD_00-1024x528.png 1024w, https:\/\/lignesauto.fr\/wp-content\/uploads\/2020\/03\/LIGNESRCD_00-300x155.png 300w, https:\/\/lignesauto.fr\/wp-content\/uploads\/2020\/03\/LIGNESRCD_00-768x396.png 768w, https:\/\/lignesauto.fr\/wp-content\/uploads\/2020\/03\/LIGNESRCD_00-370x191.png 370w, https:\/\/lignesauto.fr\/wp-content\/uploads\/2020\/03\/LIGNESRCD_00-1040x536.png 1040w, https:\/\/lignesauto.fr\/wp-content\/uploads\/2020\/03\/LIGNESRCD_00.png 1417w\" sizes=\"(max-width: 1024px) 100vw, 1024px\" \/><\/a><\/figure>\n\n\n\n<p><strong>Propos recueillis par Christophe Bonnaud<\/strong><\/p>\n\n\n\n<figure class=\"wp-block-image is-resized\"><img loading=\"lazy\" decoding=\"async\" src=\"http:\/\/lignesauto.fr\/wp-content\/uploads\/2018\/10\/LOGOActus_BD-1024x367.jpg\" alt=\"L\u2019attribut alt de cette image est vide, son nom de fichier est LOGOActus_BD-1024x367.jpg.\" width=\"449\" height=\"160\"\/><\/figure>\n","protected":false},"excerpt":{"rendered":"<p>Dan Abramson est des grands designers de l\u2019\u00e8re Citro\u00ebn des ann\u00e9es 1983 (design avanc\u00e9) \u00e0 2007. On le connait pour ses travaux sur les deux concept-cars Activa et Activa 2 &#8211; de 1988 et 1990 -. Mais il a \u0153uvr\u00e9 sur de nombreux autres travaux comme on va le d\u00e9couvrir. [&hellip;]<\/p>\n","protected":false},"author":1,"featured_media":16202,"comment_status":"open","ping_status":"open","sticky":false,"template":"","format":"standard","meta":{"footnotes":""},"categories":[1],"tags":[],"_links":{"self":[{"href":"https:\/\/lignesauto.fr\/index.php?rest_route=\/wp\/v2\/posts\/16196"}],"collection":[{"href":"https:\/\/lignesauto.fr\/index.php?rest_route=\/wp\/v2\/posts"}],"about":[{"href":"https:\/\/lignesauto.fr\/index.php?rest_route=\/wp\/v2\/types\/post"}],"author":[{"embeddable":true,"href":"https:\/\/lignesauto.fr\/index.php?rest_route=\/wp\/v2\/users\/1"}],"replies":[{"embeddable":true,"href":"https:\/\/lignesauto.fr\/index.php?rest_route=%2Fwp%2Fv2%2Fcomments&post=16196"}],"version-history":[{"count":40,"href":"https:\/\/lignesauto.fr\/index.php?rest_route=\/wp\/v2\/posts\/16196\/revisions"}],"predecessor-version":[{"id":17257,"href":"https:\/\/lignesauto.fr\/index.php?rest_route=\/wp\/v2\/posts\/16196\/revisions\/17257"}],"wp:featuredmedia":[{"embeddable":true,"href":"https:\/\/lignesauto.fr\/index.php?rest_route=\/wp\/v2\/media\/16202"}],"wp:attachment":[{"href":"https:\/\/lignesauto.fr\/index.php?rest_route=%2Fwp%2Fv2%2Fmedia&parent=16196"}],"wp:term":[{"taxonomy":"category","embeddable":true,"href":"https:\/\/lignesauto.fr\/index.php?rest_route=%2Fwp%2Fv2%2Fcategories&post=16196"},{"taxonomy":"post_tag","embeddable":true,"href":"https:\/\/lignesauto.fr\/index.php?rest_route=%2Fwp%2Fv2%2Ftags&post=16196"}],"curies":[{"name":"wp","href":"https:\/\/api.w.org\/{rel}","templated":true}]}}