{"id":16459,"date":"2020-03-27T11:40:38","date_gmt":"2020-03-27T10:40:38","guid":{"rendered":"http:\/\/lignesauto.fr\/?p=16459"},"modified":"2020-03-27T11:40:38","modified_gmt":"2020-03-27T10:40:38","slug":"archives-laudi-rosemeyer-a-vingt-ans","status":"publish","type":"post","link":"https:\/\/lignesauto.fr\/?p=16459","title":{"rendered":"ARCHIVES : l&#8217;Audi Rosemeyer a vingt ans"},"content":{"rendered":"\n<p>C\u2019\u00e9tait il y a vingt ans. Naissance d\u2019un concept-car embl\u00e9matique en l\u2019honneur du pilote Bernd Rosemeyer (1909-1938). Voici l\u2019Audi Rosemeyer qui, selon la communication de l\u2019\u00e9poque, <em>\u00ab&nbsp;est un concentr\u00e9 d&#8217;\u00e9nergie. Des lignes fluides, pures et a\u00e9rodynamiques allant de pair avec une efficience redoutable.&nbsp;\u00bb<\/em><\/p>\n\n\n\n<figure class=\"wp-block-image is-resized\"><img loading=\"lazy\" decoding=\"async\" src=\"http:\/\/lignesauto.fr\/wp-content\/uploads\/2018\/10\/LOGOArchives_BD-1024x367.jpg\" alt=\"L\u2019attribut alt de cette image est vide, son nom de fichier est LOGOArchives_BD-1024x367.jpg.\" width=\"443\" height=\"158\"\/><\/figure>\n\n\n\n<p>Pour LIGNES\/auto, ce concept entre dans le panth\u00e9on des \u0153uvres d\u2019art automobile. Ca n\u2019engage que nous&#8230; Laissons le constructeur en parler&nbsp;: \u00ab&nbsp;l&#8217;imposante calandre du radiateur rappelle \u00e0 la fois les Auto Union &#8220;Silver Arrow&#8221; avec ce long capot moteur arri\u00e8re et ses fentes d&#8217;entr\u00e9e d&#8217;air verticales. Tout comme les &#8220;Silver Arrow&#8221;, la carrosserie brillante et mate, avec sa surface en aluminium bross\u00e9, capte la lumi\u00e8re et \u00e9voque une aura presque magique.&nbsp;\u00bb<\/p>\n\n\n\n<figure class=\"wp-block-image\"><img loading=\"lazy\" decoding=\"async\" width=\"1024\" height=\"724\" src=\"http:\/\/lignesauto.fr\/wp-content\/uploads\/2020\/03\/LIGNESAUDI_01-1024x724.jpg\" alt=\"\" class=\"wp-image-16462\" srcset=\"https:\/\/lignesauto.fr\/wp-content\/uploads\/2020\/03\/LIGNESAUDI_01-1024x724.jpg 1024w, https:\/\/lignesauto.fr\/wp-content\/uploads\/2020\/03\/LIGNESAUDI_01-300x212.jpg 300w, https:\/\/lignesauto.fr\/wp-content\/uploads\/2020\/03\/LIGNESAUDI_01-768x543.jpg 768w, https:\/\/lignesauto.fr\/wp-content\/uploads\/2020\/03\/LIGNESAUDI_01-370x262.jpg 370w, https:\/\/lignesauto.fr\/wp-content\/uploads\/2020\/03\/LIGNESAUDI_01-1040x735.jpg 1040w, https:\/\/lignesauto.fr\/wp-content\/uploads\/2020\/03\/LIGNESAUDI_01.jpg 1417w\" sizes=\"(max-width: 1024px) 100vw, 1024px\" \/><\/figure>\n\n\n\n<p>Le concept-car Rosemeyer est cens\u00e9 \u00eatre propuls\u00e9 par un moteur central 16 cylindres. Les Auto Union des ann\u00e9es trente disposaient de cette architecture et ont \u00e9t\u00e9 pilot\u00e9es par des pilotes l\u00e9gendaires tels que Bernd Rosemeyer et Tazio Nuvolari.<\/p>\n\n\n\n<figure class=\"wp-block-image\"><img loading=\"lazy\" decoding=\"async\" width=\"1024\" height=\"724\" src=\"http:\/\/lignesauto.fr\/wp-content\/uploads\/2020\/03\/LIGNESAUDI_03-1024x724.jpg\" alt=\"\" class=\"wp-image-16463\" srcset=\"https:\/\/lignesauto.fr\/wp-content\/uploads\/2020\/03\/LIGNESAUDI_03-1024x724.jpg 1024w, https:\/\/lignesauto.fr\/wp-content\/uploads\/2020\/03\/LIGNESAUDI_03-300x212.jpg 300w, https:\/\/lignesauto.fr\/wp-content\/uploads\/2020\/03\/LIGNESAUDI_03-768x543.jpg 768w, https:\/\/lignesauto.fr\/wp-content\/uploads\/2020\/03\/LIGNESAUDI_03-370x262.jpg 370w, https:\/\/lignesauto.fr\/wp-content\/uploads\/2020\/03\/LIGNESAUDI_03-1040x735.jpg 1040w, https:\/\/lignesauto.fr\/wp-content\/uploads\/2020\/03\/LIGNESAUDI_03.jpg 1417w\" sizes=\"(max-width: 1024px) 100vw, 1024px\" \/><\/figure>\n\n\n\n<p>Les porte-\u00e0-faux tr\u00e8s courts qui \u00ab&nbsp;semblent taill\u00e9s dans le volume de l\u2019engin&nbsp;\u00bb, soulignent ces incroyables proportions et conf\u00e8rent \u00e0 la vue en \u00e9l\u00e9vation toute la puissance de l\u2019engin. A l\u2019\u00e9poque, l\u2019Audi TT surprenait toujours autant et le concept Rosemeyer, avec son toit en forme de d\u00f4me, ses d\u00e9coupes de passages de roues en demi-cercle et sa taille haute faisait \u00e9cho \u00e0 la philosophie du design Audi.&nbsp;<\/p>\n\n\n\n<figure class=\"wp-block-image is-resized\"><img loading=\"lazy\" decoding=\"async\" src=\"http:\/\/lignesauto.fr\/wp-content\/uploads\/2020\/03\/LIGNESAUDI_02-823x1024.jpg\" alt=\"\" class=\"wp-image-16464\" width=\"580\" height=\"721\" srcset=\"https:\/\/lignesauto.fr\/wp-content\/uploads\/2020\/03\/LIGNESAUDI_02-823x1024.jpg 823w, https:\/\/lignesauto.fr\/wp-content\/uploads\/2020\/03\/LIGNESAUDI_02-241x300.jpg 241w, https:\/\/lignesauto.fr\/wp-content\/uploads\/2020\/03\/LIGNESAUDI_02-768x956.jpg 768w, https:\/\/lignesauto.fr\/wp-content\/uploads\/2020\/03\/LIGNESAUDI_02-370x460.jpg 370w, https:\/\/lignesauto.fr\/wp-content\/uploads\/2020\/03\/LIGNESAUDI_02-1040x1294.jpg 1040w, https:\/\/lignesauto.fr\/wp-content\/uploads\/2020\/03\/LIGNESAUDI_02.jpg 1417w\" sizes=\"(max-width: 580px) 100vw, 580px\" \/><\/figure>\n\n\n\n<p>Le constructeur pr\u00e9cisait en 2000 que ce concept \u00ab&nbsp;n\u2019est pas pr\u00eat \u00e0 \u00eatre conduit, ni n&#8217;a \u00e9t\u00e9 cr\u00e9\u00e9 en pr\u00e9vision d&#8217;un v\u00e9hicule de s\u00e9rie. Mais il visualise le potentiel technologique de la marque. La l\u00e9g\u00e8ret\u00e9 du design, le dynamisme ultime, caract\u00e9risent la ligne de chaque d\u00e9tail, de chaque composant. D\u00e8s le premier regard, on peut voir les disques de frein ventil\u00e9s de grand diam\u00e8tre derri\u00e8re les roues g\u00e9antes. Ils sont la contrepartie logique des performances du moteur central.<\/p>\n\n\n\n<figure class=\"wp-block-image\"><img loading=\"lazy\" decoding=\"async\" width=\"1024\" height=\"724\" src=\"http:\/\/lignesauto.fr\/wp-content\/uploads\/2020\/03\/LIGNESAUDI_0-1024x724.jpg\" alt=\"\" class=\"wp-image-16461\" srcset=\"https:\/\/lignesauto.fr\/wp-content\/uploads\/2020\/03\/LIGNESAUDI_0-1024x724.jpg 1024w, https:\/\/lignesauto.fr\/wp-content\/uploads\/2020\/03\/LIGNESAUDI_0-300x212.jpg 300w, https:\/\/lignesauto.fr\/wp-content\/uploads\/2020\/03\/LIGNESAUDI_0-768x543.jpg 768w, https:\/\/lignesauto.fr\/wp-content\/uploads\/2020\/03\/LIGNESAUDI_0-370x262.jpg 370w, https:\/\/lignesauto.fr\/wp-content\/uploads\/2020\/03\/LIGNESAUDI_0-1040x735.jpg 1040w, https:\/\/lignesauto.fr\/wp-content\/uploads\/2020\/03\/LIGNESAUDI_0.jpg 1417w\" sizes=\"(max-width: 1024px) 100vw, 1024px\" \/><\/figure>\n\n\n\n<p>La traction int\u00e9grale permanente quattro d&#8217;Audi lui fournirait sans aucun doute la base parfaite pour convertir la puissance d&#8217;un gros moteur, afin qu&#8217;une \u00e9tude sur les voitures de sport comme celle-ci puisse pr\u00e9tendre au titre de &#8220;machine &#8220;.<\/p>\n\n\n\n<figure class=\"wp-block-image\"><img loading=\"lazy\" decoding=\"async\" width=\"1024\" height=\"914\" src=\"http:\/\/lignesauto.fr\/wp-content\/uploads\/2020\/03\/LIGNESAUDI_04-1024x914.jpg\" alt=\"\" class=\"wp-image-16465\" srcset=\"https:\/\/lignesauto.fr\/wp-content\/uploads\/2020\/03\/LIGNESAUDI_04-1024x914.jpg 1024w, https:\/\/lignesauto.fr\/wp-content\/uploads\/2020\/03\/LIGNESAUDI_04-300x268.jpg 300w, https:\/\/lignesauto.fr\/wp-content\/uploads\/2020\/03\/LIGNESAUDI_04-768x686.jpg 768w, https:\/\/lignesauto.fr\/wp-content\/uploads\/2020\/03\/LIGNESAUDI_04-370x330.jpg 370w, https:\/\/lignesauto.fr\/wp-content\/uploads\/2020\/03\/LIGNESAUDI_04-1040x928.jpg 1040w, https:\/\/lignesauto.fr\/wp-content\/uploads\/2020\/03\/LIGNESAUDI_04.jpg 1417w\" sizes=\"(max-width: 1024px) 100vw, 1024px\" \/><\/figure>\n\n\n\n<p>\u00ab&nbsp;L&#8217;aluminium bross\u00e9, la fibre de carbone et le cuir de la plus haute qualit\u00e9 d\u00e9finissent le caract\u00e8re de l&#8217;int\u00e9rieur qui conserve sa puret\u00e9 \u00e9vidente sans concession \u00e0 l&#8217;ambiance d&#8217;une berline de luxe. La pr\u00e9cision de l&#8217;artisanat se retrouve partout : elle a laiss\u00e9 son empreinte de perfection sur chaque mat\u00e9riau et chaque d\u00e9tail.&nbsp;\u00bb Il y a vingt ans. D\u00e9j\u00e0 une \u00e9ternit\u00e9&#8230;<\/p>\n\n\n\n<figure class=\"wp-block-image is-resized\"><img loading=\"lazy\" decoding=\"async\" src=\"http:\/\/lignesauto.fr\/wp-content\/uploads\/2018\/10\/LOGOArchives_BD-1024x367.jpg\" alt=\"\" class=\"wp-image-4925\" width=\"429\" height=\"153\" srcset=\"https:\/\/lignesauto.fr\/wp-content\/uploads\/2018\/10\/LOGOArchives_BD-1024x367.jpg 1024w, https:\/\/lignesauto.fr\/wp-content\/uploads\/2018\/10\/LOGOArchives_BD-300x108.jpg 300w, https:\/\/lignesauto.fr\/wp-content\/uploads\/2018\/10\/LOGOArchives_BD-768x276.jpg 768w, https:\/\/lignesauto.fr\/wp-content\/uploads\/2018\/10\/LOGOArchives_BD-370x133.jpg 370w, https:\/\/lignesauto.fr\/wp-content\/uploads\/2018\/10\/LOGOArchives_BD-1040x373.jpg 1040w, https:\/\/lignesauto.fr\/wp-content\/uploads\/2018\/10\/LOGOArchives_BD.jpg 1240w\" sizes=\"(max-width: 429px) 100vw, 429px\" \/><\/figure>\n","protected":false},"excerpt":{"rendered":"<p>C\u2019\u00e9tait il y a vingt ans. Naissance d\u2019un concept-car embl\u00e9matique en l\u2019honneur du pilote Bernd Rosemeyer (1909-1938). Voici l\u2019Audi Rosemeyer qui, selon la communication de l\u2019\u00e9poque, \u00ab&nbsp;est un concentr\u00e9 d&#8217;\u00e9nergie. Des lignes fluides, pures et a\u00e9rodynamiques allant de pair avec une efficience redoutable.&nbsp;\u00bb Pour LIGNES\/auto, ce concept entre dans le [&hellip;]<\/p>\n","protected":false},"author":1,"featured_media":16461,"comment_status":"open","ping_status":"open","sticky":false,"template":"","format":"standard","meta":{"footnotes":""},"categories":[1],"tags":[],"_links":{"self":[{"href":"https:\/\/lignesauto.fr\/index.php?rest_route=\/wp\/v2\/posts\/16459"}],"collection":[{"href":"https:\/\/lignesauto.fr\/index.php?rest_route=\/wp\/v2\/posts"}],"about":[{"href":"https:\/\/lignesauto.fr\/index.php?rest_route=\/wp\/v2\/types\/post"}],"author":[{"embeddable":true,"href":"https:\/\/lignesauto.fr\/index.php?rest_route=\/wp\/v2\/users\/1"}],"replies":[{"embeddable":true,"href":"https:\/\/lignesauto.fr\/index.php?rest_route=%2Fwp%2Fv2%2Fcomments&post=16459"}],"version-history":[{"count":7,"href":"https:\/\/lignesauto.fr\/index.php?rest_route=\/wp\/v2\/posts\/16459\/revisions"}],"predecessor-version":[{"id":16476,"href":"https:\/\/lignesauto.fr\/index.php?rest_route=\/wp\/v2\/posts\/16459\/revisions\/16476"}],"wp:featuredmedia":[{"embeddable":true,"href":"https:\/\/lignesauto.fr\/index.php?rest_route=\/wp\/v2\/media\/16461"}],"wp:attachment":[{"href":"https:\/\/lignesauto.fr\/index.php?rest_route=%2Fwp%2Fv2%2Fmedia&parent=16459"}],"wp:term":[{"taxonomy":"category","embeddable":true,"href":"https:\/\/lignesauto.fr\/index.php?rest_route=%2Fwp%2Fv2%2Fcategories&post=16459"},{"taxonomy":"post_tag","embeddable":true,"href":"https:\/\/lignesauto.fr\/index.php?rest_route=%2Fwp%2Fv2%2Ftags&post=16459"}],"curies":[{"name":"wp","href":"https:\/\/api.w.org\/{rel}","templated":true}]}}