{"id":16653,"date":"2020-05-12T06:31:02","date_gmt":"2020-05-12T04:31:02","guid":{"rendered":"http:\/\/lignesauto.fr\/?p=16653"},"modified":"2020-05-13T08:14:02","modified_gmt":"2020-05-13T06:14:02","slug":"turbo-graphique-les-porsche-turbo-devoilent-leurs-coeurs-fr-uk","status":"publish","type":"post","link":"https:\/\/lignesauto.fr\/?p=16653","title":{"rendered":"Turbo-graphique : les Porsche turbo d\u00e9voilent leurs c\u0153urs &#8211; FR\/UK"},"content":{"rendered":"\n<figure class=\"wp-block-image is-resized\"><img loading=\"lazy\" decoding=\"async\" src=\"http:\/\/lignesauto.fr\/wp-content\/uploads\/2018\/10\/LOGOArchives_BD-1024x367.jpg\" alt=\"\" class=\"wp-image-4925\" width=\"419\" height=\"149\" srcset=\"https:\/\/lignesauto.fr\/wp-content\/uploads\/2018\/10\/LOGOArchives_BD-1024x367.jpg 1024w, https:\/\/lignesauto.fr\/wp-content\/uploads\/2018\/10\/LOGOArchives_BD-300x108.jpg 300w, https:\/\/lignesauto.fr\/wp-content\/uploads\/2018\/10\/LOGOArchives_BD-370x133.jpg 370w, https:\/\/lignesauto.fr\/wp-content\/uploads\/2018\/10\/LOGOArchives_BD-1040x373.jpg 1040w, https:\/\/lignesauto.fr\/wp-content\/uploads\/2018\/10\/LOGOArchives_BD.jpg 1240w\" sizes=\"(max-width: 419px) 100vw, 419px\" \/><\/figure>\n\n\n\n<figure class=\"wp-block-image\"><img loading=\"lazy\" decoding=\"async\" width=\"1024\" height=\"540\" src=\"http:\/\/lignesauto.fr\/wp-content\/uploads\/2020\/04\/LIGNES_100-1024x540.jpg\" alt=\"\" class=\"wp-image-16668\" srcset=\"https:\/\/lignesauto.fr\/wp-content\/uploads\/2020\/04\/LIGNES_100-1024x540.jpg 1024w, https:\/\/lignesauto.fr\/wp-content\/uploads\/2020\/04\/LIGNES_100-300x158.jpg 300w, https:\/\/lignesauto.fr\/wp-content\/uploads\/2020\/04\/LIGNES_100-768x405.jpg 768w, https:\/\/lignesauto.fr\/wp-content\/uploads\/2020\/04\/LIGNES_100-370x195.jpg 370w, https:\/\/lignesauto.fr\/wp-content\/uploads\/2020\/04\/LIGNES_100-1040x548.jpg 1040w, https:\/\/lignesauto.fr\/wp-content\/uploads\/2020\/04\/LIGNES_100.jpg 1417w\" sizes=\"(max-width: 1024px) 100vw, 1024px\" \/><\/figure>\n\n\n\n<p style=\"font-size:18px\">Le magazine de la marque Porsche, Christophorus, dans son num\u00e9ro 394 de 2020 nous d\u00e9voile le c\u0153ur des Porsche \u00e0 motorisation turbo. Est-ce de la photographie ou de l&#8217;Art ? En tous les cas, voici le r\u00e9sultat qui est \u00e0 voir, sur le papier glac\u00e9 du magazine en langue fran\u00e7aise et anglaise&#8230;<br>(<a href=\"https:\/\/www.porsche.com\/france\/aboutporsche\/christophorusmagazine\/\">https:\/\/www.porsche.com\/france\/aboutporsche\/christophorusmagazine\/<\/a>) <br><br><em>The magazine of the Porsche brand, <\/em>Christophorus, <em>in its issue 394 of 2020 (https:\/\/www.porsche.com\/france\/aboutporsche\/christophorusmagazine\/), reveals the heart of the turbocharged Porsches. Is it photography or art? In any case, here&#8217;s the result you can see on the glossy magazine&#8217;s glossy paper in French and English\u2026<\/em><\/p>\n\n\n\n<figure class=\"wp-block-image\"><img loading=\"lazy\" decoding=\"async\" width=\"820\" height=\"1024\" src=\"http:\/\/lignesauto.fr\/wp-content\/uploads\/2020\/04\/LIGNES_01-820x1024.png\" alt=\"\" class=\"wp-image-16660\" srcset=\"https:\/\/lignesauto.fr\/wp-content\/uploads\/2020\/04\/LIGNES_01-820x1024.png 820w, https:\/\/lignesauto.fr\/wp-content\/uploads\/2020\/04\/LIGNES_01-240x300.png 240w, https:\/\/lignesauto.fr\/wp-content\/uploads\/2020\/04\/LIGNES_01-768x959.png 768w, https:\/\/lignesauto.fr\/wp-content\/uploads\/2020\/04\/LIGNES_01-370x462.png 370w, https:\/\/lignesauto.fr\/wp-content\/uploads\/2020\/04\/LIGNES_01-1040x1299.png 1040w, https:\/\/lignesauto.fr\/wp-content\/uploads\/2020\/04\/LIGNES_01.png 1417w\" sizes=\"(max-width: 820px) 100vw, 820px\" \/><\/figure>\n\n\n\n<p><strong>Ci-dessus, la premi\u00e8re 911 Turbo, le type 930<\/strong><\/p>\n\n\n\n<p style=\"font-size:18px\"><strong>A TELECHARGER GRATUITEMENT ICI :<\/strong><br><em>TO DOWNLOAD FREE OF CHARGE HERE: <\/em><br><a href=\"http:\/\/lignesauto.fr\/?p=6409\"><strong>http:\/\/lignesauto.fr\/?p=6409<\/strong><\/a><br><strong>LE PDF LIGNES\/auto SUR LA 911. VOUS POURREZ Y LIRE : <\/strong><br><em>THE LIGNES\/auto PDF ON 911. YOU WILL BE ABLE TO READ: <\/em><\/p>\n\n\n\n<ul><li>le portrait de Ferdinand Porsche,<\/li><li>la naissance de la 911,<\/li><li>comment diff\u00e9rencier les huit g\u00e9n\u00e9rations en un coup d&#8217;\u0153il,<\/li><li>l&#8217;interview des designers du nouvel opus &#8220;992&#8221;,<\/li><li>un sujet graphique : les cl\u00e9s de la r\u00e9ussite.<\/li><\/ul>\n\n\n\n<figure class=\"wp-block-image\"><img loading=\"lazy\" decoding=\"async\" width=\"706\" height=\"1024\" src=\"http:\/\/lignesauto.fr\/wp-content\/uploads\/2020\/04\/LIGNES_02-706x1024.png\" alt=\"\" class=\"wp-image-16661\" srcset=\"https:\/\/lignesauto.fr\/wp-content\/uploads\/2020\/04\/LIGNES_02-706x1024.png 706w, https:\/\/lignesauto.fr\/wp-content\/uploads\/2020\/04\/LIGNES_02-207x300.png 207w, https:\/\/lignesauto.fr\/wp-content\/uploads\/2020\/04\/LIGNES_02-768x1114.png 768w, https:\/\/lignesauto.fr\/wp-content\/uploads\/2020\/04\/LIGNES_02-370x537.png 370w, https:\/\/lignesauto.fr\/wp-content\/uploads\/2020\/04\/LIGNES_02-1040x1508.png 1040w, https:\/\/lignesauto.fr\/wp-content\/uploads\/2020\/04\/LIGNES_02.png 1417w\" sizes=\"(max-width: 706px) 100vw, 706px\" \/><\/figure>\n\n\n\n<p><strong>Ci-dessus, la 911 Turbo 3.3 type 964 <\/strong><\/p>\n\n\n\n<figure class=\"wp-block-image\"><img loading=\"lazy\" decoding=\"async\" width=\"645\" height=\"1024\" src=\"http:\/\/lignesauto.fr\/wp-content\/uploads\/2020\/04\/LIGNES_03-1-645x1024.png\" alt=\"\" class=\"wp-image-16662\" srcset=\"https:\/\/lignesauto.fr\/wp-content\/uploads\/2020\/04\/LIGNES_03-1-645x1024.png 645w, https:\/\/lignesauto.fr\/wp-content\/uploads\/2020\/04\/LIGNES_03-1-189x300.png 189w, https:\/\/lignesauto.fr\/wp-content\/uploads\/2020\/04\/LIGNES_03-1-768x1220.png 768w, https:\/\/lignesauto.fr\/wp-content\/uploads\/2020\/04\/LIGNES_03-1-370x588.png 370w, https:\/\/lignesauto.fr\/wp-content\/uploads\/2020\/04\/LIGNES_03-1-1040x1652.png 1040w, https:\/\/lignesauto.fr\/wp-content\/uploads\/2020\/04\/LIGNES_03-1.png 1417w\" sizes=\"(max-width: 645px) 100vw, 645px\" \/><\/figure>\n\n\n\n<p><strong>Ci-dessus, la 911 Turbo, type 993<\/strong><\/p>\n\n\n\n<figure class=\"wp-block-image\"><img loading=\"lazy\" decoding=\"async\" width=\"710\" height=\"1024\" src=\"http:\/\/lignesauto.fr\/wp-content\/uploads\/2020\/04\/LIGNES_04-1-710x1024.png\" alt=\"\" class=\"wp-image-16663\" srcset=\"https:\/\/lignesauto.fr\/wp-content\/uploads\/2020\/04\/LIGNES_04-1-710x1024.png 710w, https:\/\/lignesauto.fr\/wp-content\/uploads\/2020\/04\/LIGNES_04-1-208x300.png 208w, https:\/\/lignesauto.fr\/wp-content\/uploads\/2020\/04\/LIGNES_04-1-768x1108.png 768w, https:\/\/lignesauto.fr\/wp-content\/uploads\/2020\/04\/LIGNES_04-1-370x534.png 370w, https:\/\/lignesauto.fr\/wp-content\/uploads\/2020\/04\/LIGNES_04-1-1040x1500.png 1040w, https:\/\/lignesauto.fr\/wp-content\/uploads\/2020\/04\/LIGNES_04-1.png 1417w\" sizes=\"(max-width: 710px) 100vw, 710px\" \/><\/figure>\n\n\n\n<p><strong>Ci-dessus, la 911 Turbo S type 996<\/strong><\/p>\n\n\n\n<figure class=\"wp-block-image\"><img loading=\"lazy\" decoding=\"async\" width=\"698\" height=\"1024\" src=\"http:\/\/lignesauto.fr\/wp-content\/uploads\/2020\/04\/LIGNES_05-698x1024.png\" alt=\"\" class=\"wp-image-16664\" srcset=\"https:\/\/lignesauto.fr\/wp-content\/uploads\/2020\/04\/LIGNES_05-698x1024.png 698w, https:\/\/lignesauto.fr\/wp-content\/uploads\/2020\/04\/LIGNES_05-204x300.png 204w, https:\/\/lignesauto.fr\/wp-content\/uploads\/2020\/04\/LIGNES_05-768x1127.png 768w, https:\/\/lignesauto.fr\/wp-content\/uploads\/2020\/04\/LIGNES_05-370x543.png 370w, https:\/\/lignesauto.fr\/wp-content\/uploads\/2020\/04\/LIGNES_05-1040x1527.png 1040w, https:\/\/lignesauto.fr\/wp-content\/uploads\/2020\/04\/LIGNES_05.png 1417w\" sizes=\"(max-width: 698px) 100vw, 698px\" \/><\/figure>\n\n\n\n<p><strong>Ci-dessus, la 911 Turbo type 997<\/strong><\/p>\n\n\n\n<figure class=\"wp-block-image\"><img loading=\"lazy\" decoding=\"async\" width=\"719\" height=\"1024\" src=\"http:\/\/lignesauto.fr\/wp-content\/uploads\/2020\/04\/LIGNES_07-719x1024.png\" alt=\"\" class=\"wp-image-16665\" srcset=\"https:\/\/lignesauto.fr\/wp-content\/uploads\/2020\/04\/LIGNES_07-719x1024.png 719w, https:\/\/lignesauto.fr\/wp-content\/uploads\/2020\/04\/LIGNES_07-211x300.png 211w, https:\/\/lignesauto.fr\/wp-content\/uploads\/2020\/04\/LIGNES_07-768x1094.png 768w, https:\/\/lignesauto.fr\/wp-content\/uploads\/2020\/04\/LIGNES_07-370x527.png 370w, https:\/\/lignesauto.fr\/wp-content\/uploads\/2020\/04\/LIGNES_07-1040x1482.png 1040w, https:\/\/lignesauto.fr\/wp-content\/uploads\/2020\/04\/LIGNES_07.png 1417w\" sizes=\"(max-width: 719px) 100vw, 719px\" \/><\/figure>\n\n\n\n<p><strong>Ci-dessus, la 911 Turbo S type 992 <\/strong><\/p>\n\n\n\n<figure class=\"wp-block-image\"><img loading=\"lazy\" decoding=\"async\" width=\"731\" height=\"1024\" src=\"http:\/\/lignesauto.fr\/wp-content\/uploads\/2020\/04\/LIGNES_08-1-731x1024.png\" alt=\"\" class=\"wp-image-16667\" srcset=\"https:\/\/lignesauto.fr\/wp-content\/uploads\/2020\/04\/LIGNES_08-1-731x1024.png 731w, https:\/\/lignesauto.fr\/wp-content\/uploads\/2020\/04\/LIGNES_08-1-214x300.png 214w, https:\/\/lignesauto.fr\/wp-content\/uploads\/2020\/04\/LIGNES_08-1-768x1076.png 768w, https:\/\/lignesauto.fr\/wp-content\/uploads\/2020\/04\/LIGNES_08-1-370x518.png 370w, https:\/\/lignesauto.fr\/wp-content\/uploads\/2020\/04\/LIGNES_08-1-1040x1457.png 1040w, https:\/\/lignesauto.fr\/wp-content\/uploads\/2020\/04\/LIGNES_08-1.png 1417w\" sizes=\"(max-width: 731px) 100vw, 731px\" \/><\/figure>\n\n\n\n<p><strong>Et pour finir ci-dessus, la mythique Porsche 959<\/strong><\/p>\n\n\n\n<h2 class=\"wp-block-heading\">BONUS : les 10 patrons de Porsche, \u00e0 lire ici :<\/h2>\n\n\n\n<figure class=\"wp-block-embed-wordpress wp-block-embed is-type-wp-embed is-provider-design-actualite-archives\"><div class=\"wp-block-embed__wrapper\">\n<blockquote class=\"wp-embedded-content\" data-secret=\"s9nWENjeI3\"><a href=\"http:\/\/lignesauto.fr\/?p=12510\">SPECIAL TAYCAN. Les 10 patrons de Porsche<\/a><\/blockquote><iframe class=\"wp-embedded-content\" sandbox=\"allow-scripts\" security=\"restricted\" style=\"position: absolute; clip: rect(1px, 1px, 1px, 1px);\" title=\"&#8220;SPECIAL TAYCAN. Les 10 patrons de Porsche&#8221; &#8212; LIGNES\/auto\" src=\"http:\/\/lignesauto.fr\/?p=12510&#038;embed=true#?secret=X5C0zNQx6m#?secret=s9nWENjeI3\" data-secret=\"s9nWENjeI3\" width=\"600\" height=\"338\" frameborder=\"0\" marginwidth=\"0\" marginheight=\"0\" scrolling=\"no\"><\/iframe>\n<\/div><\/figure>\n\n\n\n<h2 class=\"wp-block-heading\">BONUS: the 10 bosses of Porsche, read here :<\/h2>\n\n\n\n<figure class=\"wp-block-embed-wordpress wp-block-embed is-type-wp-embed is-provider-design-actualite-archives\"><div class=\"wp-block-embed__wrapper\">\n<blockquote class=\"wp-embedded-content\" data-secret=\"2tlgJ288Rq\"><a href=\"http:\/\/lignesauto.fr\/?p=12577\">ENGLISH &#8211; SPECIAL TAYCAN. The 10 Porsche bosses<\/a><\/blockquote><iframe class=\"wp-embedded-content\" sandbox=\"allow-scripts\" security=\"restricted\" style=\"position: absolute; clip: rect(1px, 1px, 1px, 1px);\" title=\"&#8220;ENGLISH &#8211; SPECIAL TAYCAN. The 10 Porsche bosses&#8221; &#8212; LIGNES\/auto\" src=\"http:\/\/lignesauto.fr\/?p=12577&#038;embed=true#?secret=s5D6hg3GWQ#?secret=2tlgJ288Rq\" data-secret=\"2tlgJ288Rq\" width=\"600\" height=\"338\" frameborder=\"0\" marginwidth=\"0\" marginheight=\"0\" scrolling=\"no\"><\/iframe>\n<\/div><\/figure>\n\n\n\n<figure class=\"wp-block-image is-resized\"><img loading=\"lazy\" decoding=\"async\" src=\"http:\/\/lignesauto.fr\/wp-content\/uploads\/2018\/10\/LOGOArchives_BD-1024x367.jpg\" alt=\"L\u2019attribut alt de cette image est vide, son nom de fichier est LOGOArchives_BD-1024x367.jpg.\" width=\"422\" height=\"150\"\/><\/figure>\n","protected":false},"excerpt":{"rendered":"<p>Le magazine de la marque Porsche, Christophorus, dans son num\u00e9ro 394 de 2020 nous d\u00e9voile le c\u0153ur des Porsche \u00e0 motorisation turbo. Est-ce de la photographie ou de l&#8217;Art ? En tous les cas, voici le r\u00e9sultat qui est \u00e0 voir, sur le papier glac\u00e9 du magazine en langue fran\u00e7aise [&hellip;]<\/p>\n","protected":false},"author":1,"featured_media":16659,"comment_status":"open","ping_status":"open","sticky":false,"template":"","format":"standard","meta":{"footnotes":""},"categories":[1],"tags":[],"_links":{"self":[{"href":"https:\/\/lignesauto.fr\/index.php?rest_route=\/wp\/v2\/posts\/16653"}],"collection":[{"href":"https:\/\/lignesauto.fr\/index.php?rest_route=\/wp\/v2\/posts"}],"about":[{"href":"https:\/\/lignesauto.fr\/index.php?rest_route=\/wp\/v2\/types\/post"}],"author":[{"embeddable":true,"href":"https:\/\/lignesauto.fr\/index.php?rest_route=\/wp\/v2\/users\/1"}],"replies":[{"embeddable":true,"href":"https:\/\/lignesauto.fr\/index.php?rest_route=%2Fwp%2Fv2%2Fcomments&post=16653"}],"version-history":[{"count":21,"href":"https:\/\/lignesauto.fr\/index.php?rest_route=\/wp\/v2\/posts\/16653\/revisions"}],"predecessor-version":[{"id":17251,"href":"https:\/\/lignesauto.fr\/index.php?rest_route=\/wp\/v2\/posts\/16653\/revisions\/17251"}],"wp:featuredmedia":[{"embeddable":true,"href":"https:\/\/lignesauto.fr\/index.php?rest_route=\/wp\/v2\/media\/16659"}],"wp:attachment":[{"href":"https:\/\/lignesauto.fr\/index.php?rest_route=%2Fwp%2Fv2%2Fmedia&parent=16653"}],"wp:term":[{"taxonomy":"category","embeddable":true,"href":"https:\/\/lignesauto.fr\/index.php?rest_route=%2Fwp%2Fv2%2Fcategories&post=16653"},{"taxonomy":"post_tag","embeddable":true,"href":"https:\/\/lignesauto.fr\/index.php?rest_route=%2Fwp%2Fv2%2Ftags&post=16653"}],"curies":[{"name":"wp","href":"https:\/\/api.w.org\/{rel}","templated":true}]}}