{"id":16735,"date":"2020-04-25T05:10:39","date_gmt":"2020-04-25T03:10:39","guid":{"rendered":"http:\/\/lignesauto.fr\/?p=16735"},"modified":"2020-04-25T19:04:36","modified_gmt":"2020-04-25T17:04:36","slug":"que-sera-lapres-covid-19-les-designers-limaginent","status":"publish","type":"post","link":"https:\/\/lignesauto.fr\/?p=16735","title":{"rendered":"Que sera l\u2019apr\u00e8s Covid-19 ? Les designers l&#8217;imaginent&#8230;"},"content":{"rendered":"\n<figure class=\"wp-block-image is-resized\"><img loading=\"lazy\" decoding=\"async\" src=\"http:\/\/lignesauto.fr\/wp-content\/uploads\/2018\/10\/LOGOActus_BD-1024x367.jpg\" alt=\"\" class=\"wp-image-4921\" width=\"408\" height=\"145\" srcset=\"https:\/\/lignesauto.fr\/wp-content\/uploads\/2018\/10\/LOGOActus_BD-1024x367.jpg 1024w, https:\/\/lignesauto.fr\/wp-content\/uploads\/2018\/10\/LOGOActus_BD-300x108.jpg 300w, https:\/\/lignesauto.fr\/wp-content\/uploads\/2018\/10\/LOGOActus_BD-1040x373.jpg 1040w, https:\/\/lignesauto.fr\/wp-content\/uploads\/2018\/10\/LOGOActus_BD.jpg 1240w\" sizes=\"(max-width: 408px) 100vw, 408px\" \/><\/figure>\n\n\n\n<p style=\"font-size:18px\"><strong>A la question <em>\u00ab&nbsp;croyez-vous que l\u2019apr\u00e8s Covid-19 sera diff\u00e9rent dans votre univers professionnel&nbsp;?&nbsp;\u00bb<\/em> les designers ont globalement le m\u00eame raisonnement&nbsp;: <em>\u00ab&nbsp;Oui&nbsp;!&nbsp;\u00bb<\/em> Voici leurs r\u00e9ponses, \u00e0 m\u00e9diter&#8230;<\/strong><\/p>\n\n\n\n<figure class=\"wp-block-image\"><img loading=\"lazy\" decoding=\"async\" width=\"1024\" height=\"582\" src=\"http:\/\/lignesauto.fr\/wp-content\/uploads\/2020\/02\/P-1024x582.png\" alt=\"\" class=\"wp-image-15734\" srcset=\"https:\/\/lignesauto.fr\/wp-content\/uploads\/2020\/02\/P-1024x582.png 1024w, https:\/\/lignesauto.fr\/wp-content\/uploads\/2020\/02\/P-300x170.png 300w, https:\/\/lignesauto.fr\/wp-content\/uploads\/2020\/02\/P-768x436.png 768w, https:\/\/lignesauto.fr\/wp-content\/uploads\/2020\/02\/P-370x210.png 370w, https:\/\/lignesauto.fr\/wp-content\/uploads\/2020\/02\/P-1040x591.png 1040w, https:\/\/lignesauto.fr\/wp-content\/uploads\/2020\/02\/P.png 1417w\" sizes=\"(max-width: 1024px) 100vw, 1024px\" \/><\/figure>\n\n\n\n<p style=\"font-size:18px\"><strong>THIERRY METROZ<\/strong><br><strong>Directeur design DS<\/strong> &#8220;Oui, in\u00e9vitablement, compte tenu des impacts \u00e9conomiques sur l\u2019ensemble des soci\u00e9t\u00e9s de tous les pays. En tant que designer c\u2019est l\u2019opportunit\u00e9 d\u2019imaginer des produits futurs disruptifs, peut-\u00eatre plus en phase avec les vrais besoins de nos clients, et de nous concentrer sur les fondamentaux et l\u2019ADN profond de DS automobiles. Au sein de la marque et plus largement du Groupe, nous avons cette culture de la performance, de la recherche d\u2019efficience et une philosophie Darwinienne fortement ancr\u00e9e&nbsp;; cette crise en sera un acc\u00e9l\u00e9rateur.&#8221;<\/p>\n\n\n\n<figure class=\"wp-block-image\"><img loading=\"lazy\" decoding=\"async\" width=\"683\" height=\"1024\" src=\"http:\/\/lignesauto.fr\/wp-content\/uploads\/2020\/04\/LIGNES_SAB_PANNETRAT_02-683x1024.jpg\" alt=\"\" class=\"wp-image-16968\" srcset=\"https:\/\/lignesauto.fr\/wp-content\/uploads\/2020\/04\/LIGNES_SAB_PANNETRAT_02-683x1024.jpg 683w, https:\/\/lignesauto.fr\/wp-content\/uploads\/2020\/04\/LIGNES_SAB_PANNETRAT_02-200x300.jpg 200w, https:\/\/lignesauto.fr\/wp-content\/uploads\/2020\/04\/LIGNES_SAB_PANNETRAT_02-768x1152.jpg 768w, https:\/\/lignesauto.fr\/wp-content\/uploads\/2020\/04\/LIGNES_SAB_PANNETRAT_02-370x555.jpg 370w, https:\/\/lignesauto.fr\/wp-content\/uploads\/2020\/04\/LIGNES_SAB_PANNETRAT_02-1040x1560.jpg 1040w, https:\/\/lignesauto.fr\/wp-content\/uploads\/2020\/04\/LIGNES_SAB_PANNETRAT_02.jpg 1417w\" sizes=\"(max-width: 683px) 100vw, 683px\" \/><\/figure>\n\n\n\n<p style=\"font-size:18px\"><strong>SABINE PANNETRAT<\/strong><br><strong>Design Manager Couleurs Mati\u00e8res et finitions &#8211; DS.<\/strong> &#8220;Absolument. L\u2019industrie automobile est tr\u00e8s secou\u00e9e par cette crise sanitaire. Nous devrons cr\u00e9er des opportunit\u00e9s \u00e0 partir de contraintes tr\u00e8s fortes li\u00e9es \u00e0 la crise \u00e9conomique qui se profile. Ces nouveaux challenges m\u2019int\u00e9ressent car cela concerne aussi bien la fa\u00e7on dont on va travailler au sein de l\u2019entreprise, que l\u2019analyse de l\u2019impact de cette crise sur la soci\u00e9t\u00e9, et peut-\u00eatre une nouvelle fa\u00e7on de voir le monde, nos priorit\u00e9s, l\u2019environnement. Quel sera le r\u00f4le d\u2019un designer Couleurs &amp; Mati\u00e8res dans ce contexte ? O\u00f9 allons-nous mettre notre \u00e9nergie ? Comment r\u00e9pondre aux nouveaux besoins de nos clients ? C\u2019est passionnant !&#8221;<\/p>\n\n\n\n<figure class=\"wp-block-image\"><img loading=\"lazy\" decoding=\"async\" width=\"1024\" height=\"576\" src=\"http:\/\/lignesauto.fr\/wp-content\/uploads\/2020\/04\/LIGNES_14-1024x576.jpg\" alt=\"\" class=\"wp-image-16762\" srcset=\"https:\/\/lignesauto.fr\/wp-content\/uploads\/2020\/04\/LIGNES_14-1024x576.jpg 1024w, https:\/\/lignesauto.fr\/wp-content\/uploads\/2020\/04\/LIGNES_14-300x169.jpg 300w, https:\/\/lignesauto.fr\/wp-content\/uploads\/2020\/04\/LIGNES_14-768x432.jpg 768w, https:\/\/lignesauto.fr\/wp-content\/uploads\/2020\/04\/LIGNES_14-370x208.jpg 370w, https:\/\/lignesauto.fr\/wp-content\/uploads\/2020\/04\/LIGNES_14-1040x585.jpg 1040w, https:\/\/lignesauto.fr\/wp-content\/uploads\/2020\/04\/LIGNES_14.jpg 1417w\" sizes=\"(max-width: 1024px) 100vw, 1024px\" \/><\/figure>\n\n\n\n<p style=\"font-size:18px\"><strong>BERTRAND BACH<\/strong><br><strong>Senior design directeur &#8211; Changan Europe<\/strong> &#8220;Un changement ? Oui, je l\u2019esp\u00e8re profond\u00e9ment. Le design automobile est trop lent \u00e0 adapter des solutions nouvelles, selon moi. En 2020, nous devrions \u00eatre capables de faire diff\u00e9remment qu\u2019en 2000&#8230; Profond\u00e9ment diff\u00e9rent&nbsp;: plus simple, rapide, l\u00e9ger, efficace , flexible, \u00e9cologique&#8230;.&#8221;<\/p>\n\n\n\n<figure class=\"wp-block-image\"><img loading=\"lazy\" decoding=\"async\" width=\"1024\" height=\"679\" src=\"http:\/\/lignesauto.fr\/wp-content\/uploads\/2020\/04\/A_01-1024x679.jpg\" alt=\"\" class=\"wp-image-16798\" srcset=\"https:\/\/lignesauto.fr\/wp-content\/uploads\/2020\/04\/A_01-1024x679.jpg 1024w, https:\/\/lignesauto.fr\/wp-content\/uploads\/2020\/04\/A_01-300x199.jpg 300w, https:\/\/lignesauto.fr\/wp-content\/uploads\/2020\/04\/A_01-768x509.jpg 768w, https:\/\/lignesauto.fr\/wp-content\/uploads\/2020\/04\/A_01-370x245.jpg 370w, https:\/\/lignesauto.fr\/wp-content\/uploads\/2020\/04\/A_01-1040x689.jpg 1040w, https:\/\/lignesauto.fr\/wp-content\/uploads\/2020\/04\/A_01.jpg 1417w\" sizes=\"(max-width: 1024px) 100vw, 1024px\" \/><\/figure>\n\n\n\n<p style=\"font-size:18px\"><strong>PIERRE LECLERCQ<\/strong><br><strong>Directeur design Citro\u00ebn<\/strong> &#8220;La  priorit\u00e9 pour le moment est de pr\u00e9server la sant\u00e9 de nos \u00e9quipes et  d\u2019accepter ce qui arrive devant nous le plus positivement possible. Certainement, nous saurons trouver des forces \u00e9galement dans notre mani\u00e8re de travailler. Je  pense que cette crise sanitaire qui se double d\u2019une crise \u00e9conomique  nous changera tous. Nous \u00e9crivons au quotidien une nouvelle page de  notre Histoire. On  va tous devoir apprendre de cette exp\u00e9rience. Sur le plan  professionnel, sur le plan personnel, sur l\u2019organisation du quotidien,  sur comment nous interagissons avec  nos amis, nos voisins. Mais il est encore bien trop t\u00f4t pour d\u00e9tailler  tous ces changements. Je n\u2019ai pas de boule de cristal.&#8221;<\/p>\n\n\n\n<figure class=\"wp-block-image\"><img loading=\"lazy\" decoding=\"async\" width=\"1024\" height=\"576\" src=\"http:\/\/lignesauto.fr\/wp-content\/uploads\/2020\/04\/A_02-1024x576.jpg\" alt=\"\" class=\"wp-image-16800\" srcset=\"https:\/\/lignesauto.fr\/wp-content\/uploads\/2020\/04\/A_02-1024x576.jpg 1024w, https:\/\/lignesauto.fr\/wp-content\/uploads\/2020\/04\/A_02-300x169.jpg 300w, https:\/\/lignesauto.fr\/wp-content\/uploads\/2020\/04\/A_02-768x432.jpg 768w, https:\/\/lignesauto.fr\/wp-content\/uploads\/2020\/04\/A_02-370x208.jpg 370w, https:\/\/lignesauto.fr\/wp-content\/uploads\/2020\/04\/A_02-1040x585.jpg 1040w, https:\/\/lignesauto.fr\/wp-content\/uploads\/2020\/04\/A_02.jpg 1280w\" sizes=\"(max-width: 1024px) 100vw, 1024px\" \/><\/figure>\n\n\n\n<p style=\"font-size:18px\"><strong>FRAN\u00c7OIS FARION<\/strong><br><strong>Directeur Design Couleurs et Mati\u00e8res &#8211; Groupe Renault.<\/strong> &#8220;Un \u00e9v\u00e8nement bouleversant autant nos vies personnelles et professionnelles changera forcement la mani\u00e8re dont nous travaillerons&nbsp;: la mani\u00e8re de collaborer, de prendre des d\u00e9cisions, de prendre du recul\u2026 Dans ce sens, il y aura bien un apr\u00e8s Covid-19. L\u2019influence que cela pourra avoir sur notre relation \u00e0 l\u2019objet automobile est plus difficile \u00e0 \u00e9valuer&nbsp;: para\u00eetra-t-il moins indispensable, digne d\u2019investissement, ou au contraire facilitera plus que toutes les mesures gouvernementales, le passage \u00e0 des v\u00e9hicules plus respectueux de l\u2019environnement, apr\u00e8s la d\u00e9couverte des b\u00e9n\u00e9fices du confinement&nbsp;: silence, r\u00e9duction de la pollution&nbsp;notamment ?&#8221; <\/p>\n\n\n\n<figure class=\"wp-block-image\"><img loading=\"lazy\" decoding=\"async\" width=\"1024\" height=\"639\" src=\"http:\/\/lignesauto.fr\/wp-content\/uploads\/2020\/04\/A_03-1024x639.png\" alt=\"\" class=\"wp-image-16799\" srcset=\"https:\/\/lignesauto.fr\/wp-content\/uploads\/2020\/04\/A_03-1024x639.png 1024w, https:\/\/lignesauto.fr\/wp-content\/uploads\/2020\/04\/A_03-300x187.png 300w, https:\/\/lignesauto.fr\/wp-content\/uploads\/2020\/04\/A_03-768x479.png 768w, https:\/\/lignesauto.fr\/wp-content\/uploads\/2020\/04\/A_03-370x231.png 370w, https:\/\/lignesauto.fr\/wp-content\/uploads\/2020\/04\/A_03-1040x649.png 1040w, https:\/\/lignesauto.fr\/wp-content\/uploads\/2020\/04\/A_03.png 1417w\" sizes=\"(max-width: 1024px) 100vw, 1024px\" \/><\/figure>\n\n\n\n<p style=\"font-size:18px\"><strong>AMKO LEENARTS<\/strong><br><strong>Directeur Design Ford Europe<\/strong> &#8220;Les besoins en mati\u00e8re de design de qualit\u00e9 seront maintenus, notre profession ne devrait pas \u00eatre affaiblie. Je pense que cette p\u00e9riode aura repouss\u00e9 toutes les limites de l&#8217;efficacit\u00e9 et de la communication, d&#8217;une mani\u00e8re finalement tr\u00e8s productive.&#8221;<\/p>\n\n\n\n<p><strong>LIGNES\/auto is also a Facebook page:<\/strong> <a href=\"https:\/\/www.facebook.com\/lignesauto\/?modal=admin_todo_tour\">https:\/\/www.facebook.com\/lignesauto\/?modal=admin_todo_tour<\/a><\/p>\n\n\n\n<figure class=\"wp-block-image is-resized\"><img loading=\"lazy\" decoding=\"async\" src=\"http:\/\/lignesauto.fr\/wp-content\/uploads\/2018\/10\/LOGOActus_BD-1024x367.jpg\" alt=\"L\u2019attribut alt de cette image est vide, son nom de fichier est LOGOActus_BD-1024x367.jpg.\" width=\"479\" height=\"171\"\/><\/figure>\n","protected":false},"excerpt":{"rendered":"<p>A la question \u00ab&nbsp;croyez-vous que l\u2019apr\u00e8s Covid-19 sera diff\u00e9rent dans votre univers professionnel&nbsp;?&nbsp;\u00bb les designers ont globalement le m\u00eame raisonnement&nbsp;: \u00ab&nbsp;Oui&nbsp;!&nbsp;\u00bb Voici leurs r\u00e9ponses, \u00e0 m\u00e9diter&#8230; THIERRY METROZDirecteur design DS &#8220;Oui, in\u00e9vitablement, compte tenu des impacts \u00e9conomiques sur l\u2019ensemble des soci\u00e9t\u00e9s de tous les pays. En tant que designer c\u2019est [&hellip;]<\/p>\n","protected":false},"author":1,"featured_media":16804,"comment_status":"open","ping_status":"open","sticky":false,"template":"","format":"standard","meta":{"footnotes":""},"categories":[1],"tags":[],"_links":{"self":[{"href":"https:\/\/lignesauto.fr\/index.php?rest_route=\/wp\/v2\/posts\/16735"}],"collection":[{"href":"https:\/\/lignesauto.fr\/index.php?rest_route=\/wp\/v2\/posts"}],"about":[{"href":"https:\/\/lignesauto.fr\/index.php?rest_route=\/wp\/v2\/types\/post"}],"author":[{"embeddable":true,"href":"https:\/\/lignesauto.fr\/index.php?rest_route=\/wp\/v2\/users\/1"}],"replies":[{"embeddable":true,"href":"https:\/\/lignesauto.fr\/index.php?rest_route=%2Fwp%2Fv2%2Fcomments&post=16735"}],"version-history":[{"count":23,"href":"https:\/\/lignesauto.fr\/index.php?rest_route=\/wp\/v2\/posts\/16735\/revisions"}],"predecessor-version":[{"id":17198,"href":"https:\/\/lignesauto.fr\/index.php?rest_route=\/wp\/v2\/posts\/16735\/revisions\/17198"}],"wp:featuredmedia":[{"embeddable":true,"href":"https:\/\/lignesauto.fr\/index.php?rest_route=\/wp\/v2\/media\/16804"}],"wp:attachment":[{"href":"https:\/\/lignesauto.fr\/index.php?rest_route=%2Fwp%2Fv2%2Fmedia&parent=16735"}],"wp:term":[{"taxonomy":"category","embeddable":true,"href":"https:\/\/lignesauto.fr\/index.php?rest_route=%2Fwp%2Fv2%2Fcategories&post=16735"},{"taxonomy":"post_tag","embeddable":true,"href":"https:\/\/lignesauto.fr\/index.php?rest_route=%2Fwp%2Fv2%2Ftags&post=16735"}],"curies":[{"name":"wp","href":"https:\/\/api.w.org\/{rel}","templated":true}]}}