{"id":16738,"date":"2020-04-30T06:02:24","date_gmt":"2020-04-30T04:02:24","guid":{"rendered":"http:\/\/lignesauto.fr\/?p=16738"},"modified":"2020-04-30T18:14:30","modified_gmt":"2020-04-30T16:14:30","slug":"enquete-les-designers-nous-parlent-confinement","status":"publish","type":"post","link":"https:\/\/lignesauto.fr\/?p=16738","title":{"rendered":"Enqu\u00eate : les designers nous parlent &#8220;confinement&#8221;"},"content":{"rendered":"\n<p style=\"font-size:18px\">Le travail \u00e0 distance, la confidentialit\u00e9, le manque de l\u2019ambiance des studios, les d\u00e9lais, les programmes \u00e0 poursuivre co\u00fbte que co\u00fbte\u2026 les designers se confient sur leurs confinements.<\/p>\n\n\n\n<figure class=\"wp-block-image is-resized\"><img loading=\"lazy\" decoding=\"async\" src=\"http:\/\/lignesauto.fr\/wp-content\/uploads\/2018\/10\/LOGOActus_BD-1024x367.jpg\" alt=\"\" class=\"wp-image-4921\" width=\"430\" height=\"153\" srcset=\"https:\/\/lignesauto.fr\/wp-content\/uploads\/2018\/10\/LOGOActus_BD-1024x367.jpg 1024w, https:\/\/lignesauto.fr\/wp-content\/uploads\/2018\/10\/LOGOActus_BD-300x108.jpg 300w, https:\/\/lignesauto.fr\/wp-content\/uploads\/2018\/10\/LOGOActus_BD-370x133.jpg 370w, https:\/\/lignesauto.fr\/wp-content\/uploads\/2018\/10\/LOGOActus_BD-1040x373.jpg 1040w, https:\/\/lignesauto.fr\/wp-content\/uploads\/2018\/10\/LOGOActus_BD.jpg 1240w\" sizes=\"(max-width: 430px) 100vw, 430px\" \/><\/figure>\n\n\n\n<p style=\"font-size:18px\"><strong>Elle et ils racontent leurs confinements \u00e0 LIGNES\/auto<\/strong> :<br>-Sabine Pannetrat, responsable couleurs, mati\u00e8res et finitions, design DS<br>-Amko Leenarts, patron du design de Ford Europe,<br>-Thierry M\u00e9troz, patron du design DS,<br>-Pierre Leclecrq, patron du design Citro\u00ebn,<br>-Fran\u00e7ois Farion, responsable couleurs et mati\u00e8res du groupe Renault,<br>-Bertrand Bach, s\u00e9nior Design Directeur -design exter- de Changan Europe,<br>-Patrick le Qu\u00e9ment, ex-responsable design industriel Renault<\/p>\n\n\n\n<figure class=\"wp-block-image\"><img loading=\"lazy\" decoding=\"async\" width=\"1024\" height=\"683\" src=\"http:\/\/lignesauto.fr\/wp-content\/uploads\/2020\/04\/LIGNES_11-1024x683.jpg\" alt=\"\" class=\"wp-image-16758\" srcset=\"https:\/\/lignesauto.fr\/wp-content\/uploads\/2020\/04\/LIGNES_11-1024x683.jpg 1024w, https:\/\/lignesauto.fr\/wp-content\/uploads\/2020\/04\/LIGNES_11-300x200.jpg 300w, https:\/\/lignesauto.fr\/wp-content\/uploads\/2020\/04\/LIGNES_11-768x512.jpg 768w, https:\/\/lignesauto.fr\/wp-content\/uploads\/2020\/04\/LIGNES_11-370x247.jpg 370w, https:\/\/lignesauto.fr\/wp-content\/uploads\/2020\/04\/LIGNES_11-1040x694.jpg 1040w, https:\/\/lignesauto.fr\/wp-content\/uploads\/2020\/04\/LIGNES_11.jpg 1417w\" sizes=\"(max-width: 1024px) 100vw, 1024px\" \/><figcaption>Amko Leenarts, patron du design Ford Europe (\u00e0 droite). Non encore confin\u00e9&#8230;<\/figcaption><\/figure>\n\n\n\n<p style=\"font-size:18px\">Le confinement est prolong\u00e9. Pour tout le monde, ou presque&#8230; Les bureaux de design de la plan\u00e8te enti\u00e8re sont-ils vides&nbsp;? Oui&#8230; Certains en Europe, d&#8217;autres plus s\u00e9rieusement en France. En Allemagne, le confinement \u00e9tant diff\u00e9rent du n\u00f4tre (moins contraignant&#8230;), certains responsables peuvent rejoindre de petites \u00e9quipes de maquettage une fois tous les quinze jours, chez de rares constructeurs. En France, le confinement ne le permet pas vraiment ! Chez PSA par exemple, le centre de design ADN \u00e0 V\u00e9lizy s\u2019est vid\u00e9 de la majorit\u00e9 de ses salari\u00e9s et sa mati\u00e8re grise a \u00e9t\u00e9 transf\u00e9r\u00e9e dans les domiciles des designers&nbsp;! <em>&#8220;Pas de confinement au studio bien s\u00fbr \u2026<\/em>&#8221; explique <strong>Thierry M\u00e9troz<\/strong>, directeur du design DS. <em>&#8220;Nous avons anticip\u00e9 deux jours avant le d\u00e9but de la p\u00e9riode de confinement et l\u2019ensemble du team Design DS a transf\u00e9r\u00e9 son mat\u00e9riel informatique \u00e0 son domicile (palette graphique, PC, Station CAO). Ils sont donc aujourd\u2019hui en s\u00e9curit\u00e9, et le plus important&nbsp;: tous en bonne sant\u00e9&nbsp;!<\/em>&#8220;<\/p>\n\n\n\n<figure class=\"wp-block-image\"><img loading=\"lazy\" decoding=\"async\" width=\"576\" height=\"1024\" src=\"http:\/\/lignesauto.fr\/wp-content\/uploads\/2020\/04\/LIGNES_10-576x1024.jpg\" alt=\"\" class=\"wp-image-16746\" srcset=\"https:\/\/lignesauto.fr\/wp-content\/uploads\/2020\/04\/LIGNES_10-576x1024.jpg 576w, https:\/\/lignesauto.fr\/wp-content\/uploads\/2020\/04\/LIGNES_10-169x300.jpg 169w, https:\/\/lignesauto.fr\/wp-content\/uploads\/2020\/04\/LIGNES_10-768x1366.jpg 768w, https:\/\/lignesauto.fr\/wp-content\/uploads\/2020\/04\/LIGNES_10-370x658.jpg 370w, https:\/\/lignesauto.fr\/wp-content\/uploads\/2020\/04\/LIGNES_10-1040x1850.jpg 1040w, https:\/\/lignesauto.fr\/wp-content\/uploads\/2020\/04\/LIGNES_10.jpg 1417w\" sizes=\"(max-width: 576px) 100vw, 576px\" \/><figcaption>Thierry M\u00e9troz et le dernier concept-car DS : l&#8217;Aero Sport Lounge de 2020.<\/figcaption><\/figure>\n\n\n\n<p style=\"font-size:18px\">La sant\u00e9 des designers, comme dans toutes entreprises, est \u00e9galement primordiale pour <strong>Amko Leenarts<\/strong>, le patron du design Ford Europe&nbsp;: <em>&#8220;nous avons mis en place un syst\u00e8me qui accorde la plus haute priorit\u00e9 \u00e0 la sant\u00e9 et \u00e0 la s\u00e9curit\u00e9, tout en \u00e9tant en mesure de poursuivre nos programmes prioritaires. Nous travaillons \u00e0 distance depuis notre domicile, en num\u00e9rique, gr\u00e2ce \u00e0 divers outils, tandis que l&#8217;\u00e9quipe de direction est \u00e9quip\u00e9e en r\u00e9alit\u00e9 virtuelle pour franchir les \u00e9tapes importantes de mani\u00e8re ad\u00e9quate.<\/em>&#8220;<\/p>\n\n\n\n<figure class=\"wp-block-image\"><img loading=\"lazy\" decoding=\"async\" width=\"1024\" height=\"683\" src=\"http:\/\/lignesauto.fr\/wp-content\/uploads\/2020\/04\/LIGNES_07-1024x683.jpg\" alt=\"\" class=\"wp-image-16747\" srcset=\"https:\/\/lignesauto.fr\/wp-content\/uploads\/2020\/04\/LIGNES_07-1024x683.jpg 1024w, https:\/\/lignesauto.fr\/wp-content\/uploads\/2020\/04\/LIGNES_07-300x200.jpg 300w, https:\/\/lignesauto.fr\/wp-content\/uploads\/2020\/04\/LIGNES_07-768x512.jpg 768w, https:\/\/lignesauto.fr\/wp-content\/uploads\/2020\/04\/LIGNES_07-370x247.jpg 370w, https:\/\/lignesauto.fr\/wp-content\/uploads\/2020\/04\/LIGNES_07-1040x694.jpg 1040w, https:\/\/lignesauto.fr\/wp-content\/uploads\/2020\/04\/LIGNES_07.jpg 1417w\" sizes=\"(max-width: 1024px) 100vw, 1024px\" \/><figcaption>Amko Leenarts, Ford Europe<\/figcaption><\/figure>\n\n\n\n<p style=\"font-size:18px\"><strong>Amko<\/strong> pr\u00e9cise que <em>&#8220;j&#8217;ai tout ce dont j&#8217;ai besoin ici pour r\u00e9aliser le job. Le plus grand d\u00e9fi pour les \u00e9quipes est de conserver une motivation permanente. Sans parler du maintien de la confidentialit\u00e9 dans un contexte priv\u00e9, tout en gardant les canaux de communication ouverts !&#8221;<\/em> Si les modeleurs physiques ont \u00e9t\u00e9 les premiers \u00e0 \u00eatre concern\u00e9s par les mesures d\u2019accompagnement, type ch\u00f4mage partiel (difficile d\u2019embarquer un marbre et une fraiseuse cinq axes \u00e0 domicile&#8230;), les designers ont donc pu emporter leurs \u00ab&nbsp;outils&nbsp;\u00bb num\u00e9riques, sans oublier le plus fondamental comme l\u2019explique <strong>Thierry M\u00e9troz<\/strong> : <em>&#8220;le papier&nbsp;!<\/em>&#8220;<\/p>\n\n\n\n<figure class=\"wp-block-image\"><img loading=\"lazy\" decoding=\"async\" width=\"1024\" height=\"739\" src=\"http:\/\/lignesauto.fr\/wp-content\/uploads\/2020\/04\/LIGNES_03-1024x739.jpg\" alt=\"\" class=\"wp-image-16748\" srcset=\"https:\/\/lignesauto.fr\/wp-content\/uploads\/2020\/04\/LIGNES_03-1024x739.jpg 1024w, https:\/\/lignesauto.fr\/wp-content\/uploads\/2020\/04\/LIGNES_03-300x216.jpg 300w, https:\/\/lignesauto.fr\/wp-content\/uploads\/2020\/04\/LIGNES_03-768x554.jpg 768w, https:\/\/lignesauto.fr\/wp-content\/uploads\/2020\/04\/LIGNES_03-370x267.jpg 370w, https:\/\/lignesauto.fr\/wp-content\/uploads\/2020\/04\/LIGNES_03-1040x750.jpg 1040w, https:\/\/lignesauto.fr\/wp-content\/uploads\/2020\/04\/LIGNES_03.jpg 1417w\" sizes=\"(max-width: 1024px) 100vw, 1024px\" \/><figcaption>Croquis de Gr\u00e9gory Blanchet pour la CXp\u00e9rience Citro\u00ebn 2016<\/figcaption><\/figure>\n\n\n\n<p style=\"font-size:18px\">Car <em>&#8220;les projets ne peuvent pas attendre<\/em>&#8221; nous dit de son c\u00f4t\u00e9 <strong>Pierre Leclercq<\/strong>, directeur du design Citro\u00ebn. Et il poursuit en expliquant <em>&#8220;qu&#8217;on a beaucoup de choses \u00e0 organiser et on essaye de trouver notre vitesse de croisi\u00e8re. Les week-ends sont un peu plus calmes, comme pour beaucoup je pense, on appr\u00e9cie le temps en famille.&#8221;<\/em> Dans d\u2019autres domaines du design transport, comme le dessin de&#8230; bateaux, le travail demeure, comme le souligne <strong>Patrick le Qu\u00e9ment<\/strong>&nbsp;: <em>&#8220;je bosse toujours comme un dingue<\/em>&#8221; nous explique ainsi l\u2019ex-responsable du design Renault. Il a choisi la r\u00e9gion parisienne pour se confiner, o\u00f9, reconna\u00eet-il <em>&#8220;notre vie \u00e0 la maison a quelque peu \u00e9volu\u00e9, mais globalement, je travaille comme avant. Certes il n\u2019y a plus les rencontres physiques \u00e0 l\u2019agence, mais comme tout se fait en num\u00e9rique, ma vie n\u2019a pas \u00e9t\u00e9 transform\u00e9e.<\/em>&#8220;<\/p>\n\n\n\n<figure class=\"wp-block-image\"><img loading=\"lazy\" decoding=\"async\" width=\"766\" height=\"1024\" src=\"http:\/\/lignesauto.fr\/wp-content\/uploads\/2020\/04\/LIGNES_20-766x1024.jpg\" alt=\"\" class=\"wp-image-16749\" srcset=\"https:\/\/lignesauto.fr\/wp-content\/uploads\/2020\/04\/LIGNES_20-766x1024.jpg 766w, https:\/\/lignesauto.fr\/wp-content\/uploads\/2020\/04\/LIGNES_20-224x300.jpg 224w, https:\/\/lignesauto.fr\/wp-content\/uploads\/2020\/04\/LIGNES_20-768x1027.jpg 768w, https:\/\/lignesauto.fr\/wp-content\/uploads\/2020\/04\/LIGNES_20-370x495.jpg 370w, https:\/\/lignesauto.fr\/wp-content\/uploads\/2020\/04\/LIGNES_20-1040x1391.jpg 1040w, https:\/\/lignesauto.fr\/wp-content\/uploads\/2020\/04\/LIGNES_20.jpg 1417w\" sizes=\"(max-width: 766px) 100vw, 766px\" \/><figcaption>Contrairement \u00e0 cette vue, Patrick le Qu\u00e9ment ne ch\u00f4me pas actuellement<br>et dessine de nombreux bateaux !<\/figcaption><\/figure>\n\n\n\n<p style=\"font-size:18px\">&#8220;<em>Les journ\u00e9es continuent d\u2019\u00eatre bien rythm\u00e9es, voire plus intenses<\/em>&#8221; reconnait <strong>Sabine Pannetrat,<\/strong> responsable de la cellule design mati\u00e8res, couleurs et finitions de la jeune marque DS (ci-dessous). <em>&#8220;Ce confinement me permet de mettre de c\u00f4t\u00e9 certains sujets (valider des \u00e9chantillons physiques de peinture, de cuir ou de textiles n\u2019est pas possible sans pouvoir les manipuler !) et d\u2019avoir la possibilit\u00e9 de se focaliser sur des \u00e9l\u00e9ments plus strat\u00e9giques \u00e0 court,&nbsp; moyen et long terme. Donc la cr\u00e9ativit\u00e9 n\u2019est pas mise de c\u00f4t\u00e9, loin de l\u00e0, mais il s\u2019agit de prendre du recul et de renforcer notre vision pour DS. Il s\u2019agit aussi d\u2019\u00eatre \u00e0 l\u2019\u00e9coute des microsignaux des \u00e9volutions soci\u00e9tales \u00e0 venir suite aux chamboulements causes par cette pand\u00e9mie. Ils auront un impact sur notre fa\u00e7on d\u2019aborder notre travail. Dans ce contexte, nous faisons de notre mieux mais certains interlocuteurs (en particuliers nos fournisseurs avec qui nous \u00e9changeons quasi quotidiennement) ne sont temporairement plus disponibles pour \u00e9changer avec nous, et donc certains sujets sont mis en standby.&#8221;<\/em><\/p>\n\n\n\n<figure class=\"wp-block-image\"><img loading=\"lazy\" decoding=\"async\" width=\"1024\" height=\"768\" src=\"http:\/\/lignesauto.fr\/wp-content\/uploads\/2020\/04\/LIGNES_SAB_PANNETRAT_01-1024x768.jpg\" alt=\"\" class=\"wp-image-16986\" srcset=\"https:\/\/lignesauto.fr\/wp-content\/uploads\/2020\/04\/LIGNES_SAB_PANNETRAT_01-1024x768.jpg 1024w, https:\/\/lignesauto.fr\/wp-content\/uploads\/2020\/04\/LIGNES_SAB_PANNETRAT_01-300x225.jpg 300w, https:\/\/lignesauto.fr\/wp-content\/uploads\/2020\/04\/LIGNES_SAB_PANNETRAT_01-768x576.jpg 768w, https:\/\/lignesauto.fr\/wp-content\/uploads\/2020\/04\/LIGNES_SAB_PANNETRAT_01-370x278.jpg 370w, https:\/\/lignesauto.fr\/wp-content\/uploads\/2020\/04\/LIGNES_SAB_PANNETRAT_01-1040x780.jpg 1040w, https:\/\/lignesauto.fr\/wp-content\/uploads\/2020\/04\/LIGNES_SAB_PANNETRAT_01.jpg 1417w\" sizes=\"(max-width: 1024px) 100vw, 1024px\" \/><figcaption>Sabine Pannetrat, responsable cellule design couleurs, mati\u00e8res et finitions chez DS.<\/figcaption><\/figure>\n\n\n\n<p style=\"font-size:18px\">Le lieu de confinement des designers d\u00e9pend \u00e9videmment de leurs origines&nbsp;! Natif de Belgique, le patron du design Citro\u00ebn, <strong>Pierre Leclercq<\/strong>, nous confirme <em>&#8220;\u00eatre all\u00e9 m\u2019enterrer dans les Ardennes belges&nbsp;!<\/em>&#8221; Mais pas question pour lui de l\u00e2cher prise&nbsp;:  <em>&#8220;C\u2019est assez incroyable mais les journ\u00e9es de la semaine sont probablement plus occup\u00e9es encore que les journ\u00e9es en studio. Ce sont donc beaucoup de r\u00e9union du matin au soir.&#8221;<\/em> Seul diff\u00e9rence avec le bureau de l\u2019ADN \u00e0 V\u00e9lizy, <em>&#8220;mes enfants m\u2019am\u00e8nent un petit expresso ou un biscuit\u2026 C\u2019est marrant&nbsp;!<\/em>&#8220;<\/p>\n\n\n\n<figure class=\"wp-block-image\"><img loading=\"lazy\" decoding=\"async\" width=\"1024\" height=\"555\" src=\"http:\/\/lignesauto.fr\/wp-content\/uploads\/2020\/04\/LIGNES_06-1024x555.png\" alt=\"\" class=\"wp-image-16750\" srcset=\"https:\/\/lignesauto.fr\/wp-content\/uploads\/2020\/04\/LIGNES_06-1024x555.png 1024w, https:\/\/lignesauto.fr\/wp-content\/uploads\/2020\/04\/LIGNES_06-300x163.png 300w, https:\/\/lignesauto.fr\/wp-content\/uploads\/2020\/04\/LIGNES_06-768x416.png 768w, https:\/\/lignesauto.fr\/wp-content\/uploads\/2020\/04\/LIGNES_06-370x201.png 370w, https:\/\/lignesauto.fr\/wp-content\/uploads\/2020\/04\/LIGNES_06-1040x564.png 1040w, https:\/\/lignesauto.fr\/wp-content\/uploads\/2020\/04\/LIGNES_06.png 1417w\" sizes=\"(max-width: 1024px) 100vw, 1024px\" \/><figcaption>Pierre Leclercq devant le concept-car 19_19 du centenaire Citro\u00ebn.<\/figcaption><\/figure>\n\n\n\n<p style=\"font-size:18px\">Concr\u00e8tement, de nombreux designers sont quand m\u00eame en ch\u00f4mage partiel, comme nous le confirme <strong>Fran\u00e7ois Farion<\/strong>, directeur design couleurs &amp; mati\u00e8res chez Renault. <em>&#8220;Confin\u00e9 et en ch\u00f4mage partiel le matin depuis lundi 30 mars, comme tous les \u00e9tablissements d\u2019Ile de France du groupe Renault.<\/em>&#8221; Pour autant, les projets continuent leurs \u00e9volutions. <em>&#8220;Dans un premier temps, le rythme des r\u00e9unions, notamment pour les managers, n\u2019a pas diminu\u00e9, bien au contraire<\/em>&#8221; pr\u00e9cise <strong>Fran\u00e7ois<\/strong>. <em>&#8220;Mais le travail \u00e0 mi-temps a chang\u00e9 un peu la donne. \u00c7a nous permet de nourrir la r\u00e9flexion et la cr\u00e9ativit\u00e9 de mani\u00e8re diff\u00e9rente&nbsp;: plus d\u2019images et de recherches online, plus de sens strat\u00e9gique, mais \u00e9videmment moins d\u2019interactions et de concr\u00e9tisation sur les mati\u00e8res, ou les \u00e9chantillons avec les fournisseurs<\/em>.&#8221;<\/p>\n\n\n\n<figure class=\"wp-block-image\"><img loading=\"lazy\" decoding=\"async\" width=\"1024\" height=\"586\" src=\"http:\/\/lignesauto.fr\/wp-content\/uploads\/2020\/04\/LIGNES_04-1024x586.jpg\" alt=\"\" class=\"wp-image-16751\" srcset=\"https:\/\/lignesauto.fr\/wp-content\/uploads\/2020\/04\/LIGNES_04-1024x586.jpg 1024w, https:\/\/lignesauto.fr\/wp-content\/uploads\/2020\/04\/LIGNES_04-300x172.jpg 300w, https:\/\/lignesauto.fr\/wp-content\/uploads\/2020\/04\/LIGNES_04-768x440.jpg 768w, https:\/\/lignesauto.fr\/wp-content\/uploads\/2020\/04\/LIGNES_04-370x212.jpg 370w, https:\/\/lignesauto.fr\/wp-content\/uploads\/2020\/04\/LIGNES_04-1040x595.jpg 1040w, https:\/\/lignesauto.fr\/wp-content\/uploads\/2020\/04\/LIGNES_04.jpg 1417w\" sizes=\"(max-width: 1024px) 100vw, 1024px\" \/><figcaption>Fran\u00e7ois Farion, directeur C&amp;M de Renault.<\/figcaption><\/figure>\n\n\n\n<p style=\"font-size:18px\">Il est vrai qu\u2019un designer exter ou inter est tr\u00e8s certainement plus \u00e0 l\u2019aise qu\u2019un designer proche de la mati\u00e8re, voire d\u2019un&#8230; maquettiste physique&nbsp;! A ce propos, les designers Citro\u00ebn ont-ils eux aussi de quoi travailler chez eux&nbsp;? <em>&#8220;\u00c0 peu pr\u00e8s tout passe par Skype<\/em>&#8221; pr\u00e9cise <strong>Pierre Leclercq<\/strong>. <em>&#8220;Les designers, les modeleurs 3D, sont repartis avec leur ordinateur, leur tablette, du papier, des crayons, des marqueurs\u2026 On y arrive !<\/em>&#8220;<\/p>\n\n\n\n<figure class=\"wp-block-image\"><img loading=\"lazy\" decoding=\"async\" width=\"1024\" height=\"681\" src=\"http:\/\/lignesauto.fr\/wp-content\/uploads\/2020\/04\/LIGNES_02-1024x681.jpg\" alt=\"\" class=\"wp-image-16752\" srcset=\"https:\/\/lignesauto.fr\/wp-content\/uploads\/2020\/04\/LIGNES_02-1024x681.jpg 1024w, https:\/\/lignesauto.fr\/wp-content\/uploads\/2020\/04\/LIGNES_02-300x200.jpg 300w, https:\/\/lignesauto.fr\/wp-content\/uploads\/2020\/04\/LIGNES_02-768x511.jpg 768w, https:\/\/lignesauto.fr\/wp-content\/uploads\/2020\/04\/LIGNES_02-370x246.jpg 370w, https:\/\/lignesauto.fr\/wp-content\/uploads\/2020\/04\/LIGNES_02-1040x692.jpg 1040w, https:\/\/lignesauto.fr\/wp-content\/uploads\/2020\/04\/LIGNES_02.jpg 1417w\" sizes=\"(max-width: 1024px) 100vw, 1024px\" \/><figcaption>Tous les designers ont embarqu\u00e9 une partie de leur mat\u00e9riel du quotidien.<\/figcaption><\/figure>\n\n\n\n<p style=\"font-size:18px\">Chez Renault, <strong>Fran\u00e7ois Farion<\/strong> pr\u00e9cise que <em>&#8220;d\u00e8s que nous avons d\u00fb travailler de la maison &#8211; le&nbsp;16 mars-, nous avons utilis\u00e9 les outils de collaboration habituels du groupe (Skype, Teams, VPN\u2026) mais de fa\u00e7on plus intensive et \u00e9videmment syst\u00e9matique.&nbsp;Pour plusieurs membres de mon \u00e9quipe, le t\u00e9l\u00e9travail \u00e9tait d\u00e9j\u00e0 une r\u00e9alit\u00e9 un jour par semaine. Seul un designer, qui nous a rejoint r\u00e9cemment, n\u2019\u00e9tait pas \u00e9quip\u00e9, ce qui est fait maintenant, comme pour les autres membres du design, gr\u00e2ce au travail remarquable du groupe informatique.<\/em>&#8220;<\/p>\n\n\n\n<figure class=\"wp-block-image\"><img loading=\"lazy\" decoding=\"async\" width=\"1024\" height=\"1024\" src=\"http:\/\/lignesauto.fr\/wp-content\/uploads\/2020\/04\/LIGNES_08-1024x1024.jpg\" alt=\"\" class=\"wp-image-16753\" srcset=\"https:\/\/lignesauto.fr\/wp-content\/uploads\/2020\/04\/LIGNES_08-1024x1024.jpg 1024w, https:\/\/lignesauto.fr\/wp-content\/uploads\/2020\/04\/LIGNES_08-150x150.jpg 150w, https:\/\/lignesauto.fr\/wp-content\/uploads\/2020\/04\/LIGNES_08-300x300.jpg 300w, https:\/\/lignesauto.fr\/wp-content\/uploads\/2020\/04\/LIGNES_08-768x768.jpg 768w, https:\/\/lignesauto.fr\/wp-content\/uploads\/2020\/04\/LIGNES_08-370x370.jpg 370w, https:\/\/lignesauto.fr\/wp-content\/uploads\/2020\/04\/LIGNES_08-1040x1040.jpg 1040w, https:\/\/lignesauto.fr\/wp-content\/uploads\/2020\/04\/LIGNES_08.jpg 1417w\" sizes=\"(max-width: 1024px) 100vw, 1024px\" \/><figcaption>Le num\u00e9rique est la cl\u00e9 du confinement, m\u00eame si la taille des \u00e9crans change.<br>Ici, chez DS, o\u00f9 ce gigantisme doit attendre la fin du confinement&#8230;<\/figcaption><\/figure>\n\n\n\n<p style=\"font-size:18px\">M\u00eame \u00e0 (grandes) distances, les \u00e9quipes restent en contact permanent. Tout est alors question d\u2019organisation. Pour <strong>Thierry M\u00e9tro<\/strong>z (DS), le travail \u00e0 distance avec ses \u00e9quipes diff\u00e8re finalement peu du quotidien d\u2019avant le Covid-19&nbsp;: <em>&#8220;si l\u2019on part du principe que nous \u00e9tions d\u00e9j\u00e0 fortement \u2018\u2019num\u00e9rique\u2019\u2019 dans nos processus de d\u00e9veloppement style, de l\u2019ordre de 80%, le fait d\u2019\u00e9changer \u00e0 distance ne change finalement pas beaucoup les choses, si ce n\u2019est la taille des \u00e9crans et l\u2019absence de casque de r\u00e9alit\u00e9 virtuelle&nbsp;! &#8220;<\/em><\/p>\n\n\n\n<figure class=\"wp-block-image is-resized\"><img loading=\"lazy\" decoding=\"async\" src=\"http:\/\/lignesauto.fr\/wp-content\/uploads\/2018\/10\/100.jpg\" alt=\"\" class=\"wp-image-5180\" width=\"773\" height=\"315\" srcset=\"https:\/\/lignesauto.fr\/wp-content\/uploads\/2018\/10\/100.jpg 591w, https:\/\/lignesauto.fr\/wp-content\/uploads\/2018\/10\/100-300x122.jpg 300w, https:\/\/lignesauto.fr\/wp-content\/uploads\/2018\/10\/100-370x151.jpg 370w\" sizes=\"(max-width: 773px) 100vw, 773px\" \/><figcaption>Dessin de la DS3 Crossback<\/figcaption><\/figure>\n\n\n\n<p style=\"font-size:18px\">&#8220;<em>j\u2019ai gard\u00e9 mes points d\u2019\u00e9changes hebdomadaire avec le style exter, inter, prolab, virtual lab, et couleurs, mati\u00e8res et finition.&#8221; <\/em>d\u00e9taille <strong>Thierry M\u00e9troz<\/strong>. <em>&#8220;Tous les designers sont connect\u00e9s et nous \u00e9changeons autour des dessins num\u00e9rique de mani\u00e8re tr\u00e8s fluide et simple. Ce qui me manque le plus, c\u2019est clairement la spontan\u00e9it\u00e9 de pouvoir \u00e0 tous moments \u00eatre dans le studio, prendre le temps de discuter sur les projets mais aussi de la vie, plaisanter \u2026 tout est n\u00e9cessairement beaucoup plus cadr\u00e9 et minut\u00e9 aujourd\u2019hui.<\/em>&#8220;<\/p>\n\n\n\n<figure class=\"wp-block-image\"><img loading=\"lazy\" decoding=\"async\" width=\"1024\" height=\"724\" src=\"http:\/\/lignesauto.fr\/wp-content\/uploads\/2020\/04\/LIGNES_12-1024x724.jpg\" alt=\"\" class=\"wp-image-16779\" srcset=\"https:\/\/lignesauto.fr\/wp-content\/uploads\/2020\/04\/LIGNES_12-1024x724.jpg 1024w, https:\/\/lignesauto.fr\/wp-content\/uploads\/2020\/04\/LIGNES_12-300x212.jpg 300w, https:\/\/lignesauto.fr\/wp-content\/uploads\/2020\/04\/LIGNES_12-768x543.jpg 768w, https:\/\/lignesauto.fr\/wp-content\/uploads\/2020\/04\/LIGNES_12-370x262.jpg 370w, https:\/\/lignesauto.fr\/wp-content\/uploads\/2020\/04\/LIGNES_12-1040x735.jpg 1040w, https:\/\/lignesauto.fr\/wp-content\/uploads\/2020\/04\/LIGNES_12.jpg 1417w\" sizes=\"(max-width: 1024px) 100vw, 1024px\" \/><\/figure>\n\n\n\n<p style=\"font-size:18px\">Une organisation quand m\u00eame un peu in\u00e9dite. <em>&#8220;Tout commence par un travail d\u2019organisation, de planification du personnel en fonction de la priorit\u00e9 des projets, des jalons&#8221;<\/em> pr\u00e9cise <strong>Pierre Leclercq<\/strong> chez Citro\u00ebn. <em>&#8220;Nous avons cr\u00e9\u00e9 des groupes de travail. On essaye de garder le contact avec tout le monde. Les responsables d\u2019\u00e9quipe sont en contact avec leurs designers. Nous essayons de nous adapter mais de ne pas changer les revues qui font avancer les projets.&#8221; <\/em>confirme le patron du design Citro\u00ebn (ci-dessus, dessin du concept AMi One sign\u00e9 Pierre Icard)<\/p>\n\n\n\n<figure class=\"wp-block-image\"><img loading=\"lazy\" decoding=\"async\" width=\"1024\" height=\"683\" src=\"http:\/\/lignesauto.fr\/wp-content\/uploads\/2019\/09\/LIGNESCLAY_02-1024x683.jpg\" alt=\"\" class=\"wp-image-13657\" srcset=\"https:\/\/lignesauto.fr\/wp-content\/uploads\/2019\/09\/LIGNESCLAY_02-1024x683.jpg 1024w, https:\/\/lignesauto.fr\/wp-content\/uploads\/2019\/09\/LIGNESCLAY_02-300x200.jpg 300w, https:\/\/lignesauto.fr\/wp-content\/uploads\/2019\/09\/LIGNESCLAY_02-768x512.jpg 768w, https:\/\/lignesauto.fr\/wp-content\/uploads\/2019\/09\/LIGNESCLAY_02-370x247.jpg 370w, https:\/\/lignesauto.fr\/wp-content\/uploads\/2019\/09\/LIGNESCLAY_02-1040x694.jpg 1040w, https:\/\/lignesauto.fr\/wp-content\/uploads\/2019\/09\/LIGNESCLAY_02.jpg 1417w\" sizes=\"(max-width: 1024px) 100vw, 1024px\" \/><\/figure>\n\n\n\n<p style=\"font-size:18px\">Pourtant, ce m\u00e9tier si particulier de designer touche \u00e0 un sens incontournable&nbsp;: le toucher&nbsp;! Difficile lorsque l\u2019on est \u00e0 domicile de toucher la clay d\u2019une maquette (ci-dessus, celle de la Peugeot 208), ou le grain d\u2019un tissu&nbsp;! <em>&#8220;Dans notre m\u00e9tier effectivement, c\u2019est plut\u00f4t de pouvoir juger des grains, des peintures, des \u00e9chantillons de tissus ou de cuir qui nous manque<\/em>&#8221; pr\u00e9cise <strong>Fran\u00e7ois Farion<\/strong> chez Renault. <em>&#8220;Nous red\u00e9couvrons l\u2019importance des photos (archiv\u00e9es ou nouvelles) qui nous aident dans la prise de d\u00e9cisions \u00e0 distance.<\/em>&#8220;<\/p>\n\n\n\n<figure class=\"wp-block-image\"><img loading=\"lazy\" decoding=\"async\" width=\"731\" height=\"1024\" src=\"http:\/\/lignesauto.fr\/wp-content\/uploads\/2020\/04\/LIGNES_CM_DS-731x1024.jpg\" alt=\"\" class=\"wp-image-16988\" srcset=\"https:\/\/lignesauto.fr\/wp-content\/uploads\/2020\/04\/LIGNES_CM_DS-731x1024.jpg 731w, https:\/\/lignesauto.fr\/wp-content\/uploads\/2020\/04\/LIGNES_CM_DS-214x300.jpg 214w, https:\/\/lignesauto.fr\/wp-content\/uploads\/2020\/04\/LIGNES_CM_DS-768x1075.jpg 768w, https:\/\/lignesauto.fr\/wp-content\/uploads\/2020\/04\/LIGNES_CM_DS-370x518.jpg 370w, https:\/\/lignesauto.fr\/wp-content\/uploads\/2020\/04\/LIGNES_CM_DS-1040x1456.jpg 1040w, https:\/\/lignesauto.fr\/wp-content\/uploads\/2020\/04\/LIGNES_CM_DS.jpg 1417w\" sizes=\"(max-width: 731px) 100vw, 731px\" \/><\/figure>\n\n\n\n<p style=\"font-size:18px\">&#8220;<em>Ce qui manque aux designers &#8220;couleurs mati\u00e8res et finitions<\/em>&#8220;, pr\u00e9cise <strong>Sabine Pannetrat<\/strong> chez DS, &#8220;<em>c\u2019est l\u2019acc\u00e8s \u00e0 un studio physique, aux maquettes et une interaction plus spontan\u00e9e avec les designers qui travaillent sur les volumes de ces maquettes. Mais on peut toujours se parler et se montrer des rendus num\u00e9riques, des sketches\u2026<\/em>&#8221; (ci-dessus, couleurs et mati\u00e8res du concept DS X-Tense. Sabine pr\u00e9cise que &#8220;<em>tr\u00e8s concr\u00e8tement, tous les maquettages physiques sont suspendus. Ces maquettes (voitures peintes, pi\u00e8ces prototyp\u00e9es gain\u00e9es de cuir ou autre mati\u00e8re souple, pi\u00e8ces de d\u00e9coration\u2026) qui permettent \u00e0 l\u2019ensemble des d\u00e9cisionnaires d\u2019un projet de valider les choix couleurs et mati\u00e8res finaux, nous ont \u00e9t\u00e9 quasi indispensables jusqu\u2019\u00e0 pr\u00e9sent. Il n\u2019est pas interdit que tout cela \u00e9volue, car il faut nous adapter et valoriser notre expertise de designer dans ces domaines.<\/em>&#8220;<\/p>\n\n\n\n<figure class=\"wp-block-image\"><img loading=\"lazy\" decoding=\"async\" width=\"1024\" height=\"768\" src=\"http:\/\/lignesauto.fr\/wp-content\/uploads\/2020\/04\/LIGNESE06-1024x768.jpg\" alt=\"\" class=\"wp-image-16770\" srcset=\"https:\/\/lignesauto.fr\/wp-content\/uploads\/2020\/04\/LIGNESE06-1024x768.jpg 1024w, https:\/\/lignesauto.fr\/wp-content\/uploads\/2020\/04\/LIGNESE06-300x225.jpg 300w, https:\/\/lignesauto.fr\/wp-content\/uploads\/2020\/04\/LIGNESE06-768x576.jpg 768w, https:\/\/lignesauto.fr\/wp-content\/uploads\/2020\/04\/LIGNESE06-370x278.jpg 370w, https:\/\/lignesauto.fr\/wp-content\/uploads\/2020\/04\/LIGNESE06-1040x780.jpg 1040w, https:\/\/lignesauto.fr\/wp-content\/uploads\/2020\/04\/LIGNESE06.jpg 1417w\" sizes=\"(max-width: 1024px) 100vw, 1024px\" \/><\/figure>\n\n\n\n<p style=\"font-size:18px\"><strong>Pierre Leclercq<\/strong> se veut optimiste et, confirme que, certes,<em> &#8220;le toucher des maquettes (<\/em>ci-dessus, celle du concept Ami One de 2019<em>) et vivre au milieu de nos designs, c\u2019est \u00e9videmment quelque chose qui nous manque. Mais c\u2019est la m\u00eame chose quand on rentre de week-end ou de vacances. Je pense qu\u2019on a tous envie de revoir les maquettes. On d\u00e9couvre \u00e9galement des choses le lundi qu\u2019on &nbsp;n\u2019avait pas vues le vendredi.&#8221;<\/em> Pour conclure finalement que <em>&#8220;\u00e7a va \u00eatre assez g\u00e9nial quand on rentrera !<\/em>&#8220;<\/p>\n\n\n\n<figure class=\"wp-block-image\"><img loading=\"lazy\" decoding=\"async\" width=\"1024\" height=\"576\" src=\"http:\/\/lignesauto.fr\/wp-content\/uploads\/2020\/04\/LIGNES_14-1024x576.jpg\" alt=\"\" class=\"wp-image-16762\" srcset=\"https:\/\/lignesauto.fr\/wp-content\/uploads\/2020\/04\/LIGNES_14-1024x576.jpg 1024w, https:\/\/lignesauto.fr\/wp-content\/uploads\/2020\/04\/LIGNES_14-300x169.jpg 300w, https:\/\/lignesauto.fr\/wp-content\/uploads\/2020\/04\/LIGNES_14-768x432.jpg 768w, https:\/\/lignesauto.fr\/wp-content\/uploads\/2020\/04\/LIGNES_14-370x208.jpg 370w, https:\/\/lignesauto.fr\/wp-content\/uploads\/2020\/04\/LIGNES_14-1040x585.jpg 1040w, https:\/\/lignesauto.fr\/wp-content\/uploads\/2020\/04\/LIGNES_14.jpg 1417w\" sizes=\"(max-width: 1024px) 100vw, 1024px\" \/><figcaption>Bertrand Bach -\u00e0 l&#8217;extr\u00eame gauche- s\u00e9nior design directeur Changan Europe.<\/figcaption><\/figure>\n\n\n\n<p style=\"font-size:18px\">Chez DS, <strong>Thierry M\u00e9troz<\/strong> rappelle que <em>&#8220;nous n\u2019avons pas en permanence des maquettes clay en d\u00e9veloppement, nous y sommes habitu\u00e9s car nos processus de d\u00e9veloppement sont essentiellement num\u00e9riques. Ce qui me manque, c\u2019est plut\u00f4t l\u2019ambiance du studio&nbsp;!<\/em>&#8221; Pour <strong>Bertrand Bach<\/strong> senior design directeur chez Changan Europe (ci-dessus, \u00e0 gauche), le num\u00e9rique aussi est en pointe&nbsp;comme il le fait comprendre&nbsp;: <em>&#8220;personnellement non, \u00e7a ne me manque pas car je crois beaucoup au num\u00e9rique et \u00e0 sa capacit\u00e9 d\u2019arriver \u00e0 des r\u00e9sultats \u00e9tonnants. Pour l&#8217;heure, on travaille tous en vid\u00e9o conf\u00e9rence, avec partage de fichiers sur FTP et autres moyens virtuels. Sans oublier les partages d\u2019\u00e9crans des modeleurs num\u00e9riques en direct.&#8221;<\/em> M\u00eame si <strong>Bertrand Bach<\/strong> reconnait qu&#8217;au d\u00e9but du confinement  &#8220;<em>j&#8217;ai travaill\u00e9 tous les jours pendant environ 13-14 heures ! Je pense que \u00e7a va commencer \u00e0 \u00eatre d\u00e9sormais des horaires plus r\u00e9guliers ! Nous avons eu logiquement besoin d\u2019adaptation.<\/em>&#8221; <\/p>\n\n\n\n<figure class=\"wp-block-image\"><img loading=\"lazy\" decoding=\"async\" width=\"1024\" height=\"717\" src=\"http:\/\/lignesauto.fr\/wp-content\/uploads\/2020\/04\/2019_FORD_PUMA_ExteriorSketches_4-LOW-1024x717.jpg\" alt=\"\" class=\"wp-image-16764\" srcset=\"https:\/\/lignesauto.fr\/wp-content\/uploads\/2020\/04\/2019_FORD_PUMA_ExteriorSketches_4-LOW-1024x717.jpg 1024w, https:\/\/lignesauto.fr\/wp-content\/uploads\/2020\/04\/2019_FORD_PUMA_ExteriorSketches_4-LOW-300x210.jpg 300w, https:\/\/lignesauto.fr\/wp-content\/uploads\/2020\/04\/2019_FORD_PUMA_ExteriorSketches_4-LOW-768x538.jpg 768w, https:\/\/lignesauto.fr\/wp-content\/uploads\/2020\/04\/2019_FORD_PUMA_ExteriorSketches_4-LOW-370x259.jpg 370w, https:\/\/lignesauto.fr\/wp-content\/uploads\/2020\/04\/2019_FORD_PUMA_ExteriorSketches_4-LOW-1040x728.jpg 1040w, https:\/\/lignesauto.fr\/wp-content\/uploads\/2020\/04\/2019_FORD_PUMA_ExteriorSketches_4-LOW.jpg 1417w\" sizes=\"(max-width: 1024px) 100vw, 1024px\" \/><\/figure>\n\n\n\n<p style=\"font-size:18px\">Cette p\u00e9riode pour le moins particuli\u00e8re a \u00e9galement des effets positifs comme le souligne <strong>Amko Leenarts<\/strong> chez Ford (ci-dessus, la nouvelle Puma) &#8220;<em>Cela stimule la cr\u00e9ativit\u00e9 et oblige les \u00e9quipes \u00e0 envisager diff\u00e9remment leurs prestations. En particulier en cette p\u00e9riode de r\u00e9flexion sur notre monde, nos processus et nous-m\u00eames, le sens profond et la passion pour le produit en ressortent encore plus forts !<\/em>&#8220;<\/p>\n\n\n\n<figure class=\"wp-block-image\"><img loading=\"lazy\" decoding=\"async\" width=\"1024\" height=\"684\" src=\"http:\/\/lignesauto.fr\/wp-content\/uploads\/2020\/04\/LIGNES19_19-1024x684.jpg\" alt=\"\" class=\"wp-image-16766\" srcset=\"https:\/\/lignesauto.fr\/wp-content\/uploads\/2020\/04\/LIGNES19_19-1024x684.jpg 1024w, https:\/\/lignesauto.fr\/wp-content\/uploads\/2020\/04\/LIGNES19_19-300x200.jpg 300w, https:\/\/lignesauto.fr\/wp-content\/uploads\/2020\/04\/LIGNES19_19-768x513.jpg 768w, https:\/\/lignesauto.fr\/wp-content\/uploads\/2020\/04\/LIGNES19_19-370x247.jpg 370w, https:\/\/lignesauto.fr\/wp-content\/uploads\/2020\/04\/LIGNES19_19-1040x694.jpg 1040w, https:\/\/lignesauto.fr\/wp-content\/uploads\/2020\/04\/LIGNES19_19.jpg 1417w\" sizes=\"(max-width: 1024px) 100vw, 1024px\" \/><\/figure>\n\n\n\n<p style=\"font-size:18px\">Plus forts pendant le confinement&nbsp;? En tous les cas, jamais \u00e0 l\u2019arr\u00eat comme nous le confie <strong>Pierre Leclercq<\/strong> (ci-dessus, le concept 19_19 de 2019) : &#8220;<em>Je pense qu\u2019on ne peut pas arr\u00eater notre m\u00e9tier qui est une passion. La cr\u00e9ation, ce n\u2019est pas vraiment quelque chose qu\u2019on commence ou qu\u2019on arr\u00eate en poussant sur un bouton. Nos designers sont efficaces. Nous n\u2019avons peut-\u00eatre pas tous les outils du studio, mais je pense que les \u00e9quipes arrivent \u00e0 se concentrer et les r\u00e9sultats sont tr\u00e8s positifs. On arrive \u00e0 mettre les id\u00e9es en maquette puisque nous travaillons beaucoup en CAO. De plus, pas mal de nos designers peuvent eux-m\u00eames commencer leur propre num\u00e9risation. Ce qui aide beaucoup aujourd\u2019hui&#8221; <\/em>Pour le studio europ\u00e9en de Changan (ci-dessous), <strong>Bertrand Bach<\/strong> nous fait remarquer qu\u2019\u00e0 l\u2019occasion de cette p\u00e9riode de confinement, <em>&#8220;la diff\u00e9rence de caract\u00e8re entre les designers se fait jour. La plupart sont plus libres et cr\u00e9atifs, d\u2019autres ont plus de probl\u00e8mes pour d\u00e9livrer du bon travail&nbsp;!<\/em>&#8220;<\/p>\n\n\n\n<figure class=\"wp-block-image\"><img loading=\"lazy\" decoding=\"async\" width=\"1024\" height=\"508\" src=\"http:\/\/lignesauto.fr\/wp-content\/uploads\/2020\/04\/LIGNES_15-1024x508.jpg\" alt=\"\" class=\"wp-image-16767\" srcset=\"https:\/\/lignesauto.fr\/wp-content\/uploads\/2020\/04\/LIGNES_15-1024x508.jpg 1024w, https:\/\/lignesauto.fr\/wp-content\/uploads\/2020\/04\/LIGNES_15-300x149.jpg 300w, https:\/\/lignesauto.fr\/wp-content\/uploads\/2020\/04\/LIGNES_15-768x381.jpg 768w, https:\/\/lignesauto.fr\/wp-content\/uploads\/2020\/04\/LIGNES_15-370x184.jpg 370w, https:\/\/lignesauto.fr\/wp-content\/uploads\/2020\/04\/LIGNES_15-1040x516.jpg 1040w, https:\/\/lignesauto.fr\/wp-content\/uploads\/2020\/04\/LIGNES_15.jpg 1400w\" sizes=\"(max-width: 1024px) 100vw, 1024px\" \/><\/figure>\n\n\n\n<p style=\"font-size:18px\">Mais, comme le souligne <strong>Thierry M\u00e9troz<\/strong>, \u00ab<em>&#8220;Le virus du style est le plus fort&nbsp;! mon \u00e9quipe est toujours aussi cr\u00e9ative, motiv\u00e9e. Les projets pour nous continuent en interne tout autant que la collaboration \u00e9troite avec les autres d\u00e9partements comme le Produit, l\u2019ing\u00e9nierie et les diff\u00e9rents m\u00e9tiers.<\/em>&#8220;<\/p>\n\n\n\n<figure class=\"wp-block-image\"><img loading=\"lazy\" decoding=\"async\" width=\"1024\" height=\"683\" src=\"http:\/\/lignesauto.fr\/wp-content\/uploads\/2018\/10\/E6A1317-1024x683.jpg\" alt=\"\" class=\"wp-image-5227\" srcset=\"https:\/\/lignesauto.fr\/wp-content\/uploads\/2018\/10\/E6A1317-1024x683.jpg 1024w, https:\/\/lignesauto.fr\/wp-content\/uploads\/2018\/10\/E6A1317-300x200.jpg 300w, https:\/\/lignesauto.fr\/wp-content\/uploads\/2018\/10\/E6A1317-768x512.jpg 768w, https:\/\/lignesauto.fr\/wp-content\/uploads\/2018\/10\/E6A1317-370x247.jpg 370w, https:\/\/lignesauto.fr\/wp-content\/uploads\/2018\/10\/E6A1317-1040x693.jpg 1040w\" sizes=\"(max-width: 1024px) 100vw, 1024px\" \/><figcaption>Thierry M\u00e9troz \u00e0 bord de la DS X E-Tense<\/figcaption><\/figure>\n\n\n\n<p style=\"font-size:18px\">Et <strong>Thierry M\u00e9troz<\/strong> reconnait que &#8220;<em>ce rythme de confinement, plus lent, en rupture avec le rythme effr\u00e9n\u00e9 que beaucoup d\u2019entre nous vivons dans la vie \u2018normale\u2019, est plut\u00f4t propice \u00e0 la prise de recul. C\u2019est une sorte de pause pour mieux imaginez le futur, qui j\u2019en suis convaincu sera diff\u00e8rent de ce que nous imaginions il y a encore un mois\u2026<\/em>&#8221; Mais attention \u00e0 ce qui peut tout changer, comme le souligne <strong>Bertrand Bach<\/strong> : <em>&#8220;avoir de l\u2019espace \u00e0 domicile pour travailler pendant le confinement aide. Sans doute retournerons-nous bient\u00f4t \u00e0 une normalit\u00e9, et \u00e0 ce moment-l\u00e0, peut-\u00eatre que \u00e7a nous manquera de travailler depuis la maison !&#8221;<\/em><\/p>\n\n\n\n<h2 class=\"wp-block-heading\"><strong>BONUS : pourquoi le confinement, c&#8217;est bien :<\/strong><\/h2>\n\n\n\n<p style=\"font-size:18px\"><strong>Thierry M\u00e9troz (DS)<\/strong> : &#8220;Lectures, r\u00e9seaux sociaux pour pr\u00e9server le lien et partager ma passion, et comme beaucoup, je profite de cette immobilit\u00e9 forc\u00e9e pour d\u00e9fricher quelques archives et cartons oubli\u00e9s, on retrouve des tr\u00e9sors&nbsp;! Ah, j\u2019entends enfin les oiseaux dans Paris&nbsp;! Quel bonheur !&#8221;<br><strong>Bertrand Bach  (Changan Europe)<\/strong> : &#8220;Malgr\u00e9 la somme de travail, je suis en train de composer une musique avec mes enfants.&#8221;<br><strong>Sabine Pannetrat (DS) <\/strong>:  &#8220;Actuellement, je suis plut\u00f4t institutrice de fortune, animatrice, cycliste sur home-trainer et \u2026couturi\u00e8re. Il \u00e9tait temps de sortir la vieille machine \u00e0 coudre pour fabriquer quelques masques artisanaux pour mes proches.&nbsp; Nous sommes plusieurs dans l\u2019\u00e9quipe \u00e0 s\u2019\u00eatre lanc\u00e9es. C\u2019est une autre fa\u00e7on de travailler la mati\u00e8re et les confections, dirons-nous!&#8221;<br><strong>Amko Leenarts (Ford)<\/strong> : &#8221; Du temps en famille, pour courir, peindre et dormir un peu car nous aurons besoin d&#8217;\u00e9nergie \u00e0 la fin de cette p\u00e9riode, je m&#8217;attends \u00e0 une montagne de travail ! J&#8217;adore aussi la fa\u00e7on dont mes enfants tentent de m&#8217;aider \u00e0 r\u00e9aliser des petits films pour Ford; ils sont tellement excit\u00e9s par tout ce que nous faisons !&#8221;<br><strong>Pierre Leclercq  (Citro\u00ebn):<\/strong> &#8220;Un peu de temps le WE pour les promenades, le sport et le bricolage dans la maison. Et puis on arrive \u00e0 faire des ap\u00e9ros virtuels avec les amis !&nbsp;On s\u2019adapte !&#8221;<br><strong>Fran\u00e7ois Farion (Renault)<\/strong> : &#8220;Je vois que la peinture des voitures immobilis\u00e9es \u00e0 Paris subit des agressions qui valident la s\u00e9v\u00e9rit\u00e9 de nos tests ! Sinon, c&#8217;est lectures, jeux en famille, s\u00e9rie TV, sans oublier cuisiner, un peu de gym\u2026&#8221;<\/p>\n\n\n\n<p><strong><em>LIGNES\/auto remercie les designers qui ont r\u00e9pondu \u00e0 sa demande.<\/em><\/strong><br><strong><em>LIGNES\/auto, c&#8217;est aussi une page Facebook :<\/em><\/strong> <a href=\"https:\/\/www.facebook.com\/lignesauto\/?modal=admin_todo_tour\">https:\/\/www.facebook.com\/lignesauto\/?modal=admin_todo_tour<\/a><\/p>\n\n\n\n<figure class=\"wp-block-image is-resized\"><img loading=\"lazy\" decoding=\"async\" src=\"http:\/\/lignesauto.fr\/wp-content\/uploads\/2018\/10\/LOGOActus_BD-1024x367.jpg\" alt=\"\" class=\"wp-image-4921\" width=\"467\" height=\"166\" srcset=\"https:\/\/lignesauto.fr\/wp-content\/uploads\/2018\/10\/LOGOActus_BD-1024x367.jpg 1024w, https:\/\/lignesauto.fr\/wp-content\/uploads\/2018\/10\/LOGOActus_BD-300x108.jpg 300w, https:\/\/lignesauto.fr\/wp-content\/uploads\/2018\/10\/LOGOActus_BD-370x133.jpg 370w, https:\/\/lignesauto.fr\/wp-content\/uploads\/2018\/10\/LOGOActus_BD-1040x373.jpg 1040w\" sizes=\"(max-width: 467px) 100vw, 467px\" \/><\/figure>\n","protected":false},"excerpt":{"rendered":"<p>Le travail \u00e0 distance, la confidentialit\u00e9, le manque de l\u2019ambiance des studios, les d\u00e9lais, les programmes \u00e0 poursuivre co\u00fbte que co\u00fbte\u2026 les designers se confient sur leurs confinements. Elle et ils racontent leurs confinements \u00e0 LIGNES\/auto :-Sabine Pannetrat, responsable couleurs, mati\u00e8res et finitions, design DS-Amko Leenarts, patron du design de [&hellip;]<\/p>\n","protected":false},"author":1,"featured_media":16743,"comment_status":"open","ping_status":"open","sticky":false,"template":"","format":"standard","meta":{"footnotes":""},"categories":[1],"tags":[],"_links":{"self":[{"href":"https:\/\/lignesauto.fr\/index.php?rest_route=\/wp\/v2\/posts\/16738"}],"collection":[{"href":"https:\/\/lignesauto.fr\/index.php?rest_route=\/wp\/v2\/posts"}],"about":[{"href":"https:\/\/lignesauto.fr\/index.php?rest_route=\/wp\/v2\/types\/post"}],"author":[{"embeddable":true,"href":"https:\/\/lignesauto.fr\/index.php?rest_route=\/wp\/v2\/users\/1"}],"replies":[{"embeddable":true,"href":"https:\/\/lignesauto.fr\/index.php?rest_route=%2Fwp%2Fv2%2Fcomments&post=16738"}],"version-history":[{"count":75,"href":"https:\/\/lignesauto.fr\/index.php?rest_route=\/wp\/v2\/posts\/16738\/revisions"}],"predecessor-version":[{"id":17252,"href":"https:\/\/lignesauto.fr\/index.php?rest_route=\/wp\/v2\/posts\/16738\/revisions\/17252"}],"wp:featuredmedia":[{"embeddable":true,"href":"https:\/\/lignesauto.fr\/index.php?rest_route=\/wp\/v2\/media\/16743"}],"wp:attachment":[{"href":"https:\/\/lignesauto.fr\/index.php?rest_route=%2Fwp%2Fv2%2Fmedia&parent=16738"}],"wp:term":[{"taxonomy":"category","embeddable":true,"href":"https:\/\/lignesauto.fr\/index.php?rest_route=%2Fwp%2Fv2%2Fcategories&post=16738"},{"taxonomy":"post_tag","embeddable":true,"href":"https:\/\/lignesauto.fr\/index.php?rest_route=%2Fwp%2Fv2%2Ftags&post=16738"}],"curies":[{"name":"wp","href":"https:\/\/api.w.org\/{rel}","templated":true}]}}