{"id":16863,"date":"2020-04-13T15:40:13","date_gmt":"2020-04-13T13:40:13","guid":{"rendered":"http:\/\/lignesauto.fr\/?p=16863"},"modified":"2020-04-13T15:40:13","modified_gmt":"2020-04-13T13:40:13","slug":"archives-incroyablement-moderne-michael-mauer-parle-du-style-de-la-porsche-914","status":"publish","type":"post","link":"https:\/\/lignesauto.fr\/?p=16863","title":{"rendered":"ARCHIVES &#8211; &#8220;Incroyablement moderne&#8221; : Michael Mauer parle du style de la Porsche 914"},"content":{"rendered":"\n<figure class=\"wp-block-image is-resized\"><img loading=\"lazy\" decoding=\"async\" src=\"http:\/\/lignesauto.fr\/wp-content\/uploads\/2018\/10\/LOGOArchives_BD-1024x367.jpg\" alt=\"\" class=\"wp-image-4925\" width=\"426\" height=\"152\" srcset=\"https:\/\/lignesauto.fr\/wp-content\/uploads\/2018\/10\/LOGOArchives_BD-1024x367.jpg 1024w, https:\/\/lignesauto.fr\/wp-content\/uploads\/2018\/10\/LOGOArchives_BD-300x108.jpg 300w, https:\/\/lignesauto.fr\/wp-content\/uploads\/2018\/10\/LOGOArchives_BD-768x276.jpg 768w, https:\/\/lignesauto.fr\/wp-content\/uploads\/2018\/10\/LOGOArchives_BD-370x133.jpg 370w, https:\/\/lignesauto.fr\/wp-content\/uploads\/2018\/10\/LOGOArchives_BD-1040x373.jpg 1040w, https:\/\/lignesauto.fr\/wp-content\/uploads\/2018\/10\/LOGOArchives_BD.jpg 1240w\" sizes=\"(max-width: 426px) 100vw, 426px\" \/><\/figure>\n\n\n\n<p>Voici une Porsche mal-aim\u00e9e&nbsp;: la 914. Nous, \u00e0 LIGNES\/auto, on l\u2019adore&nbsp;! Alors quand Michael Mauer, le patron du design Porsche \u00e9voque ce mod\u00e8le \u00ab <em>d\u2019acc\u00e8s \u00e0 la gamme<\/em> \u00bb en termes de style, on l\u2019\u00e9coute, on lit et on partage&nbsp;!<\/p>\n\n\n\n<figure class=\"wp-block-image\"><img loading=\"lazy\" decoding=\"async\" width=\"1024\" height=\"724\" src=\"http:\/\/lignesauto.fr\/wp-content\/uploads\/2020\/04\/LIGNES_914_200-1024x724.jpg\" alt=\"\" class=\"wp-image-16868\" srcset=\"https:\/\/lignesauto.fr\/wp-content\/uploads\/2020\/04\/LIGNES_914_200-1024x724.jpg 1024w, https:\/\/lignesauto.fr\/wp-content\/uploads\/2020\/04\/LIGNES_914_200-300x212.jpg 300w, https:\/\/lignesauto.fr\/wp-content\/uploads\/2020\/04\/LIGNES_914_200-768x543.jpg 768w, https:\/\/lignesauto.fr\/wp-content\/uploads\/2020\/04\/LIGNES_914_200-370x262.jpg 370w, https:\/\/lignesauto.fr\/wp-content\/uploads\/2020\/04\/LIGNES_914_200-1040x735.jpg 1040w, https:\/\/lignesauto.fr\/wp-content\/uploads\/2020\/04\/LIGNES_914_200.jpg 1417w\" sizes=\"(max-width: 1024px) 100vw, 1024px\" \/><\/figure>\n\n\n\n<p><strong><em>Interview r\u00e9alis\u00e9 le 27 janvier dernier par Frank Jung pour la Newsroom de Porsche Communication. Photos portraits : Deniz Calagan. Photos projet : archives Porsche.<\/em><\/strong><\/p>\n\n\n\n<figure class=\"wp-block-image\"><img loading=\"lazy\" decoding=\"async\" width=\"1024\" height=\"577\" src=\"http:\/\/lignesauto.fr\/wp-content\/uploads\/2020\/04\/LIGNES_914_101-1024x577.jpg\" alt=\"\" class=\"wp-image-16870\" srcset=\"https:\/\/lignesauto.fr\/wp-content\/uploads\/2020\/04\/LIGNES_914_101-1024x577.jpg 1024w, https:\/\/lignesauto.fr\/wp-content\/uploads\/2020\/04\/LIGNES_914_101-300x169.jpg 300w, https:\/\/lignesauto.fr\/wp-content\/uploads\/2020\/04\/LIGNES_914_101-768x433.jpg 768w, https:\/\/lignesauto.fr\/wp-content\/uploads\/2020\/04\/LIGNES_914_101-370x209.jpg 370w, https:\/\/lignesauto.fr\/wp-content\/uploads\/2020\/04\/LIGNES_914_101-1040x586.jpg 1040w, https:\/\/lignesauto.fr\/wp-content\/uploads\/2020\/04\/LIGNES_914_101.jpg 1417w\" sizes=\"(max-width: 1024px) 100vw, 1024px\" \/><\/figure>\n\n\n\n<p>Ferdinand Alexander Porsche et son \u00e9quipe ont \u00e9t\u00e9 responsables de la conception de la 914. Le design final mis en \u0153uvre pour la s\u00e9rie a \u00e9t\u00e9 d\u00e9velopp\u00e9 par Heinrich Klie, l&#8217;un de ses collaborateurs les plus importants. Un homme auquel le fils a\u00een\u00e9 de Ferry Porsche a fait confiance lorsqu&#8217;il a pris la responsabilit\u00e9 du design dans l&#8217;entreprise de son p\u00e8re. Bien que le d\u00e9but du d\u00e9veloppement remonte au mois d\u2019ao\u00fbt 1966, les archives historiques de Porsche mettent \u00e0 jour des \u00e9bauches plus anciennes, intitul\u00e9es :&nbsp;<em>&#8220;914, Model 1, August 1964, design : Heinrich Klie&#8221;.<\/em><\/p>\n\n\n\n<figure class=\"wp-block-image\"><img loading=\"lazy\" decoding=\"async\" width=\"1024\" height=\"577\" src=\"http:\/\/lignesauto.fr\/wp-content\/uploads\/2020\/04\/LIGNES_914_01_Heinrich-Klie-1964-1024x577.jpg\" alt=\"\" class=\"wp-image-16871\" srcset=\"https:\/\/lignesauto.fr\/wp-content\/uploads\/2020\/04\/LIGNES_914_01_Heinrich-Klie-1964-1024x577.jpg 1024w, https:\/\/lignesauto.fr\/wp-content\/uploads\/2020\/04\/LIGNES_914_01_Heinrich-Klie-1964-300x169.jpg 300w, https:\/\/lignesauto.fr\/wp-content\/uploads\/2020\/04\/LIGNES_914_01_Heinrich-Klie-1964-768x433.jpg 768w, https:\/\/lignesauto.fr\/wp-content\/uploads\/2020\/04\/LIGNES_914_01_Heinrich-Klie-1964-370x208.jpg 370w, https:\/\/lignesauto.fr\/wp-content\/uploads\/2020\/04\/LIGNES_914_01_Heinrich-Klie-1964-1040x586.jpg 1040w, https:\/\/lignesauto.fr\/wp-content\/uploads\/2020\/04\/LIGNES_914_01_Heinrich-Klie-1964.jpg 1278w\" sizes=\"(max-width: 1024px) 100vw, 1024px\" \/><figcaption>1\u00e8re maquette du projet 914, en 1964, sign\u00e9e Heinrich Klie.<\/figcaption><\/figure>\n\n\n\n<p>Ces documents d\u00e9crivent le d\u00e9veloppement de la voiture comme un processus dans lequel la direction a largement laiss\u00e9 libre cours aux concepteurs. Les grandes modifications n&#8217;ont finalement \u00e9t\u00e9 discut\u00e9es qu&#8217;apr\u00e8s la pr\u00e9sentation des premiers mod\u00e8les \u00e0 l&#8217;\u00e9chelle 1:5. Pour Ferdinand Alexander Porsche, la voie \u00e0 suivre \u00e9tait claire : <em>&#8220;La 914 a toujours \u00e9t\u00e9 une conception totalement ind\u00e9pendante qui a \u00e9galement \u00e9t\u00e9 un succ\u00e8s en termes de design&#8221;<\/em>.<\/p>\n\n\n\n<figure class=\"wp-block-image\"><img loading=\"lazy\" decoding=\"async\" width=\"1024\" height=\"577\" src=\"http:\/\/lignesauto.fr\/wp-content\/uploads\/2020\/04\/LIGNES_914_02_F.A.PORSCHE_1966-1024x577.jpg\" alt=\"\" class=\"wp-image-16873\" srcset=\"https:\/\/lignesauto.fr\/wp-content\/uploads\/2020\/04\/LIGNES_914_02_F.A.PORSCHE_1966-1024x577.jpg 1024w, https:\/\/lignesauto.fr\/wp-content\/uploads\/2020\/04\/LIGNES_914_02_F.A.PORSCHE_1966-300x169.jpg 300w, https:\/\/lignesauto.fr\/wp-content\/uploads\/2020\/04\/LIGNES_914_02_F.A.PORSCHE_1966-768x433.jpg 768w, https:\/\/lignesauto.fr\/wp-content\/uploads\/2020\/04\/LIGNES_914_02_F.A.PORSCHE_1966-370x209.jpg 370w, https:\/\/lignesauto.fr\/wp-content\/uploads\/2020\/04\/LIGNES_914_02_F.A.PORSCHE_1966-1040x586.jpg 1040w, https:\/\/lignesauto.fr\/wp-content\/uploads\/2020\/04\/LIGNES_914_02_F.A.PORSCHE_1966.jpg 1440w\" sizes=\"(max-width: 1024px) 100vw, 1024px\" \/><figcaption>Deuxi\u00e8me maquette sign\u00e9e Ferdinand Alexander Porsche en 1966.<br>La plaque mentionne d&#8217;ailleurs le nom de F.A.P.<\/figcaption><\/figure>\n\n\n\n<p>Michael Mauer est responsable du design de Porsche depuis 2004, ce qui fait de lui le troisi\u00e8me responsable du design apr\u00e8s Ferdinand Alexander Porsche. Il parle ici de la proximit\u00e9 du premier projet avec le mod\u00e8le mythique de la 550 Spyder, du processus de conception \u00e0 l&#8217;\u00e9poque et aujourd&#8217;hui, et du d\u00e9veloppement de l&#8217;identit\u00e9 de la marque Porsche.<\/p>\n\n\n\n<figure class=\"wp-block-image\"><img loading=\"lazy\" decoding=\"async\" width=\"1024\" height=\"577\" src=\"http:\/\/lignesauto.fr\/wp-content\/uploads\/2020\/04\/LIGNES_914_103-1024x577.jpg\" alt=\"\" class=\"wp-image-16874\" srcset=\"https:\/\/lignesauto.fr\/wp-content\/uploads\/2020\/04\/LIGNES_914_103-1024x577.jpg 1024w, https:\/\/lignesauto.fr\/wp-content\/uploads\/2020\/04\/LIGNES_914_103-300x169.jpg 300w, https:\/\/lignesauto.fr\/wp-content\/uploads\/2020\/04\/LIGNES_914_103-768x433.jpg 768w, https:\/\/lignesauto.fr\/wp-content\/uploads\/2020\/04\/LIGNES_914_103-370x209.jpg 370w, https:\/\/lignesauto.fr\/wp-content\/uploads\/2020\/04\/LIGNES_914_103-1040x586.jpg 1040w, https:\/\/lignesauto.fr\/wp-content\/uploads\/2020\/04\/LIGNES_914_103.jpg 1417w\" sizes=\"(max-width: 1024px) 100vw, 1024px\" \/><\/figure>\n\n\n\n<p><strong>Michael Mauer <\/strong>:&nbsp;&#8220;L&#8217;influence de la 550 Spyder est \u00e9vidente dans le tout premier mod\u00e8le datant de 1964. Je me suis imm\u00e9diatement interrog\u00e9 sur les sp\u00e9cifications, l&#8217;orientation de base. Pour une Porsche d&#8217;entr\u00e9e de gamme, le concept de la 912 &#8211; une 911 \u00e0 quatre cylindres &#8211; aurait pu \u00eatre d\u00e9velopp\u00e9 davantage. Alors pourquoi \u00eatre revenu au concept de moteur central ? L&#8217;inspiration de la 550 est \u00e9vidente. En tant que designer, je le comprends. Parce que la voiture \u00e9tait plus compacte, plus agile. Minimaliste, puriste. Utiliser tout cela comme point de d\u00e9part de l\u2019\u00e9tude me parait tout \u00e0 fait logique.&#8221;<\/p>\n\n\n\n<figure class=\"wp-block-image\"><img loading=\"lazy\" decoding=\"async\" width=\"1024\" height=\"577\" src=\"http:\/\/lignesauto.fr\/wp-content\/uploads\/2020\/04\/LIGNES_914_03_F.A._1967-1024x577.jpg\" alt=\"\" class=\"wp-image-16875\" srcset=\"https:\/\/lignesauto.fr\/wp-content\/uploads\/2020\/04\/LIGNES_914_03_F.A._1967-1024x577.jpg 1024w, https:\/\/lignesauto.fr\/wp-content\/uploads\/2020\/04\/LIGNES_914_03_F.A._1967-300x169.jpg 300w, https:\/\/lignesauto.fr\/wp-content\/uploads\/2020\/04\/LIGNES_914_03_F.A._1967-768x433.jpg 768w, https:\/\/lignesauto.fr\/wp-content\/uploads\/2020\/04\/LIGNES_914_03_F.A._1967-370x209.jpg 370w, https:\/\/lignesauto.fr\/wp-content\/uploads\/2020\/04\/LIGNES_914_03_F.A._1967-1040x586.jpg 1040w, https:\/\/lignesauto.fr\/wp-content\/uploads\/2020\/04\/LIGNES_914_03_F.A._1967.jpg 1440w\" sizes=\"(max-width: 1024px) 100vw, 1024px\" \/><figcaption>En 1967, deuxi\u00e8me maquette sign\u00e9e F.A.Porsche.<\/figcaption><\/figure>\n\n\n\n<p><strong>Du concept du Spyder 550 \u00e0 la Porsche 914, c\u2019est une \u00e9volution qui a abouti \u00e0 un tout nouveau mod\u00e8le en 1969 ?<\/strong><br>M.M.&nbsp;:&nbsp;&#8220;Pour moi, \u00e0 y regarder de plus pr\u00e8s, il ne s&#8217;agit m\u00eame pas d&#8217;une \u00e9volution formelle. Les mod\u00e8les montrent clairement que le 914 n&#8217;avait pas de v\u00e9ritable pr\u00e9d\u00e9cesseur. Les diff\u00e9rentes \u00e9bauches, dont certaines sont tr\u00e8s diff\u00e9rentes, montrent la recherche d&#8217;un concept autour du th\u00e8me de la 550. C&#8217;\u00e9tait une voiture de haute technologie en son temps, certainement une vraie voiture de course.&nbsp;Le premier projet de 1964 a \u00e9t\u00e9 suivi d\u2019une vraie \u00e9volution, qui a pris une toute autre direction. Elle \u00e9tait en fait beaucoup plus \u00e9l\u00e9gante, beaucoup moins sportive. Nous ne sommes plus dans le th\u00e8me d\u2019un engin &#8220;petit, sportif, puriste&#8221;. Cette diff\u00e9rence &#8211; \u00e0 mon avis &#8211; relativement forte, montre que la recherche \u00e9tait ouverte \u00e0 l&#8217;\u00e9poque. Avec les cinq maquettes de 1964 \u00e0 1967, le processus de conception de la 914 montre une recherche volontaire pour \u00e9pauler la 911. L&#8217;ensemble de base a \u00e9t\u00e9 \u00e9tabli, mais les caract\u00e9ristiques formelles \u00e9taient encore tr\u00e8s diff\u00e9rentes au d\u00e9part. Dans l&#8217;ordre chronologique, nous avons commenc\u00e9 par &#8220;quelque chose comme la 550&#8243;, puis la discussion s&#8217;est manifestement dirig\u00e9e dans une autre direction.&#8221;<\/p>\n\n\n\n<figure class=\"wp-block-image\"><img loading=\"lazy\" decoding=\"async\" width=\"1024\" height=\"577\" src=\"http:\/\/lignesauto.fr\/wp-content\/uploads\/2020\/04\/LIGNES_914_04_1967-1024x577.jpg\" alt=\"\" class=\"wp-image-16876\" srcset=\"https:\/\/lignesauto.fr\/wp-content\/uploads\/2020\/04\/LIGNES_914_04_1967-1024x577.jpg 1024w, https:\/\/lignesauto.fr\/wp-content\/uploads\/2020\/04\/LIGNES_914_04_1967-300x169.jpg 300w, https:\/\/lignesauto.fr\/wp-content\/uploads\/2020\/04\/LIGNES_914_04_1967-768x433.jpg 768w, https:\/\/lignesauto.fr\/wp-content\/uploads\/2020\/04\/LIGNES_914_04_1967-370x209.jpg 370w, https:\/\/lignesauto.fr\/wp-content\/uploads\/2020\/04\/LIGNES_914_04_1967-1040x586.jpg 1040w, https:\/\/lignesauto.fr\/wp-content\/uploads\/2020\/04\/LIGNES_914_04_1967.jpg 1440w\" sizes=\"(max-width: 1024px) 100vw, 1024px\" \/><figcaption>En 1967, le projet \u00e9volue dans sa forme, pas dans son concept.<\/figcaption><\/figure>\n\n\n\n<p><strong>On est semble-t-il pass\u00e9 d\u2019un successeur du 550 Spyder pour les ann\u00e9es 1970 \u00e0 un projet bien diff\u00e9rent ?<\/strong><br>M.M.&nbsp;: &#8220;Tout \u00e0 fait diff\u00e9rent ! C&#8217;est d\u00e9j\u00e0 visible d\u00e8s la deuxi\u00e8me maquette, que je trouve sensationnelle. Celle-ci semble presque d&#8217;inspiration am\u00e9ricaine et puis nous arrivons \u00e0 celui de Klie. Il a l&#8217;air propre, soign\u00e9. C&#8217;est pourquoi je suis surpris que le projet de mai 1966 ait \u00e9galement \u00e9t\u00e9 cr\u00e9\u00e9 par F. A. Porsche, parce qu&#8217;il ne correspond pas vraiment \u00e0 sa philosophie de conception. Si nous regardons le premier mod\u00e8le de 1964, et le comparons avec le d\u00e9veloppement deux ans plus tard, il n&#8217;a pas du tout les caract\u00e9ristiques ou l&#8217;attrait du concept de base du 550. Le r\u00e9sultat est comparable \u00e0 l&#8217;\u00e9volution de la 356 \u00e0 la 911. La version de juillet 1966 est tr\u00e8s diff\u00e9rente. \u00c0 cette \u00e9poque, \u00e0 mon avis, ils ont pris la bonne d\u00e9cision et ont opt\u00e9 pour le mod\u00e8le beaucoup plus moderne.&#8221;<\/p>\n\n\n\n<figure class=\"wp-block-image\"><img loading=\"lazy\" decoding=\"async\" width=\"1024\" height=\"577\" src=\"http:\/\/lignesauto.fr\/wp-content\/uploads\/2020\/04\/LIGNES_914_05_KLIE-1024x577.jpg\" alt=\"\" class=\"wp-image-16877\" srcset=\"https:\/\/lignesauto.fr\/wp-content\/uploads\/2020\/04\/LIGNES_914_05_KLIE-1024x577.jpg 1024w, https:\/\/lignesauto.fr\/wp-content\/uploads\/2020\/04\/LIGNES_914_05_KLIE-300x169.jpg 300w, https:\/\/lignesauto.fr\/wp-content\/uploads\/2020\/04\/LIGNES_914_05_KLIE-768x433.jpg 768w, https:\/\/lignesauto.fr\/wp-content\/uploads\/2020\/04\/LIGNES_914_05_KLIE-370x209.jpg 370w, https:\/\/lignesauto.fr\/wp-content\/uploads\/2020\/04\/LIGNES_914_05_KLIE-1040x586.jpg 1040w, https:\/\/lignesauto.fr\/wp-content\/uploads\/2020\/04\/LIGNES_914_05_KLIE.jpg 1440w\" sizes=\"(max-width: 1024px) 100vw, 1024px\" \/><figcaption>Nouvelle maquette avec des porti\u00e8res \u00e9chancr\u00e9e<br>au niveau de la ligne de caisse.<\/figcaption><\/figure>\n\n\n\n<p><strong>Comment expliquer ces th\u00e8mes tr\u00e8s diff\u00e9rents pour un m\u00eame projet&nbsp;?<br><\/strong>M.M.&nbsp;:&nbsp;&#8220;Les designers qui travaillent sur le m\u00eame projet finissent par se parler&nbsp;! Pour comparer avec nos m\u00e9thodes actuelles, cette phase est similaire \u00e0 celle du d\u00e9veloppement de la Panamera. \u00c0 l&#8217;\u00e9poque, nous savions ce que nous voulions, le concept \u00e9tait l\u00e0 et nous avions propos\u00e9 deux variantes. Et comme vous pouvez le voir pour les \u00e9tudes de la 914, les gens travaillent c\u00f4te \u00e0 c\u00f4te. Ils s&#8217;inspirent les uns les autres, ils s&#8217;influencent mutuellement dans leur travail. Vous finissez par regarder les propositions et vous vous dites : oui, j&#8217;aime \u00e7a. Et vous l\u2019int\u00e9grez au mod\u00e8le final.&#8221;<\/p>\n\n\n\n<figure class=\"wp-block-image\"><img loading=\"lazy\" decoding=\"async\" width=\"1024\" height=\"1019\" src=\"http:\/\/lignesauto.fr\/wp-content\/uploads\/2020\/04\/LIGNES_914_202-1024x1019.jpg\" alt=\"\" class=\"wp-image-16878\" srcset=\"https:\/\/lignesauto.fr\/wp-content\/uploads\/2020\/04\/LIGNES_914_202-1024x1019.jpg 1024w, https:\/\/lignesauto.fr\/wp-content\/uploads\/2020\/04\/LIGNES_914_202-150x150.jpg 150w, https:\/\/lignesauto.fr\/wp-content\/uploads\/2020\/04\/LIGNES_914_202-300x300.jpg 300w, https:\/\/lignesauto.fr\/wp-content\/uploads\/2020\/04\/LIGNES_914_202-768x764.jpg 768w, https:\/\/lignesauto.fr\/wp-content\/uploads\/2020\/04\/LIGNES_914_202-370x368.jpg 370w, https:\/\/lignesauto.fr\/wp-content\/uploads\/2020\/04\/LIGNES_914_202-1040x1035.jpg 1040w, https:\/\/lignesauto.fr\/wp-content\/uploads\/2020\/04\/LIGNES_914_202.jpg 1417w\" sizes=\"(max-width: 1024px) 100vw, 1024px\" \/><\/figure>\n\n\n\n<p><strong>La 914 est une v\u00e9ritable Porsche \u00e0 moteur central. M\u00eame si elle semble tr\u00e8s diff\u00e9rente de la 911. Des \u00e9l\u00e9ments tels que l\u2019arceau Targa sont-ils une fa\u00e7on de d\u00e9montrer formellement un lien familial ?<br><\/strong>M.M&nbsp;: &#8220;Une voiture de sport \u00e0 moteur central est en effet typiquement Porsche. La 356 &#8220;No.1&#8243; est une voiture \u00e0 moteur central. Il a fallu changer cela en faveur d&#8217;une capacit\u00e9 de production de masse. Dans ce contexte, l&#8217;id\u00e9e de Ferry Porsche est compr\u00e9hensible. Le moteur central est le bon concept pour un acc\u00e8s \u00e0 la gamme. Le Targa a \u00e9t\u00e9 cr\u00e9\u00e9 pour r\u00e9pondre aux probl\u00e8mes de s\u00e9curit\u00e9 et aux nouvelles r\u00e9glementations am\u00e9ricaines. En fait, un toit minimal est tout ce que vous pouvez avoir avec un concept ouvert, r\u00e9duit, minimaliste, inspir\u00e9 de la 550, ou peut-\u00eatre aussi du Speedster. La voie \u00e9tait libre pour la 914. Nous avions nous-m\u00eames d\u00e9j\u00e0 trouv\u00e9 une bonne solution pour combiner le plaisir de conduite et le respect des normes am\u00e9ricaines. Le design final est caract\u00e9ristique de la philosophie de style, sous la direction de Ferdinand Alexander Porsche. Ce point commun a presque automatiquement conduit \u00e0 la cr\u00e9ation d&#8217;une identit\u00e9 de marque. Bien que ce n&#8217;\u00e9tait certainement pas l&#8217;intention premi\u00e8re.&#8221;<\/p>\n\n\n\n<figure class=\"wp-block-image\"><img loading=\"lazy\" decoding=\"async\" width=\"1024\" height=\"835\" src=\"http:\/\/lignesauto.fr\/wp-content\/uploads\/2020\/04\/LIGNES_914_201-1024x835.jpg\" alt=\"\" class=\"wp-image-16879\" srcset=\"https:\/\/lignesauto.fr\/wp-content\/uploads\/2020\/04\/LIGNES_914_201-1024x835.jpg 1024w, https:\/\/lignesauto.fr\/wp-content\/uploads\/2020\/04\/LIGNES_914_201-300x245.jpg 300w, https:\/\/lignesauto.fr\/wp-content\/uploads\/2020\/04\/LIGNES_914_201-768x627.jpg 768w, https:\/\/lignesauto.fr\/wp-content\/uploads\/2020\/04\/LIGNES_914_201-370x302.jpg 370w, https:\/\/lignesauto.fr\/wp-content\/uploads\/2020\/04\/LIGNES_914_201-1040x848.jpg 1040w, https:\/\/lignesauto.fr\/wp-content\/uploads\/2020\/04\/LIGNES_914_201.jpg 1417w\" sizes=\"(max-width: 1024px) 100vw, 1024px\" \/><figcaption>La 914 fut consid\u00e9r\u00e9e et \u00e9tudi\u00e9e comme un acc\u00e8s \u00e0 la gamme Porsche.<\/figcaption><\/figure>\n\n\n\n<p><strong>Un concept de base comme celui-ci fixe-t-il le cap de la conception ?<br>M.M. <\/strong>&#8220;C&#8217;est ainsi que j\u2019ai toujours vu la conception Porsche, jusqu&#8217;\u00e0 aujourd&#8217;hui. Tout d&#8217;abord, nous nous demandons quel serait le meilleur concept. Ici, il s\u2019agissait de l&#8217;entr\u00e9e de gamme, compacte, sportive. En fin de compte, de quoi ai-je vraiment besoin si je veux avoir du plaisir \u00e0 conduire? Une voiture \u00e0 moteur central, \u00e9videmment. Et ensuite, le transfert des caract\u00e9ristiques formelles est une \u00e9tape logique. Cr\u00e9er une voiture aux proportions particuli\u00e8rement attrayantes en raison de la position du moteur. Il faut dire que la 914 a des proportions typiques d&#8217;un moteur central. Je ne sais pas s&#8217;il y avait quelque chose de comparable, surtout \u00e0 l&#8217;\u00e9poque.&#8221;<\/p>\n\n\n\n<figure class=\"wp-block-image\"><img loading=\"lazy\" decoding=\"async\" width=\"1024\" height=\"577\" src=\"http:\/\/lignesauto.fr\/wp-content\/uploads\/2020\/04\/LIGNES_914_06_MAQUETTE-1024x577.jpg\" alt=\"\" class=\"wp-image-16880\" srcset=\"https:\/\/lignesauto.fr\/wp-content\/uploads\/2020\/04\/LIGNES_914_06_MAQUETTE-1024x577.jpg 1024w, https:\/\/lignesauto.fr\/wp-content\/uploads\/2020\/04\/LIGNES_914_06_MAQUETTE-300x169.jpg 300w, https:\/\/lignesauto.fr\/wp-content\/uploads\/2020\/04\/LIGNES_914_06_MAQUETTE-768x432.jpg 768w, https:\/\/lignesauto.fr\/wp-content\/uploads\/2020\/04\/LIGNES_914_06_MAQUETTE-370x208.jpg 370w, https:\/\/lignesauto.fr\/wp-content\/uploads\/2020\/04\/LIGNES_914_06_MAQUETTE-1040x586.jpg 1040w, https:\/\/lignesauto.fr\/wp-content\/uploads\/2020\/04\/LIGNES_914_06_MAQUETTE.jpg 1442w\" sizes=\"(max-width: 1024px) 100vw, 1024px\" \/><figcaption>Quelques mois apr\u00e8s la maquette de Klie de 1967, le style est pratiquement fig\u00e9.<\/figcaption><\/figure>\n\n\n\n<p><strong>Une question sur le calendrier : le premier mod\u00e8le date de 1964, mais la 914 n&#8217;est disponible sur le march\u00e9 qu&#8217;en 1969. Pas tr\u00e8s rapide par rapport au calendrier actuel&nbsp;!?<\/strong><br>M.M.&nbsp;:&nbsp;&#8220;Avec la nouvelle 911, que nous avons pr\u00e9sent\u00e9e fin 2018, il a fallu environ quatre ans entre la toute premi\u00e8re esquisse et la mise sur le march\u00e9. Mais le projet 914 \u00e9tait totalement in\u00e9dit. Il a \u00e9t\u00e9 lanc\u00e9 vers 1964 et sa commercialisation a eu lieu en 1969, soit cinq ans. C&#8217;est finalement assez impressionnant pour l\u2019\u00e9poque ! Des d\u00e9tails tels que l&#8217;avant, notamment les phares, ont fait l&#8217;objet de longues discussions. Phares jumel\u00e9s ou simples, telle \u00e9tait la question. Surtout si l&#8217;on se rappelle comment les choses \u00e9taient \u00e0 l&#8217;\u00e9poque. De tels concepts au milieu des ann\u00e9es 1960 \u00e9taient assez fous. La 911 avait les phares ronds simples, mais la voiture la moins ch\u00e8re \u00e9tait cens\u00e9e avoir de telles optiques ? Ce n&#8217;\u00e9tait pas logique mais d\u00e9montre que les projets \u00e9taient d\u00e9j\u00e0 \u00e0 la pointe du progr\u00e8s&nbsp;!&#8221;<\/p>\n\n\n\n<figure class=\"wp-block-image\"><img loading=\"lazy\" decoding=\"async\" width=\"1024\" height=\"577\" src=\"http:\/\/lignesauto.fr\/wp-content\/uploads\/2020\/04\/LIGNES_914_102-1024x577.jpg\" alt=\"\" class=\"wp-image-16867\" srcset=\"https:\/\/lignesauto.fr\/wp-content\/uploads\/2020\/04\/LIGNES_914_102-1024x577.jpg 1024w, https:\/\/lignesauto.fr\/wp-content\/uploads\/2020\/04\/LIGNES_914_102-300x169.jpg 300w, https:\/\/lignesauto.fr\/wp-content\/uploads\/2020\/04\/LIGNES_914_102-768x433.jpg 768w, https:\/\/lignesauto.fr\/wp-content\/uploads\/2020\/04\/LIGNES_914_102-370x209.jpg 370w, https:\/\/lignesauto.fr\/wp-content\/uploads\/2020\/04\/LIGNES_914_102-1040x586.jpg 1040w, https:\/\/lignesauto.fr\/wp-content\/uploads\/2020\/04\/LIGNES_914_102.jpg 1417w\" sizes=\"(max-width: 1024px) 100vw, 1024px\" \/><\/figure>\n\n\n\n<p><strong>Apr\u00e8s avoir test\u00e9 plisseurs formes, la 914 s&#8217;est pr\u00e9sent\u00e9e avec des ailes assez pro\u00e9minentes&#8230;<\/strong><br>M.M.&nbsp;: &#8220;Cela correspondait \u00e0 la philosophie de Porsche h\u00e9rit\u00e9e de la 911 qui veut que le conducteur puisse placer id\u00e9alement la voiture en s\u2019aidant de la vision marqu\u00e9e des ailes. Si vous conduisez sur une route montagneuse en 911, c&#8217;est une v\u00e9ritable aide. Dans beaucoup d&#8217;autres voitures de sport, tout ce que vous pouvez voir, c&#8217;est le pare-brise, et non le point avant de la voiture. Ces ailes distinctives vous permettent de vous orienter lorsque vous \u00eates assis dans la voiture. C&#8217;est \u00e9galement le cas avec a 914. Je ne sais pas si la question de l&#8217;identit\u00e9 de la marque jouait d\u00e9j\u00e0 un r\u00f4le \u00e0 ce moment-l\u00e0. Probablement pas.&#8221;<\/p>\n\n\n\n<figure class=\"wp-block-image\"><img loading=\"lazy\" decoding=\"async\" width=\"1024\" height=\"577\" src=\"http:\/\/lignesauto.fr\/wp-content\/uploads\/2020\/04\/LIGNES_914_07_MAQUETTE-11-1024x577.jpg\" alt=\"\" class=\"wp-image-16881\" srcset=\"https:\/\/lignesauto.fr\/wp-content\/uploads\/2020\/04\/LIGNES_914_07_MAQUETTE-11-1024x577.jpg 1024w, https:\/\/lignesauto.fr\/wp-content\/uploads\/2020\/04\/LIGNES_914_07_MAQUETTE-11-300x169.jpg 300w, https:\/\/lignesauto.fr\/wp-content\/uploads\/2020\/04\/LIGNES_914_07_MAQUETTE-11-768x433.jpg 768w, https:\/\/lignesauto.fr\/wp-content\/uploads\/2020\/04\/LIGNES_914_07_MAQUETTE-11-370x209.jpg 370w, https:\/\/lignesauto.fr\/wp-content\/uploads\/2020\/04\/LIGNES_914_07_MAQUETTE-11-1040x586.jpg 1040w, https:\/\/lignesauto.fr\/wp-content\/uploads\/2020\/04\/LIGNES_914_07_MAQUETTE-11.jpg 1440w\" sizes=\"(max-width: 1024px) 100vw, 1024px\" \/><figcaption>Le soubassement de la maquette \u00e9chelle 1\/1 en clay avec ses double-optiques r\u00e9tractables.<\/figcaption><\/figure>\n\n\n\n<p><strong>La 914 a une excellente valeur de Cx&nbsp;: 0,37. Sans simulations informatiques complexes. La technologie actuelle ne limite-t-elle pas l&#8217;influence de la perception humaine ?<br><\/strong>M.M.&nbsp;:&nbsp;&#8220;Malgr\u00e9 toutes les simulations et les technologies modernes, je crois que notre cr\u00e9ativit\u00e9 n&#8217;est pas limit\u00e9e. Tout comme dans les ann\u00e9es 1960. Les \u00e9quipes de l&#8217;\u00e9poque avaient bien s\u00fbr une compr\u00e9hension de base de ce qui fonctionne bien ou pas du tout sur le plan a\u00e9rodynamique. Si vous regardez la formes plut\u00f4t abruptes de la 914, c&#8217;est une r\u00e9ponse \u00e0 la recherche d&#8217;une forme extr\u00eamement moderne. Le r\u00e9sultat n&#8217;est certainement pas le fruit du hasard, car il y avait suffisamment de personnes dans l&#8217;entreprise qui savaient d\u00e8s le d\u00e9part ce qui fonctionnait et ce qui ne fonctionnait pas. Et tout cela sans les m\u00e9thodes de simulation d&#8217;aujourd&#8217;hui&nbsp;!&#8221;<\/p>\n\n\n\n<figure class=\"wp-block-image\"><img loading=\"lazy\" decoding=\"async\" width=\"1024\" height=\"577\" src=\"http:\/\/lignesauto.fr\/wp-content\/uploads\/2020\/04\/b-41_preview-1024x577.jpg\" alt=\"\" class=\"wp-image-16882\" srcset=\"https:\/\/lignesauto.fr\/wp-content\/uploads\/2020\/04\/b-41_preview-1024x577.jpg 1024w, https:\/\/lignesauto.fr\/wp-content\/uploads\/2020\/04\/b-41_preview-300x169.jpg 300w, https:\/\/lignesauto.fr\/wp-content\/uploads\/2020\/04\/b-41_preview-768x433.jpg 768w, https:\/\/lignesauto.fr\/wp-content\/uploads\/2020\/04\/b-41_preview-370x209.jpg 370w, https:\/\/lignesauto.fr\/wp-content\/uploads\/2020\/04\/b-41_preview-1040x586.jpg 1040w, https:\/\/lignesauto.fr\/wp-content\/uploads\/2020\/04\/b-41_preview.jpg 1080w\" sizes=\"(max-width: 1024px) 100vw, 1024px\" \/><\/figure>\n\n\n\n<p><strong>Autrefois, les ing\u00e9nieurs \u00e9taient aussi des concepteurs. Comment cela fonctionne aujourd\u2019hui&nbsp;?<\/strong><br>M.M. &#8220;Si vous voulez r\u00e9aliser certaines choses, vous ne pouvez pas les faire aboutir sans une connaissance de base solide. Parce que sans cela, nous, designers, ne pourrions pas argumenter face aux ing\u00e9nieurs s&#8217;il y avait le moindre doute.&#8221;<\/p>\n\n\n\n<p><strong>Que pensez-vous personnellement du design de la 914 ?<\/strong><br>M.M.&nbsp;: &#8220;Je dois avouer que je suis encore un peu r\u00e9ticent en ce qui concerne cette voiture, mais pour moi, la performance de l&#8217;\u00e9poque l&#8217;emporte sur tout. Et puis, il y a aussi les d\u00e9tails comme les phares, superbes. Ou encore les poign\u00e9es de porte, int\u00e9gr\u00e9es de mani\u00e8re minimaliste. Ce qui \u00e9tait tout \u00e0 fait nouveau pour Porsche. Je trouve fascinant de voir comment Ferdinand Alexander Porsche et son \u00e9quipe ont r\u00e9ussi \u00e0 introduire ce style moderne et compact, de mani\u00e8re similaire \u00e0 la transition entre la 356 et la 911. C\u2019est exactement ce pour quoi je me bats aujourd\u2019hui. Cette approche r\u00e9duite et puriste, sans une ligne de trop&nbsp;! Je trouve toujours la 914 \u00e9tonnante, mais l\u2019avis peut changer quand on l&#8217;examine de plus pr\u00e8s. Je n&#8217;ai \u00e9videmment pas \u00e9t\u00e9 impliqu\u00e9 dans ce programme&nbsp;! Mais je reste sur ma premi\u00e8re impression&nbsp;:&nbsp;&nbsp;je trouve que la voiture reste incroyablement moderne&nbsp;!&#8221;<\/p>\n\n\n\n<figure class=\"wp-block-image\"><img loading=\"lazy\" decoding=\"async\" width=\"1024\" height=\"577\" src=\"http:\/\/lignesauto.fr\/wp-content\/uploads\/2020\/04\/LIGNES914SALON-1024x577.jpeg\" alt=\"\" class=\"wp-image-16884\" srcset=\"https:\/\/lignesauto.fr\/wp-content\/uploads\/2020\/04\/LIGNES914SALON-1024x577.jpeg 1024w, https:\/\/lignesauto.fr\/wp-content\/uploads\/2020\/04\/LIGNES914SALON-300x169.jpeg 300w, https:\/\/lignesauto.fr\/wp-content\/uploads\/2020\/04\/LIGNES914SALON-768x433.jpeg 768w, https:\/\/lignesauto.fr\/wp-content\/uploads\/2020\/04\/LIGNES914SALON-370x209.jpeg 370w, https:\/\/lignesauto.fr\/wp-content\/uploads\/2020\/04\/LIGNES914SALON-1040x586.jpeg 1040w, https:\/\/lignesauto.fr\/wp-content\/uploads\/2020\/04\/LIGNES914SALON.jpeg 1417w\" sizes=\"(max-width: 1024px) 100vw, 1024px\" \/><\/figure>\n\n\n\n<h2 class=\"wp-block-heading\"><strong>De la 914 \u00e0 la 924 : quand VW manqua de faire mourir Porsche <\/strong>(ci-dessous)<\/h2>\n\n\n\n<figure class=\"wp-block-embed-wordpress wp-block-embed is-type-wp-embed is-provider-lignes-auto\"><div class=\"wp-block-embed__wrapper\">\nhttp:\/\/lignesauto.fr\/?p=16906\n<\/div><\/figure>\n\n\n\n<h2 class=\"wp-block-heading\"><strong>VOUS AIMEREZ AUSSI : MAUER PARLE DE LA TAYCAN 100% ELECTRIQUE :<\/strong><\/h2>\n\n\n\n<figure class=\"wp-block-embed-wordpress wp-block-embed is-type-wp-embed is-provider-lignes-auto\"><div class=\"wp-block-embed__wrapper\">\n<blockquote class=\"wp-embedded-content\" data-secret=\"nCTwqlkVX3\"><a href=\"http:\/\/lignesauto.fr\/?p=12959\">SPECIAL TAYCAN: l&#8217;interview de Michael Mauer<\/a><\/blockquote><iframe class=\"wp-embedded-content\" sandbox=\"allow-scripts\" security=\"restricted\" style=\"position: absolute; clip: rect(1px, 1px, 1px, 1px);\" title=\"&#8220;SPECIAL TAYCAN: l&#8217;interview de Michael Mauer&#8221; &#8212; LIGNES\/auto\" src=\"http:\/\/lignesauto.fr\/?p=12959&#038;embed=true#?secret=qJ9KIBf5di#?secret=nCTwqlkVX3\" data-secret=\"nCTwqlkVX3\" width=\"600\" height=\"338\" frameborder=\"0\" marginwidth=\"0\" marginheight=\"0\" scrolling=\"no\"><\/iframe>\n<\/div><\/figure>\n\n\n\n<figure class=\"wp-block-image is-resized\"><img loading=\"lazy\" decoding=\"async\" src=\"http:\/\/lignesauto.fr\/wp-content\/uploads\/2018\/10\/LOGOArchives_BD-1024x367.jpg\" alt=\"L\u2019attribut alt de cette image est vide, son nom de fichier est LOGOArchives_BD-1024x367.jpg.\" width=\"434\" height=\"155\"\/><\/figure>\n","protected":false},"excerpt":{"rendered":"<p>Voici une Porsche mal-aim\u00e9e&nbsp;: la 914. Nous, \u00e0 LIGNES\/auto, on l\u2019adore&nbsp;! Alors quand Michael Mauer, le patron du design Porsche \u00e9voque ce mod\u00e8le \u00ab d\u2019acc\u00e8s \u00e0 la gamme \u00bb en termes de style, on l\u2019\u00e9coute, on lit et on partage&nbsp;! Interview r\u00e9alis\u00e9 le 27 janvier dernier par Frank Jung pour [&hellip;]<\/p>\n","protected":false},"author":1,"featured_media":16867,"comment_status":"open","ping_status":"open","sticky":false,"template":"","format":"standard","meta":{"footnotes":""},"categories":[1],"tags":[],"_links":{"self":[{"href":"https:\/\/lignesauto.fr\/index.php?rest_route=\/wp\/v2\/posts\/16863"}],"collection":[{"href":"https:\/\/lignesauto.fr\/index.php?rest_route=\/wp\/v2\/posts"}],"about":[{"href":"https:\/\/lignesauto.fr\/index.php?rest_route=\/wp\/v2\/types\/post"}],"author":[{"embeddable":true,"href":"https:\/\/lignesauto.fr\/index.php?rest_route=\/wp\/v2\/users\/1"}],"replies":[{"embeddable":true,"href":"https:\/\/lignesauto.fr\/index.php?rest_route=%2Fwp%2Fv2%2Fcomments&post=16863"}],"version-history":[{"count":31,"href":"https:\/\/lignesauto.fr\/index.php?rest_route=\/wp\/v2\/posts\/16863\/revisions"}],"predecessor-version":[{"id":16960,"href":"https:\/\/lignesauto.fr\/index.php?rest_route=\/wp\/v2\/posts\/16863\/revisions\/16960"}],"wp:featuredmedia":[{"embeddable":true,"href":"https:\/\/lignesauto.fr\/index.php?rest_route=\/wp\/v2\/media\/16867"}],"wp:attachment":[{"href":"https:\/\/lignesauto.fr\/index.php?rest_route=%2Fwp%2Fv2%2Fmedia&parent=16863"}],"wp:term":[{"taxonomy":"category","embeddable":true,"href":"https:\/\/lignesauto.fr\/index.php?rest_route=%2Fwp%2Fv2%2Fcategories&post=16863"},{"taxonomy":"post_tag","embeddable":true,"href":"https:\/\/lignesauto.fr\/index.php?rest_route=%2Fwp%2Fv2%2Ftags&post=16863"}],"curies":[{"name":"wp","href":"https:\/\/api.w.org\/{rel}","templated":true}]}}