{"id":17343,"date":"2020-04-24T09:24:49","date_gmt":"2020-04-24T07:24:49","guid":{"rendered":"http:\/\/lignesauto.fr\/?p=17343"},"modified":"2020-04-24T09:24:49","modified_gmt":"2020-04-24T07:24:49","slug":"uk-fr-la-photo-mystere-facebook-la-reponse","status":"publish","type":"post","link":"https:\/\/lignesauto.fr\/?p=17343","title":{"rendered":"UK\/FR : La photo myst\u00e8re Facebook ? La r\u00e9ponse !"},"content":{"rendered":"\n<figure class=\"wp-block-image is-resized\"><img loading=\"lazy\" decoding=\"async\" src=\"http:\/\/lignesauto.fr\/wp-content\/uploads\/2018\/10\/LOGOArchives_BD-1024x367.jpg\" alt=\"\" class=\"wp-image-4925\" width=\"392\" height=\"140\" srcset=\"https:\/\/lignesauto.fr\/wp-content\/uploads\/2018\/10\/LOGOArchives_BD-1024x367.jpg 1024w, https:\/\/lignesauto.fr\/wp-content\/uploads\/2018\/10\/LOGOArchives_BD-300x108.jpg 300w, https:\/\/lignesauto.fr\/wp-content\/uploads\/2018\/10\/LOGOArchives_BD-768x276.jpg 768w, https:\/\/lignesauto.fr\/wp-content\/uploads\/2018\/10\/LOGOArchives_BD-370x133.jpg 370w, https:\/\/lignesauto.fr\/wp-content\/uploads\/2018\/10\/LOGOArchives_BD-1040x373.jpg 1040w, https:\/\/lignesauto.fr\/wp-content\/uploads\/2018\/10\/LOGOArchives_BD.jpg 1240w\" sizes=\"(max-width: 392px) 100vw, 392px\" \/><\/figure>\n\n\n\n<p style=\"font-size:18px\">En p\u00e9riode de confinement, on s&#8217;amuse un peu sur notre page Facebook. Hier, nous avons post\u00e9 une photo &#8220;Quizz&#8221; qui a suscit\u00e9 beaucoup de commentaires&#8230; Vous avez \u00e9t\u00e9 nombreux \u00e0 participer \u00e0 cette mini-enqu\u00eate, et Facebook n&#8217;aurait pas permis d&#8217;\u00e9lucider compl\u00e8tement le d\u00e9nouement. Le voici donc d\u00e9crypt\u00e9 sur votre site.<br><br><em>In times of containment , we have a little fun on our Facebook page. Yesterday, we posted a photo &#8220;Quizz&#8221; which generated a lot of comments\u2026 Many of you took part in this mini-survey, and Facebook wouldn&#8217;t have been able to fully explain the outcome. So here it is decrypted on your site!<\/em><\/p>\n\n\n\n<figure class=\"wp-block-image\"><img loading=\"lazy\" decoding=\"async\" width=\"1024\" height=\"708\" src=\"http:\/\/lignesauto.fr\/wp-content\/uploads\/2020\/04\/LIGNES44_00-1024x708.jpg\" alt=\"\" class=\"wp-image-17344\" srcset=\"https:\/\/lignesauto.fr\/wp-content\/uploads\/2020\/04\/LIGNES44_00-1024x708.jpg 1024w, https:\/\/lignesauto.fr\/wp-content\/uploads\/2020\/04\/LIGNES44_00-300x207.jpg 300w, https:\/\/lignesauto.fr\/wp-content\/uploads\/2020\/04\/LIGNES44_00-768x531.jpg 768w, https:\/\/lignesauto.fr\/wp-content\/uploads\/2020\/04\/LIGNES44_00.jpg 1417w\" sizes=\"(max-width: 1024px) 100vw, 1024px\" \/><\/figure>\n\n\n\n<p style=\"font-size:18px\">Ce projet est l\u2019une des nombreuses maquettes r\u00e9alis\u00e9es pour le programme X45 de Renault. Cette berline de 3,54 m est l\u2019avant-derni\u00e8re recherche du gigantesque programme VBG (V\u00e9hicule Bas de Gamme) lanc\u00e9 au milieu des ann\u00e9es 1970. Le livre <em>\u00ab\u00a0Concept-cars Renault et prototypes d\u2019\u00e9tudes\u00a0\u00bb <\/em>revient d\u2019ailleurs sur la premi\u00e8re p\u00e9riode de ce programme avec des extraits de son cahier des charges (<a href=\"http:\/\/lignesauto.fr\/?page_id=17122\">http:\/\/lignesauto.fr\/?page_id=17122<\/a>). La derni\u00e8re \u00e9tude sera la W60 de Jean-Pierre Plou\u00e9 qui donnera naissance \u00e0 la Twingo, ci-dessous.<br><br><em>This project is one of the many models produced for Renault&#8217;s X45 program. This 3.54-metre saloon is the penultimate research project in the gigantic VBG (&#8220;V\u00e9hicule Bas de Gamme&#8221; <\/em>entry-level vehicle<em>) programme launched in the mid-1970s. The book &#8220;Concept-cars Renault et prototypes d&#8217;\u00e9tudes&#8221; looks back at the first period of this programme with extracts from its specifications. The final study will be Jean-Pierre Plou\u00e9&#8217;s W60, which will give birth to the Twingo, below.<\/em><\/p>\n\n\n\n<figure class=\"wp-block-image\"><img loading=\"lazy\" decoding=\"async\" width=\"1024\" height=\"675\" src=\"http:\/\/lignesauto.fr\/wp-content\/uploads\/2020\/04\/LIGNES44_10-1024x675.jpg\" alt=\"\" class=\"wp-image-17352\" srcset=\"https:\/\/lignesauto.fr\/wp-content\/uploads\/2020\/04\/LIGNES44_10-1024x675.jpg 1024w, https:\/\/lignesauto.fr\/wp-content\/uploads\/2020\/04\/LIGNES44_10-300x198.jpg 300w, https:\/\/lignesauto.fr\/wp-content\/uploads\/2020\/04\/LIGNES44_10-768x506.jpg 768w, https:\/\/lignesauto.fr\/wp-content\/uploads\/2020\/04\/LIGNES44_10.jpg 1417w\" sizes=\"(max-width: 1024px) 100vw, 1024px\" \/><\/figure>\n\n\n\n<p style=\"font-size:18px\">Les maquettes du X45 sont pr\u00e9sent\u00e9es en mars 1985, cinq mois apr\u00e8s que la Supercinq a \u00e9t\u00e9 d\u00e9voil\u00e9e, un an et demi avant l\u2019AX de Citro\u00ebn et deux ans apr\u00e8s la Peugeot 205. Le X45 se place clairement comme un \u00e9ventuel rempla\u00e7ant \u00e0 la Renault 4. Sa longueur de 3,54 m est plus g\u00e9n\u00e9reuse de 14 cm par rapport au plus grand des VBG con\u00e7u au milieu des ann\u00e9es 1970 (3,40 m-profil ci-dessous de 1975).<br><br><em>Models of the X45 are presented in March 1985, five months after the Supercinq was unveiled, a year and a half before Citro\u00ebn&#8217;s AX and two years after the Peugeot 205. The X45 clearly positions itself as a possible replacement for the Renault 4. Its length of 3.54 m is 14 cm longer than the largest of the VBGs designed in the mid-1970s (3.40 m-profile below from 1975).<\/em><\/p>\n\n\n\n<figure class=\"wp-block-image\"><img loading=\"lazy\" decoding=\"async\" width=\"1024\" height=\"718\" src=\"http:\/\/lignesauto.fr\/wp-content\/uploads\/2020\/04\/LIGNES44_06-1024x718.png\" alt=\"\" class=\"wp-image-17345\" srcset=\"https:\/\/lignesauto.fr\/wp-content\/uploads\/2020\/04\/LIGNES44_06-1024x718.png 1024w, https:\/\/lignesauto.fr\/wp-content\/uploads\/2020\/04\/LIGNES44_06-300x210.png 300w, https:\/\/lignesauto.fr\/wp-content\/uploads\/2020\/04\/LIGNES44_06-768x538.png 768w, https:\/\/lignesauto.fr\/wp-content\/uploads\/2020\/04\/LIGNES44_06.png 1417w\" sizes=\"(max-width: 1024px) 100vw, 1024px\" \/><\/figure>\n\n\n\n<p style=\"font-size:18px\">Deux consultants ext\u00e9rieurs vont \u00eatre amen\u00e9s \u00e0 travailler sur ce programme&nbsp;: Matra (l\u2019Espace a un an seulement) et Gandini (consultant privil\u00e9gi\u00e9 par Renault)<br><br><em>Two external consultants will be working on this programme: Matra (l&#8217;Espace is only one year old) and Gandini (Renault&#8217;s preferred consultant)<\/em><\/p>\n\n\n\n<p><strong>MAQUETTE MATRA<\/strong><\/p>\n\n\n\n<figure class=\"wp-block-image\"><img loading=\"lazy\" decoding=\"async\" width=\"1024\" height=\"608\" src=\"http:\/\/lignesauto.fr\/wp-content\/uploads\/2020\/04\/LIGNES44_07-1024x608.jpg\" alt=\"\" class=\"wp-image-17346\" srcset=\"https:\/\/lignesauto.fr\/wp-content\/uploads\/2020\/04\/LIGNES44_07-1024x608.jpg 1024w, https:\/\/lignesauto.fr\/wp-content\/uploads\/2020\/04\/LIGNES44_07-300x178.jpg 300w, https:\/\/lignesauto.fr\/wp-content\/uploads\/2020\/04\/LIGNES44_07-768x456.jpg 768w, https:\/\/lignesauto.fr\/wp-content\/uploads\/2020\/04\/LIGNES44_07.jpg 1417w\" sizes=\"(max-width: 1024px) 100vw, 1024px\" \/><\/figure>\n\n\n\n<p><strong>MAQUETTE GANDINI<\/strong><\/p>\n\n\n\n<figure class=\"wp-block-image\"><img loading=\"lazy\" decoding=\"async\" width=\"1024\" height=\"667\" src=\"http:\/\/lignesauto.fr\/wp-content\/uploads\/2020\/04\/LIGNES44_02-1024x667.jpg\" alt=\"\" class=\"wp-image-17347\" srcset=\"https:\/\/lignesauto.fr\/wp-content\/uploads\/2020\/04\/LIGNES44_02-1024x667.jpg 1024w, https:\/\/lignesauto.fr\/wp-content\/uploads\/2020\/04\/LIGNES44_02-300x195.jpg 300w, https:\/\/lignesauto.fr\/wp-content\/uploads\/2020\/04\/LIGNES44_02-768x500.jpg 768w, https:\/\/lignesauto.fr\/wp-content\/uploads\/2020\/04\/LIGNES44_02-1000x650.jpg 1000w, https:\/\/lignesauto.fr\/wp-content\/uploads\/2020\/04\/LIGNES44_02.jpg 1417w\" sizes=\"(max-width: 1024px) 100vw, 1024px\" \/><\/figure>\n\n\n\n<p style=\"font-size:18px\">A noter, si vous regardez bien en transparence de ces maquettes, qu&#8217;elles sont \u00e0 deux portes c\u00f4t\u00e9 passager, quatre c\u00f4t\u00e9 conducteur&#8230;<br><br><em>Note, if you take a good look at the transparency of these models, that they have two doors on the passenger side, four on the driver&#8217;s side\u2026<\/em><\/p>\n\n\n\n<p style=\"font-size:18px\">En interne, c\u2019est la maquette d\u2019Alain Jan qui est port\u00e9e jusqu\u2019au stade de l\u2019\u00e9chelle 1\/1. C&#8217;est elle qui a subi diff\u00e9rents tests client\u00e8les, ci-dessous :<br><br><em>Internally, it is Alain Jan&#8217;s model that is taken to the 1\/1 scale. It has undergone various customer tests, below:<\/em><\/p>\n\n\n\n<figure class=\"wp-block-image\"><img loading=\"lazy\" decoding=\"async\" width=\"1024\" height=\"697\" src=\"http:\/\/lignesauto.fr\/wp-content\/uploads\/2020\/04\/LIGNES44_01-1024x697.jpg\" alt=\"\" class=\"wp-image-17348\" srcset=\"https:\/\/lignesauto.fr\/wp-content\/uploads\/2020\/04\/LIGNES44_01-1024x697.jpg 1024w, https:\/\/lignesauto.fr\/wp-content\/uploads\/2020\/04\/LIGNES44_01-300x204.jpg 300w, https:\/\/lignesauto.fr\/wp-content\/uploads\/2020\/04\/LIGNES44_01-768x523.jpg 768w, https:\/\/lignesauto.fr\/wp-content\/uploads\/2020\/04\/LIGNES44_01.jpg 1417w\" sizes=\"(max-width: 1024px) 100vw, 1024px\" \/><\/figure>\n\n\n\n<p style=\"font-size:18px\">Quant \u00e0 la photo \u00ab&nbsp;quizz&nbsp;\u00bb avec son volant monobranche qui vous a interrog\u00e9 (!), il s\u2019agit donc de l\u2019int\u00e9rieur de l\u2019une des X45 dessin\u00e9 par Lampr\u00e9ia.<br><br><em>As for the &#8220;quizz&#8221; photo with its single-spoke steering wheel that questioned you (!), this is the interior of one of the X45s designed by Lampr\u00e9ia.<\/em><\/p>\n\n\n\n<figure class=\"wp-block-image\"><img loading=\"lazy\" decoding=\"async\" width=\"1024\" height=\"673\" src=\"http:\/\/lignesauto.fr\/wp-content\/uploads\/2020\/04\/LIGNES44_05-1024x673.jpg\" alt=\"\" class=\"wp-image-17358\" srcset=\"https:\/\/lignesauto.fr\/wp-content\/uploads\/2020\/04\/LIGNES44_05-1024x673.jpg 1024w, https:\/\/lignesauto.fr\/wp-content\/uploads\/2020\/04\/LIGNES44_05-300x197.jpg 300w, https:\/\/lignesauto.fr\/wp-content\/uploads\/2020\/04\/LIGNES44_05-768x505.jpg 768w, https:\/\/lignesauto.fr\/wp-content\/uploads\/2020\/04\/LIGNES44_05.jpg 1417w\" sizes=\"(max-width: 1024px) 100vw, 1024px\" \/><\/figure>\n\n\n\n<p style=\"font-size:18px\">A bord de la maquette con\u00e7ue par Matra, on retrouve les fondamentaux d&#8217;une &#8220;voiture \u00e0 vivre&#8221; et un peu de Renault Espace avec de multiples rangements, ci-dessous :<br><br><em>Aboard the model designed by Matra, we find the fundamentals of a &#8220;car to live in&#8221; and a bit of Renault Espace with multiple storage spaces, below:<\/em><\/p>\n\n\n\n<figure class=\"wp-block-image\"><img loading=\"lazy\" decoding=\"async\" width=\"1024\" height=\"661\" src=\"http:\/\/lignesauto.fr\/wp-content\/uploads\/2020\/04\/LIGNES44_04-1024x661.jpg\" alt=\"\" class=\"wp-image-17350\" srcset=\"https:\/\/lignesauto.fr\/wp-content\/uploads\/2020\/04\/LIGNES44_04-1024x661.jpg 1024w, https:\/\/lignesauto.fr\/wp-content\/uploads\/2020\/04\/LIGNES44_04-300x194.jpg 300w, https:\/\/lignesauto.fr\/wp-content\/uploads\/2020\/04\/LIGNES44_04-768x496.jpg 768w, https:\/\/lignesauto.fr\/wp-content\/uploads\/2020\/04\/LIGNES44_04.jpg 1417w\" sizes=\"(max-width: 1024px) 100vw, 1024px\" \/><\/figure>\n\n\n\n<p style=\"font-size:18px\">Bravo pour vos recherches. A (re)d\u00e9couvrir, comme le signale &#8220;Pat Rick&#8221;, le livre que j&#8217;ai r\u00e9dig\u00e9 avec Mr.Roger Guyot &#8220;50 ans de petites et secr\u00e8tes Renault&#8221;, \u00e0 trouver sur la toile.<br><br><em>Congratulations on your research. To (re)discover, as &#8220;Pat Rick&#8221; said, the book I wrote with Mr Roger Guyot &#8220;50 years of small and secret Renault&#8221;, to be found on the web.<\/em><\/p>\n\n\n\n<figure class=\"wp-block-image\"><img loading=\"lazy\" decoding=\"async\" width=\"825\" height=\"1024\" src=\"http:\/\/lignesauto.fr\/wp-content\/uploads\/2020\/04\/LIGNES44_09-825x1024.jpg\" alt=\"\" class=\"wp-image-17354\" srcset=\"https:\/\/lignesauto.fr\/wp-content\/uploads\/2020\/04\/LIGNES44_09-825x1024.jpg 825w, https:\/\/lignesauto.fr\/wp-content\/uploads\/2020\/04\/LIGNES44_09-242x300.jpg 242w, https:\/\/lignesauto.fr\/wp-content\/uploads\/2020\/04\/LIGNES44_09-768x953.jpg 768w, https:\/\/lignesauto.fr\/wp-content\/uploads\/2020\/04\/LIGNES44_09.jpg 1417w\" sizes=\"(max-width: 825px) 100vw, 825px\" \/><\/figure>\n\n\n\n<h2 class=\"wp-block-heading\"><strong>BONUS : LA CITRO\u00cbN AX, DEUX ANS AVANT L&#8217;AX<\/strong> :<br><br><em>BONUS: THE CITRO\u00cbN AX, TWO YEARS BEFORE THE AX :<\/em><\/h2>\n\n\n\n<p style=\"font-size:18px\">Le projet X45 de 1985 est l&#8217;un de ceux qui ont pouss\u00e9 les limites de l&#8217;\u00e9tude num\u00e9rique, et elle a \u00e9t\u00e9 la premi\u00e8re \u00e0 \u00eatre dessin\u00e9e directement sur \u00e9cran sous la responsabilit\u00e9 de M.Daubin. C&#8217;est ainsi qu&#8217;est n\u00e9e l&#8217;une des variantes des recherches d&#8217;Alain Jan, ci-dessous, qui offrait une proue proche de celle de ce qui deviendra plus d&#8217;une ann\u00e9e apr\u00e8s, la Citro\u00ebn AX !<\/p>\n\n\n\n<figure class=\"wp-block-image\"><img loading=\"lazy\" decoding=\"async\" width=\"1024\" height=\"796\" src=\"http:\/\/lignesauto.fr\/wp-content\/uploads\/2020\/04\/LIGNES44_08-1024x796.jpg\" alt=\"\" class=\"wp-image-17355\" srcset=\"https:\/\/lignesauto.fr\/wp-content\/uploads\/2020\/04\/LIGNES44_08-1024x796.jpg 1024w, https:\/\/lignesauto.fr\/wp-content\/uploads\/2020\/04\/LIGNES44_08-300x233.jpg 300w, https:\/\/lignesauto.fr\/wp-content\/uploads\/2020\/04\/LIGNES44_08-768x597.jpg 768w, https:\/\/lignesauto.fr\/wp-content\/uploads\/2020\/04\/LIGNES44_08.jpg 1417w\" sizes=\"(max-width: 1024px) 100vw, 1024px\" \/><\/figure>\n\n\n\n<p style=\"font-size:18px\"><em>The 1985 X45 project is one of those that pushed the limits of digital study, and it was the first to be drawn directly on screen under the responsibility of Mr. Daubin. Thus was born one of the variants of Alain Jan&#8217;s research, below, which offered a prow close to that of what would become more than a year later, the Citro\u00ebn AX!<\/em><\/p>\n\n\n\n<figure class=\"wp-block-image is-resized\"><img loading=\"lazy\" decoding=\"async\" src=\"http:\/\/lignesauto.fr\/wp-content\/uploads\/2018\/10\/LOGOArchives_BD-1024x367.jpg\" alt=\"L\u2019attribut alt de cette image est vide, son nom de fichier est LOGOArchives_BD-1024x367.jpg.\" width=\"463\" height=\"165\"\/><\/figure>\n","protected":false},"excerpt":{"rendered":"<p>En p\u00e9riode de confinement, on s&#8217;amuse un peu sur notre page Facebook. Hier, nous avons post\u00e9 une photo &#8220;Quizz&#8221; qui a suscit\u00e9 beaucoup de commentaires&#8230; Vous avez \u00e9t\u00e9 nombreux \u00e0 participer \u00e0 cette mini-enqu\u00eate, et Facebook n&#8217;aurait pas permis d&#8217;\u00e9lucider compl\u00e8tement le d\u00e9nouement. Le voici donc d\u00e9crypt\u00e9 sur votre site. [&hellip;]<\/p>\n","protected":false},"author":1,"featured_media":17360,"comment_status":"open","ping_status":"open","sticky":false,"template":"","format":"standard","meta":{"footnotes":""},"categories":[1],"tags":[],"_links":{"self":[{"href":"https:\/\/lignesauto.fr\/index.php?rest_route=\/wp\/v2\/posts\/17343"}],"collection":[{"href":"https:\/\/lignesauto.fr\/index.php?rest_route=\/wp\/v2\/posts"}],"about":[{"href":"https:\/\/lignesauto.fr\/index.php?rest_route=\/wp\/v2\/types\/post"}],"author":[{"embeddable":true,"href":"https:\/\/lignesauto.fr\/index.php?rest_route=\/wp\/v2\/users\/1"}],"replies":[{"embeddable":true,"href":"https:\/\/lignesauto.fr\/index.php?rest_route=%2Fwp%2Fv2%2Fcomments&post=17343"}],"version-history":[{"count":7,"href":"https:\/\/lignesauto.fr\/index.php?rest_route=\/wp\/v2\/posts\/17343\/revisions"}],"predecessor-version":[{"id":17362,"href":"https:\/\/lignesauto.fr\/index.php?rest_route=\/wp\/v2\/posts\/17343\/revisions\/17362"}],"wp:featuredmedia":[{"embeddable":true,"href":"https:\/\/lignesauto.fr\/index.php?rest_route=\/wp\/v2\/media\/17360"}],"wp:attachment":[{"href":"https:\/\/lignesauto.fr\/index.php?rest_route=%2Fwp%2Fv2%2Fmedia&parent=17343"}],"wp:term":[{"taxonomy":"category","embeddable":true,"href":"https:\/\/lignesauto.fr\/index.php?rest_route=%2Fwp%2Fv2%2Fcategories&post=17343"},{"taxonomy":"post_tag","embeddable":true,"href":"https:\/\/lignesauto.fr\/index.php?rest_route=%2Fwp%2Fv2%2Ftags&post=17343"}],"curies":[{"name":"wp","href":"https:\/\/api.w.org\/{rel}","templated":true}]}}