{"id":17438,"date":"2020-06-22T10:00:00","date_gmt":"2020-06-22T08:00:00","guid":{"rendered":"http:\/\/lignesauto.fr\/?p=17438"},"modified":"2020-06-22T10:06:30","modified_gmt":"2020-06-22T08:06:30","slug":"toyota-yaris-cross-un-danger-pour-les-francais","status":"publish","type":"post","link":"https:\/\/lignesauto.fr\/?p=17438","title":{"rendered":"Toyota Yaris Cross : un danger pour les fran\u00e7ais ?"},"content":{"rendered":"\n<p style=\"font-size:18px\">En plein confinement, Toyota a pr\u00e9sent\u00e9 son futur SUV du segment B2, le Yaris Cross, rival tout d\u00e9sign\u00e9 des r\u00e9f\u00e9rences fran\u00e7aises que sont les Peugeot 2008 et Renault Captur. <\/p>\n\n\n\n<figure class=\"wp-block-image is-resized\"><img loading=\"lazy\" decoding=\"async\" src=\"http:\/\/lignesauto.fr\/wp-content\/uploads\/2018\/10\/LOGOActus_BD-1024x367.jpg\" alt=\"\" class=\"wp-image-4921\" width=\"462\" height=\"165\" srcset=\"https:\/\/lignesauto.fr\/wp-content\/uploads\/2018\/10\/LOGOActus_BD-1024x367.jpg 1024w, https:\/\/lignesauto.fr\/wp-content\/uploads\/2018\/10\/LOGOActus_BD-300x108.jpg 300w, https:\/\/lignesauto.fr\/wp-content\/uploads\/2018\/10\/LOGOActus_BD-768x276.jpg 768w, https:\/\/lignesauto.fr\/wp-content\/uploads\/2018\/10\/LOGOActus_BD-370x133.jpg 370w, https:\/\/lignesauto.fr\/wp-content\/uploads\/2018\/10\/LOGOActus_BD-1040x373.jpg 1040w, https:\/\/lignesauto.fr\/wp-content\/uploads\/2018\/10\/LOGOActus_BD.jpg 1240w\" sizes=\"(max-width: 462px) 100vw, 462px\" \/><\/figure>\n\n\n\n<p style=\"font-size:18px\">Nous confrontons leurs atouts et leurs styles, car comme le dit Lance Scott, directeur g\u00e9n\u00e9ral du Design au studio ED <sup>2<\/sup> de Toyota &#8220;<em>En lan\u00e7ant ce processus de cr\u00e9ation, nous avions bien compris que, si le style est le premier motif d\u2019achat sur le segment B-SUV, les automobilistes tiennent aussi \u00e0 l\u2019aspect pratique <\/em>&#8220;.  <\/p>\n\n\n\n<figure class=\"wp-block-image\"><img loading=\"lazy\" decoding=\"async\" width=\"1024\" height=\"768\" src=\"http:\/\/lignesauto.fr\/wp-content\/uploads\/2020\/04\/TOY_01-1024x768.jpg\" alt=\"\" class=\"wp-image-17449\" srcset=\"https:\/\/lignesauto.fr\/wp-content\/uploads\/2020\/04\/TOY_01-1024x768.jpg 1024w, https:\/\/lignesauto.fr\/wp-content\/uploads\/2020\/04\/TOY_01-300x225.jpg 300w, https:\/\/lignesauto.fr\/wp-content\/uploads\/2020\/04\/TOY_01-768x576.jpg 768w, https:\/\/lignesauto.fr\/wp-content\/uploads\/2020\/04\/TOY_01.jpg 1417w\" sizes=\"(max-width: 1024px) 100vw, 1024px\" \/><\/figure>\n\n\n\n<p style=\"font-size:18px\">Lance Scott poursuit en expliquant que &#8220;<em>pour nous, la voiture devait au premier coup d&#8217;\u0153il s\u2019apparenter \u00e0 un SUV. C\u2019est pourquoi nous avons rehauss\u00e9 la garde au sol, appuy\u00e9 l\u2019axe horizontal pour renforcer l\u2019impression d\u2019\u00e9quilibre et d\u2019aplomb, dessin\u00e9 de grands passages de roue carr\u00e9s et bien s\u00fbr adopt\u00e9 de grandes roues : jusqu\u2019\u00e0 18\u201d ! Un autre \u00e9l\u00e9ment tr\u00e8s important \u00e0 nos yeux \u00e9tait la face avant. Nous voulions conserver l\u2019ADN fort des SUV Toyota, tout en donnant \u00e0 la Toyota Yaris Cross une identit\u00e9 propre.<\/em>&#8220;<\/p>\n\n\n\n<figure class=\"wp-block-image\"><img loading=\"lazy\" decoding=\"async\" width=\"1024\" height=\"768\" src=\"http:\/\/lignesauto.fr\/wp-content\/uploads\/2020\/04\/20200423_02_07-1024x768.jpg\" alt=\"\" class=\"wp-image-17461\" srcset=\"https:\/\/lignesauto.fr\/wp-content\/uploads\/2020\/04\/20200423_02_07-1024x768.jpg 1024w, https:\/\/lignesauto.fr\/wp-content\/uploads\/2020\/04\/20200423_02_07-300x225.jpg 300w, https:\/\/lignesauto.fr\/wp-content\/uploads\/2020\/04\/20200423_02_07-768x576.jpg 768w, https:\/\/lignesauto.fr\/wp-content\/uploads\/2020\/04\/20200423_02_07.jpg 1417w\" sizes=\"(max-width: 1024px) 100vw, 1024px\" \/><\/figure>\n\n\n\n<p style=\"font-size:18px\"><strong>Commen\u00e7ons, ci-dessous, le duel statique et esth\u00e9tique de cette nouvelle Toyota Yaris Cross face au Peugeot 2008.<\/strong><br>Premi\u00e8re grande diff\u00e9rence, sur un empattement l\u00e9g\u00e8rement plus long, augurant donc d&#8217;une habitabilit\u00e9 au moins identique, la Toyota est bien plus compacte que le 2008. C&#8217;est d&#8217;ailleurs la plus compacte des trois. Cela s&#8217;explique entre autres par le fait que cette Yaris Cross est le deuxi\u00e8me mod\u00e8le &#8211; apr\u00e8s la berline Yaris &#8211; con\u00e7u sur la nouvelle plateforme GA-B de Toyota. La Cross sera produite en France, &#8220;<em>\u00e0 plus de 150&nbsp;000&nbsp;exemplaires par an<\/em>&#8221; confirme le constructeur.<\/p>\n\n\n\n<figure class=\"wp-block-image\"><img loading=\"lazy\" decoding=\"async\" width=\"1024\" height=\"976\" src=\"http:\/\/lignesauto.fr\/wp-content\/uploads\/2020\/04\/P_01-1024x976.png\" alt=\"\" class=\"wp-image-17441\" srcset=\"https:\/\/lignesauto.fr\/wp-content\/uploads\/2020\/04\/P_01-1024x976.png 1024w, https:\/\/lignesauto.fr\/wp-content\/uploads\/2020\/04\/P_01-300x286.png 300w, https:\/\/lignesauto.fr\/wp-content\/uploads\/2020\/04\/P_01-768x732.png 768w, https:\/\/lignesauto.fr\/wp-content\/uploads\/2020\/04\/P_01.png 1417w\" sizes=\"(max-width: 1024px) 100vw, 1024px\" \/><\/figure>\n\n\n\n<p style=\"font-size:18px\"><strong>Ci-dessous, face au Renault<\/strong>, la Toyota s&#8217;incline au niveau de l&#8217;empattement, mais reste proche du fran\u00e7ais en longueur. Le Captur est le meilleur en termes de rapport encombrement habitabilit\u00e9&#8230; sur le papier.<\/p>\n\n\n\n<figure class=\"wp-block-image\"><img loading=\"lazy\" decoding=\"async\" width=\"1024\" height=\"982\" src=\"http:\/\/lignesauto.fr\/wp-content\/uploads\/2020\/04\/R_01-1024x982.png\" alt=\"\" class=\"wp-image-17445\" srcset=\"https:\/\/lignesauto.fr\/wp-content\/uploads\/2020\/04\/R_01-1024x982.png 1024w, https:\/\/lignesauto.fr\/wp-content\/uploads\/2020\/04\/R_01-300x288.png 300w, https:\/\/lignesauto.fr\/wp-content\/uploads\/2020\/04\/R_01-768x737.png 768w, https:\/\/lignesauto.fr\/wp-content\/uploads\/2020\/04\/R_01.png 1417w\" sizes=\"(max-width: 1024px) 100vw, 1024px\" \/><\/figure>\n\n\n\n<p style=\"font-size:18px\"><strong>C\u00f4t\u00e9 style, ci-dessous, on note que l&#8217;\u00e9quilibre des masses repose sur le m\u00eame th\u00e8me sur les Yaris Cross et 2008<\/strong>. A savoir que les deux volumes (moteur-habitacle) sont nettement marqu\u00e9s et d\u00e9limit\u00e9s avec, \u00e0 l&#8217;avant, un capot plat, un montant de pare-brise peu inclin\u00e9 et plut\u00f4t rectiligne alors que le pavillon reste lui aussi quasiment \u00e0 l&#8217;horizontal. On note, en 1, des passages de roues semblables \u00e0 ceux du RAV4 sur la Toyota, et totalement courbes sur le 2008. Ce sont d&#8217;ailleurs les seules courbes d&#8217;un style taill\u00e9 \u00e0 la serpe sur la Peugeot.<\/p>\n\n\n\n<figure class=\"wp-block-image\"><img loading=\"lazy\" decoding=\"async\" width=\"1024\" height=\"977\" src=\"http:\/\/lignesauto.fr\/wp-content\/uploads\/2020\/04\/P_02-1024x977.png\" alt=\"\" class=\"wp-image-17442\" srcset=\"https:\/\/lignesauto.fr\/wp-content\/uploads\/2020\/04\/P_02-1024x977.png 1024w, https:\/\/lignesauto.fr\/wp-content\/uploads\/2020\/04\/P_02-300x286.png 300w, https:\/\/lignesauto.fr\/wp-content\/uploads\/2020\/04\/P_02-768x733.png 768w, https:\/\/lignesauto.fr\/wp-content\/uploads\/2020\/04\/P_02.png 1822w\" sizes=\"(max-width: 1024px) 100vw, 1024px\" \/><\/figure>\n\n\n\n<p style=\"font-size:18px\"><strong>Ci-dessous, constat l\u00e9g\u00e8rement diff\u00e9rent face au Renault Captur<\/strong>. La Toyota conserve ses lignes tendues pour mettre en avant un capot quasi-rectiligne (1) et un montant de pare-brise quasiment droit (2), alors que la Renault adoucit consid\u00e9rablement ses lignes avec un montant de pare-brise courb\u00e9 (2), et un pavillon plus fuyant. Est-ce l&#8217;ADN du constructeur inventeur du monospace qui ressurgit ici ? Le capot moteur (3) du Captur est courb\u00e9 \u00e0 son extr\u00e9mit\u00e9, car cette Renault ne dispose pas de soft-nose, contrairement \u00e0 la Toyota (3) <\/p>\n\n\n\n<figure class=\"wp-block-image\"><img loading=\"lazy\" decoding=\"async\" width=\"970\" height=\"1024\" src=\"http:\/\/lignesauto.fr\/wp-content\/uploads\/2020\/04\/R_02-970x1024.png\" alt=\"\" class=\"wp-image-17446\" srcset=\"https:\/\/lignesauto.fr\/wp-content\/uploads\/2020\/04\/R_02-970x1024.png 970w, https:\/\/lignesauto.fr\/wp-content\/uploads\/2020\/04\/R_02-284x300.png 284w, https:\/\/lignesauto.fr\/wp-content\/uploads\/2020\/04\/R_02-768x811.png 768w, https:\/\/lignesauto.fr\/wp-content\/uploads\/2020\/04\/R_02.png 1417w\" sizes=\"(max-width: 970px) 100vw, 970px\" \/><\/figure>\n\n\n\n<p style=\"font-size:18px\"><strong>Revenons sur le Peugeot, face \u00e0 cette nouvelle Toyota<\/strong>, ci-dessous. On constate l\u00e0 encore une similitude dans le traitement de style avec une ligne de carre sur le flanc qui entame sa remont\u00e9e d\u00e8s la porti\u00e8re arri\u00e8re (3), un pavillon noir (1) et un large bandeau arri\u00e8re (2) pour les feux. <\/p>\n\n\n\n<figure class=\"wp-block-image\"><img loading=\"lazy\" decoding=\"async\" width=\"952\" height=\"1024\" src=\"http:\/\/lignesauto.fr\/wp-content\/uploads\/2020\/04\/P_03-952x1024.png\" alt=\"\" class=\"wp-image-17443\" srcset=\"https:\/\/lignesauto.fr\/wp-content\/uploads\/2020\/04\/P_03-952x1024.png 952w, https:\/\/lignesauto.fr\/wp-content\/uploads\/2020\/04\/P_03-279x300.png 279w, https:\/\/lignesauto.fr\/wp-content\/uploads\/2020\/04\/P_03-768x826.png 768w, https:\/\/lignesauto.fr\/wp-content\/uploads\/2020\/04\/P_03.png 1564w\" sizes=\"(max-width: 952px) 100vw, 952px\" \/><\/figure>\n\n\n\n<p style=\"font-size:18px\"><strong>Si elle s&#8217;approche du 2008 sur ces th\u00e8mes de style, la Toyota s&#8217;en \u00e9loigne avec la Renault<\/strong>. Certes, elle conserve une s\u00e9paration des deux teintes de caisse au niveau du panneau de custode (1) mais  la ligne de carre qui remonte nettement d\u00e8s la porte arri\u00e8re (3) ne se retrouve pas sur la Renault. Les designers fran\u00e7ais ont pr\u00e9f\u00e9r\u00e9 modeler g\u00e9n\u00e9reusement le galbe des ailes en continuit\u00e9 de la ligne qui marque les flancs. A l&#8217;arri\u00e8re, pas de bandeau sur la Renault (2), mais des feux avec la forme en &#8220;C&#8221; caract\u00e9ristique.<\/p>\n\n\n\n<figure class=\"wp-block-image\"><img loading=\"lazy\" decoding=\"async\" width=\"943\" height=\"1024\" src=\"http:\/\/lignesauto.fr\/wp-content\/uploads\/2020\/04\/R_03-943x1024.png\" alt=\"\" class=\"wp-image-17447\" srcset=\"https:\/\/lignesauto.fr\/wp-content\/uploads\/2020\/04\/R_03-943x1024.png 943w, https:\/\/lignesauto.fr\/wp-content\/uploads\/2020\/04\/R_03-276x300.png 276w, https:\/\/lignesauto.fr\/wp-content\/uploads\/2020\/04\/R_03-768x834.png 768w, https:\/\/lignesauto.fr\/wp-content\/uploads\/2020\/04\/R_03.png 1417w\" sizes=\"(max-width: 943px) 100vw, 943px\" \/><\/figure>\n\n\n\n<p style=\"font-size:18px\"><strong>On constate que la Toyota est une r\u00e9elle menace pour les deux SUV fran\u00e7ais<\/strong> en termes de design, de gabarit, de modernisme. Heureusement pour nos <em>frenchies,<\/em> l&#8217;habitacle de la prochaine Yaris Cross est beaucoup tr\u00e8s classique et conservateur, m\u00eame si son \u00e9cran implant\u00e9 au sommet de la console peut faire illusion. Face \u00e0 la Peugeot 2008 qui reprend la planche de la berline 208, la claque est \u00e9norme : la fran\u00e7aise casse les codes, impose son concept i-Cockpit et innove avec son instrumentation num\u00e9rique 3D. La Toyota prend quelques ann\u00e9es d&#8217;un seul coup ! <\/p>\n\n\n\n<figure class=\"wp-block-image\"><img loading=\"lazy\" decoding=\"async\" width=\"1024\" height=\"968\" src=\"http:\/\/lignesauto.fr\/wp-content\/uploads\/2020\/04\/P_04-1024x968.png\" alt=\"\" class=\"wp-image-17444\" srcset=\"https:\/\/lignesauto.fr\/wp-content\/uploads\/2020\/04\/P_04-1024x968.png 1024w, https:\/\/lignesauto.fr\/wp-content\/uploads\/2020\/04\/P_04-300x284.png 300w, https:\/\/lignesauto.fr\/wp-content\/uploads\/2020\/04\/P_04-768x726.png 768w, https:\/\/lignesauto.fr\/wp-content\/uploads\/2020\/04\/P_04.png 1808w\" sizes=\"(max-width: 1024px) 100vw, 1024px\" \/><\/figure>\n\n\n\n<p style=\"font-size:18px\"><strong>Face \u00e0 la Renault, on constate la m\u00eame volont\u00e9 de personnalisation entre les deux v\u00e9hicules<\/strong>, avec sans doute plus d&#8217;audace chez le fran\u00e7ais, \u00e0 confirmer lorsque la Toyota arrivera sur le march\u00e9. La sensation \u00e0 bord du Captur est cependant l\u00e9g\u00e8rement diff\u00e9rente qu&#8217;\u00e0 bord de ses deux rivales, avec sa position haute, certes, mais avec un pied de pare-brise plus courb\u00e9 qui inspire plus de dynamisme.<\/p>\n\n\n\n<figure class=\"wp-block-image\"><img loading=\"lazy\" decoding=\"async\" width=\"965\" height=\"1024\" src=\"http:\/\/lignesauto.fr\/wp-content\/uploads\/2020\/04\/R_04-965x1024.png\" alt=\"\" class=\"wp-image-17448\" srcset=\"https:\/\/lignesauto.fr\/wp-content\/uploads\/2020\/04\/R_04-965x1024.png 965w, https:\/\/lignesauto.fr\/wp-content\/uploads\/2020\/04\/R_04-283x300.png 283w, https:\/\/lignesauto.fr\/wp-content\/uploads\/2020\/04\/R_04-768x815.png 768w, https:\/\/lignesauto.fr\/wp-content\/uploads\/2020\/04\/R_04.png 1417w\" sizes=\"(max-width: 965px) 100vw, 965px\" \/><\/figure>\n\n\n\n<p style=\"font-size:18px\">Peugeot et Renault ont jusqu&#8217;\u00e0 la mi-2021 pour remplir leurs carnets de commandes. Car dans un an, la Toyota Yaris Cross d\u00e9barquera avec pas mal d&#8217;atouts, dont les plus \u00e9vidents apr\u00e8s cette confrontation statique, sont <strong>un gabarit compact, une version hybride de 116 ch, une possibilit\u00e9 de quatre roues motrices avec l&#8217;option &#8220;AWD-i&#8221;,<\/strong> (disponible avec l&#8217;hybridation et un train arri\u00e8re \u00e0 double triangulation) <strong>et un style tr\u00e8s europ\u00e9en<\/strong>,  D&#8217;ailleurs, il a \u00e9t\u00e9 enfant\u00e9 \u00e0 Sophia Antipolis, pr\u00e8s de Nice, dans le centre de design europ\u00e9en de Toyota.<\/p>\n\n\n\n<figure class=\"wp-block-image\"><img loading=\"lazy\" decoding=\"async\" width=\"1024\" height=\"768\" src=\"http:\/\/lignesauto.fr\/wp-content\/uploads\/2020\/04\/TOY_02-1024x768.jpg\" alt=\"\" class=\"wp-image-17450\" srcset=\"https:\/\/lignesauto.fr\/wp-content\/uploads\/2020\/04\/TOY_02-1024x768.jpg 1024w, https:\/\/lignesauto.fr\/wp-content\/uploads\/2020\/04\/TOY_02-300x225.jpg 300w, https:\/\/lignesauto.fr\/wp-content\/uploads\/2020\/04\/TOY_02-768x576.jpg 768w, https:\/\/lignesauto.fr\/wp-content\/uploads\/2020\/04\/TOY_02.jpg 1417w\" sizes=\"(max-width: 1024px) 100vw, 1024px\" \/><\/figure>\n\n\n\n<p style=\"font-size:18px\">Peugeot r\u00e9plique avec une version 100% \u00e9lectrique d&#8217;ores et d\u00e9j\u00e0 disponible et Renault, avec une version hybride rechargeable. Les Fran\u00e7ais sont pr\u00eats. Restera alors la question du prix de vente de la japonaise face \u00e0 une Renault bien plac\u00e9e et une Peugeot en haut de la fourchette des tarifs de ce segment&#8230;<\/p>\n\n\n\n<figure class=\"wp-block-image is-resized\"><img loading=\"lazy\" decoding=\"async\" src=\"http:\/\/lignesauto.fr\/wp-content\/uploads\/2018\/10\/LOGOActus_BD-1024x367.jpg\" alt=\"L\u2019attribut alt de cette image est vide, son nom de fichier est LOGOActus_BD-1024x367.jpg.\" width=\"468\" height=\"167\"\/><\/figure>\n","protected":false},"excerpt":{"rendered":"<p>En plein confinement, Toyota a pr\u00e9sent\u00e9 son futur SUV du segment B2, le Yaris Cross, rival tout d\u00e9sign\u00e9 des r\u00e9f\u00e9rences fran\u00e7aises que sont les Peugeot 2008 et Renault Captur. Nous confrontons leurs atouts et leurs styles, car comme le dit Lance Scott, directeur g\u00e9n\u00e9ral du Design au studio ED 2 [&hellip;]<\/p>\n","protected":false},"author":1,"featured_media":17461,"comment_status":"open","ping_status":"open","sticky":false,"template":"","format":"standard","meta":{"footnotes":""},"categories":[1],"tags":[],"_links":{"self":[{"href":"https:\/\/lignesauto.fr\/index.php?rest_route=\/wp\/v2\/posts\/17438"}],"collection":[{"href":"https:\/\/lignesauto.fr\/index.php?rest_route=\/wp\/v2\/posts"}],"about":[{"href":"https:\/\/lignesauto.fr\/index.php?rest_route=\/wp\/v2\/types\/post"}],"author":[{"embeddable":true,"href":"https:\/\/lignesauto.fr\/index.php?rest_route=\/wp\/v2\/users\/1"}],"replies":[{"embeddable":true,"href":"https:\/\/lignesauto.fr\/index.php?rest_route=%2Fwp%2Fv2%2Fcomments&post=17438"}],"version-history":[{"count":41,"href":"https:\/\/lignesauto.fr\/index.php?rest_route=\/wp\/v2\/posts\/17438\/revisions"}],"predecessor-version":[{"id":17499,"href":"https:\/\/lignesauto.fr\/index.php?rest_route=\/wp\/v2\/posts\/17438\/revisions\/17499"}],"wp:featuredmedia":[{"embeddable":true,"href":"https:\/\/lignesauto.fr\/index.php?rest_route=\/wp\/v2\/media\/17461"}],"wp:attachment":[{"href":"https:\/\/lignesauto.fr\/index.php?rest_route=%2Fwp%2Fv2%2Fmedia&parent=17438"}],"wp:term":[{"taxonomy":"category","embeddable":true,"href":"https:\/\/lignesauto.fr\/index.php?rest_route=%2Fwp%2Fv2%2Fcategories&post=17438"},{"taxonomy":"post_tag","embeddable":true,"href":"https:\/\/lignesauto.fr\/index.php?rest_route=%2Fwp%2Fv2%2Ftags&post=17438"}],"curies":[{"name":"wp","href":"https:\/\/api.w.org\/{rel}","templated":true}]}}