{"id":17537,"date":"2020-04-29T17:33:27","date_gmt":"2020-04-29T15:33:27","guid":{"rendered":"http:\/\/lignesauto.fr\/?p=17537"},"modified":"2020-04-29T17:35:04","modified_gmt":"2020-04-29T15:35:04","slug":"fr-uk-lundi-4-mai-porsche-redemarre-monday-may-4th-porsche-starts-up-again","status":"publish","type":"post","link":"https:\/\/lignesauto.fr\/?p=17537","title":{"rendered":"FR\/UK &#8211; Lundi 4 mai, Porsche red\u00e9marre !   Monday, May 4th, Porsche starts up again!"},"content":{"rendered":"\n<p style=\"font-size:18px\">\u00c0 partir de lundi prochain, le 4 mai, Porsche relance la production en fonction des sites et des t\u00e2ches. Toutes les mesures n\u00e9cessaires ont \u00e9t\u00e9 prises au pr\u00e9alable pour garantir une s\u00e9curit\u00e9 maximale aux employ\u00e9s et pour que la production puisse progresser par \u00e9tapes jusqu&#8217;\u00e0 la pleine capacit\u00e9. <\/p>\n\n\n\n<figure class=\"wp-block-image is-resized\"><img loading=\"lazy\" decoding=\"async\" src=\"http:\/\/lignesauto.fr\/wp-content\/uploads\/2018\/10\/LOGOActus_BD-1024x367.jpg\" alt=\"\" class=\"wp-image-4921\" width=\"385\" height=\"137\" srcset=\"https:\/\/lignesauto.fr\/wp-content\/uploads\/2018\/10\/LOGOActus_BD-1024x367.jpg 1024w, https:\/\/lignesauto.fr\/wp-content\/uploads\/2018\/10\/LOGOActus_BD-300x108.jpg 300w, https:\/\/lignesauto.fr\/wp-content\/uploads\/2018\/10\/LOGOActus_BD-768x276.jpg 768w, https:\/\/lignesauto.fr\/wp-content\/uploads\/2018\/10\/LOGOActus_BD-370x133.jpg 370w, https:\/\/lignesauto.fr\/wp-content\/uploads\/2018\/10\/LOGOActus_BD-1040x373.jpg 1040w, https:\/\/lignesauto.fr\/wp-content\/uploads\/2018\/10\/LOGOActus_BD.jpg 1240w\" sizes=\"(max-width: 385px) 100vw, 385px\" \/><\/figure>\n\n\n\n<p style=\"font-size:18px\">Starting next Monday, May 4, Porsche will restart production according to locations and tasks. All the necessary measures have <em>been taken beforehand to guarantee maximum safety for employees and to ensure that production can progress in stages to full capacity. <\/em><\/p>\n\n\n\n<figure class=\"wp-block-image\"><img loading=\"lazy\" decoding=\"async\" width=\"1024\" height=\"576\" src=\"http:\/\/lignesauto.fr\/wp-content\/uploads\/2020\/04\/AZ1-1024x576.jpg\" alt=\"\" class=\"wp-image-17539\" srcset=\"https:\/\/lignesauto.fr\/wp-content\/uploads\/2020\/04\/AZ1-1024x576.jpg 1024w, https:\/\/lignesauto.fr\/wp-content\/uploads\/2020\/04\/AZ1-300x169.jpg 300w, https:\/\/lignesauto.fr\/wp-content\/uploads\/2020\/04\/AZ1-768x432.jpg 768w, https:\/\/lignesauto.fr\/wp-content\/uploads\/2020\/04\/AZ1.jpg 1417w\" sizes=\"(max-width: 1024px) 100vw, 1024px\" \/><\/figure>\n\n\n\n<p style=\"font-size:18px\">&#8220;Le red\u00e9marrage est un signal important &#8211; pour nos employ\u00e9s comme pour nos clients. Nous avons suivi et analys\u00e9 la situation avec beaucoup d&#8217;attention d\u00e8s le d\u00e9but et avons adapt\u00e9 les processus de mani\u00e8re flexible. Le moment est venu d&#8217;envisager l&#8217;avenir avec optimisme et de reprendre le travail &#8211; sous r\u00e9serve de pr\u00e9cautions particuli\u00e8res&#8221;, d\u00e9clare Albrecht Reimold, membre du directoire pour la production et la logistique chez Porsche AG.<\/p>\n\n\n\n<figure class=\"wp-block-image\"><img loading=\"lazy\" decoding=\"async\" width=\"1024\" height=\"576\" src=\"http:\/\/lignesauto.fr\/wp-content\/uploads\/2020\/04\/AZ2-1024x576.jpg\" alt=\"\" class=\"wp-image-17540\" srcset=\"https:\/\/lignesauto.fr\/wp-content\/uploads\/2020\/04\/AZ2-1024x576.jpg 1024w, https:\/\/lignesauto.fr\/wp-content\/uploads\/2020\/04\/AZ2-300x169.jpg 300w, https:\/\/lignesauto.fr\/wp-content\/uploads\/2020\/04\/AZ2-768x432.jpg 768w, https:\/\/lignesauto.fr\/wp-content\/uploads\/2020\/04\/AZ2.jpg 1417w\" sizes=\"(max-width: 1024px) 100vw, 1024px\" \/><\/figure>\n\n\n\n<p style=\"font-size:18px\">&#8220;The restart is an important signal &#8211; for our employees as well as for our customers. We followed and analysed the situation very carefully from the very beginning and adapted the processes flexibly. The time has come to look to the future with optimism and get back to work &#8211; subject to special precautions&#8221;, says Albrecht Reimold, Member of the Management Board for Production and Logistics at Porsche AG.<\/p>\n\n\n\n<figure class=\"wp-block-image\"><img loading=\"lazy\" decoding=\"async\" width=\"1024\" height=\"592\" src=\"http:\/\/lignesauto.fr\/wp-content\/uploads\/2020\/04\/AZ3-1024x592.jpg\" alt=\"\" class=\"wp-image-17541\" srcset=\"https:\/\/lignesauto.fr\/wp-content\/uploads\/2020\/04\/AZ3-1024x592.jpg 1024w, https:\/\/lignesauto.fr\/wp-content\/uploads\/2020\/04\/AZ3-300x173.jpg 300w, https:\/\/lignesauto.fr\/wp-content\/uploads\/2020\/04\/AZ3-768x444.jpg 768w, https:\/\/lignesauto.fr\/wp-content\/uploads\/2020\/04\/AZ3.jpg 1417w\" sizes=\"(max-width: 1024px) 100vw, 1024px\" \/><\/figure>\n\n\n\n<p style=\"font-size:18px\">Un catalogue complet de mesures a \u00e9t\u00e9 d\u00e9cid\u00e9 pour les usines Porsche de Zuffenhausen et de Leipzig. Outre l&#8217;importance primordiale accord\u00e9e \u00e0 la protection des salari\u00e9s, ces mesures visent \u00e0 permettre la reprise d&#8217;une production ordonn\u00e9e et efficace dans les meilleurs d\u00e9lais. <strong>Par exemple, les employ\u00e9s de la production sont tenus de respecter une distance minimale de 1,50 m\u00e8tre,<\/strong> de suivre des r\u00e8gles de conduite \u00e9l\u00e9mentaires ou de travailler avec un masque facial dans des zones d\u00e9finies.<br>Bref, \u00e0 l&#8217;usine comme au Supermarch\u00e9 en fait ! Il y a effectivement un apr\u00e8s Covid-19 !<\/p>\n\n\n\n<figure class=\"wp-block-image\"><img loading=\"lazy\" decoding=\"async\" width=\"1024\" height=\"683\" src=\"http:\/\/lignesauto.fr\/wp-content\/uploads\/2018\/12\/S16_0268_fine-1024x683.jpg\" alt=\"\" class=\"wp-image-6441\" srcset=\"https:\/\/lignesauto.fr\/wp-content\/uploads\/2018\/12\/S16_0268_fine-1024x683.jpg 1024w, https:\/\/lignesauto.fr\/wp-content\/uploads\/2018\/12\/S16_0268_fine-300x200.jpg 300w, https:\/\/lignesauto.fr\/wp-content\/uploads\/2018\/12\/S16_0268_fine-768x512.jpg 768w, https:\/\/lignesauto.fr\/wp-content\/uploads\/2018\/12\/S16_0268_fine-370x247.jpg 370w, https:\/\/lignesauto.fr\/wp-content\/uploads\/2018\/12\/S16_0268_fine-1040x693.jpg 1040w, https:\/\/lignesauto.fr\/wp-content\/uploads\/2018\/12\/S16_0268_fine.jpg 1356w\" sizes=\"(max-width: 1024px) 100vw, 1024px\" \/><figcaption>Photo d&#8217;avant le Covid-19, sans masque.   Photo before the Covid-19, without mask<\/figcaption><\/figure>\n\n\n\n<p style=\"font-size:18px\">A complete catalogue of measures was decided for the Porsche factories in Zuffenhausen and Leipzig. In addition to the overriding importance attached to employee protection, these measures are designed to enable the resumption of orderly and efficient production as soon as possible. For example, production employees are required to maintain a minimum distance of 1.50 metres, follow basic rules of conduct or work with face masks in defined areas.<br>In short, in the factory and in the supermarket, in fact! There is indeed one after Covid-19!<\/p>\n\n\n\n<figure class=\"wp-block-image is-resized\"><img loading=\"lazy\" decoding=\"async\" src=\"http:\/\/lignesauto.fr\/wp-content\/uploads\/2018\/10\/LOGOActus_BD-1024x367.jpg\" alt=\"L\u2019attribut alt de cette image est vide, son nom de fichier est LOGOActus_BD-1024x367.jpg.\" width=\"441\" height=\"157\"\/><\/figure>\n","protected":false},"excerpt":{"rendered":"<p>\u00c0 partir de lundi prochain, le 4 mai, Porsche relance la production en fonction des sites et des t\u00e2ches. Toutes les mesures n\u00e9cessaires ont \u00e9t\u00e9 prises au pr\u00e9alable pour garantir une s\u00e9curit\u00e9 maximale aux employ\u00e9s et pour que la production puisse progresser par \u00e9tapes jusqu&#8217;\u00e0 la pleine capacit\u00e9. Starting next [&hellip;]<\/p>\n","protected":false},"author":1,"featured_media":17541,"comment_status":"open","ping_status":"open","sticky":false,"template":"","format":"standard","meta":{"footnotes":""},"categories":[1],"tags":[],"_links":{"self":[{"href":"https:\/\/lignesauto.fr\/index.php?rest_route=\/wp\/v2\/posts\/17537"}],"collection":[{"href":"https:\/\/lignesauto.fr\/index.php?rest_route=\/wp\/v2\/posts"}],"about":[{"href":"https:\/\/lignesauto.fr\/index.php?rest_route=\/wp\/v2\/types\/post"}],"author":[{"embeddable":true,"href":"https:\/\/lignesauto.fr\/index.php?rest_route=\/wp\/v2\/users\/1"}],"replies":[{"embeddable":true,"href":"https:\/\/lignesauto.fr\/index.php?rest_route=%2Fwp%2Fv2%2Fcomments&post=17537"}],"version-history":[{"count":6,"href":"https:\/\/lignesauto.fr\/index.php?rest_route=\/wp\/v2\/posts\/17537\/revisions"}],"predecessor-version":[{"id":17546,"href":"https:\/\/lignesauto.fr\/index.php?rest_route=\/wp\/v2\/posts\/17537\/revisions\/17546"}],"wp:featuredmedia":[{"embeddable":true,"href":"https:\/\/lignesauto.fr\/index.php?rest_route=\/wp\/v2\/media\/17541"}],"wp:attachment":[{"href":"https:\/\/lignesauto.fr\/index.php?rest_route=%2Fwp%2Fv2%2Fmedia&parent=17537"}],"wp:term":[{"taxonomy":"category","embeddable":true,"href":"https:\/\/lignesauto.fr\/index.php?rest_route=%2Fwp%2Fv2%2Fcategories&post=17537"},{"taxonomy":"post_tag","embeddable":true,"href":"https:\/\/lignesauto.fr\/index.php?rest_route=%2Fwp%2Fv2%2Ftags&post=17537"}],"curies":[{"name":"wp","href":"https:\/\/api.w.org\/{rel}","templated":true}]}}