{"id":17547,"date":"2020-04-30T18:13:31","date_gmt":"2020-04-30T16:13:31","guid":{"rendered":"http:\/\/lignesauto.fr\/?p=17547"},"modified":"2020-04-30T18:13:31","modified_gmt":"2020-04-30T16:13:31","slug":"retour-a-lusine-les-archives-mercedes","status":"publish","type":"post","link":"https:\/\/lignesauto.fr\/?p=17547","title":{"rendered":"Retour \u00e0 l&#8217;usine. Les archives Mercedes"},"content":{"rendered":"\n<p style=\"font-size:18px\">Le d\u00e9confinement se met en place un peu partout en Europe avec les craintes et les doutes.<br>Mais \u00e7a et l\u00e0, comme on l&#8217;a vu la semaine derni\u00e8re avec la reprise progressive de la production en France, et hier avec l&#8217;annonce de la reprise chez Porsche le 4 mai, les usines de production vont reprendre vie.<\/p>\n\n\n\n<figure class=\"wp-block-image is-resized\"><img loading=\"lazy\" decoding=\"async\" src=\"http:\/\/lignesauto.fr\/wp-content\/uploads\/2020\/04\/LOGOArchives-1024x367.jpg\" alt=\"\" class=\"wp-image-17558\" width=\"453\" height=\"161\" srcset=\"https:\/\/lignesauto.fr\/wp-content\/uploads\/2020\/04\/LOGOArchives-1024x367.jpg 1024w, https:\/\/lignesauto.fr\/wp-content\/uploads\/2020\/04\/LOGOArchives-300x108.jpg 300w, https:\/\/lignesauto.fr\/wp-content\/uploads\/2020\/04\/LOGOArchives-768x275.jpg 768w\" sizes=\"(max-width: 453px) 100vw, 453px\" \/><\/figure>\n\n\n\n<p style=\"font-size:18px\">Revenons sur quelques documents d&#8217;archives Mercedes pour une s\u00e9quence temporelle qui pousse les portes des usines d&#8217;hier et d&#8217;avant-hier de la firme allemande.<\/p>\n\n\n\n<figure class=\"wp-block-image\"><img loading=\"lazy\" decoding=\"async\" width=\"1024\" height=\"774\" src=\"http:\/\/lignesauto.fr\/wp-content\/uploads\/2020\/04\/MERCO_01-1024x774.jpg\" alt=\"\" class=\"wp-image-17548\" srcset=\"https:\/\/lignesauto.fr\/wp-content\/uploads\/2020\/04\/MERCO_01-1024x774.jpg 1024w, https:\/\/lignesauto.fr\/wp-content\/uploads\/2020\/04\/MERCO_01-300x227.jpg 300w, https:\/\/lignesauto.fr\/wp-content\/uploads\/2020\/04\/MERCO_01-768x580.jpg 768w, https:\/\/lignesauto.fr\/wp-content\/uploads\/2020\/04\/MERCO_01.jpg 1417w\" sizes=\"(max-width: 1024px) 100vw, 1024px\" \/><\/figure>\n\n\n\n<p style=\"font-size:18px\">Ci-dessus, l&#8217;usine de Benz &amp; Cie, implant\u00e9e \u00e0 Mannheim-Luzenberg, Cette vue de l&#8217;atelier de finition date de 1910. C&#8217;est durant cette p\u00e9riode qu&#8217;a lieu la fameuse course dite du &#8220;Prince Henri&#8221;. Ce prince Albert Guillaume Henri de Prusse, fr\u00e8re de l&#8217;empereur allemand Guillaume II et automobiliste fervent remet au vainqueur une coupe en argent massif de 13,5 kg repr\u00e9sentant une voiture de tourisme. Les vainqueurs sont Fritz Erle sur Benz en 1908, Wilhelm Opel sur Opel en 1909 et Ferdinand Porsche sur Austro-Daimler en 1910.<\/p>\n\n\n\n<figure class=\"wp-block-image\"><img loading=\"lazy\" decoding=\"async\" width=\"1024\" height=\"780\" src=\"http:\/\/lignesauto.fr\/wp-content\/uploads\/2020\/04\/MERCO_02-1024x780.jpg\" alt=\"\" class=\"wp-image-17549\" srcset=\"https:\/\/lignesauto.fr\/wp-content\/uploads\/2020\/04\/MERCO_02-1024x780.jpg 1024w, https:\/\/lignesauto.fr\/wp-content\/uploads\/2020\/04\/MERCO_02-300x228.jpg 300w, https:\/\/lignesauto.fr\/wp-content\/uploads\/2020\/04\/MERCO_02-768x585.jpg 768w, https:\/\/lignesauto.fr\/wp-content\/uploads\/2020\/04\/MERCO_02.jpg 1417w\" sizes=\"(max-width: 1024px) 100vw, 1024px\" \/><\/figure>\n\n\n\n<p style=\"font-size:18px\">Ci-dessus. Lorsque l&#8217;on \u00e9voquait l&#8217;usine de Benz &amp; Cie \u00e0 Mannheim, c&#8217;est surtout de celle de Mannheim-Waldhof dont on parlait. Ici, le v\u00e9ritable c\u0153ur de la production des Benz avec l&#8217;atelier de carrosserie. Il s&#8217;agissait alors, en 1910, de la plus grande des trois usines de production du constructeur.<\/p>\n\n\n\n<figure class=\"wp-block-image\"><img loading=\"lazy\" decoding=\"async\" width=\"1024\" height=\"760\" src=\"http:\/\/lignesauto.fr\/wp-content\/uploads\/2020\/04\/MERCO_04-1024x760.jpg\" alt=\"\" class=\"wp-image-17551\" srcset=\"https:\/\/lignesauto.fr\/wp-content\/uploads\/2020\/04\/MERCO_04-1024x760.jpg 1024w, https:\/\/lignesauto.fr\/wp-content\/uploads\/2020\/04\/MERCO_04-300x223.jpg 300w, https:\/\/lignesauto.fr\/wp-content\/uploads\/2020\/04\/MERCO_04-768x570.jpg 768w, https:\/\/lignesauto.fr\/wp-content\/uploads\/2020\/04\/MERCO_04.jpg 1417w\" sizes=\"(max-width: 1024px) 100vw, 1024px\" \/><\/figure>\n\n\n\n<p style=\"font-size:18px\">Ci-dessus, la place disponible pour l&#8217;assemblage des voitures de la marque allemande fut \u00e0 l&#8217;\u00e9poque salu\u00e9e autant que le processus de montage. Cette usine de Mannheim fut \u00e9rig\u00e9e en 1907 et inaugur\u00e9e en 1908, six ans avant le premier conflit mondial&#8230;<\/p>\n\n\n\n<figure class=\"wp-block-image\"><img loading=\"lazy\" decoding=\"async\" width=\"1024\" height=\"732\" src=\"http:\/\/lignesauto.fr\/wp-content\/uploads\/2020\/04\/MERCO_08-1024x732.jpg\" alt=\"\" class=\"wp-image-17555\" srcset=\"https:\/\/lignesauto.fr\/wp-content\/uploads\/2020\/04\/MERCO_08-1024x732.jpg 1024w, https:\/\/lignesauto.fr\/wp-content\/uploads\/2020\/04\/MERCO_08-300x214.jpg 300w, https:\/\/lignesauto.fr\/wp-content\/uploads\/2020\/04\/MERCO_08-768x549.jpg 768w, https:\/\/lignesauto.fr\/wp-content\/uploads\/2020\/04\/MERCO_08.jpg 1417w\" sizes=\"(max-width: 1024px) 100vw, 1024px\" \/><\/figure>\n\n\n\n<p style=\"font-size:18px\">Ci-dessus, faisons un saut dans le temps et arr\u00eatons-nous dans l&#8217;usine de Sindelfingen, avec le montage de la &#8220;Strich-Acht&#8221;, la W114\/W115 : le six cylindres pour la W114 et les quatre et cinq cylindres pour la W115. Elles furent produites de 1968 \u00e0 1976 et elles restent, dans l&#8217;histoire Mercedes, les derni\u00e8res \u00e0 avoir \u00e9t\u00e9 dessin\u00e9es par Paul Bracq. Tout \u00e9tait nouveau sur ce mod\u00e8le. Paul Bracq quitte Mercedes alors que la voiture entre en pr\u00e9-production, en 1967. Notez une autre \u0153uvre du designer fran\u00e7ais aux c\u00f4t\u00e9s des W115 : la Pagode !<\/p>\n\n\n\n<figure class=\"wp-block-image\"><img loading=\"lazy\" decoding=\"async\" width=\"1024\" height=\"755\" src=\"http:\/\/lignesauto.fr\/wp-content\/uploads\/2020\/04\/MERCO_03-1024x755.jpg\" alt=\"\" class=\"wp-image-17550\" srcset=\"https:\/\/lignesauto.fr\/wp-content\/uploads\/2020\/04\/MERCO_03-1024x755.jpg 1024w, https:\/\/lignesauto.fr\/wp-content\/uploads\/2020\/04\/MERCO_03-300x221.jpg 300w, https:\/\/lignesauto.fr\/wp-content\/uploads\/2020\/04\/MERCO_03-768x566.jpg 768w, https:\/\/lignesauto.fr\/wp-content\/uploads\/2020\/04\/MERCO_03.jpg 1417w\" sizes=\"(max-width: 1024px) 100vw, 1024px\" \/><\/figure>\n\n\n\n<p style=\"font-size:18px\">Ci-dessus, l&#8217;usine implant\u00e9e \u00e0 Mannheim va prendre en charge la fabrication des bus, comme ici, en 1970 le mod\u00e8le O 302. On note que le processus d&#8217;assemblage des autobus diff\u00e8re peu de celui des voitures particuli\u00e8res&#8230;<\/p>\n\n\n\n<figure class=\"wp-block-image\"><img loading=\"lazy\" decoding=\"async\" width=\"1024\" height=\"675\" src=\"http:\/\/lignesauto.fr\/wp-content\/uploads\/2020\/04\/MERCO_06-1024x675.jpg\" alt=\"\" class=\"wp-image-17553\" srcset=\"https:\/\/lignesauto.fr\/wp-content\/uploads\/2020\/04\/MERCO_06-1024x675.jpg 1024w, https:\/\/lignesauto.fr\/wp-content\/uploads\/2020\/04\/MERCO_06-300x198.jpg 300w, https:\/\/lignesauto.fr\/wp-content\/uploads\/2020\/04\/MERCO_06-768x506.jpg 768w, https:\/\/lignesauto.fr\/wp-content\/uploads\/2020\/04\/MERCO_06.jpg 1417w\" sizes=\"(max-width: 1024px) 100vw, 1024px\" \/><\/figure>\n\n\n\n<p style=\"font-size:18px\">Mais \u00e9videmment, l&#8217;usine pilote et contemporaine de Mercedes (ci-dessus) reste celle de Sindelfingen. Elle produira la rempla\u00e7ante de la W114\/W115. Nous y voici en 1974, pour la production de cette nouvelle berline W123 qui sera commercialis\u00e9e de 1975 \u00e0 1986.<\/p>\n\n\n\n<figure class=\"wp-block-image\"><img loading=\"lazy\" decoding=\"async\" width=\"1024\" height=\"758\" src=\"http:\/\/lignesauto.fr\/wp-content\/uploads\/2020\/04\/MERCO_05-1024x758.jpg\" alt=\"\" class=\"wp-image-17552\" srcset=\"https:\/\/lignesauto.fr\/wp-content\/uploads\/2020\/04\/MERCO_05-1024x758.jpg 1024w, https:\/\/lignesauto.fr\/wp-content\/uploads\/2020\/04\/MERCO_05-300x222.jpg 300w, https:\/\/lignesauto.fr\/wp-content\/uploads\/2020\/04\/MERCO_05-768x569.jpg 768w, https:\/\/lignesauto.fr\/wp-content\/uploads\/2020\/04\/MERCO_05.jpg 1417w\" sizes=\"(max-width: 1024px) 100vw, 1024px\" \/><\/figure>\n\n\n\n<p style=\"font-size:18px\">Ci-dessus, d\u00e9m\u00e9nageons dans l&#8217;usine de Br\u00eames. Nous sommes en avril 1978 pour voir la production des breaks de la s\u00e9rie W123. Cette s\u00e9rie, tous mod\u00e8les confondus, sera produite \u00e0 plus de deux millions d&#8217;exemplaires ! Un v\u00e9ritable succ\u00e8s pour Mercedes, notamment sur le plan de la fiabilit\u00e9. <\/p>\n\n\n\n<figure class=\"wp-block-image\"><img loading=\"lazy\" decoding=\"async\" width=\"1024\" height=\"997\" src=\"http:\/\/lignesauto.fr\/wp-content\/uploads\/2020\/04\/MERCO_07-1024x997.jpg\" alt=\"\" class=\"wp-image-17554\" srcset=\"https:\/\/lignesauto.fr\/wp-content\/uploads\/2020\/04\/MERCO_07-1024x997.jpg 1024w, https:\/\/lignesauto.fr\/wp-content\/uploads\/2020\/04\/MERCO_07-300x292.jpg 300w, https:\/\/lignesauto.fr\/wp-content\/uploads\/2020\/04\/MERCO_07-768x747.jpg 768w, https:\/\/lignesauto.fr\/wp-content\/uploads\/2020\/04\/MERCO_07.jpg 1417w\" sizes=\"(max-width: 1024px) 100vw, 1024px\" \/><\/figure>\n\n\n\n<p style=\"font-size:18px\">Ci-dessus, retour \u00e0 l&#8217;usine de Sindelfingen, mais cette fois en 1982. La g\u00e9n\u00e9ration des W123 \u00e0 droite, en est \u00e0 son second restylage, alors que la s\u00e9rie W201, la tr\u00e8s fameuse &#8220;petite&#8221; 190, fait ses d\u00e9buts aux c\u00f4t\u00e9s de sa grande s\u0153ur ! Ci-dessous, cette m\u00eame 190 encore \u00e0 l&#8217;\u00e9tat de maquette.<\/p>\n\n\n\n<figure class=\"wp-block-image\"><img loading=\"lazy\" decoding=\"async\" width=\"1417\" height=\"1034\" src=\"http:\/\/lignesauto.fr\/wp-content\/uploads\/2020\/04\/LIG_02.png\" alt=\"\" class=\"wp-image-17576\" srcset=\"https:\/\/lignesauto.fr\/wp-content\/uploads\/2020\/04\/LIG_02.png 1417w, https:\/\/lignesauto.fr\/wp-content\/uploads\/2020\/04\/LIG_02-300x219.png 300w, https:\/\/lignesauto.fr\/wp-content\/uploads\/2020\/04\/LIG_02-768x560.png 768w, https:\/\/lignesauto.fr\/wp-content\/uploads\/2020\/04\/LIG_02-1024x747.png 1024w\" sizes=\"(max-width: 1417px) 100vw, 1417px\" \/><\/figure>\n\n\n\n<figure class=\"wp-block-image is-resized\"><img loading=\"lazy\" decoding=\"async\" src=\"http:\/\/lignesauto.fr\/wp-content\/uploads\/2020\/04\/LOGOArchives-1024x367.jpg\" alt=\"L\u2019attribut alt de cette image est vide, son nom de fichier est LOGOArchives-1024x367.jpg.\" width=\"454\" height=\"162\"\/><\/figure>\n","protected":false},"excerpt":{"rendered":"<p>Le d\u00e9confinement se met en place un peu partout en Europe avec les craintes et les doutes.Mais \u00e7a et l\u00e0, comme on l&#8217;a vu la semaine derni\u00e8re avec la reprise progressive de la production en France, et hier avec l&#8217;annonce de la reprise chez Porsche le 4 mai, les usines [&hellip;]<\/p>\n","protected":false},"author":1,"featured_media":17560,"comment_status":"open","ping_status":"open","sticky":false,"template":"","format":"standard","meta":{"footnotes":""},"categories":[1],"tags":[],"_links":{"self":[{"href":"https:\/\/lignesauto.fr\/index.php?rest_route=\/wp\/v2\/posts\/17547"}],"collection":[{"href":"https:\/\/lignesauto.fr\/index.php?rest_route=\/wp\/v2\/posts"}],"about":[{"href":"https:\/\/lignesauto.fr\/index.php?rest_route=\/wp\/v2\/types\/post"}],"author":[{"embeddable":true,"href":"https:\/\/lignesauto.fr\/index.php?rest_route=\/wp\/v2\/users\/1"}],"replies":[{"embeddable":true,"href":"https:\/\/lignesauto.fr\/index.php?rest_route=%2Fwp%2Fv2%2Fcomments&post=17547"}],"version-history":[{"count":22,"href":"https:\/\/lignesauto.fr\/index.php?rest_route=\/wp\/v2\/posts\/17547\/revisions"}],"predecessor-version":[{"id":17581,"href":"https:\/\/lignesauto.fr\/index.php?rest_route=\/wp\/v2\/posts\/17547\/revisions\/17581"}],"wp:featuredmedia":[{"embeddable":true,"href":"https:\/\/lignesauto.fr\/index.php?rest_route=\/wp\/v2\/media\/17560"}],"wp:attachment":[{"href":"https:\/\/lignesauto.fr\/index.php?rest_route=%2Fwp%2Fv2%2Fmedia&parent=17547"}],"wp:term":[{"taxonomy":"category","embeddable":true,"href":"https:\/\/lignesauto.fr\/index.php?rest_route=%2Fwp%2Fv2%2Fcategories&post=17547"},{"taxonomy":"post_tag","embeddable":true,"href":"https:\/\/lignesauto.fr\/index.php?rest_route=%2Fwp%2Fv2%2Ftags&post=17547"}],"curies":[{"name":"wp","href":"https:\/\/api.w.org\/{rel}","templated":true}]}}