{"id":17714,"date":"2020-06-12T18:18:00","date_gmt":"2020-06-12T16:18:00","guid":{"rendered":"http:\/\/lignesauto.fr\/?p=17714"},"modified":"2020-06-13T10:37:16","modified_gmt":"2020-06-13T08:37:16","slug":"le-jour-ou-walter-de-silva-a-signe-chez-citroen","status":"publish","type":"post","link":"https:\/\/lignesauto.fr\/?p=17714","title":{"rendered":"Le jour o\u00f9 Walter de Silva a sign\u00e9 chez Citro\u00ebn"},"content":{"rendered":"\n<figure class=\"wp-block-image is-resized\"><img loading=\"lazy\" decoding=\"async\" src=\"http:\/\/lignesauto.fr\/wp-content\/uploads\/2018\/10\/LOGOActus_BD-1024x367.jpg\" alt=\"\" class=\"wp-image-4921\" width=\"428\" height=\"152\" srcset=\"https:\/\/lignesauto.fr\/wp-content\/uploads\/2018\/10\/LOGOActus_BD-1024x367.jpg 1024w, https:\/\/lignesauto.fr\/wp-content\/uploads\/2018\/10\/LOGOActus_BD-300x108.jpg 300w\" sizes=\"(max-width: 428px) 100vw, 428px\" \/><\/figure>\n\n\n\n<p style=\"font-size:18px\">Apr\u00e8s des d\u00e9buts en Italie, le designer Walter de Silva rejoint le groupe Volkswagen en 2007. Il quitte ses fonctions en 2015, voici presque cinq ans. Mais qu&#8217;elle aurait \u00e9t\u00e9 sa trajectoire s&#8217;il avait sign\u00e9 le contrat que lui proposait Citro\u00ebn pour devenir directeur du style en 1998 ?<\/p>\n\n\n\n<figure class=\"wp-block-image\"><img loading=\"lazy\" decoding=\"async\" width=\"1024\" height=\"682\" src=\"http:\/\/lignesauto.fr\/wp-content\/uploads\/2020\/05\/LIGNESDESILVA_02-1024x682.jpg\" alt=\"\" class=\"wp-image-17715\" srcset=\"https:\/\/lignesauto.fr\/wp-content\/uploads\/2020\/05\/LIGNESDESILVA_02-1024x682.jpg 1024w, https:\/\/lignesauto.fr\/wp-content\/uploads\/2020\/05\/LIGNESDESILVA_02-300x200.jpg 300w, https:\/\/lignesauto.fr\/wp-content\/uploads\/2020\/05\/LIGNESDESILVA_02-768x512.jpg 768w, https:\/\/lignesauto.fr\/wp-content\/uploads\/2020\/05\/LIGNESDESILVA_02.jpg 1417w\" sizes=\"(max-width: 1024px) 100vw, 1024px\" \/><\/figure>\n\n\n\n<p style=\"font-size:18px\">Walter De\u2019Silva est un homme qui sait associer l\u2019humilit\u00e9 \u00e0 son statut de star. Il a r\u00e9gn\u00e9 pendant plus de huit ans sur l\u2019ensemble du design du groupe VW, mais pour beaucoup, il reste l\u2019homme du renouveau d\u2019Alfa Romeo apr\u00e8s avoir rejoint la marque italienne en 1986 \u00e0 la demande de Rudolf Hruska.<\/p>\n\n\n\n<figure class=\"wp-block-image\"><img loading=\"lazy\" decoding=\"async\" width=\"1024\" height=\"672\" src=\"http:\/\/lignesauto.fr\/wp-content\/uploads\/2020\/05\/1-3-2716-1024x672.jpg\" alt=\"\" class=\"wp-image-17739\" srcset=\"https:\/\/lignesauto.fr\/wp-content\/uploads\/2020\/05\/1-3-2716-1024x672.jpg 1024w, https:\/\/lignesauto.fr\/wp-content\/uploads\/2020\/05\/1-3-2716-300x197.jpg 300w, https:\/\/lignesauto.fr\/wp-content\/uploads\/2020\/05\/1-3-2716-768x504.jpg 768w, https:\/\/lignesauto.fr\/wp-content\/uploads\/2020\/05\/1-3-2716.jpg 1417w\" sizes=\"(max-width: 1024px) 100vw, 1024px\" \/><\/figure>\n\n\n\n<p style=\"font-size:18px\">Lorsque nous l&#8217;avions rencontr\u00e9 pour LIGNES\/auto &#8220;g\u00e9n\u00e9ration papier&#8221;, il nous avait confi\u00e9 ne pas avoir de regret d&#8217;\u00eatre consid\u00e9r\u00e9 comme l&#8217;homme de la 156. &#8220;<em>J\u2019adore toujours cette voiture qui reste un souvenir magnifique. Elle fait partie des deux plus belles voitures que j\u2019ai dessin\u00e9es avec l\u2019Audi A5. Cette derni\u00e8re est plus sophistiqu\u00e9e, probablement parce que j\u2019avais plus d\u2019exp\u00e9rience lorsque je l\u2019ai con\u00e7ue. J\u2019ai ador\u00e9 et j\u2019adorerais toute ma vie Alfa Romeo pour qui j\u2019ai travaill\u00e9 douze ans.<\/em>&#8220;<\/p>\n\n\n\n<figure class=\"wp-block-image\"><img loading=\"lazy\" decoding=\"async\" width=\"1024\" height=\"682\" src=\"http:\/\/lignesauto.fr\/wp-content\/uploads\/2020\/05\/LIGNESDESILVA_11-1024x682.jpg\" alt=\"\" class=\"wp-image-17732\" srcset=\"https:\/\/lignesauto.fr\/wp-content\/uploads\/2020\/05\/LIGNESDESILVA_11-1024x682.jpg 1024w, https:\/\/lignesauto.fr\/wp-content\/uploads\/2020\/05\/LIGNESDESILVA_11-300x200.jpg 300w, https:\/\/lignesauto.fr\/wp-content\/uploads\/2020\/05\/LIGNESDESILVA_11-768x512.jpg 768w, https:\/\/lignesauto.fr\/wp-content\/uploads\/2020\/05\/LIGNESDESILVA_11.jpg 1417w\" sizes=\"(max-width: 1024px) 100vw, 1024px\" \/><\/figure>\n\n\n\n<p style=\"font-size:18px\">Travailler, selon Walter de\u2019Silva, c\u2019est d\u2019abord&#8230; dessiner ! Des cahiers de dessins, il reconna\u00eet en avoir rempli  des centaines, avec &#8220;<em>au moins 8000 planches de dessins ! Je suis un designer avant tout! J\u2019ai commenc\u00e9 en 1972 chez Fiat, et j\u2019ai toujours dessin\u00e9. Je prends mes feuilles et je vais parler, \u00e9couter la radio en dessinant. Le dessin, c\u2019est le bonheur, c\u2019est mon langage. C\u2019est avec lui que je communique et que je retrouve mes id\u00e9es, ma passion pour ce m\u00e9tier.<\/em>&#8220;<\/p>\n\n\n\n<figure class=\"wp-block-image\"><img loading=\"lazy\" decoding=\"async\" width=\"1024\" height=\"723\" src=\"http:\/\/lignesauto.fr\/wp-content\/uploads\/2020\/05\/LIGNESBLAKESLEE-1024x723.jpg\" alt=\"\" class=\"wp-image-17733\" srcset=\"https:\/\/lignesauto.fr\/wp-content\/uploads\/2020\/05\/LIGNESBLAKESLEE-1024x723.jpg 1024w, https:\/\/lignesauto.fr\/wp-content\/uploads\/2020\/05\/LIGNESBLAKESLEE-300x212.jpg 300w, https:\/\/lignesauto.fr\/wp-content\/uploads\/2020\/05\/LIGNESBLAKESLEE-768x543.jpg 768w, https:\/\/lignesauto.fr\/wp-content\/uploads\/2020\/05\/LIGNESBLAKESLEE.jpg 1417w\" sizes=\"(max-width: 1024px) 100vw, 1024px\" \/><\/figure>\n\n\n\n<p style=\"font-size:18px\">En 1998, le Groupe PSA (ci-dessus, le centre de style Citro\u00ebn) est \u00e0 la recherche d&#8217;un designer pour prendre en main le style Citro\u00ebn alors dirig\u00e9 par Arthur Blakeslee. Il se tourne vers ce (d\u00e9j\u00e0) grand designer du monde automobile. &#8220;<em>J\u2019avais d\u00e9cid\u00e9 de quitter Alfa Romeo et j&#8217;avais rencontr\u00e9 Robert Peugeot avec lequel j&#8217;avais alors conclu un accord pour diriger le centre de design Citro\u00ebn. Evidemment, ce genre de d\u00e9cision n\u2019est pas facile \u00e0 prendre. Je l\u2019ai voulue car j\u2019avais \u00e0 faire chez Alfa avec des gens avec lesquels nous n\u2019avions plus un bon feeling, nous ne nous comprenions plus. Mais la beaut\u00e9 de ce m\u00e9tier, c\u2019est que d\u00e8s le lendemain, je me suis retrouv\u00e9 avec la possibilit\u00e9 d&#8217;un nouveau d\u00e9fi, d&#8217;un nouveau projet.&#8221;<\/em><\/p>\n\n\n\n<figure class=\"wp-block-image\"><img loading=\"lazy\" decoding=\"async\" width=\"1024\" height=\"597\" src=\"http:\/\/lignesauto.fr\/wp-content\/uploads\/2020\/05\/LIGNESDESILVA_00-1024x597.png\" alt=\"\" class=\"wp-image-17734\" srcset=\"https:\/\/lignesauto.fr\/wp-content\/uploads\/2020\/05\/LIGNESDESILVA_00-1024x597.png 1024w, https:\/\/lignesauto.fr\/wp-content\/uploads\/2020\/05\/LIGNESDESILVA_00-300x175.png 300w, https:\/\/lignesauto.fr\/wp-content\/uploads\/2020\/05\/LIGNESDESILVA_00-768x448.png 768w, https:\/\/lignesauto.fr\/wp-content\/uploads\/2020\/05\/LIGNESDESILVA_00.png 1417w\" sizes=\"(max-width: 1024px) 100vw, 1024px\" \/><\/figure>\n\n\n\n<p style=\"font-size:18px\">&#8220;<em>Mais dans le m\u00eame temps, j\u2019ai eu un contact avec monsieur Harmut Warkuss \u2013 alors patron du design VW &#8211; et effectivement, je dois dire que j\u2019ai chang\u00e9 d\u2019avis&#8230;<\/em>&#8221; Un changement d&#8217;orientation d\u00fb non pas \u00e0 Warkuss, mais \u00e0 Ferdinand Pi\u00ebch qui a su visiblement trouver d&#8217;autres arguments que ceux de Robert Peugeot. &#8221; <em>J&#8217;ai \u00e9galement rencontr\u00e9 monsieur Pi\u00ebch, et il m\u2019a dit des mots qui m\u2019ont impressionn\u00e9 ! Je suis rentr\u00e9 chez moi et j\u2019ai pris la d\u00e9cision d\u2019aller dans le groupe VW plut\u00f4t que chez Citro\u00ebn. J&#8217;ai int\u00e9gr\u00e9 Seat, sans savoir ce qui allait se passer apr\u00e8s. J\u2019ai per\u00e7u autour de moi une confiance tout \u00e0 fait particuli\u00e8re, et \u00e7a a suffit pour faire basculer ma d\u00e9cision.&#8221;<\/em><\/p>\n\n\n\n<figure class=\"wp-block-image\"><img loading=\"lazy\" decoding=\"async\" width=\"1024\" height=\"522\" src=\"http:\/\/lignesauto.fr\/wp-content\/uploads\/2020\/05\/LIGNESAUTOMURATGUNAK-1024x522.png\" alt=\"\" class=\"wp-image-17736\" srcset=\"https:\/\/lignesauto.fr\/wp-content\/uploads\/2020\/05\/LIGNESAUTOMURATGUNAK-1024x522.png 1024w, https:\/\/lignesauto.fr\/wp-content\/uploads\/2020\/05\/LIGNESAUTOMURATGUNAK-300x153.png 300w, https:\/\/lignesauto.fr\/wp-content\/uploads\/2020\/05\/LIGNESAUTOMURATGUNAK-768x392.png 768w, https:\/\/lignesauto.fr\/wp-content\/uploads\/2020\/05\/LIGNESAUTOMURATGUNAK.png 1417w\" sizes=\"(max-width: 1024px) 100vw, 1024px\" \/><\/figure>\n\n\n\n<p style=\"font-size:18px\">Apr\u00e8s Seat et Audi, Walter de Silva prend la direction du design du groupe Volkswagen. Il prend alors la succession de Murat G\u00fcnak &#8211; ci-dessus- (<a href=\"https:\/\/www.csa.com.tr\/language\/en\/murat-gunak\/\">https:\/\/www.csa.com.tr\/language\/en\/murat-gunak\/<\/a>) qui est rest\u00e9 de 2004 \u00e0 2007 chez VW. Murat G\u00fcnak est un ancien du design&#8230; Peugeot ! A l&#8217;\u00e9poque, Walter de Silva nous confiait que &#8220;<em>la vision de Murat Gunak ne correspondait pas \u00e0 la mienne, mais \u00e7a c\u2019est normal. La diff\u00e9rence fondamentale, c\u2019est qu\u2019il \u00e9tait en m\u00eame temps chef du design du groupe, et aussi de la marque VW Design, tandis que moi j\u2019ai voulu un chef de design de la marque Volkswagen, comme \u00e7a, j&#8217;\u00e9tais beaucoup plus libre de travailler dans la partie conceptuelle, la phase de d\u00e9veloppement. Ce qui me permettait d\u2019\u00eatre un peu \u00e0 l\u2019\u00e9cart des probl\u00e8mes quotidiens.<\/em>&#8220;<\/p>\n\n\n\n<figure class=\"wp-block-image\"><img loading=\"lazy\" decoding=\"async\" width=\"1024\" height=\"681\" src=\"http:\/\/lignesauto.fr\/wp-content\/uploads\/2020\/05\/LIGNESJPP_067-1024x681.jpg\" alt=\"\" class=\"wp-image-17741\" srcset=\"https:\/\/lignesauto.fr\/wp-content\/uploads\/2020\/05\/LIGNESJPP_067-1024x681.jpg 1024w, https:\/\/lignesauto.fr\/wp-content\/uploads\/2020\/05\/LIGNESJPP_067-300x200.jpg 300w, https:\/\/lignesauto.fr\/wp-content\/uploads\/2020\/05\/LIGNESJPP_067-768x511.jpg 768w, https:\/\/lignesauto.fr\/wp-content\/uploads\/2020\/05\/LIGNESJPP_067.jpg 1417w\" sizes=\"(max-width: 1024px) 100vw, 1024px\" \/><\/figure>\n\n\n\n<p style=\"font-size:18px\">En 1998, alors que Walter de Silva refuse le poste de directeur du style Citro\u00ebn, Robert Peugeot reprend sa mission pour trouver le designer parfait pour ce r\u00f4le. On le sait, l&#8217;histoire veut qu&#8217;une belle rencontre avec Jean-Pierre Plou\u00e9 (ci-dessus), alors chez Ford, a finalement abouti. On conna\u00eet la trajectoire du designer fran\u00e7ais, aujourd&#8217;hui responsable du design Groupe PSA. Mais au fait, qu&#8217;est devenu Walter de Silva ?<\/p>\n\n\n\n<figure class=\"wp-block-image\"><img loading=\"lazy\" decoding=\"async\" width=\"1024\" height=\"767\" src=\"http:\/\/lignesauto.fr\/wp-content\/uploads\/2020\/05\/LIGNESDESILVA_007-1024x767.jpg\" alt=\"\" class=\"wp-image-17728\" srcset=\"https:\/\/lignesauto.fr\/wp-content\/uploads\/2020\/05\/LIGNESDESILVA_007-1024x767.jpg 1024w, https:\/\/lignesauto.fr\/wp-content\/uploads\/2020\/05\/LIGNESDESILVA_007-300x225.jpg 300w, https:\/\/lignesauto.fr\/wp-content\/uploads\/2020\/05\/LIGNESDESILVA_007-768x576.jpg 768w, https:\/\/lignesauto.fr\/wp-content\/uploads\/2020\/05\/LIGNESDESILVA_007.jpg 1417w\" sizes=\"(max-width: 1024px) 100vw, 1024px\" \/><\/figure>\n\n\n\n<p style=\"font-size:18px\">A 69 ans, le designer italien est aujourd&#8217;hui PDG de la marque de chaussures haut de gamme pour femmes <em>WALTERDESILVASHOES<\/em>, marque cr\u00e9\u00e9e avec sa femme Emmanuelle. Cette entreprise est l&#8217;aboutissement d&#8217;un r\u00eave (presque) cach\u00e9 ! D\u00e9couvrez le site officiel ici : <a href=\"https:\/\/www.walterdesilva.com\">https:\/\/www.walterdesilva.com<\/a><\/p>\n\n\n\n<figure class=\"wp-block-image\"><img loading=\"lazy\" decoding=\"async\" width=\"1024\" height=\"819\" src=\"http:\/\/lignesauto.fr\/wp-content\/uploads\/2020\/05\/GNESDESILVA_009-1024x819.png\" alt=\"\" class=\"wp-image-17729\" srcset=\"https:\/\/lignesauto.fr\/wp-content\/uploads\/2020\/05\/GNESDESILVA_009-1024x819.png 1024w, https:\/\/lignesauto.fr\/wp-content\/uploads\/2020\/05\/GNESDESILVA_009-300x240.png 300w, https:\/\/lignesauto.fr\/wp-content\/uploads\/2020\/05\/GNESDESILVA_009-768x614.png 768w, https:\/\/lignesauto.fr\/wp-content\/uploads\/2020\/05\/GNESDESILVA_009.png 1417w\" sizes=\"(max-width: 1024px) 100vw, 1024px\" \/><\/figure>\n\n\n\n<figure class=\"wp-block-image is-resized\"><img loading=\"lazy\" decoding=\"async\" src=\"http:\/\/lignesauto.fr\/wp-content\/uploads\/2018\/10\/LOGOActus_BD-1024x367.jpg\" alt=\"L\u2019attribut alt de cette image est vide, son nom de fichier est LOGOActus_BD-1024x367.jpg.\" width=\"492\" height=\"175\"\/><\/figure>\n","protected":false},"excerpt":{"rendered":"<p>Apr\u00e8s des d\u00e9buts en Italie, le designer Walter de Silva rejoint le groupe Volkswagen en 2007. Il quitte ses fonctions en 2015, voici presque cinq ans. Mais qu&#8217;elle aurait \u00e9t\u00e9 sa trajectoire s&#8217;il avait sign\u00e9 le contrat que lui proposait Citro\u00ebn pour devenir directeur du style en 1998 ? Walter [&hellip;]<\/p>\n","protected":false},"author":1,"featured_media":17738,"comment_status":"open","ping_status":"open","sticky":false,"template":"","format":"standard","meta":{"footnotes":""},"categories":[1],"tags":[],"_links":{"self":[{"href":"https:\/\/lignesauto.fr\/index.php?rest_route=\/wp\/v2\/posts\/17714"}],"collection":[{"href":"https:\/\/lignesauto.fr\/index.php?rest_route=\/wp\/v2\/posts"}],"about":[{"href":"https:\/\/lignesauto.fr\/index.php?rest_route=\/wp\/v2\/types\/post"}],"author":[{"embeddable":true,"href":"https:\/\/lignesauto.fr\/index.php?rest_route=\/wp\/v2\/users\/1"}],"replies":[{"embeddable":true,"href":"https:\/\/lignesauto.fr\/index.php?rest_route=%2Fwp%2Fv2%2Fcomments&post=17714"}],"version-history":[{"count":26,"href":"https:\/\/lignesauto.fr\/index.php?rest_route=\/wp\/v2\/posts\/17714\/revisions"}],"predecessor-version":[{"id":17758,"href":"https:\/\/lignesauto.fr\/index.php?rest_route=\/wp\/v2\/posts\/17714\/revisions\/17758"}],"wp:featuredmedia":[{"embeddable":true,"href":"https:\/\/lignesauto.fr\/index.php?rest_route=\/wp\/v2\/media\/17738"}],"wp:attachment":[{"href":"https:\/\/lignesauto.fr\/index.php?rest_route=%2Fwp%2Fv2%2Fmedia&parent=17714"}],"wp:term":[{"taxonomy":"category","embeddable":true,"href":"https:\/\/lignesauto.fr\/index.php?rest_route=%2Fwp%2Fv2%2Fcategories&post=17714"},{"taxonomy":"post_tag","embeddable":true,"href":"https:\/\/lignesauto.fr\/index.php?rest_route=%2Fwp%2Fv2%2Ftags&post=17714"}],"curies":[{"name":"wp","href":"https:\/\/api.w.org\/{rel}","templated":true}]}}