{"id":17755,"date":"2020-06-12T18:17:00","date_gmt":"2020-06-12T16:17:00","guid":{"rendered":"http:\/\/lignesauto.fr\/?p=17755"},"modified":"2020-06-13T10:36:51","modified_gmt":"2020-06-13T08:36:51","slug":"english-the-day-walter-de-silva-signed-up-with-citroen","status":"publish","type":"post","link":"https:\/\/lignesauto.fr\/?p=17755","title":{"rendered":"ENGLISH &#8211; The day Walter de Silva signed up with Citro\u00ebn"},"content":{"rendered":"\n<figure class=\"wp-block-image is-resized\"><img loading=\"lazy\" decoding=\"async\" src=\"http:\/\/lignesauto.fr\/wp-content\/uploads\/2018\/10\/LOGOActus_BD-1024x367.jpg\" alt=\"\" class=\"wp-image-4921\" width=\"428\" height=\"152\" srcset=\"https:\/\/lignesauto.fr\/wp-content\/uploads\/2018\/10\/LOGOActus_BD-1024x367.jpg 1024w, https:\/\/lignesauto.fr\/wp-content\/uploads\/2018\/10\/LOGOActus_BD-300x108.jpg 300w\" sizes=\"(max-width: 428px) 100vw, 428px\" \/><\/figure>\n\n\n\n<p style=\"font-size:18px\">After making his debut in Italy, designer Walter de Silva joined the Volkswagen Group in 2007. He leaves his post in 2015, almost five years ago. But what would have been his trajectory if he had signed the contract that Citro\u00ebn had offered him to become styling director in 1998?<\/p>\n\n\n\n<figure class=\"wp-block-image\"><img loading=\"lazy\" decoding=\"async\" width=\"1024\" height=\"682\" src=\"http:\/\/lignesauto.fr\/wp-content\/uploads\/2020\/05\/LIGNESDESILVA_02-1024x682.jpg\" alt=\"\" class=\"wp-image-17715\" srcset=\"https:\/\/lignesauto.fr\/wp-content\/uploads\/2020\/05\/LIGNESDESILVA_02-1024x682.jpg 1024w, https:\/\/lignesauto.fr\/wp-content\/uploads\/2020\/05\/LIGNESDESILVA_02-300x200.jpg 300w, https:\/\/lignesauto.fr\/wp-content\/uploads\/2020\/05\/LIGNESDESILVA_02-768x512.jpg 768w, https:\/\/lignesauto.fr\/wp-content\/uploads\/2020\/05\/LIGNESDESILVA_02.jpg 1417w\" sizes=\"(max-width: 1024px) 100vw, 1024px\" \/><\/figure>\n\n\n\n<p style=\"font-size:18px\">Walter De&#8217;Silva is a man who knows how to associate humility with star status. He reigned for more than eight years over the entire VW Group&#8217;s design, but for many, he remains the man behind the revival of Alfa Romeo after joining the Italian brand in 1986 at the request of Rudolf Hruska.<\/p>\n\n\n\n<figure class=\"wp-block-image\"><img loading=\"lazy\" decoding=\"async\" width=\"1024\" height=\"672\" src=\"http:\/\/lignesauto.fr\/wp-content\/uploads\/2020\/05\/1-3-2716-1024x672.jpg\" alt=\"\" class=\"wp-image-17739\" srcset=\"https:\/\/lignesauto.fr\/wp-content\/uploads\/2020\/05\/1-3-2716-1024x672.jpg 1024w, https:\/\/lignesauto.fr\/wp-content\/uploads\/2020\/05\/1-3-2716-300x197.jpg 300w, https:\/\/lignesauto.fr\/wp-content\/uploads\/2020\/05\/1-3-2716-768x504.jpg 768w, https:\/\/lignesauto.fr\/wp-content\/uploads\/2020\/05\/1-3-2716.jpg 1417w\" sizes=\"(max-width: 1024px) 100vw, 1024px\" \/><\/figure>\n\n\n\n<p style=\"font-size:18px\">When we met him for LIGNES\/auto &#8220;paper generation&#8221;, he confided to us that he had no regrets about being considered the man for the 156: <em>&#8220;I still love this car, which remains a wonderful memory. It is one of the two most beautiful cars I have ever designed with the Audi A5. The latter is more sophisticated, probably because I had more experience when I designed it. I have loved and will love Alfa Romeo all my life, for whom I worked for 12 years.<\/em>&#8220;<\/p>\n\n\n\n<figure class=\"wp-block-image\"><img loading=\"lazy\" decoding=\"async\" width=\"1024\" height=\"682\" src=\"http:\/\/lignesauto.fr\/wp-content\/uploads\/2020\/05\/LIGNESDESILVA_11-1024x682.jpg\" alt=\"\" class=\"wp-image-17732\" srcset=\"https:\/\/lignesauto.fr\/wp-content\/uploads\/2020\/05\/LIGNESDESILVA_11-1024x682.jpg 1024w, https:\/\/lignesauto.fr\/wp-content\/uploads\/2020\/05\/LIGNESDESILVA_11-300x200.jpg 300w, https:\/\/lignesauto.fr\/wp-content\/uploads\/2020\/05\/LIGNESDESILVA_11-768x512.jpg 768w, https:\/\/lignesauto.fr\/wp-content\/uploads\/2020\/05\/LIGNESDESILVA_11.jpg 1417w\" sizes=\"(max-width: 1024px) 100vw, 1024px\" \/><\/figure>\n\n\n\n<p style=\"font-size:18px\">Work, according to Walter de&#8217;Silva, is first of all\u2026 drawing! He admits to having filled hundreds of drawing books with &#8220;<em>at least 8,000 drawing plates! I&#8217;m a designer first and foremost! I started in 1972 at Fiat, and I&#8217;ve always drawn. I take my sheets and I go and talk, listen to the radio while I draw. Drawing is happiness, it&#8217;s my language. It&#8217;s with it that I communicate and find my ideas, my passion for this job.<\/em>&#8220;<\/p>\n\n\n\n<figure class=\"wp-block-image\"><img loading=\"lazy\" decoding=\"async\" width=\"1024\" height=\"723\" src=\"http:\/\/lignesauto.fr\/wp-content\/uploads\/2020\/05\/LIGNESBLAKESLEE-1024x723.jpg\" alt=\"\" class=\"wp-image-17733\" srcset=\"https:\/\/lignesauto.fr\/wp-content\/uploads\/2020\/05\/LIGNESBLAKESLEE-1024x723.jpg 1024w, https:\/\/lignesauto.fr\/wp-content\/uploads\/2020\/05\/LIGNESBLAKESLEE-300x212.jpg 300w, https:\/\/lignesauto.fr\/wp-content\/uploads\/2020\/05\/LIGNESBLAKESLEE-768x543.jpg 768w, https:\/\/lignesauto.fr\/wp-content\/uploads\/2020\/05\/LIGNESBLAKESLEE.jpg 1417w\" sizes=\"(max-width: 1024px) 100vw, 1024px\" \/><\/figure>\n\n\n\n<p style=\"font-size:18px\">In 1998, the PSA Group (above, the Citro\u00ebn styling centre) is looking for a designer to take over the Citro\u00ebn style then led by Arthur Blakeslee. It turns to this (already) great designer of the automotive world. &#8220;<em>I had decided to leave Alfa Romeo and met Robert Peugeot, with whom I had then concluded an agreement to run the Citro\u00ebn design centre. Obviously, this kind of decision is not easy to make. I wanted to do it because I had to deal with people at Alfa with whom we no longer had a good feeling, we no longer understood each other. But the beauty of this job is that the very next day I found myself with the possibility of a new challenge, a new project.&#8221;<\/em><\/p>\n\n\n\n<figure class=\"wp-block-image\"><img loading=\"lazy\" decoding=\"async\" width=\"1024\" height=\"597\" src=\"http:\/\/lignesauto.fr\/wp-content\/uploads\/2020\/05\/LIGNESDESILVA_00-1024x597.png\" alt=\"\" class=\"wp-image-17734\" srcset=\"https:\/\/lignesauto.fr\/wp-content\/uploads\/2020\/05\/LIGNESDESILVA_00-1024x597.png 1024w, https:\/\/lignesauto.fr\/wp-content\/uploads\/2020\/05\/LIGNESDESILVA_00-300x175.png 300w, https:\/\/lignesauto.fr\/wp-content\/uploads\/2020\/05\/LIGNESDESILVA_00-768x448.png 768w, https:\/\/lignesauto.fr\/wp-content\/uploads\/2020\/05\/LIGNESDESILVA_00.png 1417w\" sizes=\"(max-width: 1024px) 100vw, 1024px\" \/><\/figure>\n\n\n\n<p style=\"font-size:18px\">&#8220;<em>But at the same time I had contact with Mr. Harmut Warkuss &#8211; then head of VW design &#8211; and indeed, I must say I&#8217;ve changed my mind\u2026<\/em>&#8221; A change of direction due not to Warkuss, but to Ferdinand Pi\u00ebch who obviously found other arguments than those of Robert Peugeot. &#8220;<em>I also met Mr Pi\u00ebch, and he said some words that impressed me! I went home and decided to join the VW group rather than Citro\u00ebn. I joined Seat, without knowing what was going to happen next. I felt a very special confidence around me, and that was enough to change my decision.<\/em>&#8220;<\/p>\n\n\n\n<figure class=\"wp-block-image\"><img loading=\"lazy\" decoding=\"async\" width=\"1024\" height=\"522\" src=\"http:\/\/lignesauto.fr\/wp-content\/uploads\/2020\/05\/LIGNESAUTOMURATGUNAK-1024x522.png\" alt=\"\" class=\"wp-image-17736\" srcset=\"https:\/\/lignesauto.fr\/wp-content\/uploads\/2020\/05\/LIGNESAUTOMURATGUNAK-1024x522.png 1024w, https:\/\/lignesauto.fr\/wp-content\/uploads\/2020\/05\/LIGNESAUTOMURATGUNAK-300x153.png 300w, https:\/\/lignesauto.fr\/wp-content\/uploads\/2020\/05\/LIGNESAUTOMURATGUNAK-768x392.png 768w, https:\/\/lignesauto.fr\/wp-content\/uploads\/2020\/05\/LIGNESAUTOMURATGUNAK.png 1417w\" sizes=\"(max-width: 1024px) 100vw, 1024px\" \/><\/figure>\n\n\n\n<p style=\"font-size:18px\">After Seat and Audi, Walter de Silva takes over as head of design for the Volkswagen Group. He succeeds Murat G\u00fcnak &#8211; above &#8211; (<a href=\"https:\/\/www.csa.com.tr\/language\/en\/murat-gunak\/\">https:\/\/www.csa.com.tr\/language\/en\/murat-gunak\/<\/a>), who was with VW from 2004 to 2007. Murat G\u00fcnak is a former designer\u2026 Peugeot! At the time, Walter de Silva confided to us that &#8220;<em>Murat Gunak&#8217;s vision did not correspond to mine, but that&#8217;s normal. The fundamental difference is that he was at the same time head of design for the group, and also for the VW Design brand, whereas I wanted a head of design for the Volkswagen brand, so I was much freer to work on the conceptual part, the development phase. This allowed me to be a little bit away from the day-to-day problems.<\/em>&#8220;<\/p>\n\n\n\n<figure class=\"wp-block-image\"><img loading=\"lazy\" decoding=\"async\" width=\"1024\" height=\"681\" src=\"http:\/\/lignesauto.fr\/wp-content\/uploads\/2020\/05\/LIGNESJPP_067-1024x681.jpg\" alt=\"\" class=\"wp-image-17741\" srcset=\"https:\/\/lignesauto.fr\/wp-content\/uploads\/2020\/05\/LIGNESJPP_067-1024x681.jpg 1024w, https:\/\/lignesauto.fr\/wp-content\/uploads\/2020\/05\/LIGNESJPP_067-300x200.jpg 300w, https:\/\/lignesauto.fr\/wp-content\/uploads\/2020\/05\/LIGNESJPP_067-768x511.jpg 768w, https:\/\/lignesauto.fr\/wp-content\/uploads\/2020\/05\/LIGNESJPP_067.jpg 1417w\" sizes=\"(max-width: 1024px) 100vw, 1024px\" \/><\/figure>\n\n\n\n<p style=\"font-size:18px\">In 1998, when Walter de Silva turned down the position of Citro\u00ebn&#8217;s styling director, Robert Peugeot resumed his mission to find the perfect designer for the role. As we know, the story goes that a beautiful meeting with Jean-Pierre Plou\u00e9 (above), then at Ford, finally came to fruition. We know the trajectory of the French designer, who is now in charge of PSA Group design. But by the way, what has become of Walter de Silva?<\/p>\n\n\n\n<figure class=\"wp-block-image\"><img loading=\"lazy\" decoding=\"async\" width=\"1024\" height=\"767\" src=\"http:\/\/lignesauto.fr\/wp-content\/uploads\/2020\/05\/LIGNESDESILVA_007-1024x767.jpg\" alt=\"\" class=\"wp-image-17728\" srcset=\"https:\/\/lignesauto.fr\/wp-content\/uploads\/2020\/05\/LIGNESDESILVA_007-1024x767.jpg 1024w, https:\/\/lignesauto.fr\/wp-content\/uploads\/2020\/05\/LIGNESDESILVA_007-300x225.jpg 300w, https:\/\/lignesauto.fr\/wp-content\/uploads\/2020\/05\/LIGNESDESILVA_007-768x576.jpg 768w, https:\/\/lignesauto.fr\/wp-content\/uploads\/2020\/05\/LIGNESDESILVA_007.jpg 1417w\" sizes=\"(max-width: 1024px) 100vw, 1024px\" \/><\/figure>\n\n\n\n<p style=\"font-size:18px\">At 69 years old, the Italian designer is today CEO of the high-end women&#8217;s footwear brand WALTERDESILVASHOES, a brand created with his wife Emmanuelle. This company is the culmination of a (almost) hidden dream! Discover the official website here: <a href=\"https:\/\/www.walterdesilva.com\">https:\/\/www.walterdesilva.com<\/a><\/p>\n\n\n\n<figure class=\"wp-block-image\"><img loading=\"lazy\" decoding=\"async\" width=\"1024\" height=\"819\" src=\"http:\/\/lignesauto.fr\/wp-content\/uploads\/2020\/05\/GNESDESILVA_009-1024x819.png\" alt=\"\" class=\"wp-image-17729\" srcset=\"https:\/\/lignesauto.fr\/wp-content\/uploads\/2020\/05\/GNESDESILVA_009-1024x819.png 1024w, https:\/\/lignesauto.fr\/wp-content\/uploads\/2020\/05\/GNESDESILVA_009-300x240.png 300w, https:\/\/lignesauto.fr\/wp-content\/uploads\/2020\/05\/GNESDESILVA_009-768x614.png 768w, https:\/\/lignesauto.fr\/wp-content\/uploads\/2020\/05\/GNESDESILVA_009.png 1417w\" sizes=\"(max-width: 1024px) 100vw, 1024px\" \/><\/figure>\n\n\n\n<figure class=\"wp-block-image is-resized\"><img loading=\"lazy\" decoding=\"async\" src=\"http:\/\/lignesauto.fr\/wp-content\/uploads\/2018\/10\/LOGOActus_BD-1024x367.jpg\" alt=\"L\u2019attribut alt de cette image est vide, son nom de fichier est LOGOActus_BD-1024x367.jpg.\" width=\"492\" height=\"175\"\/><\/figure>\n","protected":false},"excerpt":{"rendered":"<p>After making his debut in Italy, designer Walter de Silva joined the Volkswagen Group in 2007. He leaves his post in 2015, almost five years ago. But what would have been his trajectory if he had signed the contract that Citro\u00ebn had offered him to become styling director in 1998? [&hellip;]<\/p>\n","protected":false},"author":1,"featured_media":17738,"comment_status":"open","ping_status":"open","sticky":false,"template":"","format":"standard","meta":{"footnotes":""},"categories":[1],"tags":[],"_links":{"self":[{"href":"https:\/\/lignesauto.fr\/index.php?rest_route=\/wp\/v2\/posts\/17755"}],"collection":[{"href":"https:\/\/lignesauto.fr\/index.php?rest_route=\/wp\/v2\/posts"}],"about":[{"href":"https:\/\/lignesauto.fr\/index.php?rest_route=\/wp\/v2\/types\/post"}],"author":[{"embeddable":true,"href":"https:\/\/lignesauto.fr\/index.php?rest_route=\/wp\/v2\/users\/1"}],"replies":[{"embeddable":true,"href":"https:\/\/lignesauto.fr\/index.php?rest_route=%2Fwp%2Fv2%2Fcomments&post=17755"}],"version-history":[{"count":4,"href":"https:\/\/lignesauto.fr\/index.php?rest_route=\/wp\/v2\/posts\/17755\/revisions"}],"predecessor-version":[{"id":17761,"href":"https:\/\/lignesauto.fr\/index.php?rest_route=\/wp\/v2\/posts\/17755\/revisions\/17761"}],"wp:featuredmedia":[{"embeddable":true,"href":"https:\/\/lignesauto.fr\/index.php?rest_route=\/wp\/v2\/media\/17738"}],"wp:attachment":[{"href":"https:\/\/lignesauto.fr\/index.php?rest_route=%2Fwp%2Fv2%2Fmedia&parent=17755"}],"wp:term":[{"taxonomy":"category","embeddable":true,"href":"https:\/\/lignesauto.fr\/index.php?rest_route=%2Fwp%2Fv2%2Fcategories&post=17755"},{"taxonomy":"post_tag","embeddable":true,"href":"https:\/\/lignesauto.fr\/index.php?rest_route=%2Fwp%2Fv2%2Ftags&post=17755"}],"curies":[{"name":"wp","href":"https:\/\/api.w.org\/{rel}","templated":true}]}}