{"id":18032,"date":"2020-05-29T09:19:41","date_gmt":"2020-05-29T07:19:41","guid":{"rendered":"http:\/\/lignesauto.fr\/?p=18032"},"modified":"2020-05-29T09:19:41","modified_gmt":"2020-05-29T07:19:41","slug":"renault-nissan-mitsubishi-qui-fait-quoi-dans-lalliance-desormais","status":"publish","type":"post","link":"https:\/\/lignesauto.fr\/?p=18032","title":{"rendered":"Renault-Nissan-Mitsubishi : qui fait quoi dans l\u2019Alliance d\u00e9sormais ?"},"content":{"rendered":"\n<figure class=\"wp-block-image size-large is-resized\"><img loading=\"lazy\" decoding=\"async\" src=\"http:\/\/lignesauto.fr\/wp-content\/uploads\/2018\/10\/LOGOActus_BD-1024x367.jpg\" alt=\"\" class=\"wp-image-4921\" width=\"482\" height=\"172\" srcset=\"https:\/\/lignesauto.fr\/wp-content\/uploads\/2018\/10\/LOGOActus_BD-1024x367.jpg 1024w, https:\/\/lignesauto.fr\/wp-content\/uploads\/2018\/10\/LOGOActus_BD-300x108.jpg 300w, https:\/\/lignesauto.fr\/wp-content\/uploads\/2018\/10\/LOGOActus_BD-768x276.jpg 768w, https:\/\/lignesauto.fr\/wp-content\/uploads\/2018\/10\/LOGOActus_BD-370x133.jpg 370w, https:\/\/lignesauto.fr\/wp-content\/uploads\/2018\/10\/LOGOActus_BD-1040x373.jpg 1040w, https:\/\/lignesauto.fr\/wp-content\/uploads\/2018\/10\/LOGOActus_BD.jpg 1240w\" sizes=\"(max-width: 482px) 100vw, 482px\" \/><\/figure>\n\n\n\n<p style=\"font-size:18px\">L&#8217;actualit\u00e9 du 29 mai concerne la marque Renault, mais celle d&#8217;hier \u00e9voquait l&#8217;avenir de l&#8217;Alliance Renault-Nissan-Mitsubishi. Premi\u00e8re \u00e9tape pour mieux comprendre cette semaine intense, voici la r\u00e9partition des diff\u00e9rents march\u00e9s et \u00e9tudes techniques au sein de cette Alliance entre les trois marques :<\/p>\n\n\n\n<h2 class=\"wp-block-heading\"><strong>RENAULT MAITRE D\u2019\u0152UVRE POUR&nbsp;:<\/strong><\/h2>\n\n\n\n<p style=\"font-size:18px\">&#8211; R\u00e9f\u00e9rent sur les march\u00e9s Europ\u00e9ens, Russe, Am\u00e9rique du Sud et Afrique du Nord.<br>&#8211; R\u00e9f\u00e9rent pour le d\u00e9veloppement des v\u00e9hicules connect\u00e9s.<br>&#8211; R\u00e9f\u00e9rent pour les motorisations EV sur plateformes d\u2019origine thermiques.<br>&#8211; R\u00e9f\u00e9rent pour les renouvellements des v\u00e9hicules segments B (taille Clio ci-dessous\/Captur\/Micra).<\/p>\n\n\n\n<figure class=\"wp-block-image size-large\"><img loading=\"lazy\" decoding=\"async\" width=\"1024\" height=\"632\" src=\"http:\/\/lignesauto.fr\/wp-content\/uploads\/2019\/01\/All-New-Renault-Clio_Intens-20-1024x632.jpg\" alt=\"\" class=\"wp-image-7363\" srcset=\"https:\/\/lignesauto.fr\/wp-content\/uploads\/2019\/01\/All-New-Renault-Clio_Intens-20-1024x632.jpg 1024w, https:\/\/lignesauto.fr\/wp-content\/uploads\/2019\/01\/All-New-Renault-Clio_Intens-20-300x185.jpg 300w, https:\/\/lignesauto.fr\/wp-content\/uploads\/2019\/01\/All-New-Renault-Clio_Intens-20-768x474.jpg 768w, https:\/\/lignesauto.fr\/wp-content\/uploads\/2019\/01\/All-New-Renault-Clio_Intens-20-370x228.jpg 370w, https:\/\/lignesauto.fr\/wp-content\/uploads\/2019\/01\/All-New-Renault-Clio_Intens-20-1040x642.jpg 1040w, https:\/\/lignesauto.fr\/wp-content\/uploads\/2019\/01\/All-New-Renault-Clio_Intens-20.jpg 1134w\" sizes=\"(max-width: 1024px) 100vw, 1024px\" \/><\/figure>\n\n\n\n<h2 class=\"wp-block-heading\"><strong>NISSAN MAITRE D\u2019\u0152UVRE POUR&nbsp;:<\/strong><\/h2>\n\n\n\n<p style=\"font-size:18px\">&#8211; R\u00e9f\u00e9rent sur les march\u00e9s en Chine, Am\u00e9rique du Nord et Japon.<br>&#8211; R\u00e9f\u00e9rent pour la nouvelle plateforme 100% \u00e9lectrique, lancement avec le SUV Nissan Ariya (ci-dessous).<br>&#8211; R\u00e9f\u00e9rent pour les travaux sur la voiture autonome.<br>&#8211; R\u00e9f\u00e9rent pour les v\u00e9hicules SUV du segment C (taille Kadjar-Qasqhai).<\/p>\n\n\n\n<figure class=\"wp-block-image size-large\"><img loading=\"lazy\" decoding=\"async\" width=\"1024\" height=\"576\" src=\"http:\/\/lignesauto.fr\/wp-content\/uploads\/2019\/11\/LIGNESJAP_11-1024x576.jpg\" alt=\"\" class=\"wp-image-14395\" srcset=\"https:\/\/lignesauto.fr\/wp-content\/uploads\/2019\/11\/LIGNESJAP_11-1024x576.jpg 1024w, https:\/\/lignesauto.fr\/wp-content\/uploads\/2019\/11\/LIGNESJAP_11-300x169.jpg 300w, https:\/\/lignesauto.fr\/wp-content\/uploads\/2019\/11\/LIGNESJAP_11-768x432.jpg 768w, https:\/\/lignesauto.fr\/wp-content\/uploads\/2019\/11\/LIGNESJAP_11-370x208.jpg 370w, https:\/\/lignesauto.fr\/wp-content\/uploads\/2019\/11\/LIGNESJAP_11-1040x585.jpg 1040w, https:\/\/lignesauto.fr\/wp-content\/uploads\/2019\/11\/LIGNESJAP_11.jpg 1417w\" sizes=\"(max-width: 1024px) 100vw, 1024px\" \/><\/figure>\n\n\n\n<h2 class=\"wp-block-heading\"><strong>MITSUBISHI MAITRE D\u2019\u0152UVRE POUR&nbsp;:<\/strong><\/h2>\n\n\n\n<p style=\"font-size:18px\">&#8211; R\u00e9f\u00e9rent sur les march\u00e9s d\u2019Asie du Sud-est et de l\u2019Oc\u00e9anie.<br>&#8211; R\u00e9f\u00e9rent pour les v\u00e9hicules hybrides rechargeables des segments C (gabarit Kadjar) et D (gabarit Koleos).<\/p>\n\n\n\n<figure class=\"wp-block-image size-large\"><img loading=\"lazy\" decoding=\"async\" width=\"1024\" height=\"559\" src=\"http:\/\/lignesauto.fr\/wp-content\/uploads\/2020\/02\/OK_17-1024x559.png\" alt=\"\" class=\"wp-image-15948\" srcset=\"https:\/\/lignesauto.fr\/wp-content\/uploads\/2020\/02\/OK_17-1024x559.png 1024w, https:\/\/lignesauto.fr\/wp-content\/uploads\/2020\/02\/OK_17-300x164.png 300w, https:\/\/lignesauto.fr\/wp-content\/uploads\/2020\/02\/OK_17-768x420.png 768w, https:\/\/lignesauto.fr\/wp-content\/uploads\/2020\/02\/OK_17-370x202.png 370w, https:\/\/lignesauto.fr\/wp-content\/uploads\/2020\/02\/OK_17-1040x568.png 1040w, https:\/\/lignesauto.fr\/wp-content\/uploads\/2020\/02\/OK_17.png 1417w\" sizes=\"(max-width: 1024px) 100vw, 1024px\" \/><\/figure>\n\n\n\n<figure class=\"wp-block-image is-resized\"><img loading=\"lazy\" decoding=\"async\" src=\"http:\/\/lignesauto.fr\/wp-content\/uploads\/2018\/10\/LOGOActus_BD-1024x367.jpg\" alt=\"L\u2019attribut alt de cette image est vide, son nom de fichier est LOGOActus_BD-1024x367.jpg.\" width=\"543\" height=\"194\"\/><\/figure>\n","protected":false},"excerpt":{"rendered":"<p>L&#8217;actualit\u00e9 du 29 mai concerne la marque Renault, mais celle d&#8217;hier \u00e9voquait l&#8217;avenir de l&#8217;Alliance Renault-Nissan-Mitsubishi. Premi\u00e8re \u00e9tape pour mieux comprendre cette semaine intense, voici la r\u00e9partition des diff\u00e9rents march\u00e9s et \u00e9tudes techniques au sein de cette Alliance entre les trois marques : RENAULT MAITRE D\u2019\u0152UVRE POUR&nbsp;: &#8211; R\u00e9f\u00e9rent sur [&hellip;]<\/p>\n","protected":false},"author":1,"featured_media":18036,"comment_status":"open","ping_status":"open","sticky":false,"template":"","format":"standard","meta":{"footnotes":""},"categories":[1],"tags":[],"_links":{"self":[{"href":"https:\/\/lignesauto.fr\/index.php?rest_route=\/wp\/v2\/posts\/18032"}],"collection":[{"href":"https:\/\/lignesauto.fr\/index.php?rest_route=\/wp\/v2\/posts"}],"about":[{"href":"https:\/\/lignesauto.fr\/index.php?rest_route=\/wp\/v2\/types\/post"}],"author":[{"embeddable":true,"href":"https:\/\/lignesauto.fr\/index.php?rest_route=\/wp\/v2\/users\/1"}],"replies":[{"embeddable":true,"href":"https:\/\/lignesauto.fr\/index.php?rest_route=%2Fwp%2Fv2%2Fcomments&post=18032"}],"version-history":[{"count":8,"href":"https:\/\/lignesauto.fr\/index.php?rest_route=\/wp\/v2\/posts\/18032\/revisions"}],"predecessor-version":[{"id":18041,"href":"https:\/\/lignesauto.fr\/index.php?rest_route=\/wp\/v2\/posts\/18032\/revisions\/18041"}],"wp:featuredmedia":[{"embeddable":true,"href":"https:\/\/lignesauto.fr\/index.php?rest_route=\/wp\/v2\/media\/18036"}],"wp:attachment":[{"href":"https:\/\/lignesauto.fr\/index.php?rest_route=%2Fwp%2Fv2%2Fmedia&parent=18032"}],"wp:term":[{"taxonomy":"category","embeddable":true,"href":"https:\/\/lignesauto.fr\/index.php?rest_route=%2Fwp%2Fv2%2Fcategories&post=18032"},{"taxonomy":"post_tag","embeddable":true,"href":"https:\/\/lignesauto.fr\/index.php?rest_route=%2Fwp%2Fv2%2Ftags&post=18032"}],"curies":[{"name":"wp","href":"https:\/\/api.w.org\/{rel}","templated":true}]}}