{"id":18046,"date":"2020-09-05T06:49:00","date_gmt":"2020-09-05T04:49:00","guid":{"rendered":"http:\/\/lignesauto.fr\/?p=18046"},"modified":"2022-10-13T08:28:51","modified_gmt":"2022-10-13T06:28:51","slug":"la-longue-interview-axel-breun-alpine-hier-aujourdhui-et-demain","status":"publish","type":"post","link":"https:\/\/lignesauto.fr\/?p=18046","title":{"rendered":"La longue interview &#8211; Axel Breun : Alpine, hier, aujourd&#8217;hui et demain."},"content":{"rendered":"\n<p style=\"font-size:18px\">Axel Breun dessine des Renault depuis 1987, et plus particuli\u00e8rement, des&#8230; Alpine ! De designer \u00e0 responsable du design des concept-cars, en passant par responsable du design Renault-Sport, qui mieux que lui pouvait nous parler des Alpine d&#8217;hier, d\u2019aujourd\u2019hui, et de celles qu&#8217;il aimerait pour demain ?<\/p>\n\n\n\n<figure class=\"wp-block-image size-large\"><img loading=\"lazy\" decoding=\"async\" width=\"1024\" height=\"367\" src=\"http:\/\/lignesauto.fr\/wp-content\/uploads\/2018\/10\/LOGOActus_BD-1024x367.jpg\" alt=\"\" class=\"wp-image-4921\" srcset=\"https:\/\/lignesauto.fr\/wp-content\/uploads\/2018\/10\/LOGOActus_BD-1024x367.jpg 1024w, https:\/\/lignesauto.fr\/wp-content\/uploads\/2018\/10\/LOGOActus_BD-300x108.jpg 300w, https:\/\/lignesauto.fr\/wp-content\/uploads\/2018\/10\/LOGOActus_BD-768x276.jpg 768w, https:\/\/lignesauto.fr\/wp-content\/uploads\/2018\/10\/LOGOActus_BD-370x133.jpg 370w, https:\/\/lignesauto.fr\/wp-content\/uploads\/2018\/10\/LOGOActus_BD-1040x373.jpg 1040w, https:\/\/lignesauto.fr\/wp-content\/uploads\/2018\/10\/LOGOActus_BD.jpg 1240w\" sizes=\"(max-width: 1024px) 100vw, 1024px\" \/><\/figure>\n\n\n\n<p style=\"font-size:18px\">Alpine n&#8217;est pas mort. L&#8217;A110 continuera d&#8217;\u00eatre produite au moins deux ans. Et de son c\u00f4t\u00e9, le nouveau patron Luca de Meo a int\u00e9gr\u00e9 cette marque au c\u0153ur des quatre entit\u00e9s du futur de Renault : Dacia, Renault et une nouvelle marque pour les v\u00e9hicules de mobilit\u00e9s du futur. Jean-Dominique Senard, avait annonc\u00e9 le vendredi 29 mai qu&#8217;il existe au sein du site de Dieppe, &#8220;<em>une incroyable comp\u00e9tence<\/em>&#8220;. Il va donc falloir revaloriser l&#8217;usine. &#8220;<em>Alpine est une marque magnifique, mais continuer ainsi ne serait pas une situation sereine<\/em>&#8220;.<\/p>\n\n\n\n<figure class=\"wp-block-image size-large\"><img loading=\"lazy\" decoding=\"async\" width=\"1024\" height=\"635\" src=\"http:\/\/lignesauto.fr\/wp-content\/uploads\/2020\/05\/A_05-1024x635.png\" alt=\"\" class=\"wp-image-18061\" srcset=\"https:\/\/lignesauto.fr\/wp-content\/uploads\/2020\/05\/A_05-1024x635.png 1024w, https:\/\/lignesauto.fr\/wp-content\/uploads\/2020\/05\/A_05-300x186.png 300w, https:\/\/lignesauto.fr\/wp-content\/uploads\/2020\/05\/A_05-768x476.png 768w, https:\/\/lignesauto.fr\/wp-content\/uploads\/2020\/05\/A_05.png 1417w\" sizes=\"(max-width: 1024px) 100vw, 1024px\" \/><\/figure>\n\n\n\n<p style=\"font-size:18px\">L&#8217;A110 devrait rester au moins deux ans \u00e0 Dieppe. Pour la suite, il faut attendre le discours de Luca de Meo pr\u00e9vu d\u00e9but janvier 2021. On peut imaginer une recherche pour rendre perenne la marque Alpine (sur un autre site ?), sans doute avec un v\u00e9hicule reposant sur la plateforme Nissan EV, puisque Renault a annonc\u00e9 vouloir &#8220;moins de diversit\u00e9&#8221; et un passage de 13 \u00e0 4 plateformes d&#8217;ici \u00e0 2026 pour l&#8217;Alliance.<\/p>\n\n\n\n<figure class=\"wp-block-image size-large\"><img loading=\"lazy\" decoding=\"async\" width=\"1024\" height=\"683\" src=\"http:\/\/lignesauto.fr\/wp-content\/uploads\/2020\/05\/2017-Fabrication-de-lAlpine-A110-lusine-de-Dieppe-2-1024x683.jpg\" alt=\"\" class=\"wp-image-18082\" srcset=\"https:\/\/lignesauto.fr\/wp-content\/uploads\/2020\/05\/2017-Fabrication-de-lAlpine-A110-lusine-de-Dieppe-2-1024x683.jpg 1024w, https:\/\/lignesauto.fr\/wp-content\/uploads\/2020\/05\/2017-Fabrication-de-lAlpine-A110-lusine-de-Dieppe-2-300x200.jpg 300w, https:\/\/lignesauto.fr\/wp-content\/uploads\/2020\/05\/2017-Fabrication-de-lAlpine-A110-lusine-de-Dieppe-2-768x512.jpg 768w, https:\/\/lignesauto.fr\/wp-content\/uploads\/2020\/05\/2017-Fabrication-de-lAlpine-A110-lusine-de-Dieppe-2.jpg 1417w\" sizes=\"(max-width: 1024px) 100vw, 1024px\" \/><\/figure>\n\n\n\n<p style=\"font-size:18px\">Pour &#8220;comprendre&#8221; Alpine et plus particuli\u00e8rement l&#8217;aspect produit-design qui nous int\u00e9resse plus particuli\u00e8rement, nous avons interview\u00e9 Axel Breun, auteur du concept-car A110-50 (ci-dessous) anniversaire, mais aussi acteur de tous les projets de renaissance de la Berlinette, que ce soit comme designer ou comme manager.<\/p>\n\n\n\n<figure class=\"wp-block-image size-large\"><img loading=\"lazy\" decoding=\"async\" width=\"1024\" height=\"703\" src=\"http:\/\/lignesauto.fr\/wp-content\/uploads\/2020\/05\/LIGNESAXEL-1024x703.png\" alt=\"\" class=\"wp-image-18088\" srcset=\"https:\/\/lignesauto.fr\/wp-content\/uploads\/2020\/05\/LIGNESAXEL-1024x703.png 1024w, https:\/\/lignesauto.fr\/wp-content\/uploads\/2020\/05\/LIGNESAXEL-300x206.png 300w, https:\/\/lignesauto.fr\/wp-content\/uploads\/2020\/05\/LIGNESAXEL-768x527.png 768w, https:\/\/lignesauto.fr\/wp-content\/uploads\/2020\/05\/LIGNESAXEL.png 1417w\" sizes=\"(max-width: 1024px) 100vw, 1024px\" \/><\/figure>\n\n\n\n<p style=\"font-size:18px\">Axel Breun a \u00e9t\u00e9 embauch\u00e9 chez Volkswagen par Patrick le Qu\u00e9ment. Lorsque ce dernier quitte VW pour Renault en 1987, Axel le suit et est, depuis, rest\u00e9 fid\u00e8le \u00e0 Renault, que ce soit avec Le Qu\u00e9ment ou, \u00e0 partir de 2009, avec Laurens van den Acker.<br><strong>LIGNES\/auto : Donc, Alpine, \u00e7a vous parle !<\/strong><br>Axel Breun : &#8220;Comme tous les jeunes allemands, la Coccinelle a \u00e9t\u00e9 ma premi\u00e8re voiture, mais d\u00e8s l&#8217;\u00e2ge de 20 ans, je me suis offert une A110 ! Je n&#8217;ai pas fait de comp\u00e9tition avec mais j&#8217;ai quand m\u00eame r\u00e9ussi \u00e0 l&#8217;abimer un peu ! Par la suite, j&#8217;ai eu l&#8217;occasion de conduire une A310 V6, car j\u2019adorais son design. Mais j\u2019ai trouv\u00e9 le moteur un peu mou. J&#8217;avais imagin\u00e9 une sportive comme la Berlinette, mais c&#8217;\u00e9tait finalement une Grand Tourisme trop confortable pour moi. Mais aujourd&#8217;hui, \u00e0 mon \u00e2ge, je pense que je l&#8217;adorerais !&#8221;<\/p>\n\n\n\n<figure class=\"wp-block-image size-large\"><img loading=\"lazy\" decoding=\"async\" width=\"1024\" height=\"814\" src=\"http:\/\/lignesauto.fr\/wp-content\/uploads\/2020\/05\/A_000-1024x814.jpg\" alt=\"\" class=\"wp-image-18092\" srcset=\"https:\/\/lignesauto.fr\/wp-content\/uploads\/2020\/05\/A_000-1024x814.jpg 1024w, https:\/\/lignesauto.fr\/wp-content\/uploads\/2020\/05\/A_000-300x238.jpg 300w, https:\/\/lignesauto.fr\/wp-content\/uploads\/2020\/05\/A_000-768x610.jpg 768w, https:\/\/lignesauto.fr\/wp-content\/uploads\/2020\/05\/A_000.jpg 1417w\" sizes=\"(max-width: 1024px) 100vw, 1024px\" \/><\/figure>\n\n\n\n<p style=\"font-size:18px\">Axel Breun a suivi Le Qu\u00e9ment chez Renault avec la ferme intention de donner naissance \u00e0 la Berlinette des ann\u00e9es 2000. Il a \u00e9t\u00e9 l&#8217;un des trois designers sur le projet W71 de la fin des ann\u00e9es 1980. Apr\u00e8s le W71 abandonn\u00e9, le Z11 (ci-dessous) prend la suite avec l&#8217;esp\u00e9rance d&#8217;une pr\u00e9sentation \u00e0 Gen\u00e8ve en 2001. Axel est encore de la partie, mais c&#8217;est le projet de Nicolas Dortindeguey qui est retenu. Le concept-car est pr\u00eat pour Gen\u00e8ve 2001, mais Louis Schweitzer le bloque au dernier moment. <\/p>\n\n\n\n<figure class=\"wp-block-image size-large\"><img loading=\"lazy\" decoding=\"async\" width=\"1024\" height=\"729\" src=\"http:\/\/lignesauto.fr\/wp-content\/uploads\/2020\/05\/AXELBREUNELIGNESAUTO_01-1024x729.jpg\" alt=\"\" class=\"wp-image-18066\" srcset=\"https:\/\/lignesauto.fr\/wp-content\/uploads\/2020\/05\/AXELBREUNELIGNESAUTO_01-1024x729.jpg 1024w, https:\/\/lignesauto.fr\/wp-content\/uploads\/2020\/05\/AXELBREUNELIGNESAUTO_01-300x214.jpg 300w, https:\/\/lignesauto.fr\/wp-content\/uploads\/2020\/05\/AXELBREUNELIGNESAUTO_01-768x547.jpg 768w, https:\/\/lignesauto.fr\/wp-content\/uploads\/2020\/05\/AXELBREUNELIGNESAUTO_01.jpg 1417w\" sizes=\"(max-width: 1024px) 100vw, 1024px\" \/><\/figure>\n\n\n\n<p style=\"font-size:18px\">Quatre ans apr\u00e8s, en 2005, Axel Breun est \u00e9galement sur le projet d&#8217;un petit SUV 2+2 places \u00e0 moteur central arri\u00e8re pour Renault-Sport. Ce projet W16 n&#8217;a pas plus de succ\u00e8s, malgr\u00e9 un joli dessin du designer Antony Villain qui enfantera, dix ans plus tard, la nouvelle berline de 2017. Enfin ! Mais avant cette renaissance, il y eut encore un essai supervis\u00e9 par Axel : celui d&#8217;une Berlinette sur la base de la Nissan Z (d\u00e9tail ci-dessous). Avec moteur avant, donc&#8230; Bref, Alpine et Axel Breun, c&#8217;est une histoire passion.<\/p>\n\n\n\n<figure class=\"wp-block-image size-large\"><img loading=\"lazy\" decoding=\"async\" width=\"1024\" height=\"683\" src=\"http:\/\/lignesauto.fr\/wp-content\/uploads\/2020\/05\/04-1024x683.jpg\" alt=\"\" class=\"wp-image-18070\" srcset=\"https:\/\/lignesauto.fr\/wp-content\/uploads\/2020\/05\/04-1024x683.jpg 1024w, https:\/\/lignesauto.fr\/wp-content\/uploads\/2020\/05\/04-300x200.jpg 300w, https:\/\/lignesauto.fr\/wp-content\/uploads\/2020\/05\/04-768x512.jpg 768w, https:\/\/lignesauto.fr\/wp-content\/uploads\/2020\/05\/04.jpg 1417w\" sizes=\"(max-width: 1024px) 100vw, 1024px\" \/><figcaption>Usine Alpine \u00e0 Dieppe avant l&#8217;arriv\u00e9e de l&#8217;A310.<\/figcaption><\/figure>\n\n\n\n<p style=\"font-size:18px\"><strong>LIGNES\/auto : l&#8217;usine de Dieppe en sursis, \u00e7a vous peine ?<\/strong><br>Axel Breun : &#8220;Au lieu de parler d\u2019un sursis, je parlerais plut\u00f4t d\u2019un atout ! Au del\u00e0 d&#8217;une gamme accessible et abordable avec Dacia parfaitement int\u00e9gr\u00e9e dans notre portfolio, c&#8217;est Alpine, avec ses produits et son ADN, qui repr\u00e9sente une partie de l\u2019avenir de l\u2019automobile \u00e0 d\u00e9velopper. A savoir, la recherche vers la l\u00e9g\u00e8ret\u00e9, mais aussi vers une vraie a\u00e9rodynamique &#8211; le contraire d\u2019un SUV &#8211; et surtout, l\u2019attractivit\u00e9 et la diversit\u00e9. D\u00e8s lors, il faut miser sur le long terme pour une garantie de rentabilit\u00e9. Encore plus dans cette p\u00e9riode de l&#8217;apr\u00e8s Covid-19, car les gens vont d\u00e9penser moins dans les voyages au long cours et plus dans d\u2019autres plaisirs, je pense notamment aux cabriolets compacts&#8230; \u00e9lectriques ou hybrides.&#8221;<\/p>\n\n\n\n<figure class=\"wp-block-image size-large\"><img loading=\"lazy\" decoding=\"async\" width=\"1024\" height=\"683\" src=\"http:\/\/lignesauto.fr\/wp-content\/uploads\/2020\/05\/2017-Fabrication-de-lAlpine-A110-lusine-de-Dieppe-1024x683.jpg\" alt=\"\" class=\"wp-image-18074\" srcset=\"https:\/\/lignesauto.fr\/wp-content\/uploads\/2020\/05\/2017-Fabrication-de-lAlpine-A110-lusine-de-Dieppe-1024x683.jpg 1024w, https:\/\/lignesauto.fr\/wp-content\/uploads\/2020\/05\/2017-Fabrication-de-lAlpine-A110-lusine-de-Dieppe-300x200.jpg 300w, https:\/\/lignesauto.fr\/wp-content\/uploads\/2020\/05\/2017-Fabrication-de-lAlpine-A110-lusine-de-Dieppe-768x512.jpg 768w, https:\/\/lignesauto.fr\/wp-content\/uploads\/2020\/05\/2017-Fabrication-de-lAlpine-A110-lusine-de-Dieppe.jpg 1417w\" sizes=\"(max-width: 1024px) 100vw, 1024px\" \/><\/figure>\n\n\n\n<p style=\"font-size:18px\"><strong>Mais une Alpine construite ailleurs qu&#8217;\u00e0 Dieppe, est-ce imaginable ?<\/strong><br>A.B. : &#8220;Construire ailleurs qu&#8217;\u00e0 Dieppe, c&#8217;est imaginable mais franchement, je suis convaincu que le site peut jouer un r\u00f4le &#8220;d\u2019usine pilote&#8221;, avec toute son exp\u00e9rience d\u00e9j\u00e0 acquise dans la construction d\u2019une voiture l\u00e9g\u00e8re. Ajoutons-y notre savoir faire dans l&#8217;hybride et l&#8217;\u00e9lectrique, et vous avez un joli cocktail !&#8221;<\/p>\n\n\n\n<p style=\"font-size:18px\"><strong>Je vous donne une baguette magique : vous faites quoi de l&#8217;usine de Dieppe ?<\/strong><br>A.B. : &#8220;Je d\u00e9velopperais Dieppe et sa r\u00e9gion comme un vrai &#8220;parc d\u2019exp\u00e9rience&#8221; pour nos clients, avec piste d\u2019essais &#8220;course&#8221;, &#8220;off-road&#8221;&#8230; J\u2019invite le Marketing de Renault \u00e0 regarder ce que Porsche est en train de r\u00e9aliser \u00e0 Hockenheim, en Allemagne avec des structures capables d&#8217;accueillir des rendez-vous de clubs, un peu comme en Angleterre, des \u00e9v\u00e9nements et des essais de la gamme. Porsche est conscient, comme d&#8217;autres constructeurs allemands que les limitations de vitesses finiront par arriver en Allemagne.&#8221;<\/p>\n\n\n\n<figure class=\"wp-block-image size-large\"><img loading=\"lazy\" decoding=\"async\" width=\"1024\" height=\"694\" src=\"http:\/\/lignesauto.fr\/wp-content\/uploads\/2020\/05\/B_-1024x694.jpg\" alt=\"\" class=\"wp-image-18081\" srcset=\"https:\/\/lignesauto.fr\/wp-content\/uploads\/2020\/05\/B_-1024x694.jpg 1024w, https:\/\/lignesauto.fr\/wp-content\/uploads\/2020\/05\/B_-300x203.jpg 300w, https:\/\/lignesauto.fr\/wp-content\/uploads\/2020\/05\/B_-768x520.jpg 768w, https:\/\/lignesauto.fr\/wp-content\/uploads\/2020\/05\/B_.jpg 1417w\" sizes=\"(max-width: 1024px) 100vw, 1024px\" \/><\/figure>\n\n\n\n<p style=\"font-size:18px\"><strong>Porsche a semble-t-il \u00e9t\u00e9 tr\u00e8s int\u00e9ress\u00e9 par la Berlinette !<\/strong><br>A.B. &#8220;Oui, bien s\u00fbr, et pas seulement les experts de la concurrence qui consid\u00e8re l&#8217;A110 comme un v\u00e9ritable bijou. Mes coll\u00e8gues designers chez Porsche savent aussi que c&#8217;est une belle direction \u00e0 prendre pour concevoir la sportive de demain. Ils r\u00eavent eux aussi d\u2019une petite compacte sportive.&#8221;<\/p>\n\n\n\n<figure class=\"wp-block-image size-large\"><img loading=\"lazy\" decoding=\"async\" width=\"1024\" height=\"741\" src=\"http:\/\/lignesauto.fr\/wp-content\/uploads\/2020\/05\/A-1024x741.png\" alt=\"\" class=\"wp-image-18075\" srcset=\"https:\/\/lignesauto.fr\/wp-content\/uploads\/2020\/05\/A-1024x741.png 1024w, https:\/\/lignesauto.fr\/wp-content\/uploads\/2020\/05\/A-300x217.png 300w, https:\/\/lignesauto.fr\/wp-content\/uploads\/2020\/05\/A-768x556.png 768w, https:\/\/lignesauto.fr\/wp-content\/uploads\/2020\/05\/A.png 1417w\" sizes=\"(max-width: 1024px) 100vw, 1024px\" \/><\/figure>\n\n\n\n<p style=\"font-size:18px\"><strong>L&#8217;Allemagne est un pays de vitesse, de passion et d&#8217;une certaine culture automobile. Imaginable en France ?<\/strong><br>A.B. : &#8220;L\u2019industrie automobile fran\u00e7aise n\u2019a jamais compris le levier culturel de l\u2019automobile. Regardez l&#8217;exemple des mus\u00e9es automobiles qui sont tr\u00e8s d\u00e9velopp\u00e9s en Allemagne, et quasi inexistants en France, \u00e0 mon grand regret. En Allemagne, l&#8217;int\u00e9r\u00eat pour l\u2019automobile passe par l\u2019\u00e9ducation, avec notamment des visites des \u00e9coles primaires \u00e0 Munich, Stuttgart ou Zuffenhausen par exemple.&#8221; <strong>Mus\u00e9e Porsche ci-dessous<\/strong><\/p>\n\n\n\n<figure class=\"wp-block-image size-large\"><img loading=\"lazy\" decoding=\"async\" width=\"1024\" height=\"683\" src=\"http:\/\/lignesauto.fr\/wp-content\/uploads\/2020\/05\/P09_0622_a4-1024x683.jpg\" alt=\"\" class=\"wp-image-18076\" srcset=\"https:\/\/lignesauto.fr\/wp-content\/uploads\/2020\/05\/P09_0622_a4-1024x683.jpg 1024w, https:\/\/lignesauto.fr\/wp-content\/uploads\/2020\/05\/P09_0622_a4-300x200.jpg 300w, https:\/\/lignesauto.fr\/wp-content\/uploads\/2020\/05\/P09_0622_a4-768x512.jpg 768w, https:\/\/lignesauto.fr\/wp-content\/uploads\/2020\/05\/P09_0622_a4.jpg 1417w\" sizes=\"(max-width: 1024px) 100vw, 1024px\" \/><\/figure>\n\n\n\n<p style=\"font-size:18px\"><strong>Vous \u00e9tiez responsable du design concept-car lorsque le concept Captur a \u00e9t\u00e9 r\u00e9v\u00e9l\u00e9 en 2011. C&#8217;\u00e9tait une vraie Alpine coup\u00e9 SUV !<\/strong><br>A.B. : &#8220;Ah! le concept Captur ! Bien entendu, dans notre programme de concept-cars, la fameuse marguerite de Laurens van den Acker, nous r\u00eavions d\u2019une petite Alpine SUV: athl\u00e9tique, sportive, l\u00e9g\u00e8re&#8230; Nous avons mis ces ingr\u00e9dients dans notre concept-car Captur de Gen\u00e8ve 2011! C&#8217;\u00e9tait d\u00e9j\u00e0 le cas pour le premier concept-car de l&#8217;\u00e8re van den Acker, DeZir. Mais notre management \u00e9tait plut\u00f4t hostile \u00e0 nos envies, et il nous \u00e9tait impossible de pr\u00e9senter DeZir ou Captur avec un logo Alpine. C&#8217;\u00e9tait trop t\u00f4t. Alors j&#8217;ai pu  corriger le tir sur le concept-car A110-50 et sur DeZir, mais franchement, le concept Captur a gard\u00e9 les g\u00e8nes d\u2019une Alpine : regardez bien la partie lunette-toit-custode et ses d\u00e9coupages, typiques de la marque !&#8221;<\/p>\n\n\n\n<figure class=\"wp-block-image size-large\"><img loading=\"lazy\" decoding=\"async\" width=\"1024\" height=\"452\" src=\"http:\/\/lignesauto.fr\/wp-content\/uploads\/2020\/05\/A_08-1024x452.jpg\" alt=\"\" class=\"wp-image-18077\" srcset=\"https:\/\/lignesauto.fr\/wp-content\/uploads\/2020\/05\/A_08-1024x452.jpg 1024w, https:\/\/lignesauto.fr\/wp-content\/uploads\/2020\/05\/A_08-300x132.jpg 300w, https:\/\/lignesauto.fr\/wp-content\/uploads\/2020\/05\/A_08-768x339.jpg 768w, https:\/\/lignesauto.fr\/wp-content\/uploads\/2020\/05\/A_08.jpg 1417w\" sizes=\"(max-width: 1024px) 100vw, 1024px\" \/><\/figure>\n\n\n\n<p style=\"font-size:18px\"><strong>Qui a sign\u00e9 le style de la &#8220;vraie-fausse&#8221; Alpine Captur ?<\/strong><br>A.B. : &#8220;Captur a \u00e9t\u00e9 dessin\u00e9 par un jeune et talentueux designer, Julio Lozano qui est aujourd\u2019hui chez Audi. C&#8217;est dommage parce que contrairement \u00e0 ce disent souvent les managers, je ne crois pas que tout le monde est rempla\u00e7able !&#8221;<\/p>\n\n\n\n<figure class=\"wp-block-image size-large\"><img loading=\"lazy\" decoding=\"async\" width=\"1024\" height=\"549\" src=\"http:\/\/lignesauto.fr\/wp-content\/uploads\/2020\/05\/AXELBREUNLIGNESAUTO_101-1024x549.png\" alt=\"\" class=\"wp-image-18078\" srcset=\"https:\/\/lignesauto.fr\/wp-content\/uploads\/2020\/05\/AXELBREUNLIGNESAUTO_101-1024x549.png 1024w, https:\/\/lignesauto.fr\/wp-content\/uploads\/2020\/05\/AXELBREUNLIGNESAUTO_101-300x161.png 300w, https:\/\/lignesauto.fr\/wp-content\/uploads\/2020\/05\/AXELBREUNLIGNESAUTO_101-768x412.png 768w, https:\/\/lignesauto.fr\/wp-content\/uploads\/2020\/05\/AXELBREUNLIGNESAUTO_101.png 1417w\" sizes=\"(max-width: 1024px) 100vw, 1024px\" \/><\/figure>\n\n\n\n<p style=\"font-size:18px\"><strong>Il y aurait deux possibilit\u00e9s pour l&#8217;avenir de la Berlinette : \u00eatre produite ailleurs, ou dispara\u00eetre en 2022-2023 pour laisser place \u00e0 un SUV coup\u00e9 \u00e9lectrique. Vous la verriez comment la gamme Alpine de demain ?<\/strong><br>A.B. : &#8220;D&#8217;abord, une gamme plus internationale gr\u00e2ce aux atouts de l&#8217;Alliance. Avec, c\u00f4t\u00e9 sport, une vraie voiture pour les 24H du Mans \u00e0 la place de notre engagement peu compr\u00e9hensible en F1 <em>(la pr\u00e9sence de Renault en F1 a \u00e9t\u00e9 confirm\u00e9e le vendredi 29 mai par la direction de Renault, NDA<\/em>). Ensuite, ce serait suicidaire d\u2019ignorer la mode des SUV\u2026 donc, oui pour un petit SUV Alpine hybride, type Captur. Mais pas seul ! Il faudrait absolument une Alpine A110 cabriolet, longtemps demand\u00e9e par le design et d\u00e9sir\u00e9e par de nombreux pays, notamment l&#8217;Allemagne. Il faut penser &#8220;plaisir&#8221; et moins &#8220;performance&#8221;, une orientation pas toujours comprise chez les passionn\u00e9s que j&#8217;adore au demeurant !&#8221;<\/p>\n\n\n\n<figure class=\"wp-block-image size-large\"><img loading=\"lazy\" decoding=\"async\" width=\"676\" height=\"338\" src=\"http:\/\/lignesauto.fr\/wp-content\/uploads\/2020\/05\/LIGNESDEMEO.jpg\" alt=\"\" class=\"wp-image-18079\" srcset=\"https:\/\/lignesauto.fr\/wp-content\/uploads\/2020\/05\/LIGNESDEMEO.jpg 676w, https:\/\/lignesauto.fr\/wp-content\/uploads\/2020\/05\/LIGNESDEMEO-300x150.jpg 300w\" sizes=\"(max-width: 676px) 100vw, 676px\" \/><\/figure>\n\n\n\n<p style=\"font-size:18px\"><strong>Renault le vendredi 29 mai a laiss\u00e9 planer beaucoup de zones d&#8217;ombre concernant le plan produit. La marque attend son nouveau directeur, Luca de Meo (ci-dessus) en juillet. Son arriv\u00e9e est une bonne nouvelle ?<\/strong><br>A.B. : &#8221; Luca de Meo est un amoureux de l&#8217;automobile. Je reste optimiste car cela me fait penser \u00e0 l&#8217;arriv\u00e9e au design de Laurens van den Acker qui a permis des changements. Et puis rien ne dit que Luca de Meo ne remettra pas en cause certaines d\u00e9cisions couch\u00e9es aujourd&#8217;hui sur le papier. Cela peut \u00eatre une bonne nouvelle pour Alpine !&#8221;<\/p>\n\n\n\n<p><strong>RETROUVEZ TOUS LES PROJETS ALPINE (W71, Z11, W16, W19&#8230;) DANS LE LIVRE &#8220;CONCEPT-CARS ET PROTOTYPES D\u2019\u00c9TUDES RENAULT&#8221; DISPONIBLE FIN JUIN SUR LE SITE BJB \u00c9DITIONS (VOIR DANS NOTRE MENU L&#8217;ONGLET D\u00c9DI\u00c9)<\/strong><\/p>\n\n\n\n<figure class=\"wp-block-image size-large\"><img loading=\"lazy\" decoding=\"async\" width=\"1024\" height=\"773\" src=\"http:\/\/lignesauto.fr\/wp-content\/uploads\/2020\/04\/UNERENAULTBJB-1024x773.png\" alt=\"\" class=\"wp-image-17181\" srcset=\"https:\/\/lignesauto.fr\/wp-content\/uploads\/2020\/04\/UNERENAULTBJB-1024x773.png 1024w, https:\/\/lignesauto.fr\/wp-content\/uploads\/2020\/04\/UNERENAULTBJB-300x226.png 300w, https:\/\/lignesauto.fr\/wp-content\/uploads\/2020\/04\/UNERENAULTBJB-768x579.png 768w, https:\/\/lignesauto.fr\/wp-content\/uploads\/2020\/04\/UNERENAULTBJB.png 1417w\" sizes=\"(max-width: 1024px) 100vw, 1024px\" \/><\/figure>\n\n\n\n<figure class=\"wp-block-image\"><img decoding=\"async\" src=\"http:\/\/lignesauto.fr\/wp-content\/uploads\/2018\/10\/LOGOActus_BD-1024x367.jpg\" alt=\"L\u2019attribut alt de cette image est vide, son nom de fichier est LOGOActus_BD-1024x367.jpg.\"\/><\/figure>\n","protected":false},"excerpt":{"rendered":"<p>Axel Breun dessine des Renault depuis 1987, et plus particuli\u00e8rement, des&#8230; Alpine ! De designer \u00e0 responsable du design des concept-cars, en passant par responsable du design Renault-Sport, qui mieux que lui pouvait nous parler des Alpine d&#8217;hier, d\u2019aujourd\u2019hui, et de celles qu&#8217;il aimerait pour demain ? Alpine n&#8217;est pas [&hellip;]<\/p>\n","protected":false},"author":1,"featured_media":18064,"comment_status":"open","ping_status":"open","sticky":false,"template":"","format":"standard","meta":{"footnotes":""},"categories":[1],"tags":[],"_links":{"self":[{"href":"https:\/\/lignesauto.fr\/index.php?rest_route=\/wp\/v2\/posts\/18046"}],"collection":[{"href":"https:\/\/lignesauto.fr\/index.php?rest_route=\/wp\/v2\/posts"}],"about":[{"href":"https:\/\/lignesauto.fr\/index.php?rest_route=\/wp\/v2\/types\/post"}],"author":[{"embeddable":true,"href":"https:\/\/lignesauto.fr\/index.php?rest_route=\/wp\/v2\/users\/1"}],"replies":[{"embeddable":true,"href":"https:\/\/lignesauto.fr\/index.php?rest_route=%2Fwp%2Fv2%2Fcomments&post=18046"}],"version-history":[{"count":44,"href":"https:\/\/lignesauto.fr\/index.php?rest_route=\/wp\/v2\/posts\/18046\/revisions"}],"predecessor-version":[{"id":26433,"href":"https:\/\/lignesauto.fr\/index.php?rest_route=\/wp\/v2\/posts\/18046\/revisions\/26433"}],"wp:featuredmedia":[{"embeddable":true,"href":"https:\/\/lignesauto.fr\/index.php?rest_route=\/wp\/v2\/media\/18064"}],"wp:attachment":[{"href":"https:\/\/lignesauto.fr\/index.php?rest_route=%2Fwp%2Fv2%2Fmedia&parent=18046"}],"wp:term":[{"taxonomy":"category","embeddable":true,"href":"https:\/\/lignesauto.fr\/index.php?rest_route=%2Fwp%2Fv2%2Fcategories&post=18046"},{"taxonomy":"post_tag","embeddable":true,"href":"https:\/\/lignesauto.fr\/index.php?rest_route=%2Fwp%2Fv2%2Ftags&post=18046"}],"curies":[{"name":"wp","href":"https:\/\/api.w.org\/{rel}","templated":true}]}}