{"id":18120,"date":"2020-06-09T07:30:00","date_gmt":"2020-06-09T05:30:00","guid":{"rendered":"http:\/\/lignesauto.fr\/?p=18120"},"modified":"2020-06-11T16:07:02","modified_gmt":"2020-06-11T14:07:02","slug":"decrpytage-du-design-de-la-nouvelle-bmw-serie-4-coupe","status":"publish","type":"post","link":"https:\/\/lignesauto.fr\/?p=18120","title":{"rendered":"D\u00e9crpytage du design de la nouvelle BMW S\u00e9rie 4 coup\u00e9"},"content":{"rendered":"\n<figure class=\"wp-block-image size-large is-resized\"><img loading=\"lazy\" decoding=\"async\" src=\"http:\/\/lignesauto.fr\/wp-content\/uploads\/2018\/10\/LOGOActus_BD-1024x367.jpg\" alt=\"\" class=\"wp-image-4921\" width=\"475\" height=\"169\" srcset=\"https:\/\/lignesauto.fr\/wp-content\/uploads\/2018\/10\/LOGOActus_BD-1024x367.jpg 1024w, https:\/\/lignesauto.fr\/wp-content\/uploads\/2018\/10\/LOGOActus_BD-300x108.jpg 300w, https:\/\/lignesauto.fr\/wp-content\/uploads\/2018\/10\/LOGOActus_BD-370x133.jpg 370w, https:\/\/lignesauto.fr\/wp-content\/uploads\/2018\/10\/LOGOActus_BD-1040x373.jpg 1040w, https:\/\/lignesauto.fr\/wp-content\/uploads\/2018\/10\/LOGOActus_BD.jpg 1240w\" sizes=\"(max-width: 475px) 100vw, 475px\" \/><figcaption><br><\/figcaption><\/figure>\n\n\n\n<p style=\"font-size:18px\">Le voici enfin ce nouveau coup\u00e9 BMW S\u00e9rie 4. Il sera commercialis\u00e9 d\u00e8s octobre prochain avec deux physionomies distinctes, diff\u00e9renci\u00e9es par deux soft-nose sp\u00e9cifiques.<\/p>\n\n\n\n<figure class=\"wp-block-image size-large\"><img loading=\"lazy\" decoding=\"async\" width=\"1024\" height=\"684\" src=\"http:\/\/lignesauto.fr\/wp-content\/uploads\/2020\/05\/LIGNES_4_03-1024x684.png\" alt=\"\" class=\"wp-image-18124\" srcset=\"https:\/\/lignesauto.fr\/wp-content\/uploads\/2020\/05\/LIGNES_4_03-1024x684.png 1024w, https:\/\/lignesauto.fr\/wp-content\/uploads\/2020\/05\/LIGNES_4_03-300x200.png 300w, https:\/\/lignesauto.fr\/wp-content\/uploads\/2020\/05\/LIGNES_4_03-768x513.png 768w, https:\/\/lignesauto.fr\/wp-content\/uploads\/2020\/05\/LIGNES_4_03.png 1417w\" sizes=\"(max-width: 1024px) 100vw, 1024px\" \/><\/figure>\n\n\n\n<p style=\"font-size:18px\">Le nouveau venu offre un gabarit sup\u00e9rieur \u00e0 l&#8217;ancienne g\u00e9n\u00e9ration avec 4,76 m de longueur (+12 cm) et un empattement accru de plus de 4 cm (2,85 m). <\/p>\n\n\n\n<figure class=\"wp-block-image size-large\"><img loading=\"lazy\" decoding=\"async\" width=\"1024\" height=\"576\" src=\"http:\/\/lignesauto.fr\/wp-content\/uploads\/2020\/06\/B-1024x576.jpg\" alt=\"\" class=\"wp-image-18145\" srcset=\"https:\/\/lignesauto.fr\/wp-content\/uploads\/2020\/06\/B-1024x576.jpg 1024w, https:\/\/lignesauto.fr\/wp-content\/uploads\/2020\/06\/B-300x169.jpg 300w, https:\/\/lignesauto.fr\/wp-content\/uploads\/2020\/06\/B-768x432.jpg 768w, https:\/\/lignesauto.fr\/wp-content\/uploads\/2020\/06\/B.jpg 1417w\" sizes=\"(max-width: 1024px) 100vw, 1024px\" \/><\/figure>\n\n\n\n<h2 class=\"wp-block-heading\"><strong>SON DESIGN A LA LOUPE<\/strong><\/h2>\n\n\n\n<figure class=\"wp-block-image size-large\"><img loading=\"lazy\" decoding=\"async\" width=\"1024\" height=\"701\" src=\"http:\/\/lignesauto.fr\/wp-content\/uploads\/2020\/05\/LIGNES_4_01-1024x701.png\" alt=\"\" class=\"wp-image-18126\" srcset=\"https:\/\/lignesauto.fr\/wp-content\/uploads\/2020\/05\/LIGNES_4_01-1024x701.png 1024w, https:\/\/lignesauto.fr\/wp-content\/uploads\/2020\/05\/LIGNES_4_01-300x205.png 300w, https:\/\/lignesauto.fr\/wp-content\/uploads\/2020\/05\/LIGNES_4_01-768x526.png 768w, https:\/\/lignesauto.fr\/wp-content\/uploads\/2020\/05\/LIGNES_4_01.png 1417w\" sizes=\"(max-width: 1024px) 100vw, 1024px\" \/><\/figure>\n\n\n\n<p style=\"font-size:18px\"><strong>Ci-dessus, le travail d\u00e9sormais &#8220;classique&#8221; du capot chez BMW.<\/strong><br>On retrouve toujours les m\u00eames th\u00e8mes esth\u00e9tiques sur le travail du capot moteur chez BMW avec dans le cas de la S\u00e9rie 4 Coup\u00e9 de 2020 un pli suppl\u00e9mentaire (2) alors que la courbe (3) est habituelle et permet de resserrer les lignes sur la partie avant, tout en embarquant les lignes du capot vers le pied de pare-brise de mani\u00e8re \u00e9l\u00e9gante. Seule la ligne (1) se retrouve sur le soft-nose, \u00e9vitant ainsi les complications au niveau de l\u2019accouplement capot\/soft-nose.<\/p>\n\n\n\n<figure class=\"wp-block-image size-large\"><img loading=\"lazy\" decoding=\"async\" width=\"1024\" height=\"828\" src=\"http:\/\/lignesauto.fr\/wp-content\/uploads\/2020\/05\/LIGNES_4_101-1024x828.png\" alt=\"\" class=\"wp-image-18129\" srcset=\"https:\/\/lignesauto.fr\/wp-content\/uploads\/2020\/05\/LIGNES_4_101-1024x828.png 1024w, https:\/\/lignesauto.fr\/wp-content\/uploads\/2020\/05\/LIGNES_4_101-300x243.png 300w, https:\/\/lignesauto.fr\/wp-content\/uploads\/2020\/05\/LIGNES_4_101-768x621.png 768w, https:\/\/lignesauto.fr\/wp-content\/uploads\/2020\/05\/LIGNES_4_101.png 1417w\" sizes=\"(max-width: 1024px) 100vw, 1024px\" \/><\/figure>\n\n\n\n<p style=\"font-size:18px\">Ci-dessus, le double haricot de la calandre est r\u00e9alis\u00e9 en une seule pi\u00e8ce et une barre de couleur aluminium mat (1) les s\u00e9pare d\u00e9sormais. Dans le cercle, on devine la complexit\u00e9 de r\u00e9alisation du moule du soft-nose avec des d\u00e9coupes multiples et un travail qui tend \u00e0 mettre davantage en trois dimensions la fameuse calandre verticale.<\/p>\n\n\n\n<figure class=\"wp-block-image size-large\"><img loading=\"lazy\" decoding=\"async\" width=\"1024\" height=\"544\" src=\"http:\/\/lignesauto.fr\/wp-content\/uploads\/2020\/05\/LIGNES_4_04-1024x544.png\" alt=\"\" class=\"wp-image-18127\" srcset=\"https:\/\/lignesauto.fr\/wp-content\/uploads\/2020\/05\/LIGNES_4_04-1024x544.png 1024w, https:\/\/lignesauto.fr\/wp-content\/uploads\/2020\/05\/LIGNES_4_04-300x159.png 300w, https:\/\/lignesauto.fr\/wp-content\/uploads\/2020\/05\/LIGNES_4_04-768x408.png 768w, https:\/\/lignesauto.fr\/wp-content\/uploads\/2020\/05\/LIGNES_4_04.png 1417w\" sizes=\"(max-width: 1024px) 100vw, 1024px\" \/><\/figure>\n\n\n\n<p style=\"font-size:18px\">Ci-dessus, en \u00e9l\u00e9vation, le coup\u00e9 S\u00e9rie 4 de 2020 confirme paradoxalement une simplification du design. Aucune lignes marqu\u00e9es ou rainure imposante ne vient g\u00e2cher le style fluide et lisse des flancs. <\/p>\n\n\n\n<figure class=\"wp-block-image size-large\"><img loading=\"lazy\" decoding=\"async\" width=\"1024\" height=\"583\" src=\"http:\/\/lignesauto.fr\/wp-content\/uploads\/2020\/05\/LIGNES_4_100-1024x583.png\" alt=\"\" class=\"wp-image-18128\" srcset=\"https:\/\/lignesauto.fr\/wp-content\/uploads\/2020\/05\/LIGNES_4_100-1024x583.png 1024w, https:\/\/lignesauto.fr\/wp-content\/uploads\/2020\/05\/LIGNES_4_100-300x171.png 300w, https:\/\/lignesauto.fr\/wp-content\/uploads\/2020\/05\/LIGNES_4_100-768x437.png 768w, https:\/\/lignesauto.fr\/wp-content\/uploads\/2020\/05\/LIGNES_4_100.png 1417w\" sizes=\"(max-width: 1024px) 100vw, 1024px\" \/><\/figure>\n\n\n\n<p style=\"font-size:18px\">Ci-dessus : cette simplicit\u00e9 des flancs n&#8217;emp\u00eache pas un travail tr\u00e8s d\u00e9taill\u00e9s sur certaines lignes. En (1) on retrouve la ligne Hofmeister une fois encore retravaill\u00e9e et perdant peu \u00e0 peu de son caract\u00e8re d&#8217;origine. En (2), le galbe de l&#8217;aile est amen\u00e9 par une discr\u00e8te ligne franche venant de la partie avant. En (3), une autre ligne \u00e0 peine perceptible vient mourir dans le galbe de l&#8217;aile, sans artifice. Un d\u00e9tail vu notamment sur le concept-car Peugeot e-Legend. En (4), le galbe de l&#8217;aile est soutenu en partie sup\u00e9rieure par une autre ligne tr\u00e8s discr\u00e8te en provenance de la partie haute du c\u00f4t\u00e9 de caisse. C&#8217;est propre ! <\/p>\n\n\n\n<figure class=\"wp-block-image size-large\"><img loading=\"lazy\" decoding=\"async\" width=\"1024\" height=\"570\" src=\"http:\/\/lignesauto.fr\/wp-content\/uploads\/2020\/05\/BMW_03-1024x570.png\" alt=\"\" class=\"wp-image-18133\" srcset=\"https:\/\/lignesauto.fr\/wp-content\/uploads\/2020\/05\/BMW_03-1024x570.png 1024w, https:\/\/lignesauto.fr\/wp-content\/uploads\/2020\/05\/BMW_03-300x167.png 300w, https:\/\/lignesauto.fr\/wp-content\/uploads\/2020\/05\/BMW_03-768x428.png 768w, https:\/\/lignesauto.fr\/wp-content\/uploads\/2020\/05\/BMW_03-1536x855.png 1536w, https:\/\/lignesauto.fr\/wp-content\/uploads\/2020\/05\/BMW_03-2048x1140.png 2048w\" sizes=\"(max-width: 1024px) 100vw, 1024px\" \/><\/figure>\n\n\n\n<p style=\"font-size:18px\">Ci-dessus, la grande nouveaut\u00e9 du coup\u00e9 S\u00e9rie 4 de 2020 : on a l&#8217;impression que deux carrosseries sont propos\u00e9es, mais il s&#8217;agit en fait d&#8217;un changement du seul soft-nose. Cette pi\u00e8ce gigantesque (voir ci-dessous) permet d\u2019offrir deux visages au nouveau coup\u00e9. A gauche, la version dynamique &#8220;M Sport&#8221; et &#8220;M Sport Pro&#8221; avec une volont\u00e9 de mettre encore plus en avant la calandre verticale, et \u00e0 droite la version classique avec un dessin du soft-nose plus simple, moins tortur\u00e9.<\/p>\n\n\n\n<figure class=\"wp-block-image size-large\"><img loading=\"lazy\" decoding=\"async\" width=\"1024\" height=\"643\" src=\"http:\/\/lignesauto.fr\/wp-content\/uploads\/2020\/05\/LIGNES_4_02-1024x643.png\" alt=\"\" class=\"wp-image-18125\" srcset=\"https:\/\/lignesauto.fr\/wp-content\/uploads\/2020\/05\/LIGNES_4_02-1024x643.png 1024w, https:\/\/lignesauto.fr\/wp-content\/uploads\/2020\/05\/LIGNES_4_02-300x188.png 300w, https:\/\/lignesauto.fr\/wp-content\/uploads\/2020\/05\/LIGNES_4_02-768x482.png 768w, https:\/\/lignesauto.fr\/wp-content\/uploads\/2020\/05\/LIGNES_4_02.png 1417w\" sizes=\"(max-width: 1024px) 100vw, 1024px\" \/><\/figure>\n\n\n\n<p style=\"font-size:18px\">Ci-dessous, la version classique du coup\u00e9 S\u00e9rie 4 de 2020 conserve la m\u00eame calandre que celle du coup\u00e9 &#8220;M Sport&#8221; mais elle est totalement int\u00e9gr\u00e9 dans le large bouclier.<\/p>\n\n\n\n<figure class=\"wp-block-image size-large\"><img loading=\"lazy\" decoding=\"async\" width=\"1024\" height=\"644\" src=\"http:\/\/lignesauto.fr\/wp-content\/uploads\/2020\/05\/BMW_04-1024x644.png\" alt=\"\" class=\"wp-image-18136\" srcset=\"https:\/\/lignesauto.fr\/wp-content\/uploads\/2020\/05\/BMW_04-1024x644.png 1024w, https:\/\/lignesauto.fr\/wp-content\/uploads\/2020\/05\/BMW_04-300x189.png 300w, https:\/\/lignesauto.fr\/wp-content\/uploads\/2020\/05\/BMW_04-768x483.png 768w, https:\/\/lignesauto.fr\/wp-content\/uploads\/2020\/05\/BMW_04.png 1417w\" sizes=\"(max-width: 1024px) 100vw, 1024px\" \/><\/figure>\n\n\n\n<p style=\"font-size:18px\">Ci-dessous, la poupe du coup\u00e9 dans sa configuration &#8220;M Sport&#8221;. On retrouve la signature lumineuse des BMW contemporaines, inspir\u00e9e \u00e0 l&#8217;origine du concept-car BMW Efficient Dynamic qui a donn\u00e9 naissance \u00e0 la BMW i8.<\/p>\n\n\n\n<figure class=\"wp-block-image size-large\"><img loading=\"lazy\" decoding=\"async\" width=\"1024\" height=\"572\" src=\"http:\/\/lignesauto.fr\/wp-content\/uploads\/2020\/05\/LIGNES_4_05-1024x572.png\" alt=\"\" class=\"wp-image-18130\" srcset=\"https:\/\/lignesauto.fr\/wp-content\/uploads\/2020\/05\/LIGNES_4_05-1024x572.png 1024w, https:\/\/lignesauto.fr\/wp-content\/uploads\/2020\/05\/LIGNES_4_05-300x167.png 300w, https:\/\/lignesauto.fr\/wp-content\/uploads\/2020\/05\/LIGNES_4_05-768x429.png 768w, https:\/\/lignesauto.fr\/wp-content\/uploads\/2020\/05\/LIGNES_4_05.png 1417w\" sizes=\"(max-width: 1024px) 100vw, 1024px\" \/><\/figure>\n\n\n\n<p style=\"font-size:18px\">Le design de ce nouveau coup\u00e9 se r\u00e9sume en quelques mots : la caisse en elle m\u00eame est extr\u00eamement sobre, avec peu de ligne et des flancs travaill\u00e9s de volumes construits sans lignes marqu\u00e9es. A l&#8217;inverse, les boucliers sont extr\u00eamement agressifs, notamment dans la version &#8220;M Sport&#8221;. Le chaud et le froid en quelque sorte. Reste la question de l\u2019acceptation de cette \u00e9norme calandre verticale&#8230;<\/p>\n\n\n\n<figure class=\"wp-block-image size-large\"><img loading=\"lazy\" decoding=\"async\" width=\"1024\" height=\"576\" src=\"http:\/\/lignesauto.fr\/wp-content\/uploads\/2020\/06\/A-1024x576.jpg\" alt=\"\" class=\"wp-image-18148\" srcset=\"https:\/\/lignesauto.fr\/wp-content\/uploads\/2020\/06\/A-1024x576.jpg 1024w, https:\/\/lignesauto.fr\/wp-content\/uploads\/2020\/06\/A-300x169.jpg 300w, https:\/\/lignesauto.fr\/wp-content\/uploads\/2020\/06\/A-768x432.jpg 768w, https:\/\/lignesauto.fr\/wp-content\/uploads\/2020\/06\/A.jpg 1417w\" sizes=\"(max-width: 1024px) 100vw, 1024px\" \/><\/figure>\n\n\n\n<p style=\"font-size:18px\">Cette nouvelle BMW sera disponible avec deux moteurs essence (420i de 184 ch et M440i de 374 ch) et un diesel (420d de 190 ch). Le diesel six cylindres 430d de 286 ch sera disponible en mars 2021 en m\u00eame temps que la version M440d et son six cylindres diesel de 340 ch ! La technologie hybride douce avec l\u2019alterno d\u00e9marreur de 11 ch \u00e9quipe d\u00e9sormais tous les moteurs diesel et le six cylindres essence.<\/p>\n\n\n\n<figure class=\"wp-block-image size-large\"><img loading=\"lazy\" decoding=\"async\" width=\"1024\" height=\"580\" src=\"http:\/\/lignesauto.fr\/wp-content\/uploads\/2020\/06\/LIGNES_4_09-1024x580.png\" alt=\"\" class=\"wp-image-18169\" srcset=\"https:\/\/lignesauto.fr\/wp-content\/uploads\/2020\/06\/LIGNES_4_09-1024x580.png 1024w, https:\/\/lignesauto.fr\/wp-content\/uploads\/2020\/06\/LIGNES_4_09-300x170.png 300w, https:\/\/lignesauto.fr\/wp-content\/uploads\/2020\/06\/LIGNES_4_09-768x435.png 768w, https:\/\/lignesauto.fr\/wp-content\/uploads\/2020\/06\/LIGNES_4_09.png 1417w\" sizes=\"(max-width: 1024px) 100vw, 1024px\" \/><\/figure>\n\n\n\n<p class=\"has-medium-font-size\"><strong>LA BMW i8 PART AU MUS\u00c9E, C&#8217;EST ICI : <a href=\"http:\/\/lignesauto.fr\/?p=17928\">http:\/\/lignesauto.fr\/?p=17928<\/a><\/strong><\/p>\n\n\n\n<figure class=\"wp-block-image size-large\"><img loading=\"lazy\" decoding=\"async\" width=\"1024\" height=\"683\" src=\"http:\/\/lignesauto.fr\/wp-content\/uploads\/2020\/05\/LIGNES_8_205-1024x683.jpg\" alt=\"\" class=\"wp-image-17939\" srcset=\"https:\/\/lignesauto.fr\/wp-content\/uploads\/2020\/05\/LIGNES_8_205-1024x683.jpg 1024w, https:\/\/lignesauto.fr\/wp-content\/uploads\/2020\/05\/LIGNES_8_205-300x200.jpg 300w, https:\/\/lignesauto.fr\/wp-content\/uploads\/2020\/05\/LIGNES_8_205-768x512.jpg 768w, https:\/\/lignesauto.fr\/wp-content\/uploads\/2020\/05\/LIGNES_8_205.jpg 1417w\" sizes=\"(max-width: 1024px) 100vw, 1024px\" \/><\/figure>\n\n\n\n<p class=\"has-medium-font-size\"><strong>L&#8217;HISTOIRE DE LA CALANDRE BMW, C&#8217;EST ICI :<\/strong> <strong><a href=\"http:\/\/lignesauto.fr\/?p=13251\">http:\/\/lignesauto.fr\/?p=13251<\/a><\/strong><\/p>\n\n\n\n<figure class=\"wp-block-image size-large\"><img loading=\"lazy\" decoding=\"async\" width=\"1024\" height=\"683\" src=\"http:\/\/lignesauto.fr\/wp-content\/uploads\/2019\/04\/P90322150_highRes_bmw-vision-inext-des-1024x683.jpg\" alt=\"\" class=\"wp-image-9104\" srcset=\"https:\/\/lignesauto.fr\/wp-content\/uploads\/2019\/04\/P90322150_highRes_bmw-vision-inext-des-1024x683.jpg 1024w, https:\/\/lignesauto.fr\/wp-content\/uploads\/2019\/04\/P90322150_highRes_bmw-vision-inext-des-300x200.jpg 300w, https:\/\/lignesauto.fr\/wp-content\/uploads\/2019\/04\/P90322150_highRes_bmw-vision-inext-des-768x512.jpg 768w, https:\/\/lignesauto.fr\/wp-content\/uploads\/2019\/04\/P90322150_highRes_bmw-vision-inext-des-370x247.jpg 370w, https:\/\/lignesauto.fr\/wp-content\/uploads\/2019\/04\/P90322150_highRes_bmw-vision-inext-des-1040x694.jpg 1040w, https:\/\/lignesauto.fr\/wp-content\/uploads\/2019\/04\/P90322150_highRes_bmw-vision-inext-des.jpg 1417w\" sizes=\"(max-width: 1024px) 100vw, 1024px\" \/><\/figure>\n\n\n\n<figure class=\"wp-block-image is-resized\"><img loading=\"lazy\" decoding=\"async\" src=\"http:\/\/lignesauto.fr\/wp-content\/uploads\/2018\/10\/LOGOActus_BD-1024x367.jpg\" alt=\"L\u2019attribut alt de cette image est vide, son nom de fichier est LOGOActus_BD-1024x367.jpg.\" width=\"547\" height=\"195\"\/><\/figure>\n","protected":false},"excerpt":{"rendered":"<p>Le voici enfin ce nouveau coup\u00e9 BMW S\u00e9rie 4. Il sera commercialis\u00e9 d\u00e8s octobre prochain avec deux physionomies distinctes, diff\u00e9renci\u00e9es par deux soft-nose sp\u00e9cifiques. Le nouveau venu offre un gabarit sup\u00e9rieur \u00e0 l&#8217;ancienne g\u00e9n\u00e9ration avec 4,76 m de longueur (+12 cm) et un empattement accru de plus de 4 cm [&hellip;]<\/p>\n","protected":false},"author":1,"featured_media":18178,"comment_status":"open","ping_status":"open","sticky":false,"template":"","format":"standard","meta":{"footnotes":""},"categories":[1],"tags":[],"_links":{"self":[{"href":"https:\/\/lignesauto.fr\/index.php?rest_route=\/wp\/v2\/posts\/18120"}],"collection":[{"href":"https:\/\/lignesauto.fr\/index.php?rest_route=\/wp\/v2\/posts"}],"about":[{"href":"https:\/\/lignesauto.fr\/index.php?rest_route=\/wp\/v2\/types\/post"}],"author":[{"embeddable":true,"href":"https:\/\/lignesauto.fr\/index.php?rest_route=\/wp\/v2\/users\/1"}],"replies":[{"embeddable":true,"href":"https:\/\/lignesauto.fr\/index.php?rest_route=%2Fwp%2Fv2%2Fcomments&post=18120"}],"version-history":[{"count":33,"href":"https:\/\/lignesauto.fr\/index.php?rest_route=\/wp\/v2\/posts\/18120\/revisions"}],"predecessor-version":[{"id":18237,"href":"https:\/\/lignesauto.fr\/index.php?rest_route=\/wp\/v2\/posts\/18120\/revisions\/18237"}],"wp:featuredmedia":[{"embeddable":true,"href":"https:\/\/lignesauto.fr\/index.php?rest_route=\/wp\/v2\/media\/18178"}],"wp:attachment":[{"href":"https:\/\/lignesauto.fr\/index.php?rest_route=%2Fwp%2Fv2%2Fmedia&parent=18120"}],"wp:term":[{"taxonomy":"category","embeddable":true,"href":"https:\/\/lignesauto.fr\/index.php?rest_route=%2Fwp%2Fv2%2Fcategories&post=18120"},{"taxonomy":"post_tag","embeddable":true,"href":"https:\/\/lignesauto.fr\/index.php?rest_route=%2Fwp%2Fv2%2Ftags&post=18120"}],"curies":[{"name":"wp","href":"https:\/\/api.w.org\/{rel}","templated":true}]}}