{"id":18203,"date":"2020-06-04T11:27:16","date_gmt":"2020-06-04T09:27:16","guid":{"rendered":"http:\/\/lignesauto.fr\/?p=18203"},"modified":"2020-06-04T11:29:17","modified_gmt":"2020-06-04T09:29:17","slug":"archives-vw-quelle-est-lorigine-de-lappellation-golf","status":"publish","type":"post","link":"https:\/\/lignesauto.fr\/?p=18203","title":{"rendered":"ARCHIVES VW &#8211; D&#8217;o\u00f9 vient l&#8217;appellation &#8220;Golf&#8221; ?"},"content":{"rendered":"\n<figure class=\"wp-block-image size-large is-resized\"><img loading=\"lazy\" decoding=\"async\" src=\"http:\/\/lignesauto.fr\/wp-content\/uploads\/2018\/10\/LOGOArchives_BD-1024x367.jpg\" alt=\"\" class=\"wp-image-4925\" width=\"454\" height=\"162\" srcset=\"https:\/\/lignesauto.fr\/wp-content\/uploads\/2018\/10\/LOGOArchives_BD-1024x367.jpg 1024w, https:\/\/lignesauto.fr\/wp-content\/uploads\/2018\/10\/LOGOArchives_BD-300x108.jpg 300w, https:\/\/lignesauto.fr\/wp-content\/uploads\/2018\/10\/LOGOArchives_BD-768x276.jpg 768w, https:\/\/lignesauto.fr\/wp-content\/uploads\/2018\/10\/LOGOArchives_BD-370x133.jpg 370w, https:\/\/lignesauto.fr\/wp-content\/uploads\/2018\/10\/LOGOArchives_BD-1040x373.jpg 1040w, https:\/\/lignesauto.fr\/wp-content\/uploads\/2018\/10\/LOGOArchives_BD.jpg 1240w\" sizes=\"(max-width: 454px) 100vw, 454px\" \/><\/figure>\n\n\n\n<p style=\"font-size:18px\">Lorsqu\u2019en 1974 Volkswagen d\u00e9voile sa Golf, quelques mois apr\u00e8s les berline Passat et Coup\u00e9 Scirocco, les sp\u00e9cialistes des appellations sont surpris car des rumeurs en provenance m\u00eame du bureau directorial de la marque \u00e9voquaient plut\u00f4t les noms de Blizzard en r\u00e9f\u00e9rence aux vents (comme le choix pr\u00e9c\u00e9dent pour la Scirocco) et m\u00eame de Caribe.<\/p>\n\n\n\n<figure class=\"wp-block-image size-large\"><img loading=\"lazy\" decoding=\"async\" width=\"1024\" height=\"593\" src=\"http:\/\/lignesauto.fr\/wp-content\/uploads\/2020\/06\/Zuschnitt_3-1024x593.jpg\" alt=\"\" class=\"wp-image-18209\" srcset=\"https:\/\/lignesauto.fr\/wp-content\/uploads\/2020\/06\/Zuschnitt_3-1024x593.jpg 1024w, https:\/\/lignesauto.fr\/wp-content\/uploads\/2020\/06\/Zuschnitt_3-300x174.jpg 300w, https:\/\/lignesauto.fr\/wp-content\/uploads\/2020\/06\/Zuschnitt_3-768x445.jpg 768w, https:\/\/lignesauto.fr\/wp-content\/uploads\/2020\/06\/Zuschnitt_3.jpg 1417w\" sizes=\"(max-width: 1024px) 100vw, 1024px\" \/><\/figure>\n\n\n\n<p style=\"font-size:18px\">Ce fut donc Golf et nombreux furent ceux \u00e0 attribuer ce nom au Gulf Stream, courant, oc\u00e9anique&#8230; Pourtant, l\u2019histoire est tout autre!<\/p>\n\n\n\n<figure class=\"wp-block-image size-large\"><img loading=\"lazy\" decoding=\"async\" width=\"1024\" height=\"708\" src=\"http:\/\/lignesauto.fr\/wp-content\/uploads\/2020\/06\/GOLFLIGNESAUTO-1024x708.jpg\" alt=\"\" class=\"wp-image-18208\" srcset=\"https:\/\/lignesauto.fr\/wp-content\/uploads\/2020\/06\/GOLFLIGNESAUTO-1024x708.jpg 1024w, https:\/\/lignesauto.fr\/wp-content\/uploads\/2020\/06\/GOLFLIGNESAUTO-300x207.jpg 300w, https:\/\/lignesauto.fr\/wp-content\/uploads\/2020\/06\/GOLFLIGNESAUTO-768x531.jpg 768w, https:\/\/lignesauto.fr\/wp-content\/uploads\/2020\/06\/GOLFLIGNESAUTO.jpg 1417w\" sizes=\"(max-width: 1024px) 100vw, 1024px\" \/><\/figure>\n\n\n\n<p style=\"font-size:18px\">Hans-Joachim Zimmermann, qui fut responsable des achats sous la direction des pr\u00e9sidents du conseil d&#8217;administration Horst M\u00fcnzner et Ignacio Lopez de 1965 \u00e0 1995, a r\u00e9v\u00e9l\u00e9 la v\u00e9rit\u00e9 sur le choix de cette appellation.<\/p>\n\n\n\n<figure class=\"wp-block-image size-large\"><img loading=\"lazy\" decoding=\"async\" width=\"1024\" height=\"593\" src=\"http:\/\/lignesauto.fr\/wp-content\/uploads\/2020\/06\/Zuschnitt_2-1024x593.jpg\" alt=\"\" class=\"wp-image-18204\" srcset=\"https:\/\/lignesauto.fr\/wp-content\/uploads\/2020\/06\/Zuschnitt_2-1024x593.jpg 1024w, https:\/\/lignesauto.fr\/wp-content\/uploads\/2020\/06\/Zuschnitt_2-300x174.jpg 300w, https:\/\/lignesauto.fr\/wp-content\/uploads\/2020\/06\/Zuschnitt_2-768x445.jpg 768w, https:\/\/lignesauto.fr\/wp-content\/uploads\/2020\/06\/Zuschnitt_2.jpg 1417w\" sizes=\"(max-width: 1024px) 100vw, 1024px\" \/><\/figure>\n\n\n\n<p style=\"font-size:18px\">A l\u2019\u00e9poque, il cumulait ses fonctions chez VW et celle de pr\u00e9sident du club d\u2019\u00e9quitation et d\u2019attelage \u00e0 Wolfsburg. L\u2019un de ses chevaux, un hongre de Hanovre avait \u00e9t\u00e9 lou\u00e9 par Horst M\u00fcnzer pendant l&#8217;\u00e9t\u00e9 1973. Ce cheval portait le nom de&#8230; Golf&nbsp;!<\/p>\n\n\n\n<figure class=\"wp-block-image size-large\"><img loading=\"lazy\" decoding=\"async\" width=\"1024\" height=\"593\" src=\"http:\/\/lignesauto.fr\/wp-content\/uploads\/2020\/06\/Zuschnitt_4-1024x593.jpg\" alt=\"\" class=\"wp-image-18205\" srcset=\"https:\/\/lignesauto.fr\/wp-content\/uploads\/2020\/06\/Zuschnitt_4-1024x593.jpg 1024w, https:\/\/lignesauto.fr\/wp-content\/uploads\/2020\/06\/Zuschnitt_4-300x174.jpg 300w, https:\/\/lignesauto.fr\/wp-content\/uploads\/2020\/06\/Zuschnitt_4-768x445.jpg 768w, https:\/\/lignesauto.fr\/wp-content\/uploads\/2020\/06\/Zuschnitt_4.jpg 1417w\" sizes=\"(max-width: 1024px) 100vw, 1024px\" \/><\/figure>\n\n\n\n<p style=\"font-size:18px\">Quelques jours apr\u00e8s, le pr\u00e9sident de Volkswagen l\u2019invite \u00e0 d\u00e9couvrir les maquettes du projet qui aboutira \u00e0 la Golf. Hans-Joachim Zimmermann d\u00e9couvre alors que le nom de son cheval a \u00e9t\u00e9 finalement retenu \u00e0 la place de Blizzard qui tenait pourtant la corde&nbsp;! <em>\u00ab&nbsp;Mon cheval \u00e9tait est synonyme de classe sup\u00e9rieure, d&#8217;\u00e9l\u00e9gance, de fiabilit\u00e9. Que Volkswagen ait retenu ce nom \u00e9tait finalement de bon augure&nbsp;!&nbsp;\u00bb<\/em> a-t-il d\u00e9clar\u00e9 bien plus tard.<\/p>\n\n\n\n<figure class=\"wp-block-image size-large\"><img loading=\"lazy\" decoding=\"async\" width=\"1024\" height=\"593\" src=\"http:\/\/lignesauto.fr\/wp-content\/uploads\/2020\/06\/Zuschnitt_website-1024x593.jpg\" alt=\"\" class=\"wp-image-18206\" srcset=\"https:\/\/lignesauto.fr\/wp-content\/uploads\/2020\/06\/Zuschnitt_website-1024x593.jpg 1024w, https:\/\/lignesauto.fr\/wp-content\/uploads\/2020\/06\/Zuschnitt_website-300x174.jpg 300w, https:\/\/lignesauto.fr\/wp-content\/uploads\/2020\/06\/Zuschnitt_website-768x445.jpg 768w, https:\/\/lignesauto.fr\/wp-content\/uploads\/2020\/06\/Zuschnitt_website.jpg 1417w\" sizes=\"(max-width: 1024px) 100vw, 1024px\" \/><\/figure>\n\n\n\n<p><strong>PHOTOS VOLKSWAGEN AUTOMUSEUM<\/strong><\/p>\n\n\n\n<h2 class=\"wp-block-heading\"><strong>A LIRE SUR LE M\u00caME SUJET :<\/strong><\/h2>\n\n\n\n<figure class=\"wp-block-embed-wordpress wp-block-embed is-type-wp-embed is-provider-design-actualite-archives\"><div class=\"wp-block-embed__wrapper\">\n<blockquote class=\"wp-embedded-content\" data-secret=\"aSBneHnjwh\"><a href=\"https:\/\/lignesauto.fr\/?p=11380\">1974 &#8211; 2019 : la Golf a 45 ans et Giugiaro nous raconte !<\/a><\/blockquote><iframe class=\"wp-embedded-content\" sandbox=\"allow-scripts\" security=\"restricted\" style=\"position: absolute; clip: rect(1px, 1px, 1px, 1px);\" title=\"&#8220;1974 &#8211; 2019 : la Golf a 45 ans et Giugiaro nous raconte !&#8221; &#8212; LIGNES\/auto\" src=\"https:\/\/lignesauto.fr\/?p=11380&#038;embed=true#?secret=zmaY1p155q#?secret=aSBneHnjwh\" data-secret=\"aSBneHnjwh\" width=\"600\" height=\"338\" frameborder=\"0\" marginwidth=\"0\" marginheight=\"0\" scrolling=\"no\"><\/iframe>\n<\/div><\/figure>\n\n\n\n<figure class=\"wp-block-image is-resized\"><img loading=\"lazy\" decoding=\"async\" src=\"http:\/\/lignesauto.fr\/wp-content\/uploads\/2018\/10\/LOGOArchives_BD-1024x367.jpg\" alt=\"L\u2019attribut alt de cette image est vide, son nom de fichier est LOGOArchives_BD-1024x367.jpg.\" width=\"518\" height=\"185\"\/><\/figure>\n","protected":false},"excerpt":{"rendered":"<p>Lorsqu\u2019en 1974 Volkswagen d\u00e9voile sa Golf, quelques mois apr\u00e8s les berline Passat et Coup\u00e9 Scirocco, les sp\u00e9cialistes des appellations sont surpris car des rumeurs en provenance m\u00eame du bureau directorial de la marque \u00e9voquaient plut\u00f4t les noms de Blizzard en r\u00e9f\u00e9rence aux vents (comme le choix pr\u00e9c\u00e9dent pour la Scirocco) [&hellip;]<\/p>\n","protected":false},"author":1,"featured_media":18208,"comment_status":"open","ping_status":"open","sticky":false,"template":"","format":"standard","meta":{"footnotes":""},"categories":[1],"tags":[],"_links":{"self":[{"href":"https:\/\/lignesauto.fr\/index.php?rest_route=\/wp\/v2\/posts\/18203"}],"collection":[{"href":"https:\/\/lignesauto.fr\/index.php?rest_route=\/wp\/v2\/posts"}],"about":[{"href":"https:\/\/lignesauto.fr\/index.php?rest_route=\/wp\/v2\/types\/post"}],"author":[{"embeddable":true,"href":"https:\/\/lignesauto.fr\/index.php?rest_route=\/wp\/v2\/users\/1"}],"replies":[{"embeddable":true,"href":"https:\/\/lignesauto.fr\/index.php?rest_route=%2Fwp%2Fv2%2Fcomments&post=18203"}],"version-history":[{"count":8,"href":"https:\/\/lignesauto.fr\/index.php?rest_route=\/wp\/v2\/posts\/18203\/revisions"}],"predecessor-version":[{"id":18224,"href":"https:\/\/lignesauto.fr\/index.php?rest_route=\/wp\/v2\/posts\/18203\/revisions\/18224"}],"wp:featuredmedia":[{"embeddable":true,"href":"https:\/\/lignesauto.fr\/index.php?rest_route=\/wp\/v2\/media\/18208"}],"wp:attachment":[{"href":"https:\/\/lignesauto.fr\/index.php?rest_route=%2Fwp%2Fv2%2Fmedia&parent=18203"}],"wp:term":[{"taxonomy":"category","embeddable":true,"href":"https:\/\/lignesauto.fr\/index.php?rest_route=%2Fwp%2Fv2%2Fcategories&post=18203"},{"taxonomy":"post_tag","embeddable":true,"href":"https:\/\/lignesauto.fr\/index.php?rest_route=%2Fwp%2Fv2%2Ftags&post=18203"}],"curies":[{"name":"wp","href":"https:\/\/api.w.org\/{rel}","templated":true}]}}