{"id":18241,"date":"2020-06-12T10:03:10","date_gmt":"2020-06-12T08:03:10","guid":{"rendered":"http:\/\/lignesauto.fr\/?p=18241"},"modified":"2020-06-12T10:03:10","modified_gmt":"2020-06-12T08:03:10","slug":"nous-asseoir-sur-un-sac-de-billes-renault-y-a-pense","status":"publish","type":"post","link":"https:\/\/lignesauto.fr\/?p=18241","title":{"rendered":"Nous asseoir sur un sac de billes? Renault y a pens\u00e9 !"},"content":{"rendered":"\n<p style=\"font-size:18px\">Voici mille et une inventions que Renault voulait mettre sur le march\u00e9 dans les ann\u00e9es 1970. Accrochez-vous, certaines sont devenues r\u00e9alit\u00e9 !<\/p>\n\n\n\n<figure class=\"wp-block-image\"><img decoding=\"async\" src=\"http:\/\/lignesauto.fr\/wp-content\/uploads\/2018\/10\/LOGOArchives_BD-1024x367.jpg\" alt=\"L\u2019attribut alt de cette image est vide, son nom de fichier est LOGOArchives_BD-1024x367.jpg.\"\/><\/figure>\n\n\n\n<p style=\"font-size:18px\">Vous d\u00e9couvrirez dans l&#8217;ouvrage &#8220;Concept-cars et prototypes d&#8217;\u00e9tudes Renault&#8221; \u00e0 para\u00eetre \u00e0 la fin de ce mois de juin chez BJB Editions (<a href=\"http:\/\/bjbeditions.com\">bjbeditions.com<\/a>) de nombreux concepts et prototypes de la marque, des ann\u00e9es 1970 \u00e0 2020. Parmi ceux-ci, le programme de recherches sur les &#8220;V\u00e9hicules Bas de Gamme&#8221;, ou VBG, a \u00e9t\u00e9 lanc\u00e9 au milieu des ann\u00e9es 1970, voici un demi-si\u00e8cle.<\/p>\n\n\n\n<figure class=\"wp-block-image size-large\"><img loading=\"lazy\" decoding=\"async\" width=\"1024\" height=\"597\" src=\"http:\/\/lignesauto.fr\/wp-content\/uploads\/2020\/06\/LIGNESVBG_00-1024x597.jpg\" alt=\"\" class=\"wp-image-18243\" srcset=\"https:\/\/lignesauto.fr\/wp-content\/uploads\/2020\/06\/LIGNESVBG_00-1024x597.jpg 1024w, https:\/\/lignesauto.fr\/wp-content\/uploads\/2020\/06\/LIGNESVBG_00-300x175.jpg 300w, https:\/\/lignesauto.fr\/wp-content\/uploads\/2020\/06\/LIGNESVBG_00-768x448.jpg 768w, https:\/\/lignesauto.fr\/wp-content\/uploads\/2020\/06\/LIGNESVBG_00.jpg 1417w\" sizes=\"(max-width: 1024px) 100vw, 1024px\" \/><\/figure>\n\n\n\n<p style=\"font-size:18px\">Ce programme VBG est tentaculaire et aboutira \u00e0 la gen\u00e8se de la Twingo, pr\u00e8s de vingt ans apr\u00e8s son lancement. Mais sans le VBG, Renault n&#8217;aurait jamais pu inventer la Twingo ni rendre son Espace modulaire. <\/p>\n\n\n\n<figure class=\"wp-block-image size-large\"><img loading=\"lazy\" decoding=\"async\" width=\"1024\" height=\"710\" src=\"http:\/\/lignesauto.fr\/wp-content\/uploads\/2020\/06\/LIGNESVBG_200-1024x710.jpg\" alt=\"\" class=\"wp-image-18244\" srcset=\"https:\/\/lignesauto.fr\/wp-content\/uploads\/2020\/06\/LIGNESVBG_200-1024x710.jpg 1024w, https:\/\/lignesauto.fr\/wp-content\/uploads\/2020\/06\/LIGNESVBG_200-300x208.jpg 300w, https:\/\/lignesauto.fr\/wp-content\/uploads\/2020\/06\/LIGNESVBG_200-768x532.jpg 768w, https:\/\/lignesauto.fr\/wp-content\/uploads\/2020\/06\/LIGNESVBG_200.jpg 1417w\" sizes=\"(max-width: 1024px) 100vw, 1024px\" \/><\/figure>\n\n\n\n<p style=\"font-size:18px\">Le VBG a d\u00e9frich\u00e9 des architectures int\u00e9rieures \u00e9tonnantes et m\u00eame un peu folles, mais il faut les replacer dans leur contexte. Ainsi, le si\u00e8ge passager de cette petite Renault 2, appelons-l\u00e0 ainsi, aurait pu \u00eatre un sac de billes ! Il faisait la joie des int\u00e9rieurs dans les ann\u00e9es 1970 ! Ci-dessous, extrait du cahier des charges du projet VBG de 1975.<\/p>\n\n\n\n<figure class=\"wp-block-image size-large\"><img loading=\"lazy\" decoding=\"async\" width=\"1024\" height=\"887\" src=\"http:\/\/lignesauto.fr\/wp-content\/uploads\/2020\/06\/LIGNESVBG_07-1024x887.png\" alt=\"\" class=\"wp-image-18246\" srcset=\"https:\/\/lignesauto.fr\/wp-content\/uploads\/2020\/06\/LIGNESVBG_07-1024x887.png 1024w, https:\/\/lignesauto.fr\/wp-content\/uploads\/2020\/06\/LIGNESVBG_07-300x260.png 300w, https:\/\/lignesauto.fr\/wp-content\/uploads\/2020\/06\/LIGNESVBG_07-768x666.png 768w, https:\/\/lignesauto.fr\/wp-content\/uploads\/2020\/06\/LIGNESVBG_07.png 1417w\" sizes=\"(max-width: 1024px) 100vw, 1024px\" \/><\/figure>\n\n\n\n<p style=\"font-size:18px\"><strong>Ce n&#8217;est pas tout : pour acc\u00e9der \u00e0 bord, il \u00e9tait \u00e9galement question de portes coulissantes, relevables et m\u00eame&#8230; en accord\u00e9on !<\/strong><\/p>\n\n\n\n<figure class=\"wp-block-image size-large\"><img loading=\"lazy\" decoding=\"async\" width=\"640\" height=\"1024\" src=\"http:\/\/lignesauto.fr\/wp-content\/uploads\/2020\/06\/LIGNESVBG_08-640x1024.png\" alt=\"\" class=\"wp-image-18247\" srcset=\"https:\/\/lignesauto.fr\/wp-content\/uploads\/2020\/06\/LIGNESVBG_08-640x1024.png 640w, https:\/\/lignesauto.fr\/wp-content\/uploads\/2020\/06\/LIGNESVBG_08-188x300.png 188w, https:\/\/lignesauto.fr\/wp-content\/uploads\/2020\/06\/LIGNESVBG_08-768x1228.png 768w, https:\/\/lignesauto.fr\/wp-content\/uploads\/2020\/06\/LIGNESVBG_08-961x1536.png 961w, https:\/\/lignesauto.fr\/wp-content\/uploads\/2020\/06\/LIGNESVBG_08-1281x2048.png 1281w, https:\/\/lignesauto.fr\/wp-content\/uploads\/2020\/06\/LIGNESVBG_08.png 1417w\" sizes=\"(max-width: 640px) 100vw, 640px\" \/><\/figure>\n\n\n\n<figure class=\"wp-block-image size-large\"><img loading=\"lazy\" decoding=\"async\" width=\"1024\" height=\"674\" src=\"http:\/\/lignesauto.fr\/wp-content\/uploads\/2020\/06\/LIGNESVBG_101-1024x674.png\" alt=\"\" class=\"wp-image-18248\" srcset=\"https:\/\/lignesauto.fr\/wp-content\/uploads\/2020\/06\/LIGNESVBG_101-1024x674.png 1024w, https:\/\/lignesauto.fr\/wp-content\/uploads\/2020\/06\/LIGNESVBG_101-300x197.png 300w, https:\/\/lignesauto.fr\/wp-content\/uploads\/2020\/06\/LIGNESVBG_101-768x505.png 768w, https:\/\/lignesauto.fr\/wp-content\/uploads\/2020\/06\/LIGNESVBG_101.png 1417w\" sizes=\"(max-width: 1024px) 100vw, 1024px\" \/><\/figure>\n\n\n\n<p style=\"font-size:18px\">Ne rions pas, cette architecture de la porte accord\u00e9on a \u00e9t\u00e9 test\u00e9e sur le concept-car Saturn CV-1 de 2000 ci-dessus ! Renault avait juste trente ann\u00e9es d&#8217;avance sur ce th\u00e8me !<\/p>\n\n\n\n<figure class=\"wp-block-image size-large\"><img loading=\"lazy\" decoding=\"async\" width=\"1024\" height=\"491\" src=\"http:\/\/lignesauto.fr\/wp-content\/uploads\/2020\/06\/LIGNESVBG_03-1024x491.png\" alt=\"\" class=\"wp-image-18249\" srcset=\"https:\/\/lignesauto.fr\/wp-content\/uploads\/2020\/06\/LIGNESVBG_03-1024x491.png 1024w, https:\/\/lignesauto.fr\/wp-content\/uploads\/2020\/06\/LIGNESVBG_03-300x144.png 300w, https:\/\/lignesauto.fr\/wp-content\/uploads\/2020\/06\/LIGNESVBG_03-768x368.png 768w, https:\/\/lignesauto.fr\/wp-content\/uploads\/2020\/06\/LIGNESVBG_03.png 1417w\" sizes=\"(max-width: 1024px) 100vw, 1024px\" \/><\/figure>\n\n\n\n<p style=\"font-size:18px\">Encore plus fort. D\u00e8s 1975, Renault imaginait l&#8217;arriv\u00e9e du binaire, ou digital, \u00e0 bord des petites voitures, ci-dessus. Rappelons qu&#8217;avec la Renault 25 de 1984, Renault faisait &#8220;parler&#8221; les voitures avec la synth\u00e8se vocale !<\/p>\n\n\n\n<figure class=\"wp-block-image size-large\"><img loading=\"lazy\" decoding=\"async\" width=\"1024\" height=\"812\" src=\"http:\/\/lignesauto.fr\/wp-content\/uploads\/2020\/06\/LIGNESVBG_202-1024x812.jpg\" alt=\"\" class=\"wp-image-18251\" srcset=\"https:\/\/lignesauto.fr\/wp-content\/uploads\/2020\/06\/LIGNESVBG_202-1024x812.jpg 1024w, https:\/\/lignesauto.fr\/wp-content\/uploads\/2020\/06\/LIGNESVBG_202-300x238.jpg 300w, https:\/\/lignesauto.fr\/wp-content\/uploads\/2020\/06\/LIGNESVBG_202-768x609.jpg 768w, https:\/\/lignesauto.fr\/wp-content\/uploads\/2020\/06\/LIGNESVBG_202.jpg 1417w\" sizes=\"(max-width: 1024px) 100vw, 1024px\" \/><\/figure>\n\n\n\n<p style=\"font-size:18px\">Autre innovation architecturale de taille, Renault a invent\u00e9 le si\u00e8ge avant au dossier totalement repliable afin de loger un objet long aux c\u00f4t\u00e9s du conducteur et du passager arri\u00e8re.<\/p>\n\n\n\n<figure class=\"wp-block-image size-large\"><img loading=\"lazy\" decoding=\"async\" width=\"1024\" height=\"686\" src=\"http:\/\/lignesauto.fr\/wp-content\/uploads\/2020\/06\/LIGNESVBG_01-1024x686.jpg\" alt=\"\" class=\"wp-image-18252\" srcset=\"https:\/\/lignesauto.fr\/wp-content\/uploads\/2020\/06\/LIGNESVBG_01-1024x686.jpg 1024w, https:\/\/lignesauto.fr\/wp-content\/uploads\/2020\/06\/LIGNESVBG_01-300x201.jpg 300w, https:\/\/lignesauto.fr\/wp-content\/uploads\/2020\/06\/LIGNESVBG_01-768x514.jpg 768w, https:\/\/lignesauto.fr\/wp-content\/uploads\/2020\/06\/LIGNESVBG_01.jpg 1417w\" sizes=\"(max-width: 1024px) 100vw, 1024px\" \/><\/figure>\n\n\n\n<p style=\"font-size:18px\">Les petits utilitaires ont par la suite profit\u00e9 de cette id\u00e9e (ci-dessus)<\/p>\n\n\n\n<figure class=\"wp-block-image size-large\"><img loading=\"lazy\" decoding=\"async\" width=\"1024\" height=\"702\" src=\"http:\/\/lignesauto.fr\/wp-content\/uploads\/2020\/06\/LIGNESVBG_02-1024x702.jpg\" alt=\"\" class=\"wp-image-18253\" srcset=\"https:\/\/lignesauto.fr\/wp-content\/uploads\/2020\/06\/LIGNESVBG_02-1024x702.jpg 1024w, https:\/\/lignesauto.fr\/wp-content\/uploads\/2020\/06\/LIGNESVBG_02-300x206.jpg 300w, https:\/\/lignesauto.fr\/wp-content\/uploads\/2020\/06\/LIGNESVBG_02-768x527.jpg 768w, https:\/\/lignesauto.fr\/wp-content\/uploads\/2020\/06\/LIGNESVBG_02.jpg 1417w\" sizes=\"(max-width: 1024px) 100vw, 1024px\" \/><\/figure>\n\n\n\n<p style=\"font-size:18px\">Mais c&#8217;est bien s\u00fbr la possibilit\u00e9 d&#8217;incliner le si\u00e8ge passager avant &#8220;dos \u00e0 la route&#8221; (ci-dessus) qui fut adopt\u00e9e sur la Renault Espace et, encore plus r\u00e9cemment, sur le concept-car Morphoz, 50 ans plus tard, ci-dessous.<\/p>\n\n\n\n<figure class=\"wp-block-image size-large\"><img loading=\"lazy\" decoding=\"async\" width=\"1024\" height=\"576\" src=\"http:\/\/lignesauto.fr\/wp-content\/uploads\/2020\/02\/OK_09-2-1024x576.jpg\" alt=\"\" class=\"wp-image-15977\" srcset=\"https:\/\/lignesauto.fr\/wp-content\/uploads\/2020\/02\/OK_09-2-1024x576.jpg 1024w, https:\/\/lignesauto.fr\/wp-content\/uploads\/2020\/02\/OK_09-2-300x169.jpg 300w, https:\/\/lignesauto.fr\/wp-content\/uploads\/2020\/02\/OK_09-2-768x432.jpg 768w, https:\/\/lignesauto.fr\/wp-content\/uploads\/2020\/02\/OK_09-2-370x208.jpg 370w, https:\/\/lignesauto.fr\/wp-content\/uploads\/2020\/02\/OK_09-2-1040x585.jpg 1040w, https:\/\/lignesauto.fr\/wp-content\/uploads\/2020\/02\/OK_09-2.jpg 1417w\" sizes=\"(max-width: 1024px) 100vw, 1024px\" \/><\/figure>\n\n\n\n<p style=\"font-size:18px\">Quant \u00e0 la personnalisation int\u00e9rieure avec la possibilit\u00e9 de choisir ses propres teintes pour confectionner un habitacle selon ses d\u00e9sirs, le VBG y a pens\u00e9 d\u00e8s le milieu des ann\u00e9es 1970 (ci-dessous)<\/p>\n\n\n\n<figure class=\"wp-block-image size-large\"><img loading=\"lazy\" decoding=\"async\" width=\"1024\" height=\"409\" src=\"http:\/\/lignesauto.fr\/wp-content\/uploads\/2020\/06\/LIGNESVBG_04-1024x409.png\" alt=\"\" class=\"wp-image-18254\" srcset=\"https:\/\/lignesauto.fr\/wp-content\/uploads\/2020\/06\/LIGNESVBG_04-1024x409.png 1024w, https:\/\/lignesauto.fr\/wp-content\/uploads\/2020\/06\/LIGNESVBG_04-300x120.png 300w, https:\/\/lignesauto.fr\/wp-content\/uploads\/2020\/06\/LIGNESVBG_04-768x307.png 768w, https:\/\/lignesauto.fr\/wp-content\/uploads\/2020\/06\/LIGNESVBG_04.png 1417w\" sizes=\"(max-width: 1024px) 100vw, 1024px\" \/><\/figure>\n\n\n\n<figure class=\"wp-block-image size-large\"><img loading=\"lazy\" decoding=\"async\" width=\"1024\" height=\"808\" src=\"http:\/\/lignesauto.fr\/wp-content\/uploads\/2020\/06\/LIGNESVBG_203-1024x808.jpg\" alt=\"\" class=\"wp-image-18258\" srcset=\"https:\/\/lignesauto.fr\/wp-content\/uploads\/2020\/06\/LIGNESVBG_203-1024x808.jpg 1024w, https:\/\/lignesauto.fr\/wp-content\/uploads\/2020\/06\/LIGNESVBG_203-300x237.jpg 300w, https:\/\/lignesauto.fr\/wp-content\/uploads\/2020\/06\/LIGNESVBG_203-768x606.jpg 768w, https:\/\/lignesauto.fr\/wp-content\/uploads\/2020\/06\/LIGNESVBG_203.jpg 1417w\" sizes=\"(max-width: 1024px) 100vw, 1024px\" \/><\/figure>\n\n\n\n<p style=\"font-size:18px\">Toujours plus fort ! Renault imagine au c\u0153ur des ann\u00e9es 1970 de transformer l&#8217;espace arri\u00e8re en terrain de jeux pour les enfants (ci-dessous)<\/p>\n\n\n\n<figure class=\"wp-block-image size-large\"><img loading=\"lazy\" decoding=\"async\" width=\"967\" height=\"1024\" src=\"http:\/\/lignesauto.fr\/wp-content\/uploads\/2020\/06\/LIGNESVBG_05-967x1024.png\" alt=\"\" class=\"wp-image-18256\" srcset=\"https:\/\/lignesauto.fr\/wp-content\/uploads\/2020\/06\/LIGNESVBG_05-967x1024.png 967w, https:\/\/lignesauto.fr\/wp-content\/uploads\/2020\/06\/LIGNESVBG_05-283x300.png 283w, https:\/\/lignesauto.fr\/wp-content\/uploads\/2020\/06\/LIGNESVBG_05-768x813.png 768w, https:\/\/lignesauto.fr\/wp-content\/uploads\/2020\/06\/LIGNESVBG_05.png 1417w\" sizes=\"(max-width: 967px) 100vw, 967px\" \/><\/figure>\n\n\n\n<p style=\"font-size:18px\">Un th\u00e8me qui sera repris par le constructeur en 2011 avec le concept-car R-Space ci-dessous, pr\u00e9curseur du Sc\u00e9nic actuel qui offrait un syst\u00e8me de cubes mobiles \u00e0 l&#8217;arri\u00e8re pour proposer des assises ou des espaces de d\u00e9tente.<\/p>\n\n\n\n<figure class=\"wp-block-image size-large\"><img loading=\"lazy\" decoding=\"async\" width=\"1024\" height=\"576\" src=\"http:\/\/lignesauto.fr\/wp-content\/uploads\/2020\/06\/LIGNESVBG_204-1024x576.jpeg\" alt=\"\" class=\"wp-image-18259\" srcset=\"https:\/\/lignesauto.fr\/wp-content\/uploads\/2020\/06\/LIGNESVBG_204-1024x576.jpeg 1024w, https:\/\/lignesauto.fr\/wp-content\/uploads\/2020\/06\/LIGNESVBG_204-300x169.jpeg 300w, https:\/\/lignesauto.fr\/wp-content\/uploads\/2020\/06\/LIGNESVBG_204-768x432.jpeg 768w, https:\/\/lignesauto.fr\/wp-content\/uploads\/2020\/06\/LIGNESVBG_204.jpeg 1417w\" sizes=\"(max-width: 1024px) 100vw, 1024px\" \/><\/figure>\n\n\n\n<p style=\"font-size:18px\">Le programme VBG a ainsi donn\u00e9 naissance \u00e0 des concepts qui sont rest\u00e9s ancr\u00e9s dans la m\u00e9moire des designers Renault. Quant \u00e0 la technique, elle n&#8217;\u00e9tait pas en reste avec la cr\u00e9ation d&#8217;un moteur essence trois cylindres, non commercialis\u00e9. Ajoutons cette id\u00e9e d&#8217;un cric gonflable (ci-dessous) pour remplacer le cric classique. Il s&#8217;agissait d&#8217;un gros sac. Mais sans billes celui-l\u00e0 !<\/p>\n\n\n\n<figure class=\"wp-block-image size-large\"><img loading=\"lazy\" decoding=\"async\" width=\"1024\" height=\"375\" src=\"http:\/\/lignesauto.fr\/wp-content\/uploads\/2020\/06\/LIGNESVBG_10-1024x375.png\" alt=\"\" class=\"wp-image-18260\" srcset=\"https:\/\/lignesauto.fr\/wp-content\/uploads\/2020\/06\/LIGNESVBG_10-1024x375.png 1024w, https:\/\/lignesauto.fr\/wp-content\/uploads\/2020\/06\/LIGNESVBG_10-300x110.png 300w, https:\/\/lignesauto.fr\/wp-content\/uploads\/2020\/06\/LIGNESVBG_10-768x281.png 768w, https:\/\/lignesauto.fr\/wp-content\/uploads\/2020\/06\/LIGNESVBG_10.png 1417w\" sizes=\"(max-width: 1024px) 100vw, 1024px\" \/><\/figure>\n\n\n\n<p style=\"font-size:18px\"><strong>Merci \u00e0 Jean-Marie Souquet pour l&#8217;aide apport\u00e9e \u00e0 la r\u00e9alisation de ce sujet.<\/strong><\/p>\n\n\n\n<figure class=\"wp-block-image size-large\"><img loading=\"lazy\" decoding=\"async\" width=\"1024\" height=\"367\" src=\"http:\/\/lignesauto.fr\/wp-content\/uploads\/2018\/10\/LOGOArchives_BD-1024x367.jpg\" alt=\"\" class=\"wp-image-4925\" srcset=\"https:\/\/lignesauto.fr\/wp-content\/uploads\/2018\/10\/LOGOArchives_BD-1024x367.jpg 1024w, https:\/\/lignesauto.fr\/wp-content\/uploads\/2018\/10\/LOGOArchives_BD-300x108.jpg 300w, https:\/\/lignesauto.fr\/wp-content\/uploads\/2018\/10\/LOGOArchives_BD-768x276.jpg 768w, https:\/\/lignesauto.fr\/wp-content\/uploads\/2018\/10\/LOGOArchives_BD-370x133.jpg 370w, https:\/\/lignesauto.fr\/wp-content\/uploads\/2018\/10\/LOGOArchives_BD-1040x373.jpg 1040w, https:\/\/lignesauto.fr\/wp-content\/uploads\/2018\/10\/LOGOArchives_BD.jpg 1240w\" sizes=\"(max-width: 1024px) 100vw, 1024px\" \/><\/figure>\n","protected":false},"excerpt":{"rendered":"<p>Voici mille et une inventions que Renault voulait mettre sur le march\u00e9 dans les ann\u00e9es 1970. Accrochez-vous, certaines sont devenues r\u00e9alit\u00e9 ! Vous d\u00e9couvrirez dans l&#8217;ouvrage &#8220;Concept-cars et prototypes d&#8217;\u00e9tudes Renault&#8221; \u00e0 para\u00eetre \u00e0 la fin de ce mois de juin chez BJB Editions (bjbeditions.com) de nombreux concepts et prototypes [&hellip;]<\/p>\n","protected":false},"author":1,"featured_media":18245,"comment_status":"open","ping_status":"open","sticky":false,"template":"","format":"standard","meta":{"footnotes":""},"categories":[1],"tags":[],"_links":{"self":[{"href":"https:\/\/lignesauto.fr\/index.php?rest_route=\/wp\/v2\/posts\/18241"}],"collection":[{"href":"https:\/\/lignesauto.fr\/index.php?rest_route=\/wp\/v2\/posts"}],"about":[{"href":"https:\/\/lignesauto.fr\/index.php?rest_route=\/wp\/v2\/types\/post"}],"author":[{"embeddable":true,"href":"https:\/\/lignesauto.fr\/index.php?rest_route=\/wp\/v2\/users\/1"}],"replies":[{"embeddable":true,"href":"https:\/\/lignesauto.fr\/index.php?rest_route=%2Fwp%2Fv2%2Fcomments&post=18241"}],"version-history":[{"count":17,"href":"https:\/\/lignesauto.fr\/index.php?rest_route=\/wp\/v2\/posts\/18241\/revisions"}],"predecessor-version":[{"id":18281,"href":"https:\/\/lignesauto.fr\/index.php?rest_route=\/wp\/v2\/posts\/18241\/revisions\/18281"}],"wp:featuredmedia":[{"embeddable":true,"href":"https:\/\/lignesauto.fr\/index.php?rest_route=\/wp\/v2\/media\/18245"}],"wp:attachment":[{"href":"https:\/\/lignesauto.fr\/index.php?rest_route=%2Fwp%2Fv2%2Fmedia&parent=18241"}],"wp:term":[{"taxonomy":"category","embeddable":true,"href":"https:\/\/lignesauto.fr\/index.php?rest_route=%2Fwp%2Fv2%2Fcategories&post=18241"},{"taxonomy":"post_tag","embeddable":true,"href":"https:\/\/lignesauto.fr\/index.php?rest_route=%2Fwp%2Fv2%2Ftags&post=18241"}],"curies":[{"name":"wp","href":"https:\/\/api.w.org\/{rel}","templated":true}]}}