{"id":18284,"date":"2020-06-22T09:40:00","date_gmt":"2020-06-22T07:40:00","guid":{"rendered":"http:\/\/lignesauto.fr\/?p=18284"},"modified":"2020-06-22T10:03:27","modified_gmt":"2020-06-22T08:03:27","slug":"nouvelle-citroen-c4-inedit-son-style-exter-decrypte","status":"publish","type":"post","link":"https:\/\/lignesauto.fr\/?p=18284","title":{"rendered":"Nouvelle Citro\u00ebn C4. In\u00e9dit: son style EXTER d\u00e9crypt\u00e9"},"content":{"rendered":"\n<figure class=\"wp-block-image size-large is-resized\"><img loading=\"lazy\" decoding=\"async\" src=\"http:\/\/lignesauto.fr\/wp-content\/uploads\/2018\/10\/LOGOActus_BD-1024x367.jpg\" alt=\"\" class=\"wp-image-4921\" width=\"478\" height=\"170\" srcset=\"https:\/\/lignesauto.fr\/wp-content\/uploads\/2018\/10\/LOGOActus_BD-1024x367.jpg 1024w, https:\/\/lignesauto.fr\/wp-content\/uploads\/2018\/10\/LOGOActus_BD-300x108.jpg 300w, https:\/\/lignesauto.fr\/wp-content\/uploads\/2018\/10\/LOGOActus_BD-370x133.jpg 370w, https:\/\/lignesauto.fr\/wp-content\/uploads\/2018\/10\/LOGOActus_BD-1040x373.jpg 1040w\" sizes=\"(max-width: 478px) 100vw, 478px\" \/><\/figure>\n\n\n\n<p style=\"font-size:18px\">Voici la nouvelle C4, l&#8217;anti-Golf, l&#8217;anti-308, l&#8217;anti-M\u00e9gane, l&#8217;anti-Ceed&#8230; Bref, voici la nouvelle berline compacte de Citro\u00ebn. Quatre ans apr\u00e8s le concept-car CXperience qui annon\u00e7ait les nouveaux codes du style de la marque et un an apr\u00e8s l&#8217;OVNI 19-19, voici que Citro\u00ebn se d\u00e9cide enfin \u00e0 r\u00e9investir le segment des berlines compactes. Avec un nouveau design que nous allons d\u00e9crypter ici&#8230;<\/p>\n\n\n\n<figure class=\"wp-block-image size-large\"><img loading=\"lazy\" decoding=\"async\" width=\"1024\" height=\"527\" src=\"http:\/\/lignesauto.fr\/wp-content\/uploads\/2020\/06\/SITE_C4_03-1024x527.png\" alt=\"\" class=\"wp-image-18286\" srcset=\"https:\/\/lignesauto.fr\/wp-content\/uploads\/2020\/06\/SITE_C4_03-1024x527.png 1024w, https:\/\/lignesauto.fr\/wp-content\/uploads\/2020\/06\/SITE_C4_03-300x154.png 300w, https:\/\/lignesauto.fr\/wp-content\/uploads\/2020\/06\/SITE_C4_03-768x395.png 768w, https:\/\/lignesauto.fr\/wp-content\/uploads\/2020\/06\/SITE_C4_03.png 1417w\" sizes=\"(max-width: 1024px) 100vw, 1024px\" \/><\/figure>\n\n\n\n<p style=\"font-size:18px\">Dans sa communication du jour, assez l\u00e9g\u00e8re puisque la voiture sera totalement d\u00e9voil\u00e9e le 30 juin prochain, Citro\u00ebn fait r\u00e9f\u00e9rence \u00e0 la GS, n\u00e9e en 1970, voici un demi-si\u00e8cle- et \u00e9lue voiture de l&#8217;ann\u00e9e 1971, et explique que sa nouvelle berline, rehauss\u00e9e, se pare de certains codes des SUV.<\/p>\n\n\n\n<p style=\"font-size:18px\">Elle attaque le march\u00e9 des berlines compactes du segment C. &#8220;Ces berlines compactes jouent un r\u00f4le majeur sur le march\u00e9 europ\u00e9en en repr\u00e9sentant en 2019 pr\u00e8s de 28% des ventes de ce segment C&#8221;<\/p>\n\n\n\n<figure class=\"wp-block-image size-large\"><img loading=\"lazy\" decoding=\"async\" width=\"1024\" height=\"574\" src=\"http:\/\/lignesauto.fr\/wp-content\/uploads\/2020\/06\/SITE_C4_15-1024x574.jpg\" alt=\"\" class=\"wp-image-18292\" srcset=\"https:\/\/lignesauto.fr\/wp-content\/uploads\/2020\/06\/SITE_C4_15-1024x574.jpg 1024w, https:\/\/lignesauto.fr\/wp-content\/uploads\/2020\/06\/SITE_C4_15-300x168.jpg 300w, https:\/\/lignesauto.fr\/wp-content\/uploads\/2020\/06\/SITE_C4_15-768x430.jpg 768w, https:\/\/lignesauto.fr\/wp-content\/uploads\/2020\/06\/SITE_C4_15.jpg 1417w\" sizes=\"(max-width: 1024px) 100vw, 1024px\" \/><\/figure>\n\n\n\n<p style=\"font-size:18px\">Techniquement, la nouvelle compacte fran\u00e7aise repose sur la plateforme des Peugeot 208, 2008, Opel Corsa ou DS3 Crossback, et non sur celle de la future (et actuelle) Peugeot 308.<\/p>\n\n\n\n<figure class=\"wp-block-image size-large\"><img loading=\"lazy\" decoding=\"async\" width=\"894\" height=\"703\" src=\"http:\/\/lignesauto.fr\/wp-content\/uploads\/2018\/10\/Capture-d\u2019\u00e9cran-2018-10-04-\u00e0-18.30.04.png\" alt=\"\" class=\"wp-image-5204\" srcset=\"https:\/\/lignesauto.fr\/wp-content\/uploads\/2018\/10\/Capture-d\u2019\u00e9cran-2018-10-04-\u00e0-18.30.04.png 894w, https:\/\/lignesauto.fr\/wp-content\/uploads\/2018\/10\/Capture-d\u2019\u00e9cran-2018-10-04-\u00e0-18.30.04-300x236.png 300w, https:\/\/lignesauto.fr\/wp-content\/uploads\/2018\/10\/Capture-d\u2019\u00e9cran-2018-10-04-\u00e0-18.30.04-768x604.png 768w, https:\/\/lignesauto.fr\/wp-content\/uploads\/2018\/10\/Capture-d\u2019\u00e9cran-2018-10-04-\u00e0-18.30.04-370x291.png 370w\" sizes=\"(max-width: 894px) 100vw, 894px\" \/><\/figure>\n\n\n\n<p style=\"font-size:18px\">Cela lui permettra de disposer du fameux soubassement multi-\u00e9nergie avec des moteurs thermiques essence ou diesel ainsi qu&#8217;une variante 100% \u00e9lectrique, la \u00eb-C4 (ci-dessus la plateforme 100% EV, ci-dessous la \u00eb-C4).<\/p>\n\n\n\n<figure class=\"wp-block-image size-large\"><img loading=\"lazy\" decoding=\"async\" width=\"1024\" height=\"506\" src=\"http:\/\/lignesauto.fr\/wp-content\/uploads\/2020\/06\/SITE_C4_05-1024x506.png\" alt=\"\" class=\"wp-image-18288\" srcset=\"https:\/\/lignesauto.fr\/wp-content\/uploads\/2020\/06\/SITE_C4_05-1024x506.png 1024w, https:\/\/lignesauto.fr\/wp-content\/uploads\/2020\/06\/SITE_C4_05-300x148.png 300w, https:\/\/lignesauto.fr\/wp-content\/uploads\/2020\/06\/SITE_C4_05-768x379.png 768w, https:\/\/lignesauto.fr\/wp-content\/uploads\/2020\/06\/SITE_C4_05.png 1417w\" sizes=\"(max-width: 1024px) 100vw, 1024px\" \/><\/figure>\n\n\n\n<p style=\"font-size:18px\">Sans l&#8217;avoir vue, mais en d\u00e9taillant de pr\u00e8s les photos officielles du jour, nous avons voulu d\u00e9crypter le design assez fort de cette C4. Cependant, rien ne remplace la possibilit\u00e9 de toucher ses formes, d&#8217;en \u00e9valuer les proportions ou encore de caresser ses volumes&#8230; Difficile p\u00e9riode du Covid qui nous \u00e9loigne de la t\u00f4le, h\u00e9las&#8230; Ces jugements attendent donc d&#8217;\u00eatre confirm\u00e9s lorsque LIGNES\/auto aura vu la voiture.<\/p>\n\n\n\n<figure class=\"wp-block-image size-large\"><img loading=\"lazy\" decoding=\"async\" width=\"1024\" height=\"387\" src=\"http:\/\/lignesauto.fr\/wp-content\/uploads\/2020\/06\/SITE_C4_14-1024x387.png\" alt=\"\" class=\"wp-image-18289\" srcset=\"https:\/\/lignesauto.fr\/wp-content\/uploads\/2020\/06\/SITE_C4_14-1024x387.png 1024w, https:\/\/lignesauto.fr\/wp-content\/uploads\/2020\/06\/SITE_C4_14-300x113.png 300w, https:\/\/lignesauto.fr\/wp-content\/uploads\/2020\/06\/SITE_C4_14-768x290.png 768w, https:\/\/lignesauto.fr\/wp-content\/uploads\/2020\/06\/SITE_C4_14.png 1417w\" sizes=\"(max-width: 1024px) 100vw, 1024px\" \/><figcaption>Les nouvelles Citro\u00ebn \u00eb-C4 (bleue) et C4 (orange) devant l&#8217;un des centres de style PSA, implant\u00e9 au c\u0153ur du centre technique de la Fert\u00e9 Vidame.<\/figcaption><\/figure>\n\n\n\n<h2 class=\"wp-block-heading\"><strong>Jetons-nous quand m\u00eame dans le grand bain !<\/strong><\/h2>\n\n\n\n<h2 class=\"wp-block-heading\"><strong>C4 : SON DESIGN EXTER D\u00c9CRYPT\u00c9<\/strong><\/h2>\n\n\n\n<figure class=\"wp-block-image size-large\"><img loading=\"lazy\" decoding=\"async\" width=\"1024\" height=\"366\" src=\"http:\/\/lignesauto.fr\/wp-content\/uploads\/2020\/06\/SITE_C4_11-1024x366.png\" alt=\"\" class=\"wp-image-18293\" srcset=\"https:\/\/lignesauto.fr\/wp-content\/uploads\/2020\/06\/SITE_C4_11-1024x366.png 1024w, https:\/\/lignesauto.fr\/wp-content\/uploads\/2020\/06\/SITE_C4_11-300x107.png 300w, https:\/\/lignesauto.fr\/wp-content\/uploads\/2020\/06\/SITE_C4_11-768x274.png 768w, https:\/\/lignesauto.fr\/wp-content\/uploads\/2020\/06\/SITE_C4_11.png 1417w\" sizes=\"(max-width: 1024px) 100vw, 1024px\" \/><\/figure>\n\n\n\n<p style=\"font-size:18px\">Premi\u00e8re constatation, la silhouette de la Citro\u00ebn C4 &#8220;<em>r\u00e9ussit \u00e0 combiner l\u2019\u00e9l\u00e9gance et le dynamisme d\u2019une berline tout en adoptant subtilement certains codes du SUV pour plus de force et de caract\u00e8re.<\/em>&#8221; explique Citro\u00ebn.  Contrairement aux compactes du segment, sa ligne de pavillon (en 1) est tr\u00e8s \u00e9lanc\u00e9e, dynamique et fuyante comme celle d&#8217;une berline de la cat\u00e9gorie sup\u00e9rieure. Notons le l\u00e9ger d\u00e9crochement au niveau de la ceinture de caisse arri\u00e8re (en 2) dont on ne dira pas qu&#8217;il rappelle celui de la SM (tomb\u00e9e dans le giron de DS) mais celui de la XM ! La troisi\u00e8me vitre lat\u00e9rale est g\u00e9n\u00e9reuse, contrairement \u00e0 celle des compactes concurrentes.<\/p>\n\n\n\n<figure class=\"wp-block-image size-large\"><img loading=\"lazy\" decoding=\"async\" width=\"1024\" height=\"783\" src=\"http:\/\/lignesauto.fr\/wp-content\/uploads\/2020\/06\/SITE_C4_09-1024x783.png\" alt=\"\" class=\"wp-image-18294\" srcset=\"https:\/\/lignesauto.fr\/wp-content\/uploads\/2020\/06\/SITE_C4_09-1024x783.png 1024w, https:\/\/lignesauto.fr\/wp-content\/uploads\/2020\/06\/SITE_C4_09-300x229.png 300w, https:\/\/lignesauto.fr\/wp-content\/uploads\/2020\/06\/SITE_C4_09-768x587.png 768w, https:\/\/lignesauto.fr\/wp-content\/uploads\/2020\/06\/SITE_C4_09.png 1417w\" sizes=\"(max-width: 1024px) 100vw, 1024px\" \/><\/figure>\n\n\n\n<p style=\"font-size:18px\">Ce d\u00e9tail de l&#8217;embouti de l&#8217;aile avant devra nous \u00eatre expliqu\u00e9 car il nous semble inutile&#8230; Sans compter qu&#8217;il marche sur les platebandes de Peugeot avec son th\u00e8me de &#8220;triangulation&#8221; des flancs de la 2008. R\u00e9flexion \u00e0 chaud : \u00e0 quoi bon ?<\/p>\n\n\n\n<figure class=\"wp-block-image size-large\"><img loading=\"lazy\" decoding=\"async\" width=\"1024\" height=\"527\" src=\"http:\/\/lignesauto.fr\/wp-content\/uploads\/2020\/06\/SITE_C4_04-1024x527.png\" alt=\"\" class=\"wp-image-18296\" srcset=\"https:\/\/lignesauto.fr\/wp-content\/uploads\/2020\/06\/SITE_C4_04-1024x527.png 1024w, https:\/\/lignesauto.fr\/wp-content\/uploads\/2020\/06\/SITE_C4_04-300x154.png 300w, https:\/\/lignesauto.fr\/wp-content\/uploads\/2020\/06\/SITE_C4_04-768x395.png 768w, https:\/\/lignesauto.fr\/wp-content\/uploads\/2020\/06\/SITE_C4_04.png 1417w\" sizes=\"(max-width: 1024px) 100vw, 1024px\" \/><\/figure>\n\n\n\n<p style=\"font-size:18px\">La C4, ci-dessus, comme les r\u00e9centes propositions r\u00e9alis\u00e9es sur cette plateforme CMP (208, 2008, Corsa), dispose d&#8217;un long capot moteur, plut\u00f4t plat et donnant un aspect plus &#8220;automobile&#8221;, plus viril. Le capot est tr\u00e8s model\u00e9, tr\u00e8s sculpt\u00e9. On s&#8217;\u00e9loigne d\u00e9finitivement des berlines qui tendaient vers le volume monocorps, comme la C4 de 2004.<\/p>\n\n\n\n<figure class=\"wp-block-image size-large\"><img loading=\"lazy\" decoding=\"async\" width=\"1024\" height=\"916\" src=\"http:\/\/lignesauto.fr\/wp-content\/uploads\/2020\/06\/SITE_C4_104-1024x916.png\" alt=\"\" class=\"wp-image-18301\" srcset=\"https:\/\/lignesauto.fr\/wp-content\/uploads\/2020\/06\/SITE_C4_104-1024x916.png 1024w, https:\/\/lignesauto.fr\/wp-content\/uploads\/2020\/06\/SITE_C4_104-300x268.png 300w, https:\/\/lignesauto.fr\/wp-content\/uploads\/2020\/06\/SITE_C4_104-768x687.png 768w, https:\/\/lignesauto.fr\/wp-content\/uploads\/2020\/06\/SITE_C4_104.png 1417w\" sizes=\"(max-width: 1024px) 100vw, 1024px\" \/><\/figure>\n\n\n\n<p style=\"font-size:18px\">Le style est travaill\u00e9 dans les d\u00e9tails. On retrouve par exemple ci-dessus la trame &#8220;Citro\u00ebn&#8221; \u00e0 double chevron, vue sur le concept-car Ami One de 2019, sur la calandre ainsi que sur les feux arri\u00e8re de la C4.<\/p>\n\n\n\n<figure class=\"wp-block-image size-large\"><img loading=\"lazy\" decoding=\"async\" width=\"1024\" height=\"667\" src=\"http:\/\/lignesauto.fr\/wp-content\/uploads\/2020\/06\/SITE_C4_09A-1024x667.png\" alt=\"\" class=\"wp-image-18295\" srcset=\"https:\/\/lignesauto.fr\/wp-content\/uploads\/2020\/06\/SITE_C4_09A-1024x667.png 1024w, https:\/\/lignesauto.fr\/wp-content\/uploads\/2020\/06\/SITE_C4_09A-300x195.png 300w, https:\/\/lignesauto.fr\/wp-content\/uploads\/2020\/06\/SITE_C4_09A-768x500.png 768w, https:\/\/lignesauto.fr\/wp-content\/uploads\/2020\/06\/SITE_C4_09A-1000x650.png 1000w, https:\/\/lignesauto.fr\/wp-content\/uploads\/2020\/06\/SITE_C4_09A.png 1417w\" sizes=\"(max-width: 1024px) 100vw, 1024px\" \/><\/figure>\n\n\n\n<p style=\"font-size:18px\">L&#8217;\u00e9volution de l&#8217;identit\u00e9 ne se contente pas d&#8217;adopter la double lame de calandre \u00e9vas\u00e9e. Les feux diurnes sont amincis, les feux de route sont ench\u00e2ss\u00e9s dans un cavit\u00e9 aux formes bien plus complexes que celles des C3 ou C4 Cactus actuelles, alors qu&#8217;une fausse prise d&#8217;air vient se loger en dessous des optiques (en 2). Le feux additionnel en bas du bouclier est \u00e9galement implant\u00e9 dans une fausse prise d&#8217;air aux contours travaill\u00e9s. Ce &#8220;soft-nose&#8221; est tellement complexe dans ses formes qu&#8217;il n&#8217;est pas compos\u00e9 d&#8217;une seule pi\u00e8ce, bien \u00e9videmment. Les barres de la calandre ne sont pas con\u00e7ues d&#8217;une seule pi\u00e8ce, et on note du coup la pr\u00e9sence de deux joints assez fins au niveau 1.<\/p>\n\n\n\n<figure class=\"wp-block-image size-large\"><img loading=\"lazy\" decoding=\"async\" width=\"1024\" height=\"597\" src=\"http:\/\/lignesauto.fr\/wp-content\/uploads\/2020\/06\/SITE_C4_11A-1024x597.png\" alt=\"\" class=\"wp-image-18298\" srcset=\"https:\/\/lignesauto.fr\/wp-content\/uploads\/2020\/06\/SITE_C4_11A-1024x597.png 1024w, https:\/\/lignesauto.fr\/wp-content\/uploads\/2020\/06\/SITE_C4_11A-300x175.png 300w, https:\/\/lignesauto.fr\/wp-content\/uploads\/2020\/06\/SITE_C4_11A-768x448.png 768w, https:\/\/lignesauto.fr\/wp-content\/uploads\/2020\/06\/SITE_C4_11A.png 1417w\" sizes=\"(max-width: 1024px) 100vw, 1024px\" \/><\/figure>\n\n\n\n<p style=\"font-size:18px\">Si l&#8217;on est tr\u00e8s dubitatif sur l&#8217;embouti en &#8220;C&#8221; invers\u00e9, pr\u00e9sent sur la porte avant, on applaudit le travail effectu\u00e9 sur l&#8217;aile arri\u00e8re. Pour les emboutisseurs, il est question de passer d&#8217;une forme pratiquement verticale au niveau de la porti\u00e8re arri\u00e8re (en 1) \u00e0 une forme quasiment horizontale au niveau du feux (en 2).<\/p>\n\n\n\n<figure class=\"wp-block-image size-large\"><img loading=\"lazy\" decoding=\"async\" width=\"1024\" height=\"760\" src=\"http:\/\/lignesauto.fr\/wp-content\/uploads\/2020\/06\/SITE_C4_12-A-1024x760.png\" alt=\"\" class=\"wp-image-18299\" srcset=\"https:\/\/lignesauto.fr\/wp-content\/uploads\/2020\/06\/SITE_C4_12-A-1024x760.png 1024w, https:\/\/lignesauto.fr\/wp-content\/uploads\/2020\/06\/SITE_C4_12-A-300x223.png 300w, https:\/\/lignesauto.fr\/wp-content\/uploads\/2020\/06\/SITE_C4_12-A-768x570.png 768w, https:\/\/lignesauto.fr\/wp-content\/uploads\/2020\/06\/SITE_C4_12-A.png 1417w\" sizes=\"(max-width: 1024px) 100vw, 1024px\" \/><\/figure>\n\n\n\n<figure class=\"wp-block-image size-large\"><img loading=\"lazy\" decoding=\"async\" width=\"1024\" height=\"361\" src=\"http:\/\/lignesauto.fr\/wp-content\/uploads\/2020\/06\/SITE_C4_12-1024x361.png\" alt=\"\" class=\"wp-image-18300\" srcset=\"https:\/\/lignesauto.fr\/wp-content\/uploads\/2020\/06\/SITE_C4_12-1024x361.png 1024w, https:\/\/lignesauto.fr\/wp-content\/uploads\/2020\/06\/SITE_C4_12-300x106.png 300w, https:\/\/lignesauto.fr\/wp-content\/uploads\/2020\/06\/SITE_C4_12-768x271.png 768w, https:\/\/lignesauto.fr\/wp-content\/uploads\/2020\/06\/SITE_C4_12.png 1417w\" sizes=\"(max-width: 1024px) 100vw, 1024px\" \/><\/figure>\n\n\n\n<p style=\"font-size:18px\">Le feu arri\u00e8re : parlons-en justement, car il est sans doute l\u2019\u00e9l\u00e9ment le plus distinctif du style de la C4. Ses formes complexes synth\u00e9tisent bien le travail voulu sur cette C4 : &#8220;<em>pourquoi faire simple quand on peut&#8230; retravaill\u00e9 son sujet !<\/em>&#8221; Bien cach\u00e9 dans les courbes du vitrage du feu arri\u00e8re, on retrouve l&#8217;esprit du feu de la CXp\u00e9rience. Les designers ont \u00e9galement tent\u00e9 de rappeler la double barre \u00e9vas\u00e9e de la calandre en implantant une ligne de lumi\u00e8re qui s&#8217;\u00e9chappe vers le haut. Elle meurt au niveau de l\u2019aileron arri\u00e8re et de la petite pi\u00e8ce noire qui permet au pavillon de sembler en sustentation, et non reli\u00e9 \u00e0 la caisse. <\/p>\n\n\n\n<figure class=\"wp-block-image size-large\"><img loading=\"lazy\" decoding=\"async\" width=\"1024\" height=\"722\" src=\"http:\/\/lignesauto.fr\/wp-content\/uploads\/2020\/06\/SITE_C4_10-1024x722.png\" alt=\"\" class=\"wp-image-18351\" srcset=\"https:\/\/lignesauto.fr\/wp-content\/uploads\/2020\/06\/SITE_C4_10-1024x722.png 1024w, https:\/\/lignesauto.fr\/wp-content\/uploads\/2020\/06\/SITE_C4_10-300x212.png 300w, https:\/\/lignesauto.fr\/wp-content\/uploads\/2020\/06\/SITE_C4_10-768x541.png 768w, https:\/\/lignesauto.fr\/wp-content\/uploads\/2020\/06\/SITE_C4_10.png 1417w\" sizes=\"(max-width: 1024px) 100vw, 1024px\" \/><\/figure>\n\n\n\n<p style=\"font-size:18px\">Pour conclure, voici un angle int\u00e9ressant qui montre que le style de la C4 est tout sauf simple, voire facile !  En 1, l&#8217;aileron a\u00e9rodynamique est int\u00e9gr\u00e9 \u00e0 la base de la lunette. En 2, comme sur les Peugeot, on note la pr\u00e9sence d&#8217;un bandeau noir transversal. En 3, on ne peut pas encore dire si la base de la lunette est une vitre opacifi\u00e9e o\u00f9 s&#8217;il s&#8217;agit d&#8217;une pi\u00e8ce non transparente. A voir sur place&#8230; En 4, comme sur le concept-car CXp\u00e9rience, une pi\u00e8ce noire permet au pavillon de &#8220;flotter&#8221; sans lien avec la carrosserie. En 5, les feux rappellent la double calandre \u00e9vas\u00e9e de l&#8217;avant. En 6, les feux pr\u00e9sentent un dessin travaill\u00e9 dans les moindres d\u00e9tails.<\/p>\n\n\n\n<p style=\"font-size:18px\"><strong>Relire l&#8217;interview de Pierre Leclercq lors de son arriv\u00e9e \u00e0 la t\u00eate du design Citro\u00ebn. Ci-dessous<\/strong><\/p>\n\n\n\n<figure class=\"wp-block-embed-wordpress wp-block-embed is-type-wp-embed is-provider-design-actualite-archives\"><div class=\"wp-block-embed__wrapper\">\n<blockquote class=\"wp-embedded-content\" data-secret=\"yknJbcPxdr\"><a href=\"https:\/\/lignesauto.fr\/?p=9330\">Interview de Pierre Leclercq, directeur du design Citro\u00ebn. FRENCH\/ENGLISH<\/a><\/blockquote><iframe class=\"wp-embedded-content\" sandbox=\"allow-scripts\" security=\"restricted\" style=\"position: absolute; clip: rect(1px, 1px, 1px, 1px);\" title=\"&#8220;Interview de Pierre Leclercq, directeur du design Citro\u00ebn. FRENCH\/ENGLISH&#8221; &#8212; LIGNES\/auto\" src=\"https:\/\/lignesauto.fr\/?p=9330&#038;embed=true#?secret=5Mzl7ZBuAE#?secret=yknJbcPxdr\" data-secret=\"yknJbcPxdr\" width=\"600\" height=\"338\" frameborder=\"0\" marginwidth=\"0\" marginheight=\"0\" scrolling=\"no\"><\/iframe>\n<\/div><\/figure>\n\n\n\n<figure class=\"wp-block-image is-resized\"><img loading=\"lazy\" decoding=\"async\" src=\"http:\/\/lignesauto.fr\/wp-content\/uploads\/2018\/10\/LOGOActus_BD-1024x367.jpg\" alt=\"L\u2019attribut alt de cette image est vide, son nom de fichier est LOGOActus_BD-1024x367.jpg.\" width=\"480\" height=\"171\"\/><\/figure>\n","protected":false},"excerpt":{"rendered":"<p>Voici la nouvelle C4, l&#8217;anti-Golf, l&#8217;anti-308, l&#8217;anti-M\u00e9gane, l&#8217;anti-Ceed&#8230; Bref, voici la nouvelle berline compacte de Citro\u00ebn. Quatre ans apr\u00e8s le concept-car CXperience qui annon\u00e7ait les nouveaux codes du style de la marque et un an apr\u00e8s l&#8217;OVNI 19-19, voici que Citro\u00ebn se d\u00e9cide enfin \u00e0 r\u00e9investir le segment des berlines [&hellip;]<\/p>\n","protected":false},"author":1,"featured_media":18290,"comment_status":"open","ping_status":"open","sticky":false,"template":"","format":"standard","meta":{"footnotes":""},"categories":[1],"tags":[],"_links":{"self":[{"href":"https:\/\/lignesauto.fr\/index.php?rest_route=\/wp\/v2\/posts\/18284"}],"collection":[{"href":"https:\/\/lignesauto.fr\/index.php?rest_route=\/wp\/v2\/posts"}],"about":[{"href":"https:\/\/lignesauto.fr\/index.php?rest_route=\/wp\/v2\/types\/post"}],"author":[{"embeddable":true,"href":"https:\/\/lignesauto.fr\/index.php?rest_route=\/wp\/v2\/users\/1"}],"replies":[{"embeddable":true,"href":"https:\/\/lignesauto.fr\/index.php?rest_route=%2Fwp%2Fv2%2Fcomments&post=18284"}],"version-history":[{"count":26,"href":"https:\/\/lignesauto.fr\/index.php?rest_route=\/wp\/v2\/posts\/18284\/revisions"}],"predecessor-version":[{"id":18421,"href":"https:\/\/lignesauto.fr\/index.php?rest_route=\/wp\/v2\/posts\/18284\/revisions\/18421"}],"wp:featuredmedia":[{"embeddable":true,"href":"https:\/\/lignesauto.fr\/index.php?rest_route=\/wp\/v2\/media\/18290"}],"wp:attachment":[{"href":"https:\/\/lignesauto.fr\/index.php?rest_route=%2Fwp%2Fv2%2Fmedia&parent=18284"}],"wp:term":[{"taxonomy":"category","embeddable":true,"href":"https:\/\/lignesauto.fr\/index.php?rest_route=%2Fwp%2Fv2%2Fcategories&post=18284"},{"taxonomy":"post_tag","embeddable":true,"href":"https:\/\/lignesauto.fr\/index.php?rest_route=%2Fwp%2Fv2%2Ftags&post=18284"}],"curies":[{"name":"wp","href":"https:\/\/api.w.org\/{rel}","templated":true}]}}