{"id":18308,"date":"2020-06-22T08:15:00","date_gmt":"2020-06-22T06:15:00","guid":{"rendered":"http:\/\/lignesauto.fr\/?p=18308"},"modified":"2020-06-22T10:02:49","modified_gmt":"2020-06-22T08:02:49","slug":"nouvelle-citroen-c4-inedit-son-style-inter-decrypte-ou-le-coup-du-tiroir","status":"publish","type":"post","link":"https:\/\/lignesauto.fr\/?p=18308","title":{"rendered":"Nouvelle Citro\u00ebn C4. In\u00e9dit: son style INTER d\u00e9crypt\u00e9, ou le coup du tiroir !"},"content":{"rendered":"\n<figure class=\"wp-block-image size-large is-resized\"><img loading=\"lazy\" decoding=\"async\" src=\"http:\/\/lignesauto.fr\/wp-content\/uploads\/2018\/10\/LOGOActus_BD-1024x367.jpg\" alt=\"\" class=\"wp-image-4921\" width=\"524\" height=\"187\" srcset=\"https:\/\/lignesauto.fr\/wp-content\/uploads\/2018\/10\/LOGOActus_BD-1024x367.jpg 1024w, https:\/\/lignesauto.fr\/wp-content\/uploads\/2018\/10\/LOGOActus_BD-300x108.jpg 300w, https:\/\/lignesauto.fr\/wp-content\/uploads\/2018\/10\/LOGOActus_BD-768x276.jpg 768w, https:\/\/lignesauto.fr\/wp-content\/uploads\/2018\/10\/LOGOActus_BD-370x133.jpg 370w, https:\/\/lignesauto.fr\/wp-content\/uploads\/2018\/10\/LOGOActus_BD-1040x373.jpg 1040w, https:\/\/lignesauto.fr\/wp-content\/uploads\/2018\/10\/LOGOActus_BD.jpg 1240w\" sizes=\"(max-width: 524px) 100vw, 524px\" \/><\/figure>\n\n\n\n<figure class=\"wp-block-image size-large\"><img loading=\"lazy\" decoding=\"async\" width=\"1024\" height=\"760\" src=\"http:\/\/lignesauto.fr\/wp-content\/uploads\/2020\/06\/SITE_C4_01-1024x760.png\" alt=\"\" class=\"wp-image-18320\" srcset=\"https:\/\/lignesauto.fr\/wp-content\/uploads\/2020\/06\/SITE_C4_01-1024x760.png 1024w, https:\/\/lignesauto.fr\/wp-content\/uploads\/2020\/06\/SITE_C4_01-300x223.png 300w, https:\/\/lignesauto.fr\/wp-content\/uploads\/2020\/06\/SITE_C4_01-768x570.png 768w, https:\/\/lignesauto.fr\/wp-content\/uploads\/2020\/06\/SITE_C4_01.png 1417w\" sizes=\"(max-width: 1024px) 100vw, 1024px\" \/><figcaption>La nouvelle identit\u00e9 Citro\u00ebn, confirm\u00e9e par cette nouvelle berline compacte : la C4<\/figcaption><\/figure>\n\n\n\n<p style=\"font-size:18px\">Apr\u00e8s avoir analys\u00e9 le style ext\u00e9rieur de la nouvelle Citro\u00ebn C4, LIGNES\/auto vous propose de monter \u00e0 bord. C&#8217;est une image, car &#8211; justement &#8211; Citro\u00ebn n&#8217;a communiqu\u00e9 qu&#8217;une seule image de l&#8217;habitacle ci-dessous. Mais LIGNES\/auto a sorti sa loupe ! <\/p>\n\n\n\n<figure class=\"wp-block-image size-large\"><img loading=\"lazy\" decoding=\"async\" width=\"1024\" height=\"574\" src=\"http:\/\/lignesauto.fr\/wp-content\/uploads\/2020\/06\/CL-20.024.0140-1024x574.jpg\" alt=\"\" class=\"wp-image-18368\" srcset=\"https:\/\/lignesauto.fr\/wp-content\/uploads\/2020\/06\/CL-20.024.0140-1024x574.jpg 1024w, https:\/\/lignesauto.fr\/wp-content\/uploads\/2020\/06\/CL-20.024.0140-300x168.jpg 300w, https:\/\/lignesauto.fr\/wp-content\/uploads\/2020\/06\/CL-20.024.0140-768x430.jpg 768w, https:\/\/lignesauto.fr\/wp-content\/uploads\/2020\/06\/CL-20.024.0140.jpg 1417w\" sizes=\"(max-width: 1024px) 100vw, 1024px\" \/><\/figure>\n\n\n\n<p style=\"font-size:18px\">La planche de bord de la C4 respecte les fondamentaux du design int\u00e9rieur des pr\u00e9c\u00e9dentes cr\u00e9ations de la marque : c&#8217;est une planche dite &#8220;piano&#8221;, totalement horizontale. <\/p>\n\n\n\n<h2 class=\"wp-block-heading\"><strong>C4 : SON DESIGN INTER D\u00c9CRYPT\u00c9<\/strong><\/h2>\n\n\n\n<p style=\"font-size:18px\">Citro\u00ebn annonce que &#8220;<em>le confort de vie est m\u00e9nag\u00e9 par l&#8217;habitabilit\u00e9 et ses aspects pratiques, dont une innovation in\u00e9dite pour le passager \u00e0 d\u00e9couvrir en Premi\u00e8re Mondiale lors de la pr\u00e9sentation de C4<\/em>&#8221; Que peut bien \u00eatre cette premi\u00e8re mondiale ? Nous avons zoom\u00e9 sur la seule image disponible, nous l&#8217;avons \u00e9claircie et voici le r\u00e9sultat.<\/p>\n\n\n\n<figure class=\"wp-block-image size-large\"><img loading=\"lazy\" decoding=\"async\" width=\"1024\" height=\"671\" src=\"http:\/\/lignesauto.fr\/wp-content\/uploads\/2020\/06\/SITE_C4_TIROIRE_01-1024x671.png\" alt=\"\" class=\"wp-image-18365\" srcset=\"https:\/\/lignesauto.fr\/wp-content\/uploads\/2020\/06\/SITE_C4_TIROIRE_01-1024x671.png 1024w, https:\/\/lignesauto.fr\/wp-content\/uploads\/2020\/06\/SITE_C4_TIROIRE_01-300x196.png 300w, https:\/\/lignesauto.fr\/wp-content\/uploads\/2020\/06\/SITE_C4_TIROIRE_01-768x503.png 768w, https:\/\/lignesauto.fr\/wp-content\/uploads\/2020\/06\/SITE_C4_TIROIRE_01-765x500.png 765w, https:\/\/lignesauto.fr\/wp-content\/uploads\/2020\/06\/SITE_C4_TIROIRE_01.png 1417w\" sizes=\"(max-width: 1024px) 100vw, 1024px\" \/><\/figure>\n\n\n\n<p style=\"font-size:18px\">Il s\u2019agirait de la pr\u00e9sence d&#8217;un tiroir positionn\u00e9 en face du passager.<br>En 1: une trappe (ou un tiroir ?) est pr\u00e9sent sur la tranche de planche.<br>En 2 : un premier bouton poussoir est pr\u00e9sent. Il commande l&#8217;ouverture d&#8217;un vaste tiroir qui est capable d&#8217;accueillir des documents d&#8217;un format A4.<br>En 3 : la bo\u00eete \u00e0 gants classique avec son couvercle qui s&#8217;ouvre sur les genoux.<\/p>\n\n\n\n<figure class=\"wp-block-image size-large\"><img loading=\"lazy\" decoding=\"async\" width=\"1024\" height=\"789\" src=\"http:\/\/lignesauto.fr\/wp-content\/uploads\/2020\/06\/SITE_C4_TIROIR-1024x789.png\" alt=\"\" class=\"wp-image-18366\" srcset=\"https:\/\/lignesauto.fr\/wp-content\/uploads\/2020\/06\/SITE_C4_TIROIR-1024x789.png 1024w, https:\/\/lignesauto.fr\/wp-content\/uploads\/2020\/06\/SITE_C4_TIROIR-300x231.png 300w, https:\/\/lignesauto.fr\/wp-content\/uploads\/2020\/06\/SITE_C4_TIROIR-768x592.png 768w, https:\/\/lignesauto.fr\/wp-content\/uploads\/2020\/06\/SITE_C4_TIROIR.png 1417w\" sizes=\"(max-width: 1024px) 100vw, 1024px\" \/><\/figure>\n\n\n\n<p style=\"font-size:18px\">On note bien, ci-dessus, qu&#8217;il s&#8217;agit d&#8217;un tiroir et non d&#8217;un couvercle s&#8217;ouvrant \u00e0 la verticale car, en 1, on devine que l&#8217;articulation vers le haut serait impossible.<\/p>\n\n\n\n<figure class=\"wp-block-image size-large\"><img loading=\"lazy\" decoding=\"async\" width=\"1024\" height=\"910\" src=\"http:\/\/lignesauto.fr\/wp-content\/uploads\/2020\/06\/SITE_C4_06-1024x910.png\" alt=\"\" class=\"wp-image-18315\" srcset=\"https:\/\/lignesauto.fr\/wp-content\/uploads\/2020\/06\/SITE_C4_06-1024x910.png 1024w, https:\/\/lignesauto.fr\/wp-content\/uploads\/2020\/06\/SITE_C4_06-300x267.png 300w, https:\/\/lignesauto.fr\/wp-content\/uploads\/2020\/06\/SITE_C4_06-768x682.png 768w, https:\/\/lignesauto.fr\/wp-content\/uploads\/2020\/06\/SITE_C4_06.png 1417w\" sizes=\"(max-width: 1024px) 100vw, 1024px\" \/><\/figure>\n\n\n\n<p style=\"font-size:18px\">L&#8217;int\u00e9gration de l&#8217;\u00e9cran est particuli\u00e8rement travaill\u00e9e. Le rev\u00eatement mouss\u00e9 de la planche vient en affleurement de l&#8217;\u00e9cran (en 1) jusqu&#8217;\u00e0 mi-hauteur de ce dernier. Ensuite, il plonge derri\u00e8re l&#8217;\u00e9cran (en 2), une solution qui demande d&#8217;\u00eatre parfaitement ma\u00eetris\u00e9e en finition. L&#8217;\u00e9cran, rectangulaire, est int\u00e9gr\u00e9 dans une pi\u00e8ce en forme de fl\u00e8che qui semble l&#8217;agrandir et singularise le style int\u00e9rieur.<\/p>\n\n\n\n<figure class=\"wp-block-image size-large\"><img loading=\"lazy\" decoding=\"async\" width=\"1024\" height=\"775\" src=\"http:\/\/lignesauto.fr\/wp-content\/uploads\/2020\/06\/SITE_C4_14-A-1024x775.png\" alt=\"\" class=\"wp-image-18316\" srcset=\"https:\/\/lignesauto.fr\/wp-content\/uploads\/2020\/06\/SITE_C4_14-A-1024x775.png 1024w, https:\/\/lignesauto.fr\/wp-content\/uploads\/2020\/06\/SITE_C4_14-A-300x227.png 300w, https:\/\/lignesauto.fr\/wp-content\/uploads\/2020\/06\/SITE_C4_14-A-768x582.png 768w, https:\/\/lignesauto.fr\/wp-content\/uploads\/2020\/06\/SITE_C4_14-A.png 1417w\" sizes=\"(max-width: 1024px) 100vw, 1024px\" \/><\/figure>\n\n\n\n<p style=\"font-size:18px\">En 1, les commandes rotatives pilotent la climatisation.<br>En 2, emplacement pour la recharge du smartphone par induction.<br>En 3, large espace de rangement o\u00f9 l&#8217;on retrouve la trame du double chevron.<br>En 4, minuscule levier de commande de la bo\u00eete auto, ench\u00e2ss\u00e9 dans la console.<\/p>\n\n\n\n<figure class=\"wp-block-image size-large\"><img loading=\"lazy\" decoding=\"async\" width=\"1024\" height=\"749\" src=\"http:\/\/lignesauto.fr\/wp-content\/uploads\/2020\/06\/SITE_C4_14-B-1024x749.png\" alt=\"\" class=\"wp-image-18317\" srcset=\"https:\/\/lignesauto.fr\/wp-content\/uploads\/2020\/06\/SITE_C4_14-B-1024x749.png 1024w, https:\/\/lignesauto.fr\/wp-content\/uploads\/2020\/06\/SITE_C4_14-B-300x220.png 300w, https:\/\/lignesauto.fr\/wp-content\/uploads\/2020\/06\/SITE_C4_14-B-768x562.png 768w, https:\/\/lignesauto.fr\/wp-content\/uploads\/2020\/06\/SITE_C4_14-B.png 1417w\" sizes=\"(max-width: 1024px) 100vw, 1024px\" \/><\/figure>\n\n\n\n<p style=\"font-size:18px\">Petit d\u00e9tail qui montre le soin apport\u00e9 \u00e0 bord, les commandes de climatisation (en 1) sont stri\u00e9es avec un motif rappelant le double chevron Citro\u00ebn.<\/p>\n\n\n\n<figure class=\"wp-block-image size-large\"><img loading=\"lazy\" decoding=\"async\" width=\"1024\" height=\"979\" src=\"http:\/\/lignesauto.fr\/wp-content\/uploads\/2020\/06\/SITE_C4_07-1024x979.png\" alt=\"\" class=\"wp-image-18321\" srcset=\"https:\/\/lignesauto.fr\/wp-content\/uploads\/2020\/06\/SITE_C4_07-1024x979.png 1024w, https:\/\/lignesauto.fr\/wp-content\/uploads\/2020\/06\/SITE_C4_07-300x287.png 300w, https:\/\/lignesauto.fr\/wp-content\/uploads\/2020\/06\/SITE_C4_07-768x734.png 768w, https:\/\/lignesauto.fr\/wp-content\/uploads\/2020\/06\/SITE_C4_07.png 1417w\" sizes=\"(max-width: 1024px) 100vw, 1024px\" \/><\/figure>\n\n\n\n<p style=\"font-size:18px\">Notons \u00e9galement la pr\u00e9sence de nouvelles commandes au volant, b\u00e9n\u00e9ficiant de touches en relief plus ergonomiques.<\/p>\n\n\n\n<figure class=\"wp-block-image size-large\"><img loading=\"lazy\" decoding=\"async\" width=\"1024\" height=\"703\" src=\"http:\/\/lignesauto.fr\/wp-content\/uploads\/2020\/06\/SITE_C4_14-C-1024x703.png\" alt=\"\" class=\"wp-image-18319\" srcset=\"https:\/\/lignesauto.fr\/wp-content\/uploads\/2020\/06\/SITE_C4_14-C-1024x703.png 1024w, https:\/\/lignesauto.fr\/wp-content\/uploads\/2020\/06\/SITE_C4_14-C-300x206.png 300w, https:\/\/lignesauto.fr\/wp-content\/uploads\/2020\/06\/SITE_C4_14-C-768x527.png 768w, https:\/\/lignesauto.fr\/wp-content\/uploads\/2020\/06\/SITE_C4_14-C.png 1417w\" sizes=\"(max-width: 1024px) 100vw, 1024px\" \/><\/figure>\n\n\n\n<p style=\"font-size:18px\">Quant \u00e0 la finition, elle semble avoir port\u00e9 sur quelques d\u00e9tails de couleurs et mati\u00e8res int\u00e9ressants, comme ici ce rappel bleu sur le panneau de porti\u00e8re de la version \u00e9lectrique.<\/p>\n\n\n\n<figure class=\"wp-block-image is-resized\"><img loading=\"lazy\" decoding=\"async\" src=\"http:\/\/lignesauto.fr\/wp-content\/uploads\/2018\/10\/LOGOActus_BD-1024x367.jpg\" alt=\"L\u2019attribut alt de cette image est vide, son nom de fichier est LOGOActus_BD-1024x367.jpg.\" width=\"481\" height=\"171\"\/><\/figure>\n","protected":false},"excerpt":{"rendered":"<p>Apr\u00e8s avoir analys\u00e9 le style ext\u00e9rieur de la nouvelle Citro\u00ebn C4, LIGNES\/auto vous propose de monter \u00e0 bord. C&#8217;est une image, car &#8211; justement &#8211; Citro\u00ebn n&#8217;a communiqu\u00e9 qu&#8217;une seule image de l&#8217;habitacle ci-dessous. Mais LIGNES\/auto a sorti sa loupe ! La planche de bord de la C4 respecte les [&hellip;]<\/p>\n","protected":false},"author":1,"featured_media":18365,"comment_status":"open","ping_status":"open","sticky":false,"template":"","format":"standard","meta":{"footnotes":""},"categories":[1],"tags":[],"_links":{"self":[{"href":"https:\/\/lignesauto.fr\/index.php?rest_route=\/wp\/v2\/posts\/18308"}],"collection":[{"href":"https:\/\/lignesauto.fr\/index.php?rest_route=\/wp\/v2\/posts"}],"about":[{"href":"https:\/\/lignesauto.fr\/index.php?rest_route=\/wp\/v2\/types\/post"}],"author":[{"embeddable":true,"href":"https:\/\/lignesauto.fr\/index.php?rest_route=\/wp\/v2\/users\/1"}],"replies":[{"embeddable":true,"href":"https:\/\/lignesauto.fr\/index.php?rest_route=%2Fwp%2Fv2%2Fcomments&post=18308"}],"version-history":[{"count":17,"href":"https:\/\/lignesauto.fr\/index.php?rest_route=\/wp\/v2\/posts\/18308\/revisions"}],"predecessor-version":[{"id":18405,"href":"https:\/\/lignesauto.fr\/index.php?rest_route=\/wp\/v2\/posts\/18308\/revisions\/18405"}],"wp:featuredmedia":[{"embeddable":true,"href":"https:\/\/lignesauto.fr\/index.php?rest_route=\/wp\/v2\/media\/18365"}],"wp:attachment":[{"href":"https:\/\/lignesauto.fr\/index.php?rest_route=%2Fwp%2Fv2%2Fmedia&parent=18308"}],"wp:term":[{"taxonomy":"category","embeddable":true,"href":"https:\/\/lignesauto.fr\/index.php?rest_route=%2Fwp%2Fv2%2Fcategories&post=18308"},{"taxonomy":"post_tag","embeddable":true,"href":"https:\/\/lignesauto.fr\/index.php?rest_route=%2Fwp%2Fv2%2Ftags&post=18308"}],"curies":[{"name":"wp","href":"https:\/\/api.w.org\/{rel}","templated":true}]}}