{"id":18481,"date":"2020-06-24T09:58:01","date_gmt":"2020-06-24T07:58:01","guid":{"rendered":"http:\/\/lignesauto.fr\/?p=18481"},"modified":"2020-06-24T12:08:31","modified_gmt":"2020-06-24T10:08:31","slug":"plutot-ds3-crossback-ou-opel-mokka","status":"publish","type":"post","link":"https:\/\/lignesauto.fr\/?p=18481","title":{"rendered":"Plut\u00f4t DS3 Crossback ou Opel Mokka ?"},"content":{"rendered":"\n<figure class=\"wp-block-image size-large is-resized\"><img loading=\"lazy\" decoding=\"async\" src=\"http:\/\/lignesauto.fr\/wp-content\/uploads\/2018\/10\/LOGOActus_BD-1024x367.jpg\" alt=\"\" class=\"wp-image-4921\" width=\"430\" height=\"153\" srcset=\"https:\/\/lignesauto.fr\/wp-content\/uploads\/2018\/10\/LOGOActus_BD-1024x367.jpg 1024w, https:\/\/lignesauto.fr\/wp-content\/uploads\/2018\/10\/LOGOActus_BD-300x108.jpg 300w, https:\/\/lignesauto.fr\/wp-content\/uploads\/2018\/10\/LOGOActus_BD-370x133.jpg 370w, https:\/\/lignesauto.fr\/wp-content\/uploads\/2018\/10\/LOGOActus_BD-1040x373.jpg 1040w, https:\/\/lignesauto.fr\/wp-content\/uploads\/2018\/10\/LOGOActus_BD.jpg 1240w\" sizes=\"(max-width: 430px) 100vw, 430px\" \/><\/figure>\n\n\n\n<p style=\"font-size:18px\">Opel vient de d\u00e9voiler son nouveau petit SUV Mokka. Comme la Corsa, cette nouvelle silhouette dans la gamme repose sur la plateforme CMP et e-CMP, celle que la DS3 Crossback a inaugur\u00e9e. Opel ne manque d\u00e9sormais plus d&#8217;audace et vient s&#8217;attaquer frontalement \u00e0 sa cousine. Alors, vous \u00eates plut\u00f4t DS3 Crossback ou Opel Mokka ?<\/p>\n\n\n\n<figure class=\"wp-block-image size-large\"><img loading=\"lazy\" decoding=\"async\" width=\"1024\" height=\"768\" src=\"http:\/\/lignesauto.fr\/wp-content\/uploads\/2020\/06\/12-Opel-Mokka-e-512273-1024x768.jpg\" alt=\"\" class=\"wp-image-18488\" srcset=\"https:\/\/lignesauto.fr\/wp-content\/uploads\/2020\/06\/12-Opel-Mokka-e-512273-1024x768.jpg 1024w, https:\/\/lignesauto.fr\/wp-content\/uploads\/2020\/06\/12-Opel-Mokka-e-512273-300x225.jpg 300w, https:\/\/lignesauto.fr\/wp-content\/uploads\/2020\/06\/12-Opel-Mokka-e-512273-768x576.jpg 768w, https:\/\/lignesauto.fr\/wp-content\/uploads\/2020\/06\/12-Opel-Mokka-e-512273.jpg 1417w\" sizes=\"(max-width: 1024px) 100vw, 1024px\" \/><\/figure>\n\n\n\n<p style=\"font-size:18px\">L&#8217;Opel Mokka est le premier mod\u00e8le \u00e0 arborer le nouveau visage de la marque Opel&nbsp;: l\u2019Opel Vizor. Implant\u00e9 sur tout l\u2019avant du v\u00e9hicule, l\u2019Opel Vizor est un module qui organise les marqueurs de les fondamentaux de l&#8217;identit\u00e9 de la marque tels que les phares matriciels de derni\u00e8re g\u00e9n\u00e9ration ou les feux diurnes \u00e0 LED.<\/p>\n\n\n\n<figure class=\"wp-block-image size-large\"><img loading=\"lazy\" decoding=\"async\" width=\"1024\" height=\"576\" src=\"http:\/\/lignesauto.fr\/wp-content\/uploads\/2020\/06\/2945423-tob7cbthea-1024x576.jpg\" alt=\"\" class=\"wp-image-18490\" srcset=\"https:\/\/lignesauto.fr\/wp-content\/uploads\/2020\/06\/2945423-tob7cbthea-1024x576.jpg 1024w, https:\/\/lignesauto.fr\/wp-content\/uploads\/2020\/06\/2945423-tob7cbthea-300x169.jpg 300w, https:\/\/lignesauto.fr\/wp-content\/uploads\/2020\/06\/2945423-tob7cbthea-768x432.jpg 768w, https:\/\/lignesauto.fr\/wp-content\/uploads\/2020\/06\/2945423-tob7cbthea.jpg 1417w\" sizes=\"(max-width: 1024px) 100vw, 1024px\" \/><\/figure>\n\n\n\n<p style=\"font-size:18px\">Le module porte en son centre le Blitz. L\u2019Opel Vizor est l\u2019\u0153uvre de l\u2019\u00e9quipe r\u00e9unie autour de Mark Adams, le chef du Design. Il sera pr\u00e9sent sur tous les mod\u00e8les de la marque \u00e0 venir au cours des ann\u00e9es 2020.<\/p>\n\n\n\n<figure class=\"wp-block-image size-large\"><img loading=\"lazy\" decoding=\"async\" width=\"1024\" height=\"576\" src=\"http:\/\/lignesauto.fr\/wp-content\/uploads\/2020\/06\/07-Opel-Mokka-e-512171-1024x576.jpg\" alt=\"\" class=\"wp-image-18491\" srcset=\"https:\/\/lignesauto.fr\/wp-content\/uploads\/2020\/06\/07-Opel-Mokka-e-512171-1024x576.jpg 1024w, https:\/\/lignesauto.fr\/wp-content\/uploads\/2020\/06\/07-Opel-Mokka-e-512171-300x169.jpg 300w, https:\/\/lignesauto.fr\/wp-content\/uploads\/2020\/06\/07-Opel-Mokka-e-512171-768x432.jpg 768w, https:\/\/lignesauto.fr\/wp-content\/uploads\/2020\/06\/07-Opel-Mokka-e-512171.jpg 1417w\" sizes=\"(max-width: 1024px) 100vw, 1024px\" \/><\/figure>\n\n\n\n<p style=\"font-size:18px\"><em>\u00ab&nbsp;Force de caract\u00e8re et puret\u00e9, voici quels seront les axes du style Opel de demain. Le nouveau Mokka affiche une ligne pleine de dynamisme rythm\u00e9e par des surfaces fluides et structur\u00e9es avec pr\u00e9cision. Nous avons d\u00e9velopp\u00e9 cette philosophie en nous fondant sur la tradition du design allemand des grandes ann\u00e9es, et nous avons associ\u00e9 la modernit\u00e9 et la force de caract\u00e8re \u00e0 la puret\u00e9,&nbsp;\u00bb <\/em>explique Mark Adams, Vice President Design d\u2019Opel.<\/p>\n\n\n\n<figure class=\"wp-block-image size-large\"><img loading=\"lazy\" decoding=\"async\" width=\"1024\" height=\"575\" src=\"http:\/\/lignesauto.fr\/wp-content\/uploads\/2020\/06\/06-Opel-Mokka-e-512170-1024x575.jpg\" alt=\"\" class=\"wp-image-18492\" srcset=\"https:\/\/lignesauto.fr\/wp-content\/uploads\/2020\/06\/06-Opel-Mokka-e-512170-1024x575.jpg 1024w, https:\/\/lignesauto.fr\/wp-content\/uploads\/2020\/06\/06-Opel-Mokka-e-512170-300x169.jpg 300w, https:\/\/lignesauto.fr\/wp-content\/uploads\/2020\/06\/06-Opel-Mokka-e-512170-768x431.jpg 768w, https:\/\/lignesauto.fr\/wp-content\/uploads\/2020\/06\/06-Opel-Mokka-e-512170.jpg 1417w\" sizes=\"(max-width: 1024px) 100vw, 1024px\" \/><\/figure>\n\n\n\n<p style=\"font-size:18px\">Tout cela est bien dit, Mark, mais est-ce que ton coll\u00e8gue &#8211; et ami&#8230;-  Thierry M\u00e9troz, patron du design DS, ne va pas te trouver un peu encombrant ? C&#8217;est que cette Mokka est plut\u00f4t cors\u00e9e et les acheteurs potentiels de la DS3 Crossback ne manqueront pas d&#8217;ajouter cette Opel \u00e0 leur short-list&#8230;<\/p>\n\n\n\n<figure class=\"wp-block-image size-large\"><img loading=\"lazy\" decoding=\"async\" width=\"855\" height=\"1024\" src=\"http:\/\/lignesauto.fr\/wp-content\/uploads\/2020\/06\/A-1-855x1024.png\" alt=\"\" class=\"wp-image-18493\" srcset=\"https:\/\/lignesauto.fr\/wp-content\/uploads\/2020\/06\/A-1-855x1024.png 855w, https:\/\/lignesauto.fr\/wp-content\/uploads\/2020\/06\/A-1-250x300.png 250w, https:\/\/lignesauto.fr\/wp-content\/uploads\/2020\/06\/A-1-768x920.png 768w, https:\/\/lignesauto.fr\/wp-content\/uploads\/2020\/06\/A-1-1282x1536.png 1282w, https:\/\/lignesauto.fr\/wp-content\/uploads\/2020\/06\/A-1.png 1392w\" sizes=\"(max-width: 855px) 100vw, 855px\" \/><\/figure>\n\n\n\n<p style=\"font-size:18px\">Nous n&#8217;avons pas encore pu toucher la Mokka, mais voici quelques r\u00e9flexions rapides sur le design des deux bellig\u00e9rantes. En 1, ce capot noir est tr\u00e8s int\u00e9ressant mais il semblerait que les futures DS optent \u00e9galement pour le choix d&#8217;un capot noir. Le concept-car ASL l&#8217;a d\u00e9montr\u00e9. En 2 l&#8217;Opel Vizor simplifie la lecture de la proue de la Mokka, volontairement plus sobre que celle de la fran\u00e7aise. En 3, la visibilit\u00e9 lat\u00e9rale pour les passagers semble meilleure que sur la DS. En 4, cette derni\u00e8re se rattrappe avec un capot joliment sculpt\u00e9 et, en 5, avec ses poign\u00e9es de portes escamotables, comme sur une&#8230; Tesla !<\/p>\n\n\n\n<figure class=\"wp-block-image size-large\"><img loading=\"lazy\" decoding=\"async\" width=\"907\" height=\"1024\" src=\"http:\/\/lignesauto.fr\/wp-content\/uploads\/2020\/06\/B-907x1024.png\" alt=\"\" class=\"wp-image-18484\" srcset=\"https:\/\/lignesauto.fr\/wp-content\/uploads\/2020\/06\/B-907x1024.png 907w, https:\/\/lignesauto.fr\/wp-content\/uploads\/2020\/06\/B-266x300.png 266w, https:\/\/lignesauto.fr\/wp-content\/uploads\/2020\/06\/B-768x867.png 768w, https:\/\/lignesauto.fr\/wp-content\/uploads\/2020\/06\/B-1361x1536.png 1361w, https:\/\/lignesauto.fr\/wp-content\/uploads\/2020\/06\/B.png 1526w\" sizes=\"(max-width: 907px) 100vw, 907px\" \/><\/figure>\n\n\n\n<p style=\"font-size:18px\">Si le style de l&#8217;Opel est globalement s\u00e9duisant, \u00e0 LIGNES\/auto nous n&#8217;aimons pas cette d\u00e9coupe (en 1) qui \u00e9voque les capotes des vieilles hippomobiles ! Mais visiblement, en 2, il semblerait que la d\u00e9coupe du hayon soit plus g\u00e9n\u00e9reuse que sur la DS. La Mokka offrira-t-elle pour autant un meilleur acc\u00e8s au coffre ? En 1, sur la DS, le traitement des feux est juste superbe ! Et place la DS3 Crossback \u00e0 un niveau plus statutaire.<\/p>\n\n\n\n<figure class=\"wp-block-image size-large\"><img loading=\"lazy\" decoding=\"async\" width=\"819\" height=\"1024\" src=\"http:\/\/lignesauto.fr\/wp-content\/uploads\/2020\/06\/C-819x1024.png\" alt=\"\" class=\"wp-image-18485\" srcset=\"https:\/\/lignesauto.fr\/wp-content\/uploads\/2020\/06\/C-819x1024.png 819w, https:\/\/lignesauto.fr\/wp-content\/uploads\/2020\/06\/C-240x300.png 240w, https:\/\/lignesauto.fr\/wp-content\/uploads\/2020\/06\/C-768x961.png 768w, https:\/\/lignesauto.fr\/wp-content\/uploads\/2020\/06\/C-1228x1536.png 1228w, https:\/\/lignesauto.fr\/wp-content\/uploads\/2020\/06\/C.png 1404w\" sizes=\"(max-width: 819px) 100vw, 819px\" \/><\/figure>\n\n\n\n<p style=\"font-size:18px\">Sur l&#8217;Opel, nous avons relev\u00e9 ce bel embouti du panneau de custode, en creux, qui vient cr\u00e9er tout le volume du hayon au dessus des feux. Sobre et \u00e9l\u00e9gant.<\/p>\n\n\n\n<figure class=\"wp-block-image size-large\"><img loading=\"lazy\" decoding=\"async\" width=\"1024\" height=\"576\" src=\"http:\/\/lignesauto.fr\/wp-content\/uploads\/2020\/06\/2945426-fqqm4ny91f-1024x576.jpg\" alt=\"\" class=\"wp-image-18494\" srcset=\"https:\/\/lignesauto.fr\/wp-content\/uploads\/2020\/06\/2945426-fqqm4ny91f-1024x576.jpg 1024w, https:\/\/lignesauto.fr\/wp-content\/uploads\/2020\/06\/2945426-fqqm4ny91f-300x169.jpg 300w, https:\/\/lignesauto.fr\/wp-content\/uploads\/2020\/06\/2945426-fqqm4ny91f-768x432.jpg 768w, https:\/\/lignesauto.fr\/wp-content\/uploads\/2020\/06\/2945426-fqqm4ny91f.jpg 1417w\" sizes=\"(max-width: 1024px) 100vw, 1024px\" \/><\/figure>\n\n\n\n<p style=\"font-size:18px\">Mais ce que pr\u00e9f\u00e9rons sur la Mokka, c&#8217;est sa planche de bord \u00e0 la fois d\u00e9pouill\u00e9e et tr\u00e8s moderne. C&#8217;est ce qu&#8217;Opel appelle le &#8220;Pure Panel&#8221;.<\/p>\n\n\n\n<figure class=\"wp-block-image size-large\"><img loading=\"lazy\" decoding=\"async\" width=\"1024\" height=\"497\" src=\"http:\/\/lignesauto.fr\/wp-content\/uploads\/2020\/06\/08-Opel-Mokka-e-512172-1024x497.jpg\" alt=\"\" class=\"wp-image-18495\" srcset=\"https:\/\/lignesauto.fr\/wp-content\/uploads\/2020\/06\/08-Opel-Mokka-e-512172-1024x497.jpg 1024w, https:\/\/lignesauto.fr\/wp-content\/uploads\/2020\/06\/08-Opel-Mokka-e-512172-300x146.jpg 300w, https:\/\/lignesauto.fr\/wp-content\/uploads\/2020\/06\/08-Opel-Mokka-e-512172-768x373.jpg 768w, https:\/\/lignesauto.fr\/wp-content\/uploads\/2020\/06\/08-Opel-Mokka-e-512172.jpg 1417w\" sizes=\"(max-width: 1024px) 100vw, 1024px\" \/><\/figure>\n\n\n\n<p style=\"font-size:18px\">Selon le constructeur, &#8220;le Pure Panel reprend les choix stylistiques de l\u2019Opel Vizor. Deux grands \u00e9crans de 10 et 12 pouces accueillent les occupants&nbsp;; l\u2019\u00e9cran central est d\u00e9lib\u00e9r\u00e9ment tourn\u00e9 vers le conducteur et les ou\u00efes d\u2019a\u00e9ration sont repouss\u00e9es \u00e0 l\u2019arri\u00e8re-plan afin de favoriser une exp\u00e9rience cibl\u00e9e. Tous les stimuli visuels perturbants ont \u00e9t\u00e9 \u00e9limin\u00e9s. Le design de la console centrale a \u00e9galement \u00e9t\u00e9 \u00e9pur\u00e9 de mani\u00e8re impressionnante&nbsp;: gr\u00e2ce au frein de stationnement \u00e9lectrique ainsi qu\u2019au nouveau levier de vitesse \u00e9lectrique, aucun \u00e9l\u00e9ment saillant ne vient perturber la puret\u00e9 de son design. Toutes les commandes et tous les modules sont \u00e9l\u00e9gamment int\u00e9gr\u00e9s.&#8221;<\/p>\n\n\n\n<figure class=\"wp-block-image size-large\"><img loading=\"lazy\" decoding=\"async\" width=\"1024\" height=\"683\" src=\"http:\/\/lignesauto.fr\/wp-content\/uploads\/2020\/06\/10-Opel-Mokka-e-512176-1024x683.jpg\" alt=\"\" class=\"wp-image-18497\" srcset=\"https:\/\/lignesauto.fr\/wp-content\/uploads\/2020\/06\/10-Opel-Mokka-e-512176-1024x683.jpg 1024w, https:\/\/lignesauto.fr\/wp-content\/uploads\/2020\/06\/10-Opel-Mokka-e-512176-300x200.jpg 300w, https:\/\/lignesauto.fr\/wp-content\/uploads\/2020\/06\/10-Opel-Mokka-e-512176-768x512.jpg 768w, https:\/\/lignesauto.fr\/wp-content\/uploads\/2020\/06\/10-Opel-Mokka-e-512176.jpg 1417w\" sizes=\"(max-width: 1024px) 100vw, 1024px\" \/><\/figure>\n\n\n\n<p style=\"font-size:18px\">Notons que, gr\u00e2ce \u00e0 la plateforme e-CMP, l&#8217;Opel Mokka sera disponible d\u00e8s sa commercialisation (d\u00e9but 2021) en version 100% \u00e9lectrique et b\u00e9n\u00e9ficiera \u00e9galement de moteurs thermiques essence et diesel. Les prises de commandes seront effectives d\u00e8s la fin de l&#8217;\u00e9t\u00e9.<\/p>\n\n\n\n<figure class=\"wp-block-image size-large\"><img loading=\"lazy\" decoding=\"async\" width=\"1024\" height=\"512\" src=\"http:\/\/lignesauto.fr\/wp-content\/uploads\/2020\/06\/Capture-d\u2019e\u0301cran-2020-06-24-a\u0300-08.48.01-1024x512.png\" alt=\"\" class=\"wp-image-18487\" srcset=\"https:\/\/lignesauto.fr\/wp-content\/uploads\/2020\/06\/Capture-d\u2019e\u0301cran-2020-06-24-a\u0300-08.48.01-1024x512.png 1024w, https:\/\/lignesauto.fr\/wp-content\/uploads\/2020\/06\/Capture-d\u2019e\u0301cran-2020-06-24-a\u0300-08.48.01-300x150.png 300w, https:\/\/lignesauto.fr\/wp-content\/uploads\/2020\/06\/Capture-d\u2019e\u0301cran-2020-06-24-a\u0300-08.48.01-768x384.png 768w, https:\/\/lignesauto.fr\/wp-content\/uploads\/2020\/06\/Capture-d\u2019e\u0301cran-2020-06-24-a\u0300-08.48.01.png 1417w\" sizes=\"(max-width: 1024px) 100vw, 1024px\" \/><\/figure>\n\n\n\n<p class=\"has-medium-font-size\">Alors, Mokka ou DS3 Crossback ?<\/p>\n\n\n\n<figure class=\"wp-block-image is-resized\"><img loading=\"lazy\" decoding=\"async\" src=\"http:\/\/lignesauto.fr\/wp-content\/uploads\/2018\/10\/LOGOActus_BD-1024x367.jpg\" alt=\"L\u2019attribut alt de cette image est vide, son nom de fichier est LOGOActus_BD-1024x367.jpg.\" width=\"441\" height=\"157\"\/><\/figure>\n","protected":false},"excerpt":{"rendered":"<p>Opel vient de d\u00e9voiler son nouveau petit SUV Mokka. Comme la Corsa, cette nouvelle silhouette dans la gamme repose sur la plateforme CMP et e-CMP, celle que la DS3 Crossback a inaugur\u00e9e. Opel ne manque d\u00e9sormais plus d&#8217;audace et vient s&#8217;attaquer frontalement \u00e0 sa cousine. Alors, vous \u00eates plut\u00f4t DS3 [&hellip;]<\/p>\n","protected":false},"author":1,"featured_media":18487,"comment_status":"open","ping_status":"open","sticky":false,"template":"","format":"standard","meta":{"footnotes":""},"categories":[1],"tags":[],"_links":{"self":[{"href":"https:\/\/lignesauto.fr\/index.php?rest_route=\/wp\/v2\/posts\/18481"}],"collection":[{"href":"https:\/\/lignesauto.fr\/index.php?rest_route=\/wp\/v2\/posts"}],"about":[{"href":"https:\/\/lignesauto.fr\/index.php?rest_route=\/wp\/v2\/types\/post"}],"author":[{"embeddable":true,"href":"https:\/\/lignesauto.fr\/index.php?rest_route=\/wp\/v2\/users\/1"}],"replies":[{"embeddable":true,"href":"https:\/\/lignesauto.fr\/index.php?rest_route=%2Fwp%2Fv2%2Fcomments&post=18481"}],"version-history":[{"count":11,"href":"https:\/\/lignesauto.fr\/index.php?rest_route=\/wp\/v2\/posts\/18481\/revisions"}],"predecessor-version":[{"id":18509,"href":"https:\/\/lignesauto.fr\/index.php?rest_route=\/wp\/v2\/posts\/18481\/revisions\/18509"}],"wp:featuredmedia":[{"embeddable":true,"href":"https:\/\/lignesauto.fr\/index.php?rest_route=\/wp\/v2\/media\/18487"}],"wp:attachment":[{"href":"https:\/\/lignesauto.fr\/index.php?rest_route=%2Fwp%2Fv2%2Fmedia&parent=18481"}],"wp:term":[{"taxonomy":"category","embeddable":true,"href":"https:\/\/lignesauto.fr\/index.php?rest_route=%2Fwp%2Fv2%2Fcategories&post=18481"},{"taxonomy":"post_tag","embeddable":true,"href":"https:\/\/lignesauto.fr\/index.php?rest_route=%2Fwp%2Fv2%2Ftags&post=18481"}],"curies":[{"name":"wp","href":"https:\/\/api.w.org\/{rel}","templated":true}]}}