{"id":18887,"date":"2020-08-11T18:00:00","date_gmt":"2020-08-11T16:00:00","guid":{"rendered":"http:\/\/lignesauto.fr\/?p=18887"},"modified":"2020-08-12T17:29:06","modified_gmt":"2020-08-12T15:29:06","slug":"le-saviez-vous-porsche-design-nest-pas-a-weissach-mais-a-monsheim","status":"publish","type":"post","link":"https:\/\/lignesauto.fr\/?p=18887","title":{"rendered":"Le saviez-vous : Porsche design n&#8217;est pas \u00e0 Weissach mais \u00e0&#8230; M\u00f6nsheim"},"content":{"rendered":"\n<figure class=\"wp-block-image size-large is-resized\"><img loading=\"lazy\" decoding=\"async\" src=\"http:\/\/lignesauto.fr\/wp-content\/uploads\/2018\/10\/LOGOActus_BD-1024x367.jpg\" alt=\"\" class=\"wp-image-4921\" width=\"466\" height=\"166\" srcset=\"https:\/\/lignesauto.fr\/wp-content\/uploads\/2018\/10\/LOGOActus_BD-1024x367.jpg 1024w, https:\/\/lignesauto.fr\/wp-content\/uploads\/2018\/10\/LOGOActus_BD-300x108.jpg 300w, https:\/\/lignesauto.fr\/wp-content\/uploads\/2018\/10\/LOGOActus_BD-768x276.jpg 768w, https:\/\/lignesauto.fr\/wp-content\/uploads\/2018\/10\/LOGOActus_BD-370x133.jpg 370w, https:\/\/lignesauto.fr\/wp-content\/uploads\/2018\/10\/LOGOActus_BD-1040x373.jpg 1040w, https:\/\/lignesauto.fr\/wp-content\/uploads\/2018\/10\/LOGOActus_BD.jpg 1240w\" sizes=\"(max-width: 466px) 100vw, 466px\" \/><\/figure>\n\n\n\n<p style=\"font-size:18px\">Bienvenue \u00e0 Weissach, dans le centre d&#8217;\u00e9tudes et d&#8217;essais de Porsche. On trouve ici les pistes d&#8217;essais, les bureaux d&#8217;\u00e9tudes et aussi le centre de design. Ce dernier a vu ses locaux r\u00e9habilit\u00e9s en 2014. Ils ne sont pourtant pas sur la commune de Weissach, mais sur celle de&#8230; M\u00f6nsheim. Explications.<\/p>\n\n\n\n<figure class=\"wp-block-image size-large\"><img loading=\"lazy\" decoding=\"async\" width=\"1024\" height=\"923\" src=\"http:\/\/lignesauto.fr\/wp-content\/uploads\/2020\/07\/PORSCHE_102-1024x923.png\" alt=\"\" class=\"wp-image-18889\" srcset=\"https:\/\/lignesauto.fr\/wp-content\/uploads\/2020\/07\/PORSCHE_102-1024x923.png 1024w, https:\/\/lignesauto.fr\/wp-content\/uploads\/2020\/07\/PORSCHE_102-300x270.png 300w, https:\/\/lignesauto.fr\/wp-content\/uploads\/2020\/07\/PORSCHE_102-768x692.png 768w, https:\/\/lignesauto.fr\/wp-content\/uploads\/2020\/07\/PORSCHE_102.png 1417w\" sizes=\"(max-width: 1024px) 100vw, 1024px\" \/><figcaption>GOOGLE EARTH<\/figcaption><\/figure>\n\n\n\n<p style=\"font-size:18px\">La vue Google Earth ci-dessus montre la commune de Weissach, en bas et le centre technique de Porsche d\u00e9pendant de cette commune. Les pistes d&#8217;essais et les bureaux d&#8217;\u00e9tudes font effectivement partie int\u00e9grante de Weissach depuis 1971 et le d\u00e9but de l&#8217;implantation de ce centre \u00e0 quelques kilom\u00e8tres de Stuttgart.<\/p>\n\n\n\n<figure class=\"wp-block-image size-large\"><img loading=\"lazy\" decoding=\"async\" width=\"1024\" height=\"556\" src=\"http:\/\/lignesauto.fr\/wp-content\/uploads\/2020\/07\/1234-1024x556.png\" alt=\"\" class=\"wp-image-18913\" srcset=\"https:\/\/lignesauto.fr\/wp-content\/uploads\/2020\/07\/1234-1024x556.png 1024w, https:\/\/lignesauto.fr\/wp-content\/uploads\/2020\/07\/1234-300x163.png 300w, https:\/\/lignesauto.fr\/wp-content\/uploads\/2020\/07\/1234-768x417.png 768w, https:\/\/lignesauto.fr\/wp-content\/uploads\/2020\/07\/1234.png 1417w\" sizes=\"(max-width: 1024px) 100vw, 1024px\" \/><figcaption>GOOGLE EARTH<\/figcaption><\/figure>\n\n\n\n<p style=\"font-size:18px\">Sur cette vue agrandie, les nouveaux locaux du design Porsche (en bas \u00e0 droite) inaugur\u00e9s en 2014, avec un studio de design dot\u00e9 d\u2019installations de construction d\u2019\u00e9tudes, une soufflerie a\u00e9roacoustique et le centre d\u2019int\u00e9gration \u00e9lectronique, ne font pas partie de la commune de Weissach mais d\u00e9pendent de celle de M\u00f6nsheim, en haut \u00e0 gauche, comme le montre la fronti\u00e8re communale (trait jaune)<\/p>\n\n\n\n<figure class=\"wp-block-image size-large\"><img loading=\"lazy\" decoding=\"async\" width=\"1024\" height=\"394\" src=\"http:\/\/lignesauto.fr\/wp-content\/uploads\/2020\/07\/PORSCHE_101-1024x394.jpg\" alt=\"\" class=\"wp-image-18891\" srcset=\"https:\/\/lignesauto.fr\/wp-content\/uploads\/2020\/07\/PORSCHE_101-1024x394.jpg 1024w, https:\/\/lignesauto.fr\/wp-content\/uploads\/2020\/07\/PORSCHE_101-300x115.jpg 300w, https:\/\/lignesauto.fr\/wp-content\/uploads\/2020\/07\/PORSCHE_101-768x295.jpg 768w, https:\/\/lignesauto.fr\/wp-content\/uploads\/2020\/07\/PORSCHE_101.jpg 1417w\" sizes=\"(max-width: 1024px) 100vw, 1024px\" \/><\/figure>\n\n\n\n<p style=\"font-size:18px\">Cela n&#8217;enl\u00e8ve \u00e9videmment rien \u00e0 la l\u00e9gende de ce lieux mythique sur lequel nous nous arr\u00eatons quelques minutes dans ce post. Porsche reconnait d&#8217;ailleurs officiellement qu&#8217;\u00e0 la suite de l\u2019extension du centre technique et de design de Weissach, les trois nouveaux b\u00e2timents &#8220;<em>se trouvent sur la commune limitrophe de M\u00f6nsheim, dans l\u2019arrondissement d\u2019Enzkreis. Le circuit d\u2019essais (ci-dessous), est quant \u00e0 lui sur la commune de Weissach, situ\u00e9e dans l\u2019arrondissement de B\u00f6blingen. C&#8217;est lui qui fut le premier implant\u00e9 ici, d\u00e8s 1962.<\/em>&#8220;<\/p>\n\n\n\n<figure class=\"wp-block-image size-large\"><img loading=\"lazy\" decoding=\"async\" width=\"1024\" height=\"683\" src=\"http:\/\/lignesauto.fr\/wp-content\/uploads\/2020\/07\/M19_2688_fine-1024x683.jpg\" alt=\"\" class=\"wp-image-18896\" srcset=\"https:\/\/lignesauto.fr\/wp-content\/uploads\/2020\/07\/M19_2688_fine-1024x683.jpg 1024w, https:\/\/lignesauto.fr\/wp-content\/uploads\/2020\/07\/M19_2688_fine-300x200.jpg 300w, https:\/\/lignesauto.fr\/wp-content\/uploads\/2020\/07\/M19_2688_fine-768x512.jpg 768w, https:\/\/lignesauto.fr\/wp-content\/uploads\/2020\/07\/M19_2688_fine.jpg 1417w\" sizes=\"(max-width: 1024px) 100vw, 1024px\" \/><\/figure>\n\n\n\n<p style=\"font-size:18px\">Le centre de d\u00e9veloppement de Weissach (ou EZW, pour Entwicklungszentrum Weissach) d\u00e9veloppe depuis 1971 les voitures de sport du futur, qui quittent aujourd\u2019hui les cha\u00eenes de production de Zuffenhausen, Leipzig et Osnabr\u00fcck et sont vendues sur plus de 125 march\u00e9s dans le monde. Voil\u00e0 donc bient\u00f4t 50 ans que le site existe, \u00e0 seulement 25 kilom\u00e8tres de Stuttgart. <\/p>\n\n\n\n<figure class=\"wp-block-image size-large\"><img loading=\"lazy\" decoding=\"async\" width=\"1024\" height=\"667\" src=\"http:\/\/lignesauto.fr\/wp-content\/uploads\/2020\/07\/P14_1067_a4_rgb-1024x667.jpg\" alt=\"\" class=\"wp-image-18902\" srcset=\"https:\/\/lignesauto.fr\/wp-content\/uploads\/2020\/07\/P14_1067_a4_rgb-1024x667.jpg 1024w, https:\/\/lignesauto.fr\/wp-content\/uploads\/2020\/07\/P14_1067_a4_rgb-300x195.jpg 300w, https:\/\/lignesauto.fr\/wp-content\/uploads\/2020\/07\/P14_1067_a4_rgb-768x500.jpg 768w, https:\/\/lignesauto.fr\/wp-content\/uploads\/2020\/07\/P14_1067_a4_rgb-1000x650.jpg 1000w, https:\/\/lignesauto.fr\/wp-content\/uploads\/2020\/07\/P14_1067_a4_rgb.jpg 1417w\" sizes=\"(max-width: 1024px) 100vw, 1024px\" \/><\/figure>\n\n\n\n<p style=\"font-size:18px\">Les trois b\u00e2timents les plus r\u00e9cents abritent notamment le design et ont permis au centre d&#8217;accompagner toutes les \u00e9volutions de conceptions num\u00e9riques des v\u00e9hicules d&#8217;aujourd&#8217;hui. Et de demain. Ci-dessus, l&#8217;entr\u00e9e du design Porsche.<\/p>\n\n\n\n<figure class=\"wp-block-image size-large\"><img loading=\"lazy\" decoding=\"async\" width=\"1024\" height=\"676\" src=\"http:\/\/lignesauto.fr\/wp-content\/uploads\/2020\/07\/P14_107_rgb-1024x676.jpg\" alt=\"\" class=\"wp-image-18903\" srcset=\"https:\/\/lignesauto.fr\/wp-content\/uploads\/2020\/07\/P14_107_rgb-1024x676.jpg 1024w, https:\/\/lignesauto.fr\/wp-content\/uploads\/2020\/07\/P14_107_rgb-300x198.jpg 300w, https:\/\/lignesauto.fr\/wp-content\/uploads\/2020\/07\/P14_107_rgb-768x507.jpg 768w, https:\/\/lignesauto.fr\/wp-content\/uploads\/2020\/07\/P14_107_rgb.jpg 1417w\" sizes=\"(max-width: 1024px) 100vw, 1024px\" \/><\/figure>\n\n\n\n<p style=\"font-size:18px\">Actuellement, plus de 6.000 membres du personnel de Porsche (4.500) et d\u2019entreprises partenaires (1.500) sont employ\u00e9s au sein du centre de d\u00e9veloppement dans les d\u00e9partements D\u00e9veloppement, Comp\u00e9tition, Achats et les services y aff\u00e9rents. Ci-dessus et ci-dessous, la gigantesque aire de pr\u00e9sentation ext\u00e9rieure du centre de design. <\/p>\n\n\n\n<figure class=\"wp-block-image size-large\"><img loading=\"lazy\" decoding=\"async\" width=\"1024\" height=\"576\" src=\"http:\/\/lignesauto.fr\/wp-content\/uploads\/2020\/07\/S20_1669_fine-1024x576.jpg\" alt=\"\" class=\"wp-image-18895\" srcset=\"https:\/\/lignesauto.fr\/wp-content\/uploads\/2020\/07\/S20_1669_fine-1024x576.jpg 1024w, https:\/\/lignesauto.fr\/wp-content\/uploads\/2020\/07\/S20_1669_fine-300x169.jpg 300w, https:\/\/lignesauto.fr\/wp-content\/uploads\/2020\/07\/S20_1669_fine-768x432.jpg 768w, https:\/\/lignesauto.fr\/wp-content\/uploads\/2020\/07\/S20_1669_fine.jpg 1417w\" sizes=\"(max-width: 1024px) 100vw, 1024px\" \/><\/figure>\n\n\n\n<p style=\"font-size:18px\">Et si de nouveaux locaux motivent (comme l&#8217;on dit \u00e0 la SNCF), chez Porsche, ils ont \u00e9t\u00e9 adoub\u00e9 par l&#8217;entreprise tout enti\u00e8re et par la r\u00e9gion : &#8221; <em>On dit que le Bade-Wurtemberg est la terre des inventeurs et des penseurs. \u00c0 M\u00f6nsheim et \u00e0 Weissach, il appara\u00eet clairement que ce n\u2019est pas uniquement un dicton<\/em>&#8220;<\/p>\n\n\n\n<figure class=\"wp-block-image size-large\"><img loading=\"lazy\" decoding=\"async\" width=\"1024\" height=\"334\" src=\"http:\/\/lignesauto.fr\/wp-content\/uploads\/2020\/07\/S14_0486_fine-1024x334.jpg\" alt=\"\" class=\"wp-image-18899\" srcset=\"https:\/\/lignesauto.fr\/wp-content\/uploads\/2020\/07\/S14_0486_fine-1024x334.jpg 1024w, https:\/\/lignesauto.fr\/wp-content\/uploads\/2020\/07\/S14_0486_fine-300x98.jpg 300w, https:\/\/lignesauto.fr\/wp-content\/uploads\/2020\/07\/S14_0486_fine-768x250.jpg 768w, https:\/\/lignesauto.fr\/wp-content\/uploads\/2020\/07\/S14_0486_fine.jpg 1417w\" sizes=\"(max-width: 1024px) 100vw, 1024px\" \/><\/figure>\n\n\n\n<p style=\"font-size:18px\">Le centre d\u2019int\u00e9gration \u00e9lectronique adjacent au centre de design et au tunnel a\u00e9rodynamique, r\u00e9unit sous un m\u00eame toit le travail des d\u00e9veloppeurs Porsche actifs dans les domaines de l\u2019\u00e9lectricit\u00e9 et de l\u2019\u00e9lectronique et rend ainsi possible une interaction parfaite entre tous les composants dans le v\u00e9hicule.<\/p>\n\n\n\n<p style=\"font-size:18px\"><strong><em>LIGNES\/auto, c&#8217;est aussi une page Facebook (FR\/UK): <\/em><\/strong><a href=\"https:\/\/www.facebook.com\/lignesauto\/?modal=admin_todo_tour\">https:\/\/www.facebook.com\/lignesauto\/?modal=admin_todo_tour<\/a><\/p>\n\n\n\n<p style=\"font-size:18px\">Jusqu\u2019\u00e0 pr\u00e9sent, les d\u00e9partements \u00ab \u00c9lectronique \u00bb et \u00ab \u00c9lectricit\u00e9 \u00bb \u00e9taient r\u00e9partis dans douze b\u00e2timents diff\u00e9rents sur le site de Weissach !<\/p>\n\n\n\n<figure class=\"wp-block-image size-large\"><img loading=\"lazy\" decoding=\"async\" width=\"1024\" height=\"606\" src=\"http:\/\/lignesauto.fr\/wp-content\/uploads\/2020\/07\/PORSCHE_3-1024x606.png\" alt=\"\" class=\"wp-image-18906\" srcset=\"https:\/\/lignesauto.fr\/wp-content\/uploads\/2020\/07\/PORSCHE_3-1024x606.png 1024w, https:\/\/lignesauto.fr\/wp-content\/uploads\/2020\/07\/PORSCHE_3-300x177.png 300w, https:\/\/lignesauto.fr\/wp-content\/uploads\/2020\/07\/PORSCHE_3-768x454.png 768w, https:\/\/lignesauto.fr\/wp-content\/uploads\/2020\/07\/PORSCHE_3.png 1417w\" sizes=\"(max-width: 1024px) 100vw, 1024px\" \/><figcaption>GOOGLE EARTH<\/figcaption><\/figure>\n\n\n\n<p style=\"font-size:18px\">Porsche a \u00e9t\u00e9 le premier \u00e0 regrouper en un m\u00eame lieu toutes les activit\u00e9s de R&amp;D, permettant la conception de v\u00e9hicules du stade d\u2019\u00e9tude \u00e0 celui de voiture de s\u00e9rie avant les essais pratiqu\u00e9s sur une piste asphalt\u00e9e et un parcours tout-terrain priv\u00e9s. C\u2019est \u00e9galement ce qui permet \u00e0 Weissach de se distinguer au sein du Groupe Volkswagen. Comme les deux autres centres de d\u00e9veloppement principaux de Wolfsburg et d\u2019Ingolstadt, le centre de Weissach est responsable de modules et de technologies utilis\u00e9s par des voitures des autres marques du Groupe.<\/p>\n\n\n\n<figure class=\"wp-block-image size-large\"><img loading=\"lazy\" decoding=\"async\" width=\"1024\" height=\"683\" src=\"http:\/\/lignesauto.fr\/wp-content\/uploads\/2020\/07\/P18_0856_a3_rgb-1024x683.jpg\" alt=\"\" class=\"wp-image-18908\" srcset=\"https:\/\/lignesauto.fr\/wp-content\/uploads\/2020\/07\/P18_0856_a3_rgb-1024x683.jpg 1024w, https:\/\/lignesauto.fr\/wp-content\/uploads\/2020\/07\/P18_0856_a3_rgb-300x200.jpg 300w, https:\/\/lignesauto.fr\/wp-content\/uploads\/2020\/07\/P18_0856_a3_rgb-768x512.jpg 768w, https:\/\/lignesauto.fr\/wp-content\/uploads\/2020\/07\/P18_0856_a3_rgb.jpg 1417w\" sizes=\"(max-width: 1024px) 100vw, 1024px\" \/><\/figure>\n\n\n\n<p style=\"font-size:18px\">Mais si l&#8217;on vous dit un soir, dans un diner mondain que &#8220;<em>votre Porsche a \u00e9t\u00e9 dessin\u00e9e \u00e0 Weissach<\/em>&#8220;, r\u00e9pliquez en trinquant avec votre coupe de champagne et votre interlocuteur que, &#8220;<em>non Monsieur, vous vous \u00e9garez, ma Porsche a \u00e9t\u00e9 dessin\u00e9e \u00e0 M\u00f6nsheim!<\/em>&#8220;<\/p>\n\n\n\n<figure class=\"wp-block-image is-resized\"><img loading=\"lazy\" decoding=\"async\" src=\"http:\/\/lignesauto.fr\/wp-content\/uploads\/2018\/10\/LOGOActus_BD-1024x367.jpg\" alt=\"L\u2019attribut alt de cette image est vide, son nom de fichier est LOGOActus_BD-1024x367.jpg.\" width=\"479\" height=\"171\"\/><\/figure>\n","protected":false},"excerpt":{"rendered":"<p>Bienvenue \u00e0 Weissach, dans le centre d&#8217;\u00e9tudes et d&#8217;essais de Porsche. On trouve ici les pistes d&#8217;essais, les bureaux d&#8217;\u00e9tudes et aussi le centre de design. Ce dernier a vu ses locaux r\u00e9habilit\u00e9s en 2014. Ils ne sont pourtant pas sur la commune de Weissach, mais sur celle de&#8230; M\u00f6nsheim. [&hellip;]<\/p>\n","protected":false},"author":1,"featured_media":18895,"comment_status":"open","ping_status":"open","sticky":false,"template":"","format":"standard","meta":{"footnotes":""},"categories":[1],"tags":[],"_links":{"self":[{"href":"https:\/\/lignesauto.fr\/index.php?rest_route=\/wp\/v2\/posts\/18887"}],"collection":[{"href":"https:\/\/lignesauto.fr\/index.php?rest_route=\/wp\/v2\/posts"}],"about":[{"href":"https:\/\/lignesauto.fr\/index.php?rest_route=\/wp\/v2\/types\/post"}],"author":[{"embeddable":true,"href":"https:\/\/lignesauto.fr\/index.php?rest_route=\/wp\/v2\/users\/1"}],"replies":[{"embeddable":true,"href":"https:\/\/lignesauto.fr\/index.php?rest_route=%2Fwp%2Fv2%2Fcomments&post=18887"}],"version-history":[{"count":20,"href":"https:\/\/lignesauto.fr\/index.php?rest_route=\/wp\/v2\/posts\/18887\/revisions"}],"predecessor-version":[{"id":19024,"href":"https:\/\/lignesauto.fr\/index.php?rest_route=\/wp\/v2\/posts\/18887\/revisions\/19024"}],"wp:featuredmedia":[{"embeddable":true,"href":"https:\/\/lignesauto.fr\/index.php?rest_route=\/wp\/v2\/media\/18895"}],"wp:attachment":[{"href":"https:\/\/lignesauto.fr\/index.php?rest_route=%2Fwp%2Fv2%2Fmedia&parent=18887"}],"wp:term":[{"taxonomy":"category","embeddable":true,"href":"https:\/\/lignesauto.fr\/index.php?rest_route=%2Fwp%2Fv2%2Fcategories&post=18887"},{"taxonomy":"post_tag","embeddable":true,"href":"https:\/\/lignesauto.fr\/index.php?rest_route=%2Fwp%2Fv2%2Ftags&post=18887"}],"curies":[{"name":"wp","href":"https:\/\/api.w.org\/{rel}","templated":true}]}}