{"id":18944,"date":"2020-08-10T13:28:00","date_gmt":"2020-08-10T11:28:00","guid":{"rendered":"http:\/\/lignesauto.fr\/?p=18944"},"modified":"2020-08-11T08:35:10","modified_gmt":"2020-08-11T06:35:10","slug":"gilles-vidal-de-peugeot-a-renault-on-vous-dit-tout","status":"publish","type":"post","link":"https:\/\/lignesauto.fr\/?p=18944","title":{"rendered":"Gilles Vidal, de Peugeot \u00e0 Renault: on vous dit tout !"},"content":{"rendered":"\n<figure class=\"wp-block-image size-large is-resized\"><img loading=\"lazy\" decoding=\"async\" src=\"http:\/\/lignesauto.fr\/wp-content\/uploads\/2018\/10\/LOGOActus_BD-1024x367.jpg\" alt=\"\" class=\"wp-image-4921\" width=\"452\" height=\"161\" srcset=\"https:\/\/lignesauto.fr\/wp-content\/uploads\/2018\/10\/LOGOActus_BD-1024x367.jpg 1024w, https:\/\/lignesauto.fr\/wp-content\/uploads\/2018\/10\/LOGOActus_BD-300x108.jpg 300w, https:\/\/lignesauto.fr\/wp-content\/uploads\/2018\/10\/LOGOActus_BD-768x276.jpg 768w, https:\/\/lignesauto.fr\/wp-content\/uploads\/2018\/10\/LOGOActus_BD-370x133.jpg 370w, https:\/\/lignesauto.fr\/wp-content\/uploads\/2018\/10\/LOGOActus_BD-1040x373.jpg 1040w, https:\/\/lignesauto.fr\/wp-content\/uploads\/2018\/10\/LOGOActus_BD.jpg 1240w\" sizes=\"(max-width: 452px) 100vw, 452px\" \/><\/figure>\n\n\n\n<p style=\"font-size:18px\">Luca de Meo (ci-dessous) est arriv\u00e9 \u00e0 la t\u00eate de la marque Renault depuis le 1er juillet, apr\u00e8s que le constructeur a annonc\u00e9 un plan d&#8217;\u00e9conomie drastique avec, sur le seul plan national, 4600 suppressions de postes.<\/p>\n\n\n\n<figure class=\"wp-block-image size-large\"><img loading=\"lazy\" decoding=\"async\" width=\"722\" height=\"1024\" src=\"http:\/\/lignesauto.fr\/wp-content\/uploads\/2020\/07\/Luca-DE-MEO-722x1024.jpg\" alt=\"\" class=\"wp-image-18955\" srcset=\"https:\/\/lignesauto.fr\/wp-content\/uploads\/2020\/07\/Luca-DE-MEO-722x1024.jpg 722w, https:\/\/lignesauto.fr\/wp-content\/uploads\/2020\/07\/Luca-DE-MEO-211x300.jpg 211w, https:\/\/lignesauto.fr\/wp-content\/uploads\/2020\/07\/Luca-DE-MEO-768x1089.jpg 768w, https:\/\/lignesauto.fr\/wp-content\/uploads\/2020\/07\/Luca-DE-MEO-1083x1536.jpg 1083w, https:\/\/lignesauto.fr\/wp-content\/uploads\/2020\/07\/Luca-DE-MEO.jpg 1417w\" sizes=\"(max-width: 722px) 100vw, 722px\" \/><\/figure>\n\n\n\n<p style=\"font-size:18px\">Au lieu de panser les plaies, Luca de Meo a imm\u00e9diatement pens\u00e9 \u00e0 un brillant avenir pour la marque ! Et pour ce faire, il compte bousculer un peu, beaucoup, passionn\u00e9ment les \u00e9quipes de tous les d\u00e9partements, y compris celles du design. Avec l&#8217;envie d&#8217;affaiblir la concurrence Volkswagen et Peugeot ?<\/p>\n\n\n\n<figure class=\"wp-block-image size-large\"><img loading=\"lazy\" decoding=\"async\" width=\"1024\" height=\"576\" src=\"http:\/\/lignesauto.fr\/wp-content\/uploads\/2020\/07\/LIGNESAUTOAL_SEAT-1024x576.jpg\" alt=\"\" class=\"wp-image-18958\" srcset=\"https:\/\/lignesauto.fr\/wp-content\/uploads\/2020\/07\/LIGNESAUTOAL_SEAT-1024x576.jpg 1024w, https:\/\/lignesauto.fr\/wp-content\/uploads\/2020\/07\/LIGNESAUTOAL_SEAT-300x169.jpg 300w, https:\/\/lignesauto.fr\/wp-content\/uploads\/2020\/07\/LIGNESAUTOAL_SEAT-768x432.jpg 768w, https:\/\/lignesauto.fr\/wp-content\/uploads\/2020\/07\/LIGNESAUTOAL_SEAT-1536x864.jpg 1536w, https:\/\/lignesauto.fr\/wp-content\/uploads\/2020\/07\/LIGNESAUTOAL_SEAT.jpg 1920w\" sizes=\"(max-width: 1024px) 100vw, 1024px\" \/><\/figure>\n\n\n\n<p style=\"font-size:18px\">D\u00e8s le 27 juillet, nous apprenions qu&#8217;Alejandro Mesonero-Romanos (ci-dessus), jusqu&#8217;alors directeur design de la marque Seat au sein du groupe Volkswagen d\u00e9barquait aux c\u00f4t\u00e9s de Laurens van den Acker, l&#8217;actuel patron du design Renault. Pour s&#8217;occuper de Dacia ? Ce m\u00eame jour, nous apprenions le d\u00e9part de Gilles Vidal (ci-dessous) de son poste de directeur du style de Peugeot pour&#8230; Renault, comme l&#8217;a confirm\u00e9 le constructeur ce matin.<\/p>\n\n\n\n<figure class=\"wp-block-image size-large\"><img loading=\"lazy\" decoding=\"async\" width=\"683\" height=\"1024\" src=\"http:\/\/lignesauto.fr\/wp-content\/uploads\/2020\/07\/DSC_8070-683x1024.jpg\" alt=\"\" class=\"wp-image-18959\" srcset=\"https:\/\/lignesauto.fr\/wp-content\/uploads\/2020\/07\/DSC_8070-683x1024.jpg 683w, https:\/\/lignesauto.fr\/wp-content\/uploads\/2020\/07\/DSC_8070-200x300.jpg 200w, https:\/\/lignesauto.fr\/wp-content\/uploads\/2020\/07\/DSC_8070-768x1152.jpg 768w, https:\/\/lignesauto.fr\/wp-content\/uploads\/2020\/07\/DSC_8070-1024x1536.jpg 1024w, https:\/\/lignesauto.fr\/wp-content\/uploads\/2020\/07\/DSC_8070-1365x2048.jpg 1365w, https:\/\/lignesauto.fr\/wp-content\/uploads\/2020\/07\/DSC_8070.jpg 1417w\" sizes=\"(max-width: 683px) 100vw, 683px\" \/><\/figure>\n\n\n\n<p style=\"font-size:18px\">Gilles Vidal passe finalement \u00e0 l&#8217;ennemi. Ou plus gentiment dit, chez les voisins de Guyancourt. Un bond de g\u00e9ant pour sa carri\u00e8re, mais un petit pas pour ses d\u00e9placements quotidiens : moins de  15 km s\u00e9parent (ci-dessous) le centre de design Peugeot PSA \u00e0 V\u00e9lizy (2) de celui de Renault \u00e0 Guyancourt (1).<\/p>\n\n\n\n<figure class=\"wp-block-image size-large\"><img loading=\"lazy\" decoding=\"async\" width=\"1024\" height=\"520\" src=\"http:\/\/lignesauto.fr\/wp-content\/uploads\/2020\/07\/Capture-d\u2019e\u0301cran-2020-07-18-a\u0300-17.32.02-1024x520.png\" alt=\"\" class=\"wp-image-18960\" srcset=\"https:\/\/lignesauto.fr\/wp-content\/uploads\/2020\/07\/Capture-d\u2019e\u0301cran-2020-07-18-a\u0300-17.32.02-1024x520.png 1024w, https:\/\/lignesauto.fr\/wp-content\/uploads\/2020\/07\/Capture-d\u2019e\u0301cran-2020-07-18-a\u0300-17.32.02-300x152.png 300w, https:\/\/lignesauto.fr\/wp-content\/uploads\/2020\/07\/Capture-d\u2019e\u0301cran-2020-07-18-a\u0300-17.32.02-768x390.png 768w, https:\/\/lignesauto.fr\/wp-content\/uploads\/2020\/07\/Capture-d\u2019e\u0301cran-2020-07-18-a\u0300-17.32.02.png 1417w\" sizes=\"(max-width: 1024px) 100vw, 1024px\" \/><\/figure>\n\n\n\n<p style=\"font-size:18px\">On imagine que ce ne fut pas le crit\u00e8re prioritaire dans le choix de ce changement de carri\u00e8re. Apr\u00e8s 10 ans pass\u00e9s \u00e0 la t\u00eate du design Peugeot (2010-2020) et apr\u00e8s avoir pouss\u00e9 les portes de ce groupe en 1996 chez Citro\u00ebn &#8211; donc avant l&#8217;arriv\u00e9e de Plou\u00e9 chez PSA-, voici donc que Gilles Vidal choisit son 2e employeur seulement depuis ses d\u00e9buts. Cette stabilit\u00e9 s&#8217;explique-t-elle par la volont\u00e9 de rester en France ?<\/p>\n\n\n\n<figure class=\"wp-block-image size-large\"><img loading=\"lazy\" decoding=\"async\" width=\"1024\" height=\"683\" src=\"http:\/\/lignesauto.fr\/wp-content\/uploads\/2020\/07\/LIGNESAUTO_09-1024x683.jpg\" alt=\"\" class=\"wp-image-18961\" srcset=\"https:\/\/lignesauto.fr\/wp-content\/uploads\/2020\/07\/LIGNESAUTO_09-1024x683.jpg 1024w, https:\/\/lignesauto.fr\/wp-content\/uploads\/2020\/07\/LIGNESAUTO_09-300x200.jpg 300w, https:\/\/lignesauto.fr\/wp-content\/uploads\/2020\/07\/LIGNESAUTO_09-768x512.jpg 768w, https:\/\/lignesauto.fr\/wp-content\/uploads\/2020\/07\/LIGNESAUTO_09.jpg 1417w\" sizes=\"(max-width: 1024px) 100vw, 1024px\" \/><\/figure>\n\n\n\n<p style=\"font-size:18px\">Un poste de directeur de design de la marque Hyundai s&#8217;est pourtant lib\u00e9r\u00e9 au m\u00eame moment, poste qu&#8217;Alejandro Mesonero-Romanos aurait dans un premier temps vis\u00e9, avant de suivre Luca de Meo chez Renault. Un poste qui aurait permis une internationalisation de la carri\u00e8re de Gilles Vidal, mais est-ce l\u00e0 sa volont\u00e9 ? Visiblement non.<\/p>\n\n\n\n<p style=\"font-size:18px\"><strong><em>LIGNES\/auto, c&#8217;est aussi une page Facebook (FR\/UK): <\/em><\/strong><a href=\"https:\/\/www.facebook.com\/lignesauto\/?modal=admin_todo_tour\">https:\/\/www.facebook.com\/lignesauto\/?modal=admin_todo_tour<\/a><\/p>\n\n\n\n<p style=\"font-size:18px\">En outre, la marque Renault, toute internationale qu&#8217;elle est, n&#8217;est pas pr\u00e9sente aux USA, contrairement \u00e0 Peugeot qui ambitionne un retour l\u00e0-bas, comme on le devine ci-dessous avec cette photo du site Jalopnik (<a href=\"https:\/\/jalopnik.com\">https:\/\/jalopnik.com<\/a>) d&#8217;une 508 aux \u00c9tats-Unis.<\/p>\n\n\n\n<figure class=\"wp-block-image size-large\"><img loading=\"lazy\" decoding=\"async\" width=\"1024\" height=\"576\" src=\"http:\/\/lignesauto.fr\/wp-content\/uploads\/2020\/07\/peugeot-508-usa-1024x576.jpg\" alt=\"\" class=\"wp-image-18962\" srcset=\"https:\/\/lignesauto.fr\/wp-content\/uploads\/2020\/07\/peugeot-508-usa-1024x576.jpg 1024w, https:\/\/lignesauto.fr\/wp-content\/uploads\/2020\/07\/peugeot-508-usa-300x169.jpg 300w, https:\/\/lignesauto.fr\/wp-content\/uploads\/2020\/07\/peugeot-508-usa-768x432.jpg 768w, https:\/\/lignesauto.fr\/wp-content\/uploads\/2020\/07\/peugeot-508-usa-1536x864.jpg 1536w, https:\/\/lignesauto.fr\/wp-content\/uploads\/2020\/07\/peugeot-508-usa.jpg 1920w\" sizes=\"(max-width: 1024px) 100vw, 1024px\" \/><\/figure>\n\n\n\n<p style=\"font-size:18px\">Gilles Vidal va donc se confronter \u00e0 nouveau \u00e0 la gestion d&#8217;une \u00e9quipe d\u00e9di\u00e9e \u00e0 une marque, fran\u00e7aise qui plus est, et son quotidien ne va pas changer beaucoup, et ne devrait donc pas lui demander une longue phase d&#8217;adaptation, puisque le job sera le m\u00eame, avec des personnes et un ADN de marque \u00e9videmment diff\u00e9rents.<\/p>\n\n\n\n<figure class=\"wp-block-image size-large\"><img loading=\"lazy\" decoding=\"async\" width=\"1024\" height=\"632\" src=\"http:\/\/lignesauto.fr\/wp-content\/uploads\/2019\/01\/All-New-Renault-Clio_Intens-20-1024x632.jpg\" alt=\"\" class=\"wp-image-7363\" srcset=\"https:\/\/lignesauto.fr\/wp-content\/uploads\/2019\/01\/All-New-Renault-Clio_Intens-20-1024x632.jpg 1024w, https:\/\/lignesauto.fr\/wp-content\/uploads\/2019\/01\/All-New-Renault-Clio_Intens-20-300x185.jpg 300w, https:\/\/lignesauto.fr\/wp-content\/uploads\/2019\/01\/All-New-Renault-Clio_Intens-20-768x474.jpg 768w, https:\/\/lignesauto.fr\/wp-content\/uploads\/2019\/01\/All-New-Renault-Clio_Intens-20-370x228.jpg 370w, https:\/\/lignesauto.fr\/wp-content\/uploads\/2019\/01\/All-New-Renault-Clio_Intens-20-1040x642.jpg 1040w, https:\/\/lignesauto.fr\/wp-content\/uploads\/2019\/01\/All-New-Renault-Clio_Intens-20.jpg 1134w\" sizes=\"(max-width: 1024px) 100vw, 1024px\" \/><\/figure>\n\n\n\n<p style=\"font-size:18px\">Si l&#8217;on regarde de plus pr\u00e8s la strat\u00e9gie de Renault en termes de design, on sent avec le renouvellement de la Clio &#8211; deuxi\u00e8me cycle du design &#8220;made in Laurens van den Acker&#8221; -, une \u00e9volution &#8220;\u00e0 la Volkswagen&#8221;, par petites touches. Une strat\u00e9gie oppos\u00e9e jusqu&#8217;alors \u00e0 celle du design Peugeot et qui n&#8217;est pas ridicule puisqu&#8217;en France, la Clio V (ci-dessus) fait mieux que la 208 de l&#8217;\u00e9quipe de Gilles Vidal. Bon, pas de quoi s&#8217;arracher les cheveux pour l&#8217;ex-patron du design Peugeot, puisqu&#8217;en face des 38.884 Clio vendues, Peugeot a immatricul\u00e9&#8230; 38.863 Peugeot 208 ! Cela prouve bien que la bataille fran\u00e7aise va \u00eatre d\u00e9sormais plus rude encore entre les deux constructeurs ennemis !<\/p>\n\n\n\n<figure class=\"wp-block-image size-large\"><img loading=\"lazy\" decoding=\"async\" width=\"1000\" height=\"600\" src=\"http:\/\/lignesauto.fr\/wp-content\/uploads\/2020\/07\/LIGNESAUTOwebLD-010_0.png\" alt=\"\" class=\"wp-image-18963\" srcset=\"https:\/\/lignesauto.fr\/wp-content\/uploads\/2020\/07\/LIGNESAUTOwebLD-010_0.png 1000w, https:\/\/lignesauto.fr\/wp-content\/uploads\/2020\/07\/LIGNESAUTOwebLD-010_0-300x180.png 300w, https:\/\/lignesauto.fr\/wp-content\/uploads\/2020\/07\/LIGNESAUTOwebLD-010_0-768x461.png 768w\" sizes=\"(max-width: 1000px) 100vw, 1000px\" \/><\/figure>\n\n\n\n<p style=\"font-size:18px\">Mais la lutte sera quand m\u00eame d\u00e9s\u00e9quilibr\u00e9e puisque Gilles arrive chez Renault avec le plan produit de Peugeot en t\u00eate. Alors qu&#8217;au derni\u00e8res nouvelles, Laurens van den Acker n&#8217;est pas cens\u00e9 conna\u00eetre les plans de Peugeot ! Et m\u00eame si Gilles Vidal rejettera forc\u00e9ment toute id\u00e9e de r\u00e9aliser du copier-coller en mati\u00e8re de style, il n&#8217;est pas certain qu&#8217;il ait envie de d\u00e9laisser des concepts novateurs d\u00e9j\u00e0 pens\u00e9s chez Peugeot (ci-dessus). <\/p>\n\n\n\n<figure class=\"wp-block-image size-large\"><img loading=\"lazy\" decoding=\"async\" width=\"1024\" height=\"683\" src=\"http:\/\/lignesauto.fr\/wp-content\/uploads\/2020\/07\/2020-SneaCARS-1024x683.jpg\" alt=\"\" class=\"wp-image-18965\" srcset=\"https:\/\/lignesauto.fr\/wp-content\/uploads\/2020\/07\/2020-SneaCARS-1024x683.jpg 1024w, https:\/\/lignesauto.fr\/wp-content\/uploads\/2020\/07\/2020-SneaCARS-300x200.jpg 300w, https:\/\/lignesauto.fr\/wp-content\/uploads\/2020\/07\/2020-SneaCARS-768x512.jpg 768w, https:\/\/lignesauto.fr\/wp-content\/uploads\/2020\/07\/2020-SneaCARS.jpg 1417w\" sizes=\"(max-width: 1024px) 100vw, 1024px\" \/><\/figure>\n\n\n\n<p style=\"font-size:18px\">Que va-t-il trouver chez Renault ? De grandes ambitions en termes de design. L&#8217;\u00e9quipe de Laurens van den Acker (ci-dessus) a fait le job, et plut\u00f4t bien puisqu&#8217;\u00e0 l&#8217;entame du deuxi\u00e8me renouvellement de la gamme, les mod\u00e8les phares ont r\u00e9sist\u00e9, voire conquis des territoires. H\u00e9las, le mieux \u00e9tant l&#8217;ennemi du bien, de nombreuses silhouettes ont p\u00e2ti de la d\u00e9saffection de la client\u00e8le, \u00e0 l\u2019image des monospace Scenic et du haut de gamme (Espace et Talisman). <\/p>\n\n\n\n<figure class=\"wp-block-image size-large\"><img loading=\"lazy\" decoding=\"async\" width=\"1024\" height=\"992\" src=\"http:\/\/lignesauto.fr\/wp-content\/uploads\/2020\/07\/LIGNESAUTO-1024x992.png\" alt=\"\" class=\"wp-image-18967\" srcset=\"https:\/\/lignesauto.fr\/wp-content\/uploads\/2020\/07\/LIGNESAUTO-1024x992.png 1024w, https:\/\/lignesauto.fr\/wp-content\/uploads\/2020\/07\/LIGNESAUTO-300x291.png 300w, https:\/\/lignesauto.fr\/wp-content\/uploads\/2020\/07\/LIGNESAUTO-768x744.png 768w, https:\/\/lignesauto.fr\/wp-content\/uploads\/2020\/07\/LIGNESAUTO.png 1417w\" sizes=\"(max-width: 1024px) 100vw, 1024px\" \/><\/figure>\n\n\n\n<p style=\"font-size:18px\">Gilles Vidal va arriver au milieu du gu\u00e9, alors que les discussions pour le renouvellement des Twingo, Sc\u00e9nic et haut de gamme sont en cours. Il pourra compter sur la force de frappe de ses nouvelles \u00e9quipes qui ont propos\u00e9 de nombreuses silhouettes tr\u00e8s int\u00e9ressantes (Dacia Duster Coup\u00e9, <strong>Renault Espace coup\u00e9 ci-dessus<\/strong>, etc) qui n&#8217;ont h\u00e9las pas pass\u00e9 la barri\u00e8re de l\u2019industrialisation. Il faudra que Gilles mette en avant sa d\u00e9termination \u00e0 pousser les mod\u00e8les qui le m\u00e9ritent. Sa chance tient sans doute dans deux personnes passionn\u00e9es par le produit automobile : Laurens van den Acker et Luca de Meo, le patron !<\/p>\n\n\n\n<figure class=\"wp-block-image size-large\"><img loading=\"lazy\" decoding=\"async\" width=\"1024\" height=\"683\" src=\"http:\/\/lignesauto.fr\/wp-content\/uploads\/2020\/07\/P.250_251_01-1024x683.jpg\" alt=\"\" class=\"wp-image-18968\" srcset=\"https:\/\/lignesauto.fr\/wp-content\/uploads\/2020\/07\/P.250_251_01-1024x683.jpg 1024w, https:\/\/lignesauto.fr\/wp-content\/uploads\/2020\/07\/P.250_251_01-300x200.jpg 300w, https:\/\/lignesauto.fr\/wp-content\/uploads\/2020\/07\/P.250_251_01-768x512.jpg 768w, https:\/\/lignesauto.fr\/wp-content\/uploads\/2020\/07\/P.250_251_01.jpg 1417w\" sizes=\"(max-width: 1024px) 100vw, 1024px\" \/><figcaption>PHOTO TAKUJI SHIMMURA<\/figcaption><\/figure>\n\n\n\n<p style=\"font-size:18px\">Techniquement, Renault lui offrira un centre de design (presque) tout neuf puisqu&#8217;il a \u00e9t\u00e9 enti\u00e8rement remani\u00e9 en 2017 pour devenir le R*Generation (ci-dessus). C\u00f4t\u00e9 plateforme, s&#8217;il pouvait s&#8217;appuyer sur deux soubassements modernes chez PSA (e-CMP et eVMP), il doublera les opportunit\u00e9s avec les quatre plateformes (au lieu de 13 actuellement !) d&#8217;ici \u00e0 2026 pour l&#8217;Alliance. Et surtout, Gilles Vidal va retrouver Gilles Le Borgne, ancien patron de la Recherche et du D\u00e9veloppement chez PSA, qui a \u00e9t\u00e9 nomm\u00e9 directeur de l\u2019ing\u00e9nierie du groupe Renault en janvier dernier. Ce n&#8217;est pas rien!<\/p>\n\n\n\n<figure class=\"wp-block-image size-large\"><img loading=\"lazy\" decoding=\"async\" width=\"1024\" height=\"1024\" src=\"http:\/\/lignesauto.fr\/wp-content\/uploads\/2020\/07\/039_RENAULT_MORPHOZ-1024x1024.jpg\" alt=\"\" class=\"wp-image-18970\" srcset=\"https:\/\/lignesauto.fr\/wp-content\/uploads\/2020\/07\/039_RENAULT_MORPHOZ-1024x1024.jpg 1024w, https:\/\/lignesauto.fr\/wp-content\/uploads\/2020\/07\/039_RENAULT_MORPHOZ-300x300.jpg 300w, https:\/\/lignesauto.fr\/wp-content\/uploads\/2020\/07\/039_RENAULT_MORPHOZ-150x150.jpg 150w, https:\/\/lignesauto.fr\/wp-content\/uploads\/2020\/07\/039_RENAULT_MORPHOZ-768x768.jpg 768w, https:\/\/lignesauto.fr\/wp-content\/uploads\/2020\/07\/039_RENAULT_MORPHOZ.jpg 1417w\" sizes=\"(max-width: 1024px) 100vw, 1024px\" \/><\/figure>\n\n\n\n<p style=\"font-size:18px\">Qui a-t-il dans les tuyaux chez Renault ? Un monospace compact aux attributs de SUV (Morphoz, ci-dessus) d\u00e9riv\u00e9 du r\u00e9cent Nissan Ariya 100% \u00e9lectrique. Il existe aussi une gamme enti\u00e8re d\u00e9di\u00e9e au 100% \u00e9lectrique qui va se d\u00e9velopper en priorit\u00e9. Sans compter une gamme pens\u00e9e pour le march\u00e9 indien qui ne manque pas d&#8217;int\u00e9r\u00eat. \u00c9videmment, les stars comme le Kadjar, sont d\u00e9j\u00e0 finalis\u00e9es mais il reste, on l&#8217;a vu, les d\u00e9cisions \u00e0 prendre pour Twingo, Sc\u00e9nic, Espace et Talisman. <\/p>\n\n\n\n<figure class=\"wp-block-image size-large\"><img loading=\"lazy\" decoding=\"async\" width=\"1024\" height=\"681\" src=\"http:\/\/lignesauto.fr\/wp-content\/uploads\/2020\/07\/69915_2015_-_Gen_se_design_Renault_TALISMAN_au_Technocentre-1024x681.jpg\" alt=\"\" class=\"wp-image-18971\" srcset=\"https:\/\/lignesauto.fr\/wp-content\/uploads\/2020\/07\/69915_2015_-_Gen_se_design_Renault_TALISMAN_au_Technocentre-1024x681.jpg 1024w, https:\/\/lignesauto.fr\/wp-content\/uploads\/2020\/07\/69915_2015_-_Gen_se_design_Renault_TALISMAN_au_Technocentre-300x200.jpg 300w, https:\/\/lignesauto.fr\/wp-content\/uploads\/2020\/07\/69915_2015_-_Gen_se_design_Renault_TALISMAN_au_Technocentre-768x511.jpg 768w, https:\/\/lignesauto.fr\/wp-content\/uploads\/2020\/07\/69915_2015_-_Gen_se_design_Renault_TALISMAN_au_Technocentre.jpg 1417w\" sizes=\"(max-width: 1024px) 100vw, 1024px\" \/><\/figure>\n\n\n\n<p style=\"font-size:18px\">Qui va-t-il trouver \u00e0 ses c\u00f4t\u00e9s ? Du beau monde ! Laurens van den Acker n&#8217;a rien \u00e0 prouver chez Renault car il a r\u00e9ussi le challenge qu&#8217;on lui a confi\u00e9 en 2010 : redonner une identit\u00e9 forte et un style s\u00e9duisant aux Renault. Il est temps pour lui de prendre encore plus d&#8217;envergure.<\/p>\n\n\n\n<figure class=\"wp-block-image size-large\"><img loading=\"lazy\" decoding=\"async\" width=\"681\" height=\"1024\" src=\"http:\/\/lignesauto.fr\/wp-content\/uploads\/2020\/07\/Anthony-LO-681x1024.jpg\" alt=\"\" class=\"wp-image-18972\" srcset=\"https:\/\/lignesauto.fr\/wp-content\/uploads\/2020\/07\/Anthony-LO-681x1024.jpg 681w, https:\/\/lignesauto.fr\/wp-content\/uploads\/2020\/07\/Anthony-LO-200x300.jpg 200w, https:\/\/lignesauto.fr\/wp-content\/uploads\/2020\/07\/Anthony-LO-768x1154.jpg 768w, https:\/\/lignesauto.fr\/wp-content\/uploads\/2020\/07\/Anthony-LO-1022x1536.jpg 1022w, https:\/\/lignesauto.fr\/wp-content\/uploads\/2020\/07\/Anthony-LO-1362x2048.jpg 1362w, https:\/\/lignesauto.fr\/wp-content\/uploads\/2020\/07\/Anthony-LO.jpg 1417w\" sizes=\"(max-width: 681px) 100vw, 681px\" \/><\/figure>\n\n\n\n<p style=\"font-size:18px\">Ce sera sans doute plus compliqu\u00e9 avec la garde rapproch\u00e9e de Laurens, et notamment Anthony Lo, ci-dessus, l&#8217;excellent bras droit de Van den Acker pour le style ext\u00e9rieur, dont on peut imaginer la perplexit\u00e9&#8230;<\/p>\n\n\n\n<figure class=\"wp-block-image size-large\"><img loading=\"lazy\" decoding=\"async\" width=\"1024\" height=\"684\" src=\"http:\/\/lignesauto.fr\/wp-content\/uploads\/2020\/07\/LIGNESLEBOINENEW-1024x684.jpg\" alt=\"\" class=\"wp-image-18973\" srcset=\"https:\/\/lignesauto.fr\/wp-content\/uploads\/2020\/07\/LIGNESLEBOINENEW-1024x684.jpg 1024w, https:\/\/lignesauto.fr\/wp-content\/uploads\/2020\/07\/LIGNESLEBOINENEW-300x200.jpg 300w, https:\/\/lignesauto.fr\/wp-content\/uploads\/2020\/07\/LIGNESLEBOINENEW-768x513.jpg 768w, https:\/\/lignesauto.fr\/wp-content\/uploads\/2020\/07\/LIGNESLEBOINENEW.jpg 1417w\" sizes=\"(max-width: 1024px) 100vw, 1024px\" \/><\/figure>\n\n\n\n<p style=\"font-size:18px\">C\u00f4t\u00e9 concept-cars, Gilles Vidal trouvera une \u00e9quipe solide, men\u00e9e par Fran\u00e7ois Leboine ci-dessus, aussi solide que l&#8217;\u00e9tait au m\u00eame poste, Matthias Hossann chez Peugeot. Matthias, devenu le nouveau directeur du style Peugeot.<\/p>\n\n\n\n<figure class=\"wp-block-image size-large\"><img loading=\"lazy\" decoding=\"async\" width=\"1024\" height=\"446\" src=\"http:\/\/lignesauto.fr\/wp-content\/uploads\/2020\/07\/LIGNESAUTO-1024x446.jpg\" alt=\"\" class=\"wp-image-18974\" srcset=\"https:\/\/lignesauto.fr\/wp-content\/uploads\/2020\/07\/LIGNESAUTO-1024x446.jpg 1024w, https:\/\/lignesauto.fr\/wp-content\/uploads\/2020\/07\/LIGNESAUTO-300x131.jpg 300w, https:\/\/lignesauto.fr\/wp-content\/uploads\/2020\/07\/LIGNESAUTO-768x334.jpg 768w, https:\/\/lignesauto.fr\/wp-content\/uploads\/2020\/07\/LIGNESAUTO.jpg 1417w\" sizes=\"(max-width: 1024px) 100vw, 1024px\" \/><figcaption>Gilles Vidal \u00e0 gauche, Matthias Hossann \u00e0 droite.<\/figcaption><\/figure>\n\n\n\n<p style=\"font-size:18px\">Il demeure encore plusieurs questions qui n&#8217;ont pas de r\u00e9ponse car elles touchent \u00e0 l&#8217;intime : pourquoi Vidal a-t-il quitt\u00e9 Peugeot pour (pratiquement) le m\u00eame boulot et le m\u00eame poste chez le concurrent fran\u00e7ais ? La volont\u00e9 de changer d&#8217;air ? L&#8217;argent ? Le challenge ? L&#8217;envie de changer tout en restant en France ? Et puis il y a l&#8217;amiti\u00e9 avec le big-boss, Jean-Pierre Plou\u00e9 : si Gilles Vidal esp\u00e9rait remplacer son ami \u00e0 la t\u00eate du design groupe PSA, il lui aurait fallu attendre encore quelques ann\u00e9es. Trop d&#8217;ann\u00e9es ! Jean-Pierre Plou\u00e9 reste muet sur ce d\u00e9part, car son challenge \u00e0 lui, c&#8217;est de magnifier l&#8217;avenir du groupe PSA par un design fort et distinctif pour chaque marque, pas de pleurnicher sur un d\u00e9part, fut-il brutal, fort et non sans cons\u00e9quences.<\/p>\n\n\n\n<figure class=\"wp-block-image size-large\"><img loading=\"lazy\" decoding=\"async\" width=\"1024\" height=\"681\" src=\"http:\/\/lignesauto.fr\/wp-content\/uploads\/2020\/07\/LIGNESGV07-1024x681.jpg\" alt=\"\" class=\"wp-image-18980\" srcset=\"https:\/\/lignesauto.fr\/wp-content\/uploads\/2020\/07\/LIGNESGV07-1024x681.jpg 1024w, https:\/\/lignesauto.fr\/wp-content\/uploads\/2020\/07\/LIGNESGV07-300x200.jpg 300w, https:\/\/lignesauto.fr\/wp-content\/uploads\/2020\/07\/LIGNESGV07-768x511.jpg 768w, https:\/\/lignesauto.fr\/wp-content\/uploads\/2020\/07\/LIGNESGV07.jpg 1417w\" sizes=\"(max-width: 1024px) 100vw, 1024px\" \/><\/figure>\n\n\n\n<p style=\"font-size:18px\">Je pense n\u00e9anmoins que le d\u00e9part d&#8217;Alexandre Malval de la direction du design Citro\u00ebn en 2018 l&#8217;a moins surpris, car Alexandre ne pouvait laisser passer cette dimension internationale en signant chez Mercedes. Malgr\u00e9 ces d\u00e9parts, le bon management de Plou\u00e9 permet de placer un homme aux grandes comp\u00e9tences \u00e0 la t\u00eate du design Peugeot, Matthias Hossann. Sans d\u00e9lai. Et avec une efficacit\u00e9 imm\u00e9diate. Peugeot doit profiter de cette latence que conna\u00eetra Vidal pour d\u00e9couvrir son nouvel univers et les rouages d&#8217;une nouvelle soci\u00e9t\u00e9, pour acc\u00e9l\u00e9rer encore et toujours. Sacr\u00e9s duels en perspective entre les deux (anciens ?) amis Vidal-Plou\u00e9 !<\/p>\n\n\n\n<figure class=\"wp-block-image size-large\"><img loading=\"lazy\" decoding=\"async\" width=\"1024\" height=\"366\" src=\"http:\/\/lignesauto.fr\/wp-content\/uploads\/2020\/07\/LIGNESAUTOPROTO_01-1024x366.png\" alt=\"\" class=\"wp-image-19015\" srcset=\"https:\/\/lignesauto.fr\/wp-content\/uploads\/2020\/07\/LIGNESAUTOPROTO_01-1024x366.png 1024w, https:\/\/lignesauto.fr\/wp-content\/uploads\/2020\/07\/LIGNESAUTOPROTO_01-300x107.png 300w, https:\/\/lignesauto.fr\/wp-content\/uploads\/2020\/07\/LIGNESAUTOPROTO_01-768x275.png 768w, https:\/\/lignesauto.fr\/wp-content\/uploads\/2020\/07\/LIGNESAUTOPROTO_01.png 1417w\" sizes=\"(max-width: 1024px) 100vw, 1024px\" \/><\/figure>\n\n\n\n<p style=\"font-size:18px\">D\u00e9couvrez l&#8217;histoire du style Renault des ann\u00e9es 1960 \u00e0 aujourd&#8217;hui dans l&#8217;ouvrage : &#8220;<strong>Concept-cars et prototypes d&#8217;\u00e9tudes Renault<\/strong>&#8221; aux \u00c9ditions BJB. Commandez-le en un clic ici : <a href=\"https:\/\/www.bjbeditions.com\/products\/concept-cars-et-prototypes-d-etudes-renault\">https:\/\/www.bjbeditions.com\/products\/concept-cars-et-prototypes-d-etudes-renault<\/a><\/p>\n\n\n\n<figure class=\"wp-block-image size-large\"><img loading=\"lazy\" decoding=\"async\" width=\"1024\" height=\"773\" src=\"http:\/\/lignesauto.fr\/wp-content\/uploads\/2020\/07\/UNERENAULTBJB-1024x773.png\" alt=\"\" class=\"wp-image-19013\" srcset=\"https:\/\/lignesauto.fr\/wp-content\/uploads\/2020\/07\/UNERENAULTBJB-1024x773.png 1024w, https:\/\/lignesauto.fr\/wp-content\/uploads\/2020\/07\/UNERENAULTBJB-300x226.png 300w, https:\/\/lignesauto.fr\/wp-content\/uploads\/2020\/07\/UNERENAULTBJB-768x579.png 768w, https:\/\/lignesauto.fr\/wp-content\/uploads\/2020\/07\/UNERENAULTBJB.png 1417w\" sizes=\"(max-width: 1024px) 100vw, 1024px\" \/><\/figure>\n\n\n\n<p style=\"font-size:18px\"><strong><em>LIGNES\/auto, c&#8217;est aussi une page Facebook (FR\/UK): <\/em><\/strong><a href=\"https:\/\/www.facebook.com\/lignesauto\/?modal=admin_todo_tour\">https:\/\/www.facebook.com\/lignesauto\/?modal=admin_todo_tour<\/a><\/p>\n\n\n\n<figure class=\"wp-block-image is-resized\"><img loading=\"lazy\" decoding=\"async\" src=\"http:\/\/lignesauto.fr\/wp-content\/uploads\/2018\/10\/LOGOActus_BD-1024x367.jpg\" alt=\"L\u2019attribut alt de cette image est vide, son nom de fichier est LOGOActus_BD-1024x367.jpg.\" width=\"534\" height=\"191\"\/><\/figure>\n","protected":false},"excerpt":{"rendered":"<p>Luca de Meo (ci-dessous) est arriv\u00e9 \u00e0 la t\u00eate de la marque Renault depuis le 1er juillet, apr\u00e8s que le constructeur a annonc\u00e9 un plan d&#8217;\u00e9conomie drastique avec, sur le seul plan national, 4600 suppressions de postes. Au lieu de panser les plaies, Luca de Meo a imm\u00e9diatement pens\u00e9 \u00e0 [&hellip;]<\/p>\n","protected":false},"author":1,"featured_media":18977,"comment_status":"open","ping_status":"open","sticky":false,"template":"","format":"standard","meta":{"footnotes":""},"categories":[1],"tags":[],"_links":{"self":[{"href":"https:\/\/lignesauto.fr\/index.php?rest_route=\/wp\/v2\/posts\/18944"}],"collection":[{"href":"https:\/\/lignesauto.fr\/index.php?rest_route=\/wp\/v2\/posts"}],"about":[{"href":"https:\/\/lignesauto.fr\/index.php?rest_route=\/wp\/v2\/types\/post"}],"author":[{"embeddable":true,"href":"https:\/\/lignesauto.fr\/index.php?rest_route=\/wp\/v2\/users\/1"}],"replies":[{"embeddable":true,"href":"https:\/\/lignesauto.fr\/index.php?rest_route=%2Fwp%2Fv2%2Fcomments&post=18944"}],"version-history":[{"count":50,"href":"https:\/\/lignesauto.fr\/index.php?rest_route=\/wp\/v2\/posts\/18944\/revisions"}],"predecessor-version":[{"id":19040,"href":"https:\/\/lignesauto.fr\/index.php?rest_route=\/wp\/v2\/posts\/18944\/revisions\/19040"}],"wp:featuredmedia":[{"embeddable":true,"href":"https:\/\/lignesauto.fr\/index.php?rest_route=\/wp\/v2\/media\/18977"}],"wp:attachment":[{"href":"https:\/\/lignesauto.fr\/index.php?rest_route=%2Fwp%2Fv2%2Fmedia&parent=18944"}],"wp:term":[{"taxonomy":"category","embeddable":true,"href":"https:\/\/lignesauto.fr\/index.php?rest_route=%2Fwp%2Fv2%2Fcategories&post=18944"},{"taxonomy":"post_tag","embeddable":true,"href":"https:\/\/lignesauto.fr\/index.php?rest_route=%2Fwp%2Fv2%2Ftags&post=18944"}],"curies":[{"name":"wp","href":"https:\/\/api.w.org\/{rel}","templated":true}]}}