{"id":19032,"date":"2020-09-27T10:47:00","date_gmt":"2020-09-27T08:47:00","guid":{"rendered":"http:\/\/lignesauto.fr\/?p=19032"},"modified":"2020-09-28T07:42:03","modified_gmt":"2020-09-28T05:42:03","slug":"exclusif-la-longue-interview-de-matthias-hossann-nouveau-directeur-du-design-peugeot","status":"publish","type":"post","link":"https:\/\/lignesauto.fr\/?p=19032","title":{"rendered":"La longue interview de Matthias Hossann, nouveau directeur du design Peugeot."},"content":{"rendered":"\n<figure class=\"wp-block-image size-large is-resized\"><img loading=\"lazy\" decoding=\"async\" src=\"http:\/\/lignesauto.fr\/wp-content\/uploads\/2018\/10\/LOGOActus_BD-1024x367.jpg\" alt=\"\" class=\"wp-image-4921\" width=\"482\" height=\"172\" srcset=\"https:\/\/lignesauto.fr\/wp-content\/uploads\/2018\/10\/LOGOActus_BD-1024x367.jpg 1024w, https:\/\/lignesauto.fr\/wp-content\/uploads\/2018\/10\/LOGOActus_BD-300x108.jpg 300w, https:\/\/lignesauto.fr\/wp-content\/uploads\/2018\/10\/LOGOActus_BD-768x276.jpg 768w, https:\/\/lignesauto.fr\/wp-content\/uploads\/2018\/10\/LOGOActus_BD-370x133.jpg 370w, https:\/\/lignesauto.fr\/wp-content\/uploads\/2018\/10\/LOGOActus_BD-1040x373.jpg 1040w, https:\/\/lignesauto.fr\/wp-content\/uploads\/2018\/10\/LOGOActus_BD.jpg 1240w\" sizes=\"(max-width: 482px) 100vw, 482px\" \/><\/figure>\n\n\n\n<p style=\"font-size:18px\">Apr\u00e8s dix ann\u00e9es d&#8217;un (joli) r\u00e8gne \u00e0 la t\u00eate du design Peugeot, Gilles Vidal (ci-dessous) a choisi de changer d&#8217;air, mais pas d&#8217;\u00e8re : il continuera \u00e0 diriger une \u00e9quipe de designers pour une marque fran\u00e7aise, Renault&#8230;<\/p>\n\n\n\n<figure class=\"wp-block-image size-large\"><img loading=\"lazy\" decoding=\"async\" width=\"683\" height=\"1024\" src=\"http:\/\/lignesauto.fr\/wp-content\/uploads\/2020\/07\/DSC_8070-683x1024.jpg\" alt=\"\" class=\"wp-image-18959\" srcset=\"https:\/\/lignesauto.fr\/wp-content\/uploads\/2020\/07\/DSC_8070-683x1024.jpg 683w, https:\/\/lignesauto.fr\/wp-content\/uploads\/2020\/07\/DSC_8070-200x300.jpg 200w, https:\/\/lignesauto.fr\/wp-content\/uploads\/2020\/07\/DSC_8070-768x1152.jpg 768w, https:\/\/lignesauto.fr\/wp-content\/uploads\/2020\/07\/DSC_8070-1024x1536.jpg 1024w, https:\/\/lignesauto.fr\/wp-content\/uploads\/2020\/07\/DSC_8070-1365x2048.jpg 1365w, https:\/\/lignesauto.fr\/wp-content\/uploads\/2020\/07\/DSC_8070.jpg 1417w\" sizes=\"(max-width: 683px) 100vw, 683px\" \/><\/figure>\n\n\n\n<p style=\"font-size:18px\">Son successeur \u00e0 ce poste de directeur design de la marque Peugeot, Matthias Hossann (ci-dessous), est un pur produit PSA, et a d\u00e9but\u00e9 dans le groupe chez Citro\u00ebn. Depuis 2013, il \u00e9tait le responsable design des concept-cars, et on lui doit notamment le suivi de l&#8217;incroyable et sublime e-Legend de 2018 . <\/p>\n\n\n\n<figure class=\"wp-block-image size-large\"><img loading=\"lazy\" decoding=\"async\" width=\"1024\" height=\"683\" src=\"http:\/\/lignesauto.fr\/wp-content\/uploads\/2020\/07\/DSC3397-2-1024x683.jpg\" alt=\"\" class=\"wp-image-19063\" srcset=\"https:\/\/lignesauto.fr\/wp-content\/uploads\/2020\/07\/DSC3397-2-1024x683.jpg 1024w, https:\/\/lignesauto.fr\/wp-content\/uploads\/2020\/07\/DSC3397-2-300x200.jpg 300w, https:\/\/lignesauto.fr\/wp-content\/uploads\/2020\/07\/DSC3397-2-768x512.jpg 768w, https:\/\/lignesauto.fr\/wp-content\/uploads\/2020\/07\/DSC3397-2.jpg 1417w\" sizes=\"(max-width: 1024px) 100vw, 1024px\" \/><\/figure>\n\n\n\n<p style=\"font-size:18px\">Le voici donc depuis 72 heures aux commandes  du style Peugeot. Et il a bien voulu r\u00e9pondre &#8211; d\u00e9j\u00e0 ! &#8211; aux questions de LIGNES\/auto.<\/p>\n\n\n\n<p style=\"font-size:18px\"><strong>LIGNES\/auto&nbsp;: Vous dormez bien depuis trois jours&nbsp;?<\/strong><br>Matthias Hossann&nbsp;: \u00ab&nbsp;C\u2019est intense ces derniers jours&nbsp;! C\u2019est un rythme assez nouveau mais finalement assez proche du rythme de la gestion des concept-cars. Je me projette d\u00e9j\u00e0 sur ce dont j\u2019ai envie de r\u00e9aliser avec l\u2019\u00e9quipe. Je suis d\u00e9j\u00e0 dans ce mouvement dynamique. Je suis \u00e9videmment honor\u00e9 que cette maison de plus de 210 ans me confie ce poste o\u00f9 je succ\u00e8de \u00e0 Gilles Vidal mais aussi \u00e0 Jean Pierre Plou\u00e9 (*), G\u00e9rard Welter (ci-dessous), des noms prestigieux.&nbsp;\u00bb<\/p>\n\n\n\n<figure class=\"wp-block-image size-large\"><img loading=\"lazy\" decoding=\"async\" width=\"1024\" height=\"680\" src=\"http:\/\/lignesauto.fr\/wp-content\/uploads\/2018\/01\/adn-2007-1-1024x680.jpg\" alt=\"\" class=\"wp-image-1075\" srcset=\"https:\/\/lignesauto.fr\/wp-content\/uploads\/2018\/01\/adn-2007-1-1024x680.jpg 1024w, https:\/\/lignesauto.fr\/wp-content\/uploads\/2018\/01\/adn-2007-1-300x199.jpg 300w, https:\/\/lignesauto.fr\/wp-content\/uploads\/2018\/01\/adn-2007-1-768x510.jpg 768w, https:\/\/lignesauto.fr\/wp-content\/uploads\/2018\/01\/adn-2007-1-370x246.jpg 370w, https:\/\/lignesauto.fr\/wp-content\/uploads\/2018\/01\/adn-2007-1-1040x691.jpg 1040w\" sizes=\"(max-width: 1024px) 100vw, 1024px\" \/><figcaption>G\u00e9rard Welter (1942-2018)<\/figcaption><\/figure>\n\n\n\n<p style=\"font-size:18px\"><em>(*) Jean-Pierre Plou\u00e9 entr\u00e9 chez Citro\u00ebn en 1999, a pris en main les styles Citro\u00ebn et Peugeot en 2009 avant de nommer un directeur de style Peugeot &#8211; Gilles Vidal &#8211; et Citro\u00ebn -Thierry M\u00e9troz &#8211; en 2010.<\/em><\/p>\n\n\n\n<figure class=\"wp-block-image size-large\"><img loading=\"lazy\" decoding=\"async\" width=\"1024\" height=\"545\" src=\"http:\/\/lignesauto.fr\/wp-content\/uploads\/2020\/07\/DSC4805_retouches-1024x545.jpg\" alt=\"\" class=\"wp-image-19064\" srcset=\"https:\/\/lignesauto.fr\/wp-content\/uploads\/2020\/07\/DSC4805_retouches-1024x545.jpg 1024w, https:\/\/lignesauto.fr\/wp-content\/uploads\/2020\/07\/DSC4805_retouches-300x160.jpg 300w, https:\/\/lignesauto.fr\/wp-content\/uploads\/2020\/07\/DSC4805_retouches-768x409.jpg 768w, https:\/\/lignesauto.fr\/wp-content\/uploads\/2020\/07\/DSC4805_retouches.jpg 1417w\" sizes=\"(max-width: 1024px) 100vw, 1024px\" \/><figcaption>Matthias Hossann, Gilles Vidal et Jean-Pierre Plou\u00e9<\/figcaption><\/figure>\n\n\n\n<p style=\"font-size:18px\"><strong>Avez-vous \u00e9t\u00e9 surpris, comme nous, par la rapidit\u00e9 de ce changement&nbsp;?<\/strong><br>M.H.&nbsp;: \u00ab&nbsp;C\u2019est vrai que cela a \u00e9t\u00e9 assez rapide. C\u2019est Jean-Pierre Plou\u00e9 qui m\u2019a propos\u00e9 de prendre ce poste. L\u2019avantage, c\u2019est que je connais bien la maison, alors tout a \u00e9t\u00e9 assez fluide, mais ce n\u2019est que mon quatri\u00e8me jour&nbsp;!&nbsp;\u00bb<\/p>\n\n\n\n<p style=\"font-size:18px\"><strong>Hossann arrive au 59&nbsp;847<sup>e<\/sup> rang des noms les plus port\u00e9s en France et c\u2019est dans la commune de Schleithal qu\u2019on en trouve le plus. L\u2019Est de la France : vous \u00e9tiez fait pour devenir un \u00ab&nbsp;Peugeot&nbsp;\u00bb&nbsp;!<\/strong><br>M.H.&nbsp;: \u00ab&nbsp;En fait, je suis n\u00e9 \u00e0 Chaumont, en Haute Marne. Alors oui, \u00e7a reste la r\u00e9gion Grand-Est&nbsp;!&nbsp;\u00bb<\/p>\n\n\n\n<figure class=\"wp-block-image size-large\"><img loading=\"lazy\" decoding=\"async\" width=\"1024\" height=\"683\" src=\"http:\/\/lignesauto.fr\/wp-content\/uploads\/2020\/07\/DSC3265_retouches-1024x683.jpg\" alt=\"\" class=\"wp-image-19069\" srcset=\"https:\/\/lignesauto.fr\/wp-content\/uploads\/2020\/07\/DSC3265_retouches-1024x683.jpg 1024w, https:\/\/lignesauto.fr\/wp-content\/uploads\/2020\/07\/DSC3265_retouches-300x200.jpg 300w, https:\/\/lignesauto.fr\/wp-content\/uploads\/2020\/07\/DSC3265_retouches-768x512.jpg 768w, https:\/\/lignesauto.fr\/wp-content\/uploads\/2020\/07\/DSC3265_retouches.jpg 1417w\" sizes=\"(max-width: 1024px) 100vw, 1024px\" \/><\/figure>\n\n\n\n<p style=\"font-size:18px\"><strong>Evoquons votre formation, vous \u00eates issu de l\u2019\u00e9cole Strate<\/strong><br>M.H.&nbsp;: \u00ab&nbsp;Durant mes \u00e9tudes \u00e0 Strate, Jean-Pierre Plou\u00e9 m\u2019a rep\u00e9r\u00e9 d\u00e8s 2001 et offert de r\u00e9aliser mon dipl\u00f4me chez Citro\u00ebn. J\u2019ai \u00e9t\u00e9 embauch\u00e9 en aout 2002 et depuis, j\u2019ai parcouru toutes les marques du groupe. J\u2019ai surtout eu la chance de passer cinq ans en Chine, au sein d\u2019une petite \u00e9quipe envoy\u00e9e l\u00e0-bas pour cr\u00e9er le studio de Shanghai en 2008.&nbsp;\u00bb<\/p>\n\n\n\n<figure class=\"wp-block-image size-large\"><img loading=\"lazy\" decoding=\"async\" width=\"1024\" height=\"384\" src=\"http:\/\/lignesauto.fr\/wp-content\/uploads\/2020\/07\/P.201_02-1024x384.jpg\" alt=\"\" class=\"wp-image-19043\" srcset=\"https:\/\/lignesauto.fr\/wp-content\/uploads\/2020\/07\/P.201_02-1024x384.jpg 1024w, https:\/\/lignesauto.fr\/wp-content\/uploads\/2020\/07\/P.201_02-300x112.jpg 300w, https:\/\/lignesauto.fr\/wp-content\/uploads\/2020\/07\/P.201_02-768x288.jpg 768w, https:\/\/lignesauto.fr\/wp-content\/uploads\/2020\/07\/P.201_02.jpg 1417w\" sizes=\"(max-width: 1024px) 100vw, 1024px\" \/><\/figure>\n\n\n\n<p style=\"font-size:18px\"><strong>C\u2019est l\u2019\u00e9poque o\u00f9 nait le concept-car Metropolis&nbsp;?<\/strong><br>M.H.&nbsp;: \u00ab&nbsp;Oui effectivement. Metropolis est en fait mon premier concept car en tant que designer. Cette exp\u00e9rience internationale s\u2019ajoute \u00e0 celles que j\u2019ai v\u00e9cues au sein des trois marques.&nbsp;\u00bb<\/p>\n\n\n\n<figure class=\"wp-block-image size-large\"><img loading=\"lazy\" decoding=\"async\" width=\"1024\" height=\"683\" src=\"http:\/\/lignesauto.fr\/wp-content\/uploads\/2020\/07\/CL2010.068.015-1024x683.jpg\" alt=\"\" class=\"wp-image-19071\" srcset=\"https:\/\/lignesauto.fr\/wp-content\/uploads\/2020\/07\/CL2010.068.015-1024x683.jpg 1024w, https:\/\/lignesauto.fr\/wp-content\/uploads\/2020\/07\/CL2010.068.015-300x200.jpg 300w, https:\/\/lignesauto.fr\/wp-content\/uploads\/2020\/07\/CL2010.068.015-768x512.jpg 768w, https:\/\/lignesauto.fr\/wp-content\/uploads\/2020\/07\/CL2010.068.015.jpg 1417w\" sizes=\"(max-width: 1024px) 100vw, 1024px\" \/><\/figure>\n\n\n\n<p style=\"font-size:18px\"><strong>Gilles Vidal a renouvel\u00e9 l\u2019identit\u00e9 et le style de la marque avec succ\u00e8s. Est-ce plus simple ou au contraire compliqu\u00e9 de prendre la t\u00eate d\u2019une affaire qui fonctionne plut\u00f4t bien&nbsp;?<\/strong><br>M.H.&nbsp;: \u00ab&nbsp;C\u2019est un grand challenge, d\u2019abord personnel, mais en ayant accept\u00e9 ce r\u00f4le, j\u2019ai clairement l\u2019ambition que l\u2019on fasse encore mieux avec les \u00e9quipes. Est-ce compliqu\u00e9 de prendre le poste \u00e0 ce moment-l\u00e0&nbsp;? Je dirais que j\u2019ai un avantage&nbsp;: je connais tr\u00e8s bien l\u2019\u00e9quipe&#8230;&nbsp;\u00bb<\/p>\n\n\n\n<p style=\"font-size:18px\"><strong>LIGNES\/auto, c&#8217;est aussi une page Facebook : <a href=\"https:\/\/www.facebook.com\/lignesauto\">https:\/\/www.facebook.com\/lignesauto<\/a><\/strong><\/p>\n\n\n\n<p style=\"font-size:18px\"><strong>Vous changez de dimension. Je veux dire, concr\u00e8tement, vous dirigez une \u00e9quipe qui n\u2019a rien \u00e0 voir par sa taille avec celle des concept-cars&nbsp;?<\/strong><br>M.H.&nbsp;:&nbsp;\u00ab&nbsp;Dans la structure des concept-cars, il y a un noyau dur de 10 \u00e0 15 personnes, noyau qui grandit lorsqu\u2019on passe \u00e0 la r\u00e9alisation avec les sous-traitants. Le design Peugeot, lui, c\u2019est 130 personnes avec des m\u00e9tiers divers.&nbsp;\u00bb<\/p>\n\n\n\n<figure class=\"wp-block-image size-large\"><img loading=\"lazy\" decoding=\"async\" width=\"1024\" height=\"684\" src=\"http:\/\/lignesauto.fr\/wp-content\/uploads\/2020\/07\/DSC4104_retouches-1024x684.jpg\" alt=\"\" class=\"wp-image-19065\" srcset=\"https:\/\/lignesauto.fr\/wp-content\/uploads\/2020\/07\/DSC4104_retouches-1024x684.jpg 1024w, https:\/\/lignesauto.fr\/wp-content\/uploads\/2020\/07\/DSC4104_retouches-300x200.jpg 300w, https:\/\/lignesauto.fr\/wp-content\/uploads\/2020\/07\/DSC4104_retouches-768x513.jpg 768w, https:\/\/lignesauto.fr\/wp-content\/uploads\/2020\/07\/DSC4104_retouches.jpg 1417w\" sizes=\"(max-width: 1024px) 100vw, 1024px\" \/><\/figure>\n\n\n\n<p style=\"font-size:18px\"><strong>La gen\u00e8se d\u2019un concept-car, c\u2019est environ un an. Un produit de s\u00e9rie, c\u2019est quatre fois plus. C\u2019est un vrai changement de dimension temporelle&nbsp;!<\/strong><br>M.H.&nbsp;: \u00ab&nbsp;J\u2019ai la chance de m\u2019appuyer sur une \u00e9quipe robuste, qui a construit les succ\u00e8s d\u2019aujourd\u2019hui, pour r\u00e9pondre \u00e0 ces diff\u00e9rences de temporalit\u00e9. J\u2019ai confiance en elle&nbsp;! &nbsp;L\u2019avantage des concept-cars, c\u2019est qu\u2019on apprend avec eux \u00e0 travailler d\u2019une mani\u00e8re rapide. L\u2019id\u00e9e est de continuer \u00e0 insuffler cette dynamique dans l\u2019univers du produit. Le contexte actuel montre qu\u2019on a besoin de cette souplesse et de cette rapidit\u00e9. On va continuer d\u2019acc\u00e9l\u00e9rer au design.&nbsp;\u00bb<\/p>\n\n\n\n<figure class=\"wp-block-image size-large\"><img loading=\"lazy\" decoding=\"async\" width=\"1024\" height=\"683\" src=\"http:\/\/lignesauto.fr\/wp-content\/uploads\/2020\/07\/LIGNESsuartz-1024x683.jpg\" alt=\"\" class=\"wp-image-19068\" srcset=\"https:\/\/lignesauto.fr\/wp-content\/uploads\/2020\/07\/LIGNESsuartz-1024x683.jpg 1024w, https:\/\/lignesauto.fr\/wp-content\/uploads\/2020\/07\/LIGNESsuartz-300x200.jpg 300w, https:\/\/lignesauto.fr\/wp-content\/uploads\/2020\/07\/LIGNESsuartz-768x512.jpg 768w, https:\/\/lignesauto.fr\/wp-content\/uploads\/2020\/07\/LIGNESsuartz.jpg 1417w\" sizes=\"(max-width: 1024px) 100vw, 1024px\" \/><\/figure>\n\n\n\n<p style=\"font-size:18px\"><strong>L\u2019univers du concept-car est quand m\u00eame \u00e9loign\u00e9 de celui de la s\u00e9rie&nbsp;?<\/strong><br>M.H.&nbsp;: Non, pas tant que cela. A part les contraintes industrielles bien s\u00fbr. Ce que l\u2019on a toujours revendiqu\u00e9 chez Peugeot, c\u2019est qu\u2019un concept-car n\u2019est jamais gratuit. Des \u00e9l\u00e9ments d\u00e9velopp\u00e9s sur les concept-cars se sont retrouv\u00e9s en s\u00e9rie, comme le combin\u00e9 pr\u00e9figurant le i-Cockpit, d\u00e9riv\u00e9 du concept-car Quartz (ci-dessus) que l\u2019on a retrouv\u00e9 d\u00e8s la premi\u00e8re g\u00e9n\u00e9ration de 208. On a toujours travaill\u00e9 en r\u00e9alisant des ponts entre l\u2019univers des concepts et celui de la s\u00e9rie, que ce soit au niveau de la technologie embarqu\u00e9e ou du langage formel. Tout va se faire de fa\u00e7on assez naturelle finalement.&nbsp;\u00bb<\/p>\n\n\n\n<p style=\"font-size:18px\"><strong>En vous confiant les cl\u00e9s du style Peugeot, Jean-Pierre Plou\u00e9 vous a-t-il donn\u00e9 une nouvelle direction \u00e0 suivre&nbsp;?<\/strong><br>M.H.&nbsp;: \u00ab&nbsp;Jean-Pierre Plou\u00e9, comme Jean-Philippe Imparato (patron de la marque Peugeot avec Gilles Vidal ci-dessous) et Carlos Tavares veulent que Peugeot continue \u00e0 pousser et me laissent carte blanche pour pouvoir aller encore plus loin en termes de design. C\u2019est une superbe opportunit\u00e9&#8230;&nbsp;\u00bb<\/p>\n\n\n\n<figure class=\"wp-block-image size-large\"><img loading=\"lazy\" decoding=\"async\" width=\"1024\" height=\"683\" src=\"http:\/\/lignesauto.fr\/wp-content\/uploads\/2018\/09\/LIGNESIMPARATO-1024x683.jpg\" alt=\"\" class=\"wp-image-4520\" srcset=\"https:\/\/lignesauto.fr\/wp-content\/uploads\/2018\/09\/LIGNESIMPARATO-1024x683.jpg 1024w, https:\/\/lignesauto.fr\/wp-content\/uploads\/2018\/09\/LIGNESIMPARATO-300x200.jpg 300w, https:\/\/lignesauto.fr\/wp-content\/uploads\/2018\/09\/LIGNESIMPARATO-768x512.jpg 768w, https:\/\/lignesauto.fr\/wp-content\/uploads\/2018\/09\/LIGNESIMPARATO-370x247.jpg 370w, https:\/\/lignesauto.fr\/wp-content\/uploads\/2018\/09\/LIGNESIMPARATO-1040x693.jpg 1040w, https:\/\/lignesauto.fr\/wp-content\/uploads\/2018\/09\/LIGNESIMPARATO.jpg 1200w\" sizes=\"(max-width: 1024px) 100vw, 1024px\" \/><\/figure>\n\n\n\n<p style=\"font-size:18px\"><strong>Vous jouerez quelle carte entre la continuit\u00e9 et la rupture&nbsp;?<\/strong><br>M.H.&nbsp;: \u00ab&nbsp;Vous comprenez qu\u2019il y a une continuit\u00e9 au niveau de l\u2019\u00e9quipe et j\u2019ai besoin d\u2019elle pour continuer \u00e0 \u00eatre extr\u00eamement cr\u00e9atif. Il est hors de question d\u2019aller dans le sens de poup\u00e9es russes&nbsp;! Je veux que l\u2019on reste tr\u00e8s dynamique d\u2019un point de vue du style.&nbsp;\u00bb<\/p>\n\n\n\n<figure class=\"wp-block-image size-large\"><img loading=\"lazy\" decoding=\"async\" width=\"1024\" height=\"650\" src=\"http:\/\/lignesauto.fr\/wp-content\/uploads\/2020\/07\/DSC3393-2-1024x650.jpg\" alt=\"\" class=\"wp-image-19060\" srcset=\"https:\/\/lignesauto.fr\/wp-content\/uploads\/2020\/07\/DSC3393-2-1024x650.jpg 1024w, https:\/\/lignesauto.fr\/wp-content\/uploads\/2020\/07\/DSC3393-2-300x190.jpg 300w, https:\/\/lignesauto.fr\/wp-content\/uploads\/2020\/07\/DSC3393-2-768x487.jpg 768w, https:\/\/lignesauto.fr\/wp-content\/uploads\/2020\/07\/DSC3393-2.jpg 1417w\" sizes=\"(max-width: 1024px) 100vw, 1024px\" \/><\/figure>\n\n\n\n<p style=\"font-size:18px\"><strong>Carlos Tavares a confi\u00e9 \u00e0 chaque marque une zone internationale \u00e0 investir&nbsp;: l\u2019Inde pour Citro\u00ebn, la Chine pour DS et les \u00c9tats-Unis pour Peugeot. Allez-vous d\u00e9dier une \u00e9quipe de designers sur ce programme&nbsp;?<\/strong><br>M.H.&nbsp;: \u00ab&nbsp;C\u2019est vrai que cette future pr\u00e9sence a \u00e9t\u00e9 annonc\u00e9e mais il n\u2019y aura pas d\u2019\u00e9quipe d\u00e9di\u00e9e \u00e0 ce programme. En fait, c\u2019est le m\u00eame raisonnement que lorsqu\u2019on est arriv\u00e9 en Chine, o\u00f9 l\u2019on r\u00e9alisait des produits sp\u00e9cifiques. Ce qui n\u2019est plus le cas aujourd\u2019hui. Tous les produits du groupe ont le m\u00eame design sur tous les march\u00e9s mondiaux. On a beaucoup appris de l\u2019exp\u00e9rience chinoise, on a fait muter nos designs pour prendre en compte des sp\u00e9cificit\u00e9s locales, et je pense que cela se fera de la m\u00eame mani\u00e8re pour le march\u00e9 am\u00e9ricain. Ce qui est int\u00e9ressant dans cette op\u00e9ration, c\u2019est qu\u2019on demande \u00e0 nos \u00e9quipes cr\u00e9atives d\u2019avoir une dimension internationale.&nbsp;\u00bb<\/p>\n\n\n\n<p style=\"font-size:18px\"><strong>Au vu des contraintes de normes et de co\u00fbts de fabrication des petites urbaines, comme la Peugeot 108, comment leur imaginer un futur p\u00e9renne&nbsp;?<\/strong><br>M.H.&nbsp;: \u00ab&nbsp;Ce sont des questions sur lesquelles nous travaillons aujourd\u2019hui. Les villes mutent, se ferment parfois et posent des questions sur la libert\u00e9 individuelle de mouvement. Historiquement, Peugeot est dans cette mobilit\u00e9 \u00ab&nbsp;douce&nbsp;\u00bb, je pense aux cycles notamment.<\/p>\n\n\n\n<figure class=\"wp-block-image size-large\"><img loading=\"lazy\" decoding=\"async\" width=\"1024\" height=\"489\" src=\"http:\/\/lignesauto.fr\/wp-content\/uploads\/2020\/07\/LIGNESBB-1024x489.jpg\" alt=\"\" class=\"wp-image-19058\" srcset=\"https:\/\/lignesauto.fr\/wp-content\/uploads\/2020\/07\/LIGNESBB-1024x489.jpg 1024w, https:\/\/lignesauto.fr\/wp-content\/uploads\/2020\/07\/LIGNESBB-300x143.jpg 300w, https:\/\/lignesauto.fr\/wp-content\/uploads\/2020\/07\/LIGNESBB-768x367.jpg 768w, https:\/\/lignesauto.fr\/wp-content\/uploads\/2020\/07\/LIGNESBB.jpg 1417w\" sizes=\"(max-width: 1024px) 100vw, 1024px\" \/><\/figure>\n\n\n\n<p style=\"font-size:18px\">Effectivement, la question est quel type d\u2019objet peut r\u00e9pondre \u00e0 ces nouveaux usages. On a apport\u00e9 un d\u00e9but de r\u00e9ponse avec les 208 \/2008 \u00e9lectriques. En tant que designer, on planche fort l\u00e0-dessus. Les normes sont limitatives, mais il y a peut-\u00eatre de nouvelles choses \u00e0 inventer entre le quadricycle et la vraie voiture, pour cr\u00e9er une nouvelle exp\u00e9rience de mobilit\u00e9.<\/p>\n\n\n\n<p style=\"font-size:18px\"><strong>En 2009, vous aviez la BB1&nbsp;?<\/strong><\/p>\n\n\n\n<figure class=\"wp-block-image size-large\"><img loading=\"lazy\" decoding=\"async\" width=\"1024\" height=\"681\" src=\"http:\/\/lignesauto.fr\/wp-content\/uploads\/2020\/07\/LIGNESBB1_100-1024x681.jpg\" alt=\"\" class=\"wp-image-19059\" srcset=\"https:\/\/lignesauto.fr\/wp-content\/uploads\/2020\/07\/LIGNESBB1_100-1024x681.jpg 1024w, https:\/\/lignesauto.fr\/wp-content\/uploads\/2020\/07\/LIGNESBB1_100-300x200.jpg 300w, https:\/\/lignesauto.fr\/wp-content\/uploads\/2020\/07\/LIGNESBB1_100-768x511.jpg 768w, https:\/\/lignesauto.fr\/wp-content\/uploads\/2020\/07\/LIGNESBB1_100.jpg 1417w\" sizes=\"(max-width: 1024px) 100vw, 1024px\" \/><\/figure>\n\n\n\n<p style=\"font-size:18px\">M.H.&nbsp;: \u00ab&nbsp;Oh, on peut m\u00eame remonter \u00e0 la VLV \u00e9lectrique du d\u00e9but des ann\u00e9es 1940&nbsp;! Donc, au sein de la marque, on se pose cette question depuis bien longtemps. Elle fait partie de l\u2019ADN de la marque. Alors \u00e9videmment, l\u2019\u00e9quipe travaille ce th\u00e8me.&nbsp;\u00bb<\/p>\n\n\n\n<p style=\"font-size:18px\"><strong>C\u00f4t\u00e9 concept, celui du monospace aura finalement fait long feu&nbsp;! Vous imaginez qu\u2019il puisse rena\u00eetre de ses cendres&nbsp;?<\/strong><br>M.H.&nbsp;:&nbsp;\u00ab&nbsp;Je ne poserais pas la question du monospace sous cet angle. Je parlerais plus volontiers de la technologie, avec notre nouvelle base eVMP multi-\u00e9nergie.<\/p>\n\n\n\n<figure class=\"wp-block-image size-large\"><img loading=\"lazy\" decoding=\"async\" width=\"700\" height=\"400\" src=\"http:\/\/lignesauto.fr\/wp-content\/uploads\/2020\/07\/Media_eVMP.jpg\" alt=\"\" class=\"wp-image-19055\" srcset=\"https:\/\/lignesauto.fr\/wp-content\/uploads\/2020\/07\/Media_eVMP.jpg 700w, https:\/\/lignesauto.fr\/wp-content\/uploads\/2020\/07\/Media_eVMP-300x171.jpg 300w\" sizes=\"(max-width: 700px) 100vw, 700px\" \/><\/figure>\n\n\n\n<p style=\"font-size:18px\">Elle va cr\u00e9er l\u2019opportunit\u00e9 d\u2019avoir plus d\u2019espace \u00e0 bord. Ces nouvelles technologies vont naturellement faire na\u00eetre de nouvelles silhouettes avec lesquelles il faudra vraiment penser \u00ab&nbsp;utilisateur&nbsp;\u00bb et \u00ab&nbsp;nouveaux usages&nbsp;\u00bb. Le monde change&nbsp;!&nbsp;\u00bb<\/p>\n\n\n\n<p style=\"font-size:18px\"><strong>Plus pr\u00e8s de nous, il y a le dernier maillon du renouvellement de la gamme, la 308 qu\u2019on imagine pour 2021. Avez-vous \u00e9t\u00e9 concern\u00e9 par ce projet&nbsp;?<\/strong><br>M.H.&nbsp;: \u00ab&nbsp;C\u2019est l\u00e0 o\u00f9 c\u2019est int\u00e9ressant car j\u2019\u00e9tais en charge des concept-cars, avec cette vision assez lointaine, mais j\u2019avais \u00e9galement une vision interm\u00e9diaire qui consistait \u00e0 travailler tous les projets en avance de phase. Les premiers sur lesquels on a travaill\u00e9 avec l\u2019\u00e9quipe ont \u00e9t\u00e9 les 208\/2008.<\/p>\n\n\n\n<figure class=\"wp-block-image size-large\"><img loading=\"lazy\" decoding=\"async\" width=\"1024\" height=\"399\" src=\"http:\/\/lignesauto.fr\/wp-content\/uploads\/2019\/10\/LIGNESA_02-1024x399.jpg\" alt=\"\" class=\"wp-image-13867\" srcset=\"https:\/\/lignesauto.fr\/wp-content\/uploads\/2019\/10\/LIGNESA_02-1024x399.jpg 1024w, https:\/\/lignesauto.fr\/wp-content\/uploads\/2019\/10\/LIGNESA_02-300x117.jpg 300w, https:\/\/lignesauto.fr\/wp-content\/uploads\/2019\/10\/LIGNESA_02-768x299.jpg 768w, https:\/\/lignesauto.fr\/wp-content\/uploads\/2019\/10\/LIGNESA_02-370x144.jpg 370w, https:\/\/lignesauto.fr\/wp-content\/uploads\/2019\/10\/LIGNESA_02-1040x405.jpg 1040w, https:\/\/lignesauto.fr\/wp-content\/uploads\/2019\/10\/LIGNESA_02.jpg 1417w\" sizes=\"(max-width: 1024px) 100vw, 1024px\" \/><\/figure>\n\n\n\n<p style=\"font-size:18px\">Il ne s\u2019agit pas de style \u00e0 ce stade, mais plut\u00f4t d\u2019un travail de posture. On a par exemple totalement reconfigur\u00e9 l\u2019\u00e9quilibre des masses sur 208, avec un pare-brise recul\u00e9, une silhouette plus dynamique. Donc, avec les \u00e9quipes, j\u2019ai travaill\u00e9 en amont sur tous les futurs produits.&nbsp;\u00bb<\/p>\n\n\n\n<p style=\"font-size:18px\"><strong>Le concept-car e-Legend a inaugur\u00e9 un nouveau logo. Le verra-t-on prochainement en s\u00e9rie&nbsp;?<\/strong><\/p>\n\n\n\n<figure class=\"wp-block-image size-large\"><img loading=\"lazy\" decoding=\"async\" width=\"1024\" height=\"683\" src=\"http:\/\/lignesauto.fr\/wp-content\/uploads\/2020\/07\/DSC8593_ND-1024x683.jpg\" alt=\"\" class=\"wp-image-19052\" srcset=\"https:\/\/lignesauto.fr\/wp-content\/uploads\/2020\/07\/DSC8593_ND-1024x683.jpg 1024w, https:\/\/lignesauto.fr\/wp-content\/uploads\/2020\/07\/DSC8593_ND-300x200.jpg 300w, https:\/\/lignesauto.fr\/wp-content\/uploads\/2020\/07\/DSC8593_ND-768x512.jpg 768w, https:\/\/lignesauto.fr\/wp-content\/uploads\/2020\/07\/DSC8593_ND.jpg 1417w\" sizes=\"(max-width: 1024px) 100vw, 1024px\" \/><\/figure>\n\n\n\n<p style=\"font-size:18px\">M.H.&nbsp;: \u00ab&nbsp;Je ne peux pas r\u00e9pondre \u00e0 cette question car un concept-car est avant tout un laboratoire, et je suis exigeant l\u00e0-dessus. Je veux donc que tous les d\u00e9tails, jusqu\u2019\u00e0 la typographie, soient trait\u00e9s comme des exp\u00e9rimentations. On a travaill\u00e9 sur le logo dans ce sens pour explorer diff\u00e9rentes pistes.&nbsp;\u00bb<\/p>\n\n\n\n<figure class=\"wp-block-image size-large\"><img loading=\"lazy\" decoding=\"async\" width=\"1024\" height=\"683\" src=\"http:\/\/lignesauto.fr\/wp-content\/uploads\/2020\/07\/Opel-Monza-Concept-287684-1024x683.jpg\" alt=\"\" class=\"wp-image-19051\" srcset=\"https:\/\/lignesauto.fr\/wp-content\/uploads\/2020\/07\/Opel-Monza-Concept-287684-1024x683.jpg 1024w, https:\/\/lignesauto.fr\/wp-content\/uploads\/2020\/07\/Opel-Monza-Concept-287684-300x200.jpg 300w, https:\/\/lignesauto.fr\/wp-content\/uploads\/2020\/07\/Opel-Monza-Concept-287684-768x512.jpg 768w, https:\/\/lignesauto.fr\/wp-content\/uploads\/2020\/07\/Opel-Monza-Concept-287684.jpg 1417w\" sizes=\"(max-width: 1024px) 100vw, 1024px\" \/><\/figure>\n\n\n\n<p style=\"font-size:18px\"><strong>A propos de e-Legend qui n\u2019a pas \u00e9t\u00e9 suivi d\u2019un v\u00e9hicule de s\u00e9rie&nbsp;: si Opel arrive \u00e0 produire de son c\u00f4t\u00e9 un coup\u00e9 \u00ab&nbsp;Monza&nbsp;\u00bb (ci-dessus), vous vous faites harakiri&nbsp;?<\/strong><br>M.H.&nbsp;: \u00ab&nbsp;Clairement, je continue de me projeter dans le futur et ce que l\u2019on nous demande, c\u2019est de se faire plaisir, pas sur une silhouette donn\u00e9e, mais sur chacun des mod\u00e8les. Pour le groupe, il est \u00e9videmment n\u00e9cessaire d\u2019industrialiser des produits d\u00e9sirables, mais \u00e9galement rentables. Ce n\u2019\u00e9tait pas le cas de e-Legend.&nbsp;\u00bb<\/p>\n\n\n\n<figure class=\"wp-block-image size-large\"><img loading=\"lazy\" decoding=\"async\" width=\"1024\" height=\"684\" src=\"http:\/\/lignesauto.fr\/wp-content\/uploads\/2020\/07\/DSC9300_retouches-1024x684.jpg\" alt=\"\" class=\"wp-image-19072\" srcset=\"https:\/\/lignesauto.fr\/wp-content\/uploads\/2020\/07\/DSC9300_retouches-1024x684.jpg 1024w, https:\/\/lignesauto.fr\/wp-content\/uploads\/2020\/07\/DSC9300_retouches-300x200.jpg 300w, https:\/\/lignesauto.fr\/wp-content\/uploads\/2020\/07\/DSC9300_retouches-768x513.jpg 768w, https:\/\/lignesauto.fr\/wp-content\/uploads\/2020\/07\/DSC9300_retouches.jpg 1417w\" sizes=\"(max-width: 1024px) 100vw, 1024px\" \/><\/figure>\n\n\n\n<p style=\"font-size:18px\"><strong>Vous \u00eates un amoureux de Simon Sinek, optimiste in\u00e9branlable qui estime que tous ensemble, on peut changer le monde pour le meilleur. Alors je me joins \u00e0 Peugeot pour changer le monde&nbsp;: redonnez-nous un RCZ pour un avenir meilleur&nbsp;!<\/strong><\/p>\n\n\n\n<figure class=\"wp-block-image size-large\"><img loading=\"lazy\" decoding=\"async\" width=\"1024\" height=\"502\" src=\"http:\/\/lignesauto.fr\/wp-content\/uploads\/2020\/07\/LIGNESRCZ_09-1024x502.png\" alt=\"\" class=\"wp-image-19049\" srcset=\"https:\/\/lignesauto.fr\/wp-content\/uploads\/2020\/07\/LIGNESRCZ_09-1024x502.png 1024w, https:\/\/lignesauto.fr\/wp-content\/uploads\/2020\/07\/LIGNESRCZ_09-300x147.png 300w, https:\/\/lignesauto.fr\/wp-content\/uploads\/2020\/07\/LIGNESRCZ_09-768x377.png 768w, https:\/\/lignesauto.fr\/wp-content\/uploads\/2020\/07\/LIGNESRCZ_09.png 1417w\" sizes=\"(max-width: 1024px) 100vw, 1024px\" \/><\/figure>\n\n\n\n<p style=\"font-size:18px\">M.H.&nbsp;: \u00ab&nbsp;\u00c9videmment, tous les designers r\u00eavent de ce genre de produit. On ne s\u2019interdit rien, il faut trouver la bonne \u00e9quation pour proposer ce type de v\u00e9hicules \u00e0 nos clients. Aujourd\u2019hui nous sommes concentr\u00e9s sur la rentabilit\u00e9 de chaque silhouette, plut\u00f4t que de proposer une profusion de variantes, dont certaines non rentables. Focalisons-nous sur l\u2019am\u00e9lioration des futurs produits de la gamme, en termes de design, de qualit\u00e9 d\u2019ex\u00e9cution et de l\u2019exp\u00e9rience de l\u2019utilisateur&#8230;&nbsp;\u00bb<\/p>\n\n\n\n<p style=\"font-size:18px\"><strong>On d\u00e9borde du p\u00e9rim\u00e8tre du designer&#8230;<\/strong><br>M.H.&nbsp;: \u00ab&nbsp;Non, pas du tout. Je pense que \u00e7a fait partie du m\u00e9tier de designer. Il n\u2019est pas l\u00e0 uniquement pour r\u00e9aliser un beau sketch, une belle intention. Il doit aller dans les moindres d\u00e9tails, et se mettre \u00e0 la place de l\u2019utilisateur pour se questionner sur l\u2019exp\u00e9rience qu\u2019il aurait envie de vivre. Une exp\u00e9rience qui doit \u00eatre coh\u00e9rente avec l\u2019ADN de la marque mais aussi avec les futurs usages, le tout en allant vers quelque chose d\u2019extr\u00eamement sophistiqu\u00e9 et soign\u00e9.&nbsp;\u00bb<\/p>\n\n\n\n<figure class=\"wp-block-image size-large\"><img loading=\"lazy\" decoding=\"async\" width=\"1024\" height=\"598\" src=\"http:\/\/lignesauto.fr\/wp-content\/uploads\/2020\/07\/Capture-d\u2019e\u0301cran-2020-07-29-a\u0300-22.25.09-1024x598.png\" alt=\"\" class=\"wp-image-19046\" srcset=\"https:\/\/lignesauto.fr\/wp-content\/uploads\/2020\/07\/Capture-d\u2019e\u0301cran-2020-07-29-a\u0300-22.25.09-1024x598.png 1024w, https:\/\/lignesauto.fr\/wp-content\/uploads\/2020\/07\/Capture-d\u2019e\u0301cran-2020-07-29-a\u0300-22.25.09-300x175.png 300w, https:\/\/lignesauto.fr\/wp-content\/uploads\/2020\/07\/Capture-d\u2019e\u0301cran-2020-07-29-a\u0300-22.25.09-768x448.png 768w, https:\/\/lignesauto.fr\/wp-content\/uploads\/2020\/07\/Capture-d\u2019e\u0301cran-2020-07-29-a\u0300-22.25.09.png 1417w\" sizes=\"(max-width: 1024px) 100vw, 1024px\" \/><\/figure>\n\n\n\n<p style=\"font-size:18px\"><strong>Pour finir&nbsp;: qui vous remplace&nbsp;\u00e0 la t\u00eate de la cellule concept-cars&nbsp;?<\/strong><br>M.H. : \u00ab&nbsp;J\u2019ai cette chance \u00e0 mon poste de pouvoir retravailler l\u2019agilit\u00e9 des \u00e9quipes et \u00e7a fait partie des questions que je suis en train de traiter. De quelle mani\u00e8re et comment \u00eatre plus agile, plus rapide. Il y aura forc\u00e9ment quelqu\u2019un en charge de ces visions prospectives, parce que, outre que je viens de cet univers, j\u2019y tiens \u00e9norm\u00e9ment car il permet de construire une vision strat\u00e9gique \u00e0 long terme de la marque.&nbsp;\u00bb<\/p>\n\n\n\n<p style=\"font-size:18px\"><em>Propos recueillis par Christophe Bonnaud, le jeudi 30 juillet \u00e0 l&#8217;ADN PSA. L&#8217;auteur remercie Matthias Hossann pour sa disponibilit\u00e9 dans cette p\u00e9riode charg\u00e9e, ainsi que Jean-Pierre Plou\u00e9 et St\u00e9phanie Cardine de la communication Peugeot Design<\/em>.<\/p>\n\n\n\n<h2 class=\"wp-block-heading\">Pour tout savoir de l&#8217;arriv\u00e9e de Gilles Vidal chez Renault, c&#8217;est ici :<\/h2>\n\n\n\n<figure class=\"wp-block-embed-wordpress wp-block-embed is-type-wp-embed is-provider-design-actualite-archives\"><div class=\"wp-block-embed__wrapper\">\n<blockquote class=\"wp-embedded-content\" data-secret=\"w6KyYEM9Wp\"><a href=\"https:\/\/lignesauto.fr\/?p=18944\">Gilles Vidal, de Peugeot \u00e0 Renault: on vous dit tout !<\/a><\/blockquote><iframe class=\"wp-embedded-content\" sandbox=\"allow-scripts\" security=\"restricted\" style=\"position: absolute; clip: rect(1px, 1px, 1px, 1px);\" title=\"&#8220;Gilles Vidal, de Peugeot \u00e0 Renault: on vous dit tout !&#8221; &#8212; LIGNES\/auto\" src=\"https:\/\/lignesauto.fr\/?p=18944&#038;embed=true#?secret=rYDuNT2xvX#?secret=w6KyYEM9Wp\" data-secret=\"w6KyYEM9Wp\" width=\"600\" height=\"338\" frameborder=\"0\" marginwidth=\"0\" marginheight=\"0\" scrolling=\"no\"><\/iframe>\n<\/div><\/figure>\n\n\n\n<figure class=\"wp-block-image is-resized\"><img loading=\"lazy\" decoding=\"async\" src=\"http:\/\/lignesauto.fr\/wp-content\/uploads\/2018\/10\/LOGOActus_BD-1024x367.jpg\" alt=\"L\u2019attribut alt de cette image est vide, son nom de fichier est LOGOActus_BD-1024x367.jpg.\" width=\"551\" height=\"197\"\/><\/figure>\n","protected":false},"excerpt":{"rendered":"<p>Apr\u00e8s dix ann\u00e9es d&#8217;un (joli) r\u00e8gne \u00e0 la t\u00eate du design Peugeot, Gilles Vidal (ci-dessous) a choisi de changer d&#8217;air, mais pas d&#8217;\u00e8re : il continuera \u00e0 diriger une \u00e9quipe de designers pour une marque fran\u00e7aise, Renault&#8230; Son successeur \u00e0 ce poste de directeur design de la marque Peugeot, Matthias [&hellip;]<\/p>\n","protected":false},"author":1,"featured_media":19063,"comment_status":"open","ping_status":"open","sticky":false,"template":"","format":"standard","meta":{"footnotes":""},"categories":[1],"tags":[],"_links":{"self":[{"href":"https:\/\/lignesauto.fr\/index.php?rest_route=\/wp\/v2\/posts\/19032"}],"collection":[{"href":"https:\/\/lignesauto.fr\/index.php?rest_route=\/wp\/v2\/posts"}],"about":[{"href":"https:\/\/lignesauto.fr\/index.php?rest_route=\/wp\/v2\/types\/post"}],"author":[{"embeddable":true,"href":"https:\/\/lignesauto.fr\/index.php?rest_route=\/wp\/v2\/users\/1"}],"replies":[{"embeddable":true,"href":"https:\/\/lignesauto.fr\/index.php?rest_route=%2Fwp%2Fv2%2Fcomments&post=19032"}],"version-history":[{"count":49,"href":"https:\/\/lignesauto.fr\/index.php?rest_route=\/wp\/v2\/posts\/19032\/revisions"}],"predecessor-version":[{"id":19400,"href":"https:\/\/lignesauto.fr\/index.php?rest_route=\/wp\/v2\/posts\/19032\/revisions\/19400"}],"wp:featuredmedia":[{"embeddable":true,"href":"https:\/\/lignesauto.fr\/index.php?rest_route=\/wp\/v2\/media\/19063"}],"wp:attachment":[{"href":"https:\/\/lignesauto.fr\/index.php?rest_route=%2Fwp%2Fv2%2Fmedia&parent=19032"}],"wp:term":[{"taxonomy":"category","embeddable":true,"href":"https:\/\/lignesauto.fr\/index.php?rest_route=%2Fwp%2Fv2%2Fcategories&post=19032"},{"taxonomy":"post_tag","embeddable":true,"href":"https:\/\/lignesauto.fr\/index.php?rest_route=%2Fwp%2Fv2%2Ftags&post=19032"}],"curies":[{"name":"wp","href":"https:\/\/api.w.org\/{rel}","templated":true}]}}