{"id":19129,"date":"2020-07-31T09:09:32","date_gmt":"2020-07-31T07:09:32","guid":{"rendered":"http:\/\/lignesauto.fr\/?p=19129"},"modified":"2020-07-31T09:09:32","modified_gmt":"2020-07-31T07:09:32","slug":"quand-nicolas-brissonneau-evoquait-la-e-legend-et-son-travail-au-design-peugeot","status":"publish","type":"post","link":"https:\/\/lignesauto.fr\/?p=19129","title":{"rendered":"Quand Nicolas Brissonneau \u00e9voquait la e-Legend et son travail au design Peugeot"},"content":{"rendered":"\n<p style=\"font-size:18px\">Avec l&#8217;arriv\u00e9e de Matthias Hossann \u00e0 la t\u00eate du design Peugeot, nous avons \u00e9voqu\u00e9 lors de son interview (<a href=\"http:\/\/lignesauto.fr\/?p=19032\">http:\/\/lignesauto.fr\/?p=19032<\/a>) le fabuleux concept-car e-Legend de 2018. A l&#8217;\u00e9poque, nous avions rencontr\u00e9 son designer, Nicolas Brissonneau&#8230; Replongez dans cette passionnante rencontre.<\/p>\n\n\n\n<figure class=\"wp-block-image\"><img decoding=\"async\" src=\"http:\/\/lignesauto.fr\/wp-content\/uploads\/2018\/10\/LOGOActus_BD-1024x367.jpg\" alt=\"L\u2019attribut alt de cette image est vide, son nom de fichier est LOGOActus_BD-1024x367.jpg.\"\/><\/figure>\n\n\n\n<h3 class=\"wp-block-heading\"><strong>Nicolas Brissonneau :<br>&#8220;C\u2019est fantastique pour nous de pouvoir aller vers le public avec des propositions tr\u00e8s fortes, tr\u00e8s identitaires.&nbsp;<\/strong>\u00bb<\/h3>\n\n\n\n<figure class=\"wp-block-image\"><img loading=\"lazy\" decoding=\"async\" width=\"1024\" height=\"683\" src=\"http:\/\/lignesauto.fr\/wp-content\/uploads\/2018\/09\/LIGNESBRI01-1024x683.jpg\" alt=\"\" class=\"wp-image-4014\" srcset=\"https:\/\/lignesauto.fr\/wp-content\/uploads\/2018\/09\/LIGNESBRI01-1024x683.jpg 1024w, https:\/\/lignesauto.fr\/wp-content\/uploads\/2018\/09\/LIGNESBRI01-300x200.jpg 300w, https:\/\/lignesauto.fr\/wp-content\/uploads\/2018\/09\/LIGNESBRI01-768x513.jpg 768w, https:\/\/lignesauto.fr\/wp-content\/uploads\/2018\/09\/LIGNESBRI01-370x247.jpg 370w, https:\/\/lignesauto.fr\/wp-content\/uploads\/2018\/09\/LIGNESBRI01-1040x694.jpg 1040w\" sizes=\"(max-width: 1024px) 100vw, 1024px\" \/><\/figure>\n\n\n\n<p style=\"font-size:18px\"><em>\u00ab&nbsp;Pour cette \u00e9tude&nbsp;<\/em>\u2013 qui a donn\u00e9 naissance au concept e-LEGEND \u2013<em> nous avons eu une approche tout \u00e0 fait diff\u00e9rente de celle d\u2019un concept-car traditionnel. Nous nous en servons toujours de laboratoire mais ici, nous avons travaill\u00e9 pour signer un v\u00e9hicule qui s\u2019inspire profond\u00e9ment d\u2019une ic\u00f4ne, la Peugeot 504 coup\u00e9<\/em>. <em>La Peugeot e-LEGEND a des proportions incroyables, des flancs \u00e9lanc\u00e9s comme ceux d\u2019un f\u00e9lin, une allure bondissante, athl\u00e9tique. Elle a une poupe nerveuse. Ce sont des codes immuables, l&#8217;ADN emprunt\u00e9 \u00e0 notre histoire. Ce sont des proportions tr\u00e8s \u00e9l\u00e9gantes. \u00bb<\/em><\/p>\n\n\n\n<p style=\"font-size:18px\"><strong>Nicolas Brissonneau est aujourd\u2019hui responsable design artistique design &#8216;exter&#8217; Peugeot et est l&#8217;auteur du design ext\u00e9rieur de e-LEGEND.<\/strong><br><i>\u00ab&nbsp;Je coach diff\u00e9rents projets en design ext\u00e9rieur et je suis le designer en charge du design&nbsp;ext\u00e9rieur pour ce concept e-LEGEND.&nbsp;Il se trouve que j\u2019ai repris la place de designer ext\u00e9rieur pour e-LEGEND car cette voiture porte en elle des codes extr\u00eamement Peugeot, un peu \u00e0 l\u2019identique de ce que nous avions produit avec le concept-car SR1 inspir\u00e9 par le coup\u00e9 406.<\/i> <i>Il est \u00e9vident que notre pass\u00e9 nous aide \u00e0 envisager notre futur en se r\u00e9inventant \u00e0 chaque fois.<\/i> <i>Mon job est assez transversal au sein du design Peugeot et, avec Gilles Vidal (qui a quitt\u00e9 son poste le 28 juillet 2020) et Matthias Hossann &#8211; <\/i>le nouveau directeur du design Peugeot <strong>(ci-dessous avec Nicolas Brissonneau) &#8211;<\/strong><em>&nbsp;accompagn\u00e9s de l&#8217;ensemble des cr\u00e9atifs de l&#8217;\u00e9quipe, nous participons \u00e0 la construction de l\u2019identit\u00e9 future de Peugeot. \u00bb<\/em><\/p>\n\n\n\n<p><img loading=\"lazy\" decoding=\"async\" class=\"alignnone wp-image-4015 size-large\" src=\"http:\/\/lignesauto.fr\/wp-content\/uploads\/2018\/09\/LIGNESBRI02-1024x649.jpg\" alt=\"\" width=\"1024\" height=\"649\" srcset=\"https:\/\/lignesauto.fr\/wp-content\/uploads\/2018\/09\/LIGNESBRI02-1024x649.jpg 1024w, https:\/\/lignesauto.fr\/wp-content\/uploads\/2018\/09\/LIGNESBRI02-300x190.jpg 300w, https:\/\/lignesauto.fr\/wp-content\/uploads\/2018\/09\/LIGNESBRI02-768x487.jpg 768w, https:\/\/lignesauto.fr\/wp-content\/uploads\/2018\/09\/LIGNESBRI02-370x235.jpg 370w, https:\/\/lignesauto.fr\/wp-content\/uploads\/2018\/09\/LIGNESBRI02-1040x659.jpg 1040w\" sizes=\"(max-width: 1024px) 100vw, 1024px\" \/><br><em>Matthias Hossann \u00e0 gauche, directeur du design Peugeot depuis le 27 juillet 2020, avec Nicolas Brissonneau.<\/em><\/p>\n\n\n\n<p style=\"font-size:18px\"><strong>LIGNES\/auto : L\u2019identit\u00e9 d\u2019une marque c\u2019est certes important mais \u00e7a vieillit vite&nbsp;!<\/strong><br>\u00ab&nbsp;La r\u00e8gle est en g\u00e9n\u00e9ral de renouveler l\u2019int\u00e9gralit\u00e9 de la gamme avec une nouvelle identit\u00e9 avant de passer \u00e0 autre chose. Il se trouve que par d\u00e9finition, l\u2019identit\u00e9 est renouvelable. Le monde qui nous entoure change rapidement lui aussi, alors il nous est interdit de rester fig\u00e9s dans une \u00e9poque. Il faut savoir se r\u00e9inventer, se r\u00e9g\u00e9n\u00e9rer&nbsp;!&nbsp;\u00bb<\/p>\n\n\n\n<figure class=\"wp-block-image\"><img loading=\"lazy\" decoding=\"async\" width=\"1024\" height=\"496\" src=\"http:\/\/lignesauto.fr\/wp-content\/uploads\/2018\/09\/LIGNESBRI09-1024x496.jpg\" alt=\"\" class=\"wp-image-4022\" srcset=\"https:\/\/lignesauto.fr\/wp-content\/uploads\/2018\/09\/LIGNESBRI09-1024x496.jpg 1024w, https:\/\/lignesauto.fr\/wp-content\/uploads\/2018\/09\/LIGNESBRI09-300x145.jpg 300w, https:\/\/lignesauto.fr\/wp-content\/uploads\/2018\/09\/LIGNESBRI09-768x372.jpg 768w, https:\/\/lignesauto.fr\/wp-content\/uploads\/2018\/09\/LIGNESBRI09-370x179.jpg 370w, https:\/\/lignesauto.fr\/wp-content\/uploads\/2018\/09\/LIGNESBRI09-1040x504.jpg 1040w, https:\/\/lignesauto.fr\/wp-content\/uploads\/2018\/09\/LIGNESBRI09.jpg 1955w\" sizes=\"(max-width: 1024px) 100vw, 1024px\" \/><\/figure>\n\n\n\n<p style=\"font-size:18px\"><strong>Les concept-cars vous aident dans cette d\u00e9marche&nbsp;?<br><\/strong>\u00ab&nbsp;Nous avons eu des p\u00e9riodes fortes &#8211; comme avec le concept-car Onyx &#8211; qui nous ont permis de nous r\u00e9inventer. Onyx est n\u00e9 d\u2019une cr\u00e9ativit\u00e9 \u00ab&nbsp;guid\u00e9e&nbsp;\u00bb, car ce concept-car cuivre et noir vient d\u2019une inspiration \u00e0 la vue d\u2019un objet reprenant ce th\u00e8me chromatique. La cr\u00e9ativit\u00e9 peut \u00eatre guid\u00e9e par des images fortes. Il existe plusieurs fa\u00e7ons de cr\u00e9er mais globalement, on part plus souvent de la page blanche, c\u2019est instinctif. Le reste vient avec l\u2019exp\u00e9rience.&nbsp;Quant \u00e0 s\u2019inspirer des concurrents, \u00e7a ne va jamais tr\u00e8s loin&nbsp;!&nbsp;\u00bb<\/p>\n\n\n\n<figure class=\"wp-block-image\"><img loading=\"lazy\" decoding=\"async\" width=\"1024\" height=\"683\" src=\"http:\/\/lignesauto.fr\/wp-content\/uploads\/2018\/09\/LIGNESONYX-1024x683.jpg\" alt=\"\" class=\"wp-image-4023\" srcset=\"https:\/\/lignesauto.fr\/wp-content\/uploads\/2018\/09\/LIGNESONYX-1024x683.jpg 1024w, https:\/\/lignesauto.fr\/wp-content\/uploads\/2018\/09\/LIGNESONYX-300x200.jpg 300w, https:\/\/lignesauto.fr\/wp-content\/uploads\/2018\/09\/LIGNESONYX-768x512.jpg 768w, https:\/\/lignesauto.fr\/wp-content\/uploads\/2018\/09\/LIGNESONYX-370x247.jpg 370w, https:\/\/lignesauto.fr\/wp-content\/uploads\/2018\/09\/LIGNESONYX-1040x694.jpg 1040w, https:\/\/lignesauto.fr\/wp-content\/uploads\/2018\/09\/LIGNESONYX.jpg 1276w\" sizes=\"(max-width: 1024px) 100vw, 1024px\" \/><\/figure>\n\n\n\n<p style=\"font-size:18px\"><strong>Onyx (ci-dessus) marque donc une rupture dans la recherche de l&#8217;identit\u00e9 Peugeot ?<\/strong><br>&#8220;Nous avions eu avant Onyx le concept SR1 <strong>(ci-dessous)<\/strong>, un manifeste qui a anticip\u00e9 les codes de la 208 apparue en 2012. Mais nous continuons \u00e0 \u00e9voluer constamment comme vous pouvez le voir avec notre nouvelle 508 qui concr\u00e9tise les th\u00e8mes vus sur le concept-car Instinct. C\u2019est fantastique pour nous de pouvoir aller vers le public avec des propositions tr\u00e8s fortes, tr\u00e8s identitaires.&nbsp;\u00bb<\/p>\n\n\n\n<figure class=\"wp-block-image\"><img loading=\"lazy\" decoding=\"async\" width=\"1024\" height=\"681\" src=\"http:\/\/lignesauto.fr\/wp-content\/uploads\/2018\/09\/LIGNESSR1-1024x681.jpg\" alt=\"\" class=\"wp-image-4024\" srcset=\"https:\/\/lignesauto.fr\/wp-content\/uploads\/2018\/09\/LIGNESSR1-1024x681.jpg 1024w, https:\/\/lignesauto.fr\/wp-content\/uploads\/2018\/09\/LIGNESSR1-300x200.jpg 300w, https:\/\/lignesauto.fr\/wp-content\/uploads\/2018\/09\/LIGNESSR1-768x511.jpg 768w, https:\/\/lignesauto.fr\/wp-content\/uploads\/2018\/09\/LIGNESSR1-370x246.jpg 370w, https:\/\/lignesauto.fr\/wp-content\/uploads\/2018\/09\/LIGNESSR1-1040x692.jpg 1040w\" sizes=\"(max-width: 1024px) 100vw, 1024px\" \/><\/figure>\n\n\n\n<p style=\"font-size:18px\"><strong>Changer une identit\u00e9, ce n\u2019est pas seulement changer une calandre ou un regard&nbsp;?<br><\/strong>\u00ab&nbsp;Pas forc\u00e9ment. Il y a des fondamentaux qui demeurent et restent intacts dans le temps. C\u2019est effectivement le cas du regard m\u00eame si la technologie \u00e9volue. Le regard de nos produits reste fort, on peut presque se parler avec une optique Peugeot&nbsp;! C\u2019est un regard de f\u00e9lin. Mais il n\u2019y pas que \u00e7a. Nous avons aussi nos capots forts, les feux arri\u00e8re avec leurs griffes. Ce sont des constantes que nous faisons \u00e9voluer pour accompagner l\u2019\u00e9volution de la technologie.<br>Les yeux des voitures, ce ne sont plus leurs optiques. Car les optiques, notamment sur e-LEGEND, embarquent d\u00e9sormais une partie de la technologie des aides \u00e0 la conduite.&nbsp;\u00bb<\/p>\n\n\n\n<figure class=\"wp-block-image\"><img loading=\"lazy\" decoding=\"async\" width=\"1024\" height=\"687\" src=\"http:\/\/lignesauto.fr\/wp-content\/uploads\/2018\/09\/LIGNES0113-1024x687.jpg\" alt=\"\" class=\"wp-image-4205\" srcset=\"https:\/\/lignesauto.fr\/wp-content\/uploads\/2018\/09\/LIGNES0113-1024x687.jpg 1024w, https:\/\/lignesauto.fr\/wp-content\/uploads\/2018\/09\/LIGNES0113-300x201.jpg 300w, https:\/\/lignesauto.fr\/wp-content\/uploads\/2018\/09\/LIGNES0113-768x515.jpg 768w, https:\/\/lignesauto.fr\/wp-content\/uploads\/2018\/09\/LIGNES0113-370x248.jpg 370w, https:\/\/lignesauto.fr\/wp-content\/uploads\/2018\/09\/LIGNES0113-1040x698.jpg 1040w\" sizes=\"(max-width: 1024px) 100vw, 1024px\" \/><\/figure>\n\n\n\n<p style=\"font-size:18px\"><strong>On retrouve pourtant clairement le regard du coup\u00e9 504 sur le concept e-LEGEND&nbsp;!<br><\/strong>\u00ab&nbsp;Nous avons \u00e9norm\u00e9ment travaill\u00e9 les optiques du concept et son regard embarque une partie des ADAS. Le travail reste effectivement inspir\u00e9 de la 504 coup\u00e9. Nous aurions pu aller plus loin mais nous nous serions \u00e9loign\u00e9s de la c\u00e9l\u00e9bration voulue pour la 504.&nbsp;\u00bb<\/p>\n\n\n\n<figure class=\"wp-block-image\"><img loading=\"lazy\" decoding=\"async\" width=\"1024\" height=\"683\" src=\"http:\/\/lignesauto.fr\/wp-content\/uploads\/2018\/09\/LIGNESBRI05-1024x683.jpg\" alt=\"\" class=\"wp-image-4018\" srcset=\"https:\/\/lignesauto.fr\/wp-content\/uploads\/2018\/09\/LIGNESBRI05-1024x683.jpg 1024w, https:\/\/lignesauto.fr\/wp-content\/uploads\/2018\/09\/LIGNESBRI05-300x200.jpg 300w, https:\/\/lignesauto.fr\/wp-content\/uploads\/2018\/09\/LIGNESBRI05-768x512.jpg 768w, https:\/\/lignesauto.fr\/wp-content\/uploads\/2018\/09\/LIGNESBRI05-370x247.jpg 370w, https:\/\/lignesauto.fr\/wp-content\/uploads\/2018\/09\/LIGNESBRI05-1040x693.jpg 1040w\" sizes=\"(max-width: 1024px) 100vw, 1024px\" \/><\/figure>\n\n\n\n<p style=\"font-size:18px\"><strong>La Peugeot e-LEGEND repose avant tout sur le fameux \u00e9quilibre des masses&nbsp;!<br><\/strong>\u00ab&nbsp;Au design Peugeot, nous avons toujours eu comme base de travail les proportions. Nous tentons de les peaufiner le plus longtemps possible et le plus loin dans le projet.&nbsp;\u00bb<\/p>\n\n\n\n<figure class=\"wp-block-image\"><img loading=\"lazy\" decoding=\"async\" width=\"1024\" height=\"497\" src=\"http:\/\/lignesauto.fr\/wp-content\/uploads\/2018\/09\/LIGNESAJOUT01-1024x497.jpg\" alt=\"\" class=\"wp-image-4044\" srcset=\"https:\/\/lignesauto.fr\/wp-content\/uploads\/2018\/09\/LIGNESAJOUT01-1024x497.jpg 1024w, https:\/\/lignesauto.fr\/wp-content\/uploads\/2018\/09\/LIGNESAJOUT01-300x146.jpg 300w, https:\/\/lignesauto.fr\/wp-content\/uploads\/2018\/09\/LIGNESAJOUT01-768x373.jpg 768w, https:\/\/lignesauto.fr\/wp-content\/uploads\/2018\/09\/LIGNESAJOUT01-370x179.jpg 370w, https:\/\/lignesauto.fr\/wp-content\/uploads\/2018\/09\/LIGNESAJOUT01-1040x505.jpg 1040w\" sizes=\"(max-width: 1024px) 100vw, 1024px\" \/><\/figure>\n\n\n\n<p style=\"font-size:18px\"><strong>C\u2019est la raison pour laquelle Peugeot travaille beaucoup avec le polystyr\u00e8ne&nbsp;?<br><\/strong>\u00ab Oui, nous pouvons travailler tr\u00e8s rapidement avec ce mat\u00e9riau, nous pouvons enfanter des masses incroyables, parfaites. Mais nous nous servons \u00e9galement de la r\u00e9alit\u00e9 virtuelle pour valider les grandes masses avant le fraisage de la maquette grandeur.&#8221;<\/p>\n\n\n\n<p style=\"font-size:18px\"><strong>Mais \u00ab&nbsp;lire&nbsp;\u00bb une masse en polystyr\u00e8ne, c\u2019est compliqu\u00e9&nbsp;?<br><\/strong>\u00ab&nbsp;Non justement ! J&#8217;ai l\u2019habitude de dire que si on l\u2019aime, le polystyr\u00e8ne vous le rend bien&nbsp;! En tant que designer, nous aimons modeler nos id\u00e9es d\u00e8s le d\u00e9but du programme. Dans le pass\u00e9, nous r\u00e9alisions des petites maquettes autant que des maquettes \u00e9chelle 1 en polystyr\u00e8ne. Je me souviens que lorsque je suis arriv\u00e9 chez Peugeot en 1993, c\u2019\u00e9tait les d\u00e9buts de la 3D et cette technique \u00e9tait et reste tr\u00e8s efficace. Le travail avec la clay nous permet \u00e9galement de trouver la subtilit\u00e9 et de la virtuosit\u00e9 dans le langage de forme.&#8221;<\/p>\n\n\n\n<p><img loading=\"lazy\" decoding=\"async\" class=\"alignnone wp-image-4039 size-large\" src=\"http:\/\/lignesauto.fr\/wp-content\/uploads\/2018\/09\/205-maq-polystyrene-78a-1024x590.jpg\" alt=\"\" width=\"1024\" height=\"590\" srcset=\"https:\/\/lignesauto.fr\/wp-content\/uploads\/2018\/09\/205-maq-polystyrene-78a-1024x590.jpg 1024w, https:\/\/lignesauto.fr\/wp-content\/uploads\/2018\/09\/205-maq-polystyrene-78a-300x173.jpg 300w, https:\/\/lignesauto.fr\/wp-content\/uploads\/2018\/09\/205-maq-polystyrene-78a-768x443.jpg 768w, https:\/\/lignesauto.fr\/wp-content\/uploads\/2018\/09\/205-maq-polystyrene-78a-370x213.jpg 370w, https:\/\/lignesauto.fr\/wp-content\/uploads\/2018\/09\/205-maq-polystyrene-78a-1040x599.jpg 1040w, https:\/\/lignesauto.fr\/wp-content\/uploads\/2018\/09\/205-maq-polystyrene-78a.jpg 1654w\" sizes=\"(max-width: 1024px) 100vw, 1024px\" \/><br><em>Travail du volume en polystyr\u00e8ne du projet de la 205 (1983) ici photographi\u00e9 en 1978 sur la terrasse de La Garenne-Colombes avec G\u00e9rard Welter.<\/em><\/p>\n\n\n\n<p style=\"font-size:18px\"><strong>Nicolas Brissonneau et Peugeot, c\u2019est une longue histoire&nbsp;?<\/strong><br>\u00ab&nbsp;J\u2019ai toujours travaill\u00e9 chez Peugeot, depuis mon arriv\u00e9e en stage en 1993. Je sortais de l\u2019\u00c9cole Nationale Sup\u00e9rieure des Arts Appliqu\u00e9s et des M\u00e9tiers d\u2019Art<em> (ENSAAMA) <\/em>&#8211; Jean-Pierre Plou\u00e9 mais aussi Thierry Metroz sont issus de ce s\u00e9rail &#8211;<em> , <\/em>une \u00e9cole o\u00f9 l\u2019on a \u00e9t\u00e9 form\u00e9 \u00e0 une multitude de travaux, hors automobile. J\u2019ai personnellement appris mon m\u00e9tier de designer avec G\u00e9rard Welter qui \u00e9tait alors responsable du design ext\u00e9rieur aux c\u00f4t\u00e9s de Paul Bracq qui g\u00e9rait le design int\u00e9rieur.<\/p>\n\n\n\n<p><img loading=\"lazy\" decoding=\"async\" class=\"alignnone wp-image-4253 size-large\" src=\"http:\/\/lignesauto.fr\/wp-content\/uploads\/2018\/09\/LIGNESRC.BRI_.-1024x680.jpg\" alt=\"\" width=\"1024\" height=\"680\" srcset=\"https:\/\/lignesauto.fr\/wp-content\/uploads\/2018\/09\/LIGNESRC.BRI_.-1024x680.jpg 1024w, https:\/\/lignesauto.fr\/wp-content\/uploads\/2018\/09\/LIGNESRC.BRI_.-300x199.jpg 300w, https:\/\/lignesauto.fr\/wp-content\/uploads\/2018\/09\/LIGNESRC.BRI_.-768x510.jpg 768w, https:\/\/lignesauto.fr\/wp-content\/uploads\/2018\/09\/LIGNESRC.BRI_.-370x246.jpg 370w, https:\/\/lignesauto.fr\/wp-content\/uploads\/2018\/09\/LIGNESRC.BRI_.-1040x691.jpg 1040w\" sizes=\"(max-width: 1024px) 100vw, 1024px\" \/><br><em>Lors de l&#8217;\u00e9tude du concept-car RC Hybrid de 2008, avec de gauche \u00e0 droite : Nicolas Brissonneau \u00e0 l&#8217;\u00e9poque designer recherche avance de phase, Neil Simpson le designer int\u00e9rieur du concept, Boris Reinm\u00f6ller designer &#8216;exter&#8217; et Bertrand Dantec alors&nbsp;<\/em><i>responsable du studio 2 et aujourd&#8217;hui responsable design de la nouvelle DS3 Crossback.<\/i><\/p>\n\n\n\n<p style=\"font-size:18px\"><strong>Parlez-nous de l&#8217;ambiance au centre de style Peugeot alors situ\u00e9 \u00e0 la Garenne Colombes.<br><\/strong>\u00ab&nbsp;Le d\u00e9cor, c\u2019est un b\u00e2timent qui fait face \u00e0 un cimeti\u00e8re. Un b\u00e2timent r\u00e9nov\u00e9 \u00e0 l\u2019\u00e9poque car il avait \u00e9t\u00e9 endommag\u00e9 par l\u2019explosion de la centrale EDF qui lui faisait face&nbsp;! Nous avions une terrasse au sommet o\u00f9 nous pr\u00e9sentions nos maquettes et nos bureaux \u00e9taient en dessous. J\u2019arrive l\u00e0-bas \u00e0 une sacr\u00e9e \u00e9poque. Il y avait la 306 Maxi, le tripl\u00e9 des 905 du Mans et, c\u00f4t\u00e9 s\u00e9rie, la 406&nbsp;! <strong>(ci-dessous)<\/strong><\/p>\n\n\n\n<figure class=\"wp-block-image\"><img loading=\"lazy\" decoding=\"async\" width=\"1024\" height=\"444\" src=\"http:\/\/lignesauto.fr\/wp-content\/uploads\/2018\/09\/LIGNESBRI406-1024x444.png\" alt=\"\" class=\"wp-image-4036\" srcset=\"https:\/\/lignesauto.fr\/wp-content\/uploads\/2018\/09\/LIGNESBRI406-1024x444.png 1024w, https:\/\/lignesauto.fr\/wp-content\/uploads\/2018\/09\/LIGNESBRI406-300x130.png 300w, https:\/\/lignesauto.fr\/wp-content\/uploads\/2018\/09\/LIGNESBRI406-768x333.png 768w, https:\/\/lignesauto.fr\/wp-content\/uploads\/2018\/09\/LIGNESBRI406-370x160.png 370w, https:\/\/lignesauto.fr\/wp-content\/uploads\/2018\/09\/LIGNESBRI406-1040x451.png 1040w, https:\/\/lignesauto.fr\/wp-content\/uploads\/2018\/09\/LIGNESBRI406.png 1984w\" sizes=\"(max-width: 1024px) 100vw, 1024px\" \/><\/figure>\n\n\n\n<p style=\"font-size:18px\"><strong>Vous avez plong\u00e9 directement dans le grand bain&nbsp;!<br><\/strong>\u00ab&nbsp;Je suis arriv\u00e9 l\u00e0 tr\u00e8s jeune, d\u2019abord en stage. Il fallait que je comprenne le m\u00e9tier, \u00eatre aussi une force de proposition.<br>Au d\u00e9but, forc\u00e9ment, on aide plus que l\u2019on propose. Mais j\u2019ai eu beaucoup de chance. On m\u2019a propos\u00e9 une place au design l\u2019ann\u00e9e o\u00f9 j\u2019ai pass\u00e9 mon BTS, \u00e0 19 ans. J\u2019avais la possibilit\u00e9 de rejoindre l\u2019\u00e9quipe ou continuer mes \u00e9tudes et pour prendre ma d\u00e9cision, on m\u2019avait laiss\u00e9 quinze jours. Je n\u2019ai pas r\u00e9fl\u00e9chi longtemps parce que je voulais apprendre le m\u00e9tier. Apr\u00e8s mon stage, j\u2019ai int\u00e9gr\u00e9 le design pour de bon&nbsp;!&nbsp;\u00bb<\/p>\n\n\n\n<p style=\"font-size:18px\"><strong>Sans passer pour un vieux nostalgique, c\u2019\u00e9tait une tout autre \u00e9poque&nbsp;?<br><\/strong>\u00ab&nbsp;Nous faisions tout de mani\u00e8re plus artisanale qu\u2019aujourd\u2019hui. Mais en m\u00eame temps, nous avions plus de temps pour concevoir car il y avait bien s\u00fbr moins de projets. C\u2019\u00e9tait tr\u00e8s int\u00e9ressant et surtout passionnant !&nbsp;\u00bb<\/p>\n\n\n\n<p><img loading=\"lazy\" decoding=\"async\" class=\"alignnone wp-image-4033 size-large\" src=\"http:\/\/lignesauto.fr\/wp-content\/uploads\/2018\/09\/LIGNES407-99-1024x655.jpg\" alt=\"\" width=\"1024\" height=\"655\" srcset=\"https:\/\/lignesauto.fr\/wp-content\/uploads\/2018\/09\/LIGNES407-99-1024x655.jpg 1024w, https:\/\/lignesauto.fr\/wp-content\/uploads\/2018\/09\/LIGNES407-99-300x192.jpg 300w, https:\/\/lignesauto.fr\/wp-content\/uploads\/2018\/09\/LIGNES407-99-768x491.jpg 768w, https:\/\/lignesauto.fr\/wp-content\/uploads\/2018\/09\/LIGNES407-99-370x237.jpg 370w, https:\/\/lignesauto.fr\/wp-content\/uploads\/2018\/09\/LIGNES407-99-1040x666.jpg 1040w, https:\/\/lignesauto.fr\/wp-content\/uploads\/2018\/09\/LIGNES407-99.jpg 1211w\" sizes=\"(max-width: 1024px) 100vw, 1024px\" \/><br><em>Pr\u00e9sentation de maquettes du projet 407 en janvier 1999, voici bient\u00f4t vingt ans&#8230;<\/em><\/p>\n\n\n\n<p style=\"font-size:18px\"><strong>Quelle est votre premi\u00e8re cr\u00e9ation chez Peugeot&nbsp;?<br><\/strong>\u00ab&nbsp;Ma premi\u00e8re \u2018comp\u00e9tition\u2019 avec les \u00e9quipes concerna la 607. \u00c7a m\u2019a permis de plonger dans le grand bain avec les designers chevronn\u00e9s du moment ! Apr\u00e8s j\u2019ai eu la chance d\u2019\u00eatre choisi pour l\u2019\u00e9tude d\u2019un concept-car \u2018break de chasse 306\u2019, ce fut ma premi\u00e8re r\u00e9alisation chez Peugeot. Et puis il y eu les concept-cars RC Pique et Carreau <strong>(ci-dessous)<\/strong>, des berlinettes voulues par G\u00e9rard Welter, un moment incroyable&nbsp;lorsqu\u2019on a pu monter \u00e0 bord sur le circuit de Mortefontaine&nbsp;! Et puis j\u2019ai r\u00e9alis\u00e9 beaucoup &#8220;d\u2019avance de phase&#8221; notamment pour les projets 3008 ou 208, et travaill\u00e9 sur la nouvelle identit\u00e9 du d\u00e9but des ann\u00e9es 2010 avec le concept SR1.&nbsp;\u00bb<\/p>\n\n\n\n<figure class=\"wp-block-image\"><img loading=\"lazy\" decoding=\"async\" width=\"1024\" height=\"683\" src=\"http:\/\/lignesauto.fr\/wp-content\/uploads\/2018\/09\/LIGNESBRIRC-1024x683.jpg\" alt=\"\" class=\"wp-image-4037\" srcset=\"https:\/\/lignesauto.fr\/wp-content\/uploads\/2018\/09\/LIGNESBRIRC-1024x683.jpg 1024w, https:\/\/lignesauto.fr\/wp-content\/uploads\/2018\/09\/LIGNESBRIRC-300x200.jpg 300w, https:\/\/lignesauto.fr\/wp-content\/uploads\/2018\/09\/LIGNESBRIRC-768x512.jpg 768w, https:\/\/lignesauto.fr\/wp-content\/uploads\/2018\/09\/LIGNESBRIRC-370x247.jpg 370w, https:\/\/lignesauto.fr\/wp-content\/uploads\/2018\/09\/LIGNESBRIRC-1040x694.jpg 1040w\" sizes=\"(max-width: 1024px) 100vw, 1024px\" \/><\/figure>\n\n\n\n<p style=\"font-size:18px\"><strong>Un d\u00e9but de carri\u00e8re de r\u00eave&nbsp;!<br><\/strong>\u00ab&nbsp;Pour \u00eatre tout \u00e0 fait honn\u00eate, je vous passe la p\u00e9riode o\u00f9 l\u2019on dessine des logos et des monogrammes&nbsp;! J\u2019ai r\u00e9alis\u00e9 celui du coup\u00e9 406. Mais plus s\u00e9rieusement, c\u2019est important de passer par ces stades. Car vous apprenez l\u2019harmonie, l\u2019esth\u00e9tique, le dynamisme sur un d\u00e9tail qui a une grande importance. C\u2019est tr\u00e8s formateur&nbsp;!&nbsp;\u00bb<\/p>\n\n\n\n<p style=\"font-size:18px\"><img loading=\"lazy\" decoding=\"async\" class=\"alignnone wp-image-4038 size-large\" src=\"http:\/\/lignesauto.fr\/wp-content\/uploads\/2018\/09\/LIGNESBRIPF-1024x724.jpg\" alt=\"\" width=\"1024\" height=\"724\" srcset=\"https:\/\/lignesauto.fr\/wp-content\/uploads\/2018\/09\/LIGNESBRIPF-1024x724.jpg 1024w, https:\/\/lignesauto.fr\/wp-content\/uploads\/2018\/09\/LIGNESBRIPF-300x212.jpg 300w, https:\/\/lignesauto.fr\/wp-content\/uploads\/2018\/09\/LIGNESBRIPF-768x543.jpg 768w, https:\/\/lignesauto.fr\/wp-content\/uploads\/2018\/09\/LIGNESBRIPF-370x262.jpg 370w, https:\/\/lignesauto.fr\/wp-content\/uploads\/2018\/09\/LIGNESBRIPF-1040x735.jpg 1040w\" sizes=\"(max-width: 1024px) 100vw, 1024px\" \/><br><strong>Et aujourd&#8217;hui&#8230;<br><\/strong>\u00ab&nbsp;Apr\u00e8s toutes ces exp\u00e9riences, j\u2019ai \u00e9t\u00e9 nomm\u00e9 \u2018Master\u2019.<br>Chez nous, on s\u2019organise en fonction de l\u2019exp\u00e9rience et du management&nbsp;de mani\u00e8re \u00e0 pouvoir faire profiter les plus jeunes de notre exp\u00e9rience et de notre passion. C\u2019est \u00e7a qui est fantastique ici, l\u2019\u00e9quipe optimis\u00e9e \u2013 10 \u00e0 12 designers riches de nombreuses nationalit\u00e9s &#8211; est tr\u00e8s forte en termes d\u2019autonomie gr\u00e2ce \u00e0 l&#8217;accompagnement des plus &#8216;juniors&#8217; par des &#8216;seniors&#8217; et des &#8216;masters&#8217; ! \u00bb<\/p>\n\n\n\n<figure class=\"wp-block-image\"><img loading=\"lazy\" decoding=\"async\" width=\"1024\" height=\"683\" src=\"http:\/\/lignesauto.fr\/wp-content\/uploads\/2018\/09\/LIGNESBRI04-1024x683.jpg\" alt=\"\" class=\"wp-image-4017\" srcset=\"https:\/\/lignesauto.fr\/wp-content\/uploads\/2018\/09\/LIGNESBRI04-1024x683.jpg 1024w, https:\/\/lignesauto.fr\/wp-content\/uploads\/2018\/09\/LIGNESBRI04-300x200.jpg 300w, https:\/\/lignesauto.fr\/wp-content\/uploads\/2018\/09\/LIGNESBRI04-768x512.jpg 768w, https:\/\/lignesauto.fr\/wp-content\/uploads\/2018\/09\/LIGNESBRI04-370x247.jpg 370w, https:\/\/lignesauto.fr\/wp-content\/uploads\/2018\/09\/LIGNESBRI04-1040x693.jpg 1040w\" sizes=\"(max-width: 1024px) 100vw, 1024px\" \/><\/figure>\n\n\n\n<p style=\"font-size:18px\"><strong>Comment g\u00e9rer un jeune designer qui est un pur cr\u00e9atif mais qui n\u2019a pas forc\u00e9ment la culture de la marque&nbsp;?<br><\/strong>\u00ab Ce n\u2019est pas compliqu\u00e9. Je me souviens qu\u2019il y a quelques temps lors d\u2019une interview pour le site de &#8220;L\u2019\u00e9tudiant&#8221;, j\u2019avais trouv\u00e9 un mot pour d\u00e9finir le m\u00e9tier en \u00e9quipe&nbsp;: abn\u00e9gation. Ce n\u2019est pas forc\u00e9ment un mot fort, mais juste. J\u2019explique ainsi que je n\u2019aurais pas dessin\u00e9 le concept-car SR1 comme il l\u2019a finalement \u00e9t\u00e9 si j\u2019avais \u00e9t\u00e9 seul. Aujourd&#8217;hui, les jeunes designers qui entrent dans le m\u00e9tier veulent marquer leur \u00e9poque. Ils ont une approche diff\u00e9rente de la n\u00f4tre quand nous d\u00e9barquions chez un constructeur car ils arrivent \u00e0 un moment o\u00f9 les champs du possible sont bien plus ouverts, avec notamment les interfaces &#8220;homme-machine&#8221; &#8211; IHM &#8211; avec toutes ces dalles num\u00e9riques !<br>On avait du mal \u00e0 imaginer cela hier et si nous l&#8217;avions imagin\u00e9, nous aurions eu quelques difficult\u00e9s \u00e0 int\u00e9grer la technologie de l&#8217;\u00e9poque, des tubes cathodiques, \u00e0 bord ! \u00bb<\/p>\n\n\n\n<figure class=\"wp-block-image\"><img loading=\"lazy\" decoding=\"async\" width=\"1024\" height=\"423\" src=\"http:\/\/lignesauto.fr\/wp-content\/uploads\/2018\/09\/6-ABORD03-1024x423.jpg\" alt=\"\" class=\"wp-image-4047\" srcset=\"https:\/\/lignesauto.fr\/wp-content\/uploads\/2018\/09\/6-ABORD03-1024x423.jpg 1024w, https:\/\/lignesauto.fr\/wp-content\/uploads\/2018\/09\/6-ABORD03-300x124.jpg 300w, https:\/\/lignesauto.fr\/wp-content\/uploads\/2018\/09\/6-ABORD03-768x318.jpg 768w, https:\/\/lignesauto.fr\/wp-content\/uploads\/2018\/09\/6-ABORD03-370x153.jpg 370w, https:\/\/lignesauto.fr\/wp-content\/uploads\/2018\/09\/6-ABORD03-1040x430.jpg 1040w\" sizes=\"(max-width: 1024px) 100vw, 1024px\" \/><\/figure>\n\n\n\n<p style=\"font-size:18px\"><strong>Le m\u00e9tier est du coup plus excitant aujourd\u2019hui qu\u2019hier&nbsp;?<br><\/strong>\u00ab&nbsp;Pour moi, le m\u00e9tier est incroyablement diff\u00e9rent d\u2019hier, du fait de la num\u00e9risation et des m\u00e9thodes de travail. En revanche, le challenge est plus fascinant qu\u2019au d\u00e9but puisqu\u2019on passe d\u2019un stade d\u2019apprentissage \u00e0 un acquis qui ne cesse de cro\u00eetre. Quand on a un \u2018back up\u2019 avec cette exp\u00e9rience, on peut d\u00e9passer les limites dans nos recherches vers quelque chose de vraiment nouveau.&nbsp;\u00bb<\/p>\n\n\n\n<p style=\"font-size:18px\"><strong>L\u2019\u00e9volution vers laquelle se dirige l\u2019auto&nbsp;(autonome, interdiction possible de conduire, etc.) \u00e7a vous effraye&nbsp;?<br><\/strong>\u00ab&nbsp;Je n\u2019ai pas de crainte&nbsp;! De tous les temps il y a eu des diff\u00e9rences d\u2019\u00e9nergie, des \u00e9volutions technologiques et des personnes qui voyait l\u2019auto pour aller d\u2019un point A \u00e0 un point B et d\u2019autres au contraire pour prendre du plaisir \u00e0 piloter, avec le bruit d\u2019un moteur, la libert\u00e9 d\u2019un cabrio\u2026. De tout temps, l\u2019auto a trouv\u00e9 son client. Demain, nous devrons proposer des produits qui se destinent \u00e0 cette nouvelle g\u00e9n\u00e9ration de jeunes hyper-connect\u00e9s.&nbsp;\u00bb<\/p>\n\n\n\n<figure class=\"wp-block-image\"><img loading=\"lazy\" decoding=\"async\" width=\"1024\" height=\"683\" src=\"http:\/\/lignesauto.fr\/wp-content\/uploads\/2018\/09\/LIGNESBRIAJOUT-1024x683.jpg\" alt=\"\" class=\"wp-image-4042\" srcset=\"https:\/\/lignesauto.fr\/wp-content\/uploads\/2018\/09\/LIGNESBRIAJOUT-1024x683.jpg 1024w, https:\/\/lignesauto.fr\/wp-content\/uploads\/2018\/09\/LIGNESBRIAJOUT-300x200.jpg 300w, https:\/\/lignesauto.fr\/wp-content\/uploads\/2018\/09\/LIGNESBRIAJOUT-768x512.jpg 768w, https:\/\/lignesauto.fr\/wp-content\/uploads\/2018\/09\/LIGNESBRIAJOUT-370x247.jpg 370w, https:\/\/lignesauto.fr\/wp-content\/uploads\/2018\/09\/LIGNESBRIAJOUT-1040x693.jpg 1040w\" sizes=\"(max-width: 1024px) 100vw, 1024px\" \/><\/figure>\n\n\n\n<p style=\"font-size:18px\"><strong>e-LEGEND est \u00e9lectrique et l\u00e9gitim\u00e9e par le pass\u00e9 de la marque. \u00cates-vous sensible \u00e0 la naissance de nouveaux produits \u00e9lectriques sur des bases de voitures &#8216;classiques&#8217; comme Jaguar le propose avec la Type E 100% \u00e9lectrique&nbsp;?<br><\/strong>\u00ab&nbsp;Je serais le premier acheteur de ce type de voiture&nbsp;! J\u2019y crois vraiment.<\/p>\n\n\n\n<p class=\"has-normal-font-size\"><em>Propos recueillis en septembre 2018 par Christophe Bonnaud. Photos archives de l&#8217;auteur et Peugeot Design.<\/em><\/p>\n\n\n\n<figure class=\"wp-block-image\"><img decoding=\"async\" src=\"http:\/\/lignesauto.fr\/wp-content\/uploads\/2018\/10\/LOGOActus_BD-1024x367.jpg\" alt=\"L\u2019attribut alt de cette image est vide, son nom de fichier est LOGOActus_BD-1024x367.jpg.\"\/><\/figure>\n","protected":false},"excerpt":{"rendered":"<p>Avec l&#8217;arriv\u00e9e de Matthias Hossann \u00e0 la t\u00eate du design Peugeot, nous avons \u00e9voqu\u00e9 lors de son interview (http:\/\/lignesauto.fr\/?p=19032) le fabuleux concept-car e-Legend de 2018. A l&#8217;\u00e9poque, nous avions rencontr\u00e9 son designer, Nicolas Brissonneau&#8230; Replongez dans cette passionnante rencontre. Nicolas Brissonneau :&#8220;C\u2019est fantastique pour nous de pouvoir aller vers le [&hellip;]<\/p>\n","protected":false},"author":1,"featured_media":4018,"comment_status":"open","ping_status":"open","sticky":false,"template":"","format":"standard","meta":{"footnotes":""},"categories":[1],"tags":[],"_links":{"self":[{"href":"https:\/\/lignesauto.fr\/index.php?rest_route=\/wp\/v2\/posts\/19129"}],"collection":[{"href":"https:\/\/lignesauto.fr\/index.php?rest_route=\/wp\/v2\/posts"}],"about":[{"href":"https:\/\/lignesauto.fr\/index.php?rest_route=\/wp\/v2\/types\/post"}],"author":[{"embeddable":true,"href":"https:\/\/lignesauto.fr\/index.php?rest_route=\/wp\/v2\/users\/1"}],"replies":[{"embeddable":true,"href":"https:\/\/lignesauto.fr\/index.php?rest_route=%2Fwp%2Fv2%2Fcomments&post=19129"}],"version-history":[{"count":6,"href":"https:\/\/lignesauto.fr\/index.php?rest_route=\/wp\/v2\/posts\/19129\/revisions"}],"predecessor-version":[{"id":19143,"href":"https:\/\/lignesauto.fr\/index.php?rest_route=\/wp\/v2\/posts\/19129\/revisions\/19143"}],"wp:featuredmedia":[{"embeddable":true,"href":"https:\/\/lignesauto.fr\/index.php?rest_route=\/wp\/v2\/media\/4018"}],"wp:attachment":[{"href":"https:\/\/lignesauto.fr\/index.php?rest_route=%2Fwp%2Fv2%2Fmedia&parent=19129"}],"wp:term":[{"taxonomy":"category","embeddable":true,"href":"https:\/\/lignesauto.fr\/index.php?rest_route=%2Fwp%2Fv2%2Fcategories&post=19129"},{"taxonomy":"post_tag","embeddable":true,"href":"https:\/\/lignesauto.fr\/index.php?rest_route=%2Fwp%2Fv2%2Ftags&post=19129"}],"curies":[{"name":"wp","href":"https:\/\/api.w.org\/{rel}","templated":true}]}}