{"id":19176,"date":"2020-08-05T09:02:00","date_gmt":"2020-08-05T07:02:00","guid":{"rendered":"http:\/\/lignesauto.fr\/?p=19176"},"modified":"2020-08-03T09:39:50","modified_gmt":"2020-08-03T07:39:50","slug":"non-la-derniere-cox-allemande-na-pas-ete-produite-a-wolfsburg","status":"publish","type":"post","link":"https:\/\/lignesauto.fr\/?p=19176","title":{"rendered":"Non, la derni\u00e8re Cox Allemande n\u2019a pas \u00e9t\u00e9 produite \u00e0 Wolfsburg"},"content":{"rendered":"\n<figure class=\"wp-block-image size-large\"><img loading=\"lazy\" decoding=\"async\" width=\"1024\" height=\"593\" src=\"http:\/\/lignesauto.fr\/wp-content\/uploads\/2020\/08\/LIGNESCOX_01-1024x593.jpg\" alt=\"\" class=\"wp-image-19178\" srcset=\"https:\/\/lignesauto.fr\/wp-content\/uploads\/2020\/08\/LIGNESCOX_01-1024x593.jpg 1024w, https:\/\/lignesauto.fr\/wp-content\/uploads\/2020\/08\/LIGNESCOX_01-300x174.jpg 300w, https:\/\/lignesauto.fr\/wp-content\/uploads\/2020\/08\/LIGNESCOX_01-768x445.jpg 768w, https:\/\/lignesauto.fr\/wp-content\/uploads\/2020\/08\/LIGNESCOX_01.jpg 1417w\" sizes=\"(max-width: 1024px) 100vw, 1024px\" \/><\/figure>\n\n\n\n<figure class=\"wp-block-image size-large is-resized\"><img loading=\"lazy\" decoding=\"async\" src=\"http:\/\/lignesauto.fr\/wp-content\/uploads\/2018\/10\/LOGOArchives_BD-1024x367.jpg\" alt=\"\" class=\"wp-image-4925\" width=\"540\" height=\"192\" srcset=\"https:\/\/lignesauto.fr\/wp-content\/uploads\/2018\/10\/LOGOArchives_BD-300x108.jpg 300w, https:\/\/lignesauto.fr\/wp-content\/uploads\/2018\/10\/LOGOArchives_BD-370x133.jpg 370w\" sizes=\"(max-width: 540px) 100vw, 540px\" \/><\/figure>\n\n\n\n<figure class=\"wp-block-image size-large\"><img loading=\"lazy\" decoding=\"async\" width=\"1024\" height=\"842\" src=\"http:\/\/lignesauto.fr\/wp-content\/uploads\/2020\/08\/LIGNESAUTO-1024x842.png\" alt=\"\" class=\"wp-image-19189\" srcset=\"https:\/\/lignesauto.fr\/wp-content\/uploads\/2020\/08\/LIGNESAUTO-1024x842.png 1024w, https:\/\/lignesauto.fr\/wp-content\/uploads\/2020\/08\/LIGNESAUTO-300x247.png 300w, https:\/\/lignesauto.fr\/wp-content\/uploads\/2020\/08\/LIGNESAUTO-768x631.png 768w, https:\/\/lignesauto.fr\/wp-content\/uploads\/2020\/08\/LIGNESAUTO.png 1417w\" sizes=\"(max-width: 1024px) 100vw, 1024px\" \/><\/figure>\n\n\n\n<p style=\"font-size:18px\">Cela fait 42 ans que la toute derni\u00e8re Coccinelle de la production allemande est sortie de la cha\u00eene de production. C\u2019\u00e9tait le 19 janvier 1978. Et cette fin de production a eu lieu sur le site d\u2019Emden (ci-dessus), et non \u00e0 Wolfsburg, o\u00f9 la production de la Coccinelle s&#8217;\u00e9tait termin\u00e9e quatre ans plus t\u00f4t avec l&#8217;arriv\u00e9e de la Golf en 1974.<\/p>\n\n\n\n<figure class=\"wp-block-image size-large\"><img loading=\"lazy\" decoding=\"async\" width=\"1024\" height=\"593\" src=\"http:\/\/lignesauto.fr\/wp-content\/uploads\/2020\/08\/LIGNESCOX_04-1024x593.jpg\" alt=\"\" class=\"wp-image-19179\" srcset=\"https:\/\/lignesauto.fr\/wp-content\/uploads\/2020\/08\/LIGNESCOX_04-1024x593.jpg 1024w, https:\/\/lignesauto.fr\/wp-content\/uploads\/2020\/08\/LIGNESCOX_04-300x174.jpg 300w, https:\/\/lignesauto.fr\/wp-content\/uploads\/2020\/08\/LIGNESCOX_04-768x445.jpg 768w, https:\/\/lignesauto.fr\/wp-content\/uploads\/2020\/08\/LIGNESCOX_04.jpg 1417w\" sizes=\"(max-width: 1024px) 100vw, 1024px\" \/><\/figure>\n\n\n\n<p style=\"font-size:18px\">En 1978, plus de 16 millions de Beetle ont quitt\u00e9 les cha\u00eenes de production en Allemagne (dont environ 2,4 millions produites \u00e0 Emden) et plus de 19 millions de ce mod\u00e8le de voiture populaire ont quitt\u00e9 les cha\u00eenes de production dans le monde entier.<\/p>\n\n\n\n<figure class=\"wp-block-image size-large\"><img loading=\"lazy\" decoding=\"async\" width=\"1024\" height=\"593\" src=\"http:\/\/lignesauto.fr\/wp-content\/uploads\/2020\/08\/LIGNESCOX_05-1024x593.jpg\" alt=\"\" class=\"wp-image-19180\" srcset=\"https:\/\/lignesauto.fr\/wp-content\/uploads\/2020\/08\/LIGNESCOX_05-1024x593.jpg 1024w, https:\/\/lignesauto.fr\/wp-content\/uploads\/2020\/08\/LIGNESCOX_05-300x174.jpg 300w, https:\/\/lignesauto.fr\/wp-content\/uploads\/2020\/08\/LIGNESCOX_05-768x445.jpg 768w, https:\/\/lignesauto.fr\/wp-content\/uploads\/2020\/08\/LIGNESCOX_05.jpg 1417w\" sizes=\"(max-width: 1024px) 100vw, 1024px\" \/><\/figure>\n\n\n\n<p style=\"font-size:18px\">Une grande partie des Coccinelle produites dans les derni\u00e8res ann\u00e9es ont \u00e9t\u00e9 export\u00e9es aux \u00c9tats-Unis. Sur le site d&#8217;Emden, la production de la Golf s&#8217;est peu \u00e0 peu impos\u00e9e, parall\u00e8lement \u00e0 celle de l&#8217;Audi 80 et de la VW Passat.<\/p>\n\n\n\n<figure class=\"wp-block-image size-large\"><img loading=\"lazy\" decoding=\"async\" width=\"1024\" height=\"593\" src=\"http:\/\/lignesauto.fr\/wp-content\/uploads\/2020\/08\/LIGNESCOX_06-1024x593.jpg\" alt=\"\" class=\"wp-image-19181\" srcset=\"https:\/\/lignesauto.fr\/wp-content\/uploads\/2020\/08\/LIGNESCOX_06-1024x593.jpg 1024w, https:\/\/lignesauto.fr\/wp-content\/uploads\/2020\/08\/LIGNESCOX_06-300x174.jpg 300w, https:\/\/lignesauto.fr\/wp-content\/uploads\/2020\/08\/LIGNESCOX_06-768x445.jpg 768w, https:\/\/lignesauto.fr\/wp-content\/uploads\/2020\/08\/LIGNESCOX_06.jpg 1417w\" sizes=\"(max-width: 1024px) 100vw, 1024px\" \/><\/figure>\n\n\n\n<p style=\"font-size:18px\">Cette 1200 L peinte en jaune &#8220;dakota&#8221;, fut donc la derni\u00e8re Coccinelle \u00e0 quitter la cha\u00eene de production sur la c\u00f4te de la mer du Nord, le 19 janvier 1978. Elle est d\u00e9sormais expos\u00e9e au mus\u00e9e Volkswagen \u00e0&#8230; Wolfsburg (!) avec un \u00e9quipement et des caract\u00e9ristiques qui pr\u00eatent \u00e0 sourire aujourd\u2019hui, mais elle est dans un \u00e9tat neuf.<\/p>\n\n\n\n<figure class=\"wp-block-image size-large\"><img loading=\"lazy\" decoding=\"async\" width=\"1024\" height=\"593\" src=\"http:\/\/lignesauto.fr\/wp-content\/uploads\/2020\/08\/LIGNESCOX_03-1024x593.jpg\" alt=\"\" class=\"wp-image-19182\" srcset=\"https:\/\/lignesauto.fr\/wp-content\/uploads\/2020\/08\/LIGNESCOX_03-1024x593.jpg 1024w, https:\/\/lignesauto.fr\/wp-content\/uploads\/2020\/08\/LIGNESCOX_03-300x174.jpg 300w, https:\/\/lignesauto.fr\/wp-content\/uploads\/2020\/08\/LIGNESCOX_03-768x445.jpg 768w, https:\/\/lignesauto.fr\/wp-content\/uploads\/2020\/08\/LIGNESCOX_03.jpg 1417w\" sizes=\"(max-width: 1024px) 100vw, 1024px\" \/><\/figure>\n\n\n\n<figure class=\"wp-block-image is-resized\"><img loading=\"lazy\" decoding=\"async\" src=\"http:\/\/lignesauto.fr\/wp-content\/uploads\/2018\/10\/LOGOArchives_BD-1024x367.jpg\" alt=\"L\u2019attribut alt de cette image est vide, son nom de fichier est LOGOArchives_BD-1024x367.jpg.\" width=\"545\" height=\"194\"\/><\/figure>\n","protected":false},"excerpt":{"rendered":"<p>Cela fait 42 ans que la toute derni\u00e8re Coccinelle de la production allemande est sortie de la cha\u00eene de production. C\u2019\u00e9tait le 19 janvier 1978. Et cette fin de production a eu lieu sur le site d\u2019Emden (ci-dessus), et non \u00e0 Wolfsburg, o\u00f9 la production de la Coccinelle s&#8217;\u00e9tait termin\u00e9e [&hellip;]<\/p>\n","protected":false},"author":1,"featured_media":19181,"comment_status":"open","ping_status":"open","sticky":false,"template":"","format":"standard","meta":{"footnotes":""},"categories":[1],"tags":[],"_links":{"self":[{"href":"https:\/\/lignesauto.fr\/index.php?rest_route=\/wp\/v2\/posts\/19176"}],"collection":[{"href":"https:\/\/lignesauto.fr\/index.php?rest_route=\/wp\/v2\/posts"}],"about":[{"href":"https:\/\/lignesauto.fr\/index.php?rest_route=\/wp\/v2\/types\/post"}],"author":[{"embeddable":true,"href":"https:\/\/lignesauto.fr\/index.php?rest_route=\/wp\/v2\/users\/1"}],"replies":[{"embeddable":true,"href":"https:\/\/lignesauto.fr\/index.php?rest_route=%2Fwp%2Fv2%2Fcomments&post=19176"}],"version-history":[{"count":8,"href":"https:\/\/lignesauto.fr\/index.php?rest_route=\/wp\/v2\/posts\/19176\/revisions"}],"predecessor-version":[{"id":19190,"href":"https:\/\/lignesauto.fr\/index.php?rest_route=\/wp\/v2\/posts\/19176\/revisions\/19190"}],"wp:featuredmedia":[{"embeddable":true,"href":"https:\/\/lignesauto.fr\/index.php?rest_route=\/wp\/v2\/media\/19181"}],"wp:attachment":[{"href":"https:\/\/lignesauto.fr\/index.php?rest_route=%2Fwp%2Fv2%2Fmedia&parent=19176"}],"wp:term":[{"taxonomy":"category","embeddable":true,"href":"https:\/\/lignesauto.fr\/index.php?rest_route=%2Fwp%2Fv2%2Fcategories&post=19176"},{"taxonomy":"post_tag","embeddable":true,"href":"https:\/\/lignesauto.fr\/index.php?rest_route=%2Fwp%2Fv2%2Ftags&post=19176"}],"curies":[{"name":"wp","href":"https:\/\/api.w.org\/{rel}","templated":true}]}}