{"id":19332,"date":"2020-08-18T12:59:15","date_gmt":"2020-08-18T10:59:15","guid":{"rendered":"http:\/\/lignesauto.fr\/?p=19332"},"modified":"2020-08-18T13:13:05","modified_gmt":"2020-08-18T11:13:05","slug":"si-on-survolait-wolsfburg-les-centres-de-design-de-vw-potsdam-et-les-autres","status":"publish","type":"post","link":"https:\/\/lignesauto.fr\/?p=19332","title":{"rendered":"Si on survolait Wolfsburg ? Les centres de design de VW :  Potsdam et les autres."},"content":{"rendered":"\n<figure class=\"wp-block-image is-resized\"><img loading=\"lazy\" decoding=\"async\" src=\"http:\/\/lignesauto.fr\/wp-content\/uploads\/2018\/10\/LOGOActus_BD-1024x367.jpg\" alt=\"L\u2019attribut alt de cette image est vide, son nom de fichier est LOGOActus_BD-1024x367.jpg.\" width=\"520\" height=\"186\"\/><\/figure>\n\n\n\n<p style=\"font-size:18px\">Wolfsburg est le site de  production le plus ancien de Volkswagen. Il a \u00e9t\u00e9 cr\u00e9e juste avant le d\u00e9but de la Seconde Guerre mondiale, en 1938, \u00e0 l&#8217;initiative du r\u00e9gime nazi,. Il reste aujourd&#8217;hui l&#8217;un des plus grand sites de production au monde.<\/p>\n\n\n\n<figure class=\"wp-block-image size-large\"><img loading=\"lazy\" decoding=\"async\" width=\"1024\" height=\"733\" src=\"http:\/\/lignesauto.fr\/wp-content\/uploads\/2020\/08\/A1-1024x733.jpg\" alt=\"\" class=\"wp-image-19354\" srcset=\"https:\/\/lignesauto.fr\/wp-content\/uploads\/2020\/08\/A1-1024x733.jpg 1024w, https:\/\/lignesauto.fr\/wp-content\/uploads\/2020\/08\/A1-300x215.jpg 300w, https:\/\/lignesauto.fr\/wp-content\/uploads\/2020\/08\/A1-768x550.jpg 768w, https:\/\/lignesauto.fr\/wp-content\/uploads\/2020\/08\/A1.jpg 1417w\" sizes=\"(max-width: 1024px) 100vw, 1024px\" \/><\/figure>\n\n\n\n<p style=\"font-size:18px\">Il s&#8217;\u00e9tend sur plus de dix kilom\u00e8tres carr\u00e9s. Les diff\u00e9rentes g\u00e9n\u00e9rations de Golf y ont \u00e9t\u00e9 produites, ainsi que les Tiguan et Touran. La production de ce site fut de 790 000 v\u00e9hicules en 2018. L\u2019usine compte 20 000 salari\u00e9s.<\/p>\n\n\n\n<figure class=\"wp-block-image size-large\"><img loading=\"lazy\" decoding=\"async\" width=\"1024\" height=\"684\" src=\"http:\/\/lignesauto.fr\/wp-content\/uploads\/2020\/08\/zz-1024x684.jpg\" alt=\"\" class=\"wp-image-19372\" srcset=\"https:\/\/lignesauto.fr\/wp-content\/uploads\/2020\/08\/zz-1024x684.jpg 1024w, https:\/\/lignesauto.fr\/wp-content\/uploads\/2020\/08\/zz-300x200.jpg 300w, https:\/\/lignesauto.fr\/wp-content\/uploads\/2020\/08\/zz-768x513.jpg 768w, https:\/\/lignesauto.fr\/wp-content\/uploads\/2020\/08\/zz.jpg 1417w\" sizes=\"(max-width: 1024px) 100vw, 1024px\" \/><\/figure>\n\n\n\n<p style=\"font-size:18px\">Ci-dessous, gr\u00e2ce \u00e0 cette vue du ciel Google Earth, on comprend mieux pourquoi Wolfsburg est LA ville de VW : le site industriel est plus vaste que la ville elle m\u00eame !<\/p>\n\n\n\n<figure class=\"wp-block-image size-large\"><img loading=\"lazy\" decoding=\"async\" width=\"1024\" height=\"668\" src=\"http:\/\/lignesauto.fr\/wp-content\/uploads\/2020\/08\/VW_104-1024x668.png\" alt=\"\" class=\"wp-image-19338\" srcset=\"https:\/\/lignesauto.fr\/wp-content\/uploads\/2020\/08\/VW_104-1024x668.png 1024w, https:\/\/lignesauto.fr\/wp-content\/uploads\/2020\/08\/VW_104-300x196.png 300w, https:\/\/lignesauto.fr\/wp-content\/uploads\/2020\/08\/VW_104-768x501.png 768w, https:\/\/lignesauto.fr\/wp-content\/uploads\/2020\/08\/VW_104-765x500.png 765w, https:\/\/lignesauto.fr\/wp-content\/uploads\/2020\/08\/VW_104.png 1417w\" sizes=\"(max-width: 1024px) 100vw, 1024px\" \/><\/figure>\n\n\n\n<p style=\"font-size:18px\">Malgr\u00e9 son \u00e2ge, ce complexe se met au vert et, d&#8217;ici 2022, les deux centrales passeront du charbon au gaz naturel, et adopteront en compl\u00e9ment des sites g\u00e9r\u00e9s par de l\u2019\u00e9lectricit\u00e9 d\u2019origine renouvelable.<\/p>\n\n\n\n<figure class=\"wp-block-image size-large\"><img loading=\"lazy\" decoding=\"async\" width=\"1024\" height=\"552\" src=\"http:\/\/lignesauto.fr\/wp-content\/uploads\/2020\/08\/VW_202-1024x552.png\" alt=\"\" class=\"wp-image-19336\" srcset=\"https:\/\/lignesauto.fr\/wp-content\/uploads\/2020\/08\/VW_202-1024x552.png 1024w, https:\/\/lignesauto.fr\/wp-content\/uploads\/2020\/08\/VW_202-300x162.png 300w, https:\/\/lignesauto.fr\/wp-content\/uploads\/2020\/08\/VW_202-768x414.png 768w, https:\/\/lignesauto.fr\/wp-content\/uploads\/2020\/08\/VW_202.png 1417w\" sizes=\"(max-width: 1024px) 100vw, 1024px\" \/><\/figure>\n\n\n\n<p style=\"font-size:18px\">Dans ce vaste complexe industriel, le constructeur a implant\u00e9 d\u00e8s l&#8217;origine son centre d&#8217;\u00e9tudes et de recherches ainsi que le bureau de design. Le centre de design Volkswagen implant\u00e9 \u00e0 Wolfsburg est ainsi assez \u00e9loign\u00e9 de ceux de ses concurrents de Ford \u00e0 Cologne (376 km) et Opel \u00e0 R\u00fcsselsheim (385 km). <\/p>\n\n\n\n<figure class=\"wp-block-image size-large\"><img loading=\"lazy\" decoding=\"async\" width=\"1024\" height=\"559\" src=\"http:\/\/lignesauto.fr\/wp-content\/uploads\/2020\/08\/W_105-1024x559.png\" alt=\"\" class=\"wp-image-19339\" srcset=\"https:\/\/lignesauto.fr\/wp-content\/uploads\/2020\/08\/W_105-1024x559.png 1024w, https:\/\/lignesauto.fr\/wp-content\/uploads\/2020\/08\/W_105-300x164.png 300w, https:\/\/lignesauto.fr\/wp-content\/uploads\/2020\/08\/W_105-768x420.png 768w, https:\/\/lignesauto.fr\/wp-content\/uploads\/2020\/08\/W_105.png 1417w\" sizes=\"(max-width: 1024px) 100vw, 1024px\" \/><\/figure>\n\n\n\n<p style=\"font-size:18px\">Sur la photo Google Earth ci-dessus, on a une vue d&#8217;ensemble de l&#8217;usine de Wolfsburg.<br>En 1 : l&#8217;Autostadt qu&#8217;il faut avoir visit\u00e9 au moins une fois dans sa vie (<a href=\"https:\/\/www.autostadt.de\/\">https:\/\/www.autostadt.de\/<\/a>)<br>En 2 : les fameuses chemin\u00e9es mythiques de l&#8217;usine ancestrale de VW<br>En 3 : les usines de production<br>En 4 : la gare de triage pour les livraisons<br><strong>En 5 : les b\u00e2timents dans lesquels se trouve le centre de design<\/strong><br>En 6 : le centre d&#8217;essais avec une piste d\u00e9di\u00e9e<\/p>\n\n\n\n<h2 class=\"wp-block-heading\"><strong>AUTOSTADT<\/strong> :<\/h2>\n\n\n\n<figure class=\"wp-block-image size-large\"><img loading=\"lazy\" decoding=\"async\" width=\"1024\" height=\"631\" src=\"http:\/\/lignesauto.fr\/wp-content\/uploads\/2020\/08\/A-1024x631.png\" alt=\"\" class=\"wp-image-19364\" srcset=\"https:\/\/lignesauto.fr\/wp-content\/uploads\/2020\/08\/A-1024x631.png 1024w, https:\/\/lignesauto.fr\/wp-content\/uploads\/2020\/08\/A-300x185.png 300w, https:\/\/lignesauto.fr\/wp-content\/uploads\/2020\/08\/A-768x473.png 768w, https:\/\/lignesauto.fr\/wp-content\/uploads\/2020\/08\/A.png 1417w\" sizes=\"(max-width: 1024px) 100vw, 1024px\" \/><\/figure>\n\n\n\n<h2 class=\"wp-block-heading\"><strong>LES CHEMIN\u00c9ES MYTHIQUES :<\/strong><\/h2>\n\n\n\n<figure class=\"wp-block-image size-large\"><img loading=\"lazy\" decoding=\"async\" width=\"1024\" height=\"720\" src=\"http:\/\/lignesauto.fr\/wp-content\/uploads\/2020\/08\/B-1024x720.png\" alt=\"\" class=\"wp-image-19365\" srcset=\"https:\/\/lignesauto.fr\/wp-content\/uploads\/2020\/08\/B-1024x720.png 1024w, https:\/\/lignesauto.fr\/wp-content\/uploads\/2020\/08\/B-300x211.png 300w, https:\/\/lignesauto.fr\/wp-content\/uploads\/2020\/08\/B-768x540.png 768w, https:\/\/lignesauto.fr\/wp-content\/uploads\/2020\/08\/B.png 1417w\" sizes=\"(max-width: 1024px) 100vw, 1024px\" \/><\/figure>\n\n\n\n<h2 class=\"wp-block-heading\"><strong>LA PISTE ET LE CENTRE D&#8217;ESSAIS :<\/strong><\/h2>\n\n\n\n<figure class=\"wp-block-image size-large\"><img loading=\"lazy\" decoding=\"async\" width=\"1024\" height=\"574\" src=\"http:\/\/lignesauto.fr\/wp-content\/uploads\/2020\/08\/C-1024x574.png\" alt=\"\" class=\"wp-image-19366\" srcset=\"https:\/\/lignesauto.fr\/wp-content\/uploads\/2020\/08\/C-1024x574.png 1024w, https:\/\/lignesauto.fr\/wp-content\/uploads\/2020\/08\/C-300x168.png 300w, https:\/\/lignesauto.fr\/wp-content\/uploads\/2020\/08\/C-768x430.png 768w, https:\/\/lignesauto.fr\/wp-content\/uploads\/2020\/08\/C.png 1417w\" sizes=\"(max-width: 1024px) 100vw, 1024px\" \/><\/figure>\n\n\n\n<h2 class=\"wp-block-heading\"><strong>LE CENTRE DE DESIGN :<\/strong><\/h2>\n\n\n\n<figure class=\"wp-block-image size-large\"><img loading=\"lazy\" decoding=\"async\" width=\"1024\" height=\"683\" src=\"http:\/\/lignesauto.fr\/wp-content\/uploads\/2020\/08\/B-1024x683.jpg\" alt=\"\" class=\"wp-image-19345\" srcset=\"https:\/\/lignesauto.fr\/wp-content\/uploads\/2020\/08\/B-1024x683.jpg 1024w, https:\/\/lignesauto.fr\/wp-content\/uploads\/2020\/08\/B-300x200.jpg 300w, https:\/\/lignesauto.fr\/wp-content\/uploads\/2020\/08\/B-768x512.jpg 768w, https:\/\/lignesauto.fr\/wp-content\/uploads\/2020\/08\/B.jpg 1417w\" sizes=\"(max-width: 1024px) 100vw, 1024px\" \/><\/figure>\n\n\n\n<p style=\"font-size:18px\">Le centre de design est implant\u00e9 entrer la gare de triage de l&#8217;usine et le centre d&#8217;essais avec sa piste ovale. Il a encore \u00e9volu\u00e9 depuis ses photos de Google Earth mais reste au c\u0153ur du site industriel, comme celui de Mercedes \u00e0 Sindelfingen (voir ici : <a href=\"http:\/\/lignesauto.fr\/?p=18850\">http:\/\/lignesauto.fr\/?p=18850<\/a>)<\/p>\n\n\n\n<figure class=\"wp-block-image size-large\"><img loading=\"lazy\" decoding=\"async\" width=\"1024\" height=\"785\" src=\"http:\/\/lignesauto.fr\/wp-content\/uploads\/2020\/08\/Capture-d\u2019e\u0301cran-2020-07-19-a\u0300-22.25.32-1024x785.png\" alt=\"\" class=\"wp-image-19342\" srcset=\"https:\/\/lignesauto.fr\/wp-content\/uploads\/2020\/08\/Capture-d\u2019e\u0301cran-2020-07-19-a\u0300-22.25.32-1024x785.png 1024w, https:\/\/lignesauto.fr\/wp-content\/uploads\/2020\/08\/Capture-d\u2019e\u0301cran-2020-07-19-a\u0300-22.25.32-300x230.png 300w, https:\/\/lignesauto.fr\/wp-content\/uploads\/2020\/08\/Capture-d\u2019e\u0301cran-2020-07-19-a\u0300-22.25.32-768x589.png 768w, https:\/\/lignesauto.fr\/wp-content\/uploads\/2020\/08\/Capture-d\u2019e\u0301cran-2020-07-19-a\u0300-22.25.32.png 1417w\" sizes=\"(max-width: 1024px) 100vw, 1024px\" \/><\/figure>\n\n\n\n<figure class=\"wp-block-image size-large\"><img loading=\"lazy\" decoding=\"async\" width=\"1024\" height=\"768\" src=\"http:\/\/lignesauto.fr\/wp-content\/uploads\/2020\/08\/DB2007AU01855_medium-1024x768.jpg\" alt=\"\" class=\"wp-image-19343\" srcset=\"https:\/\/lignesauto.fr\/wp-content\/uploads\/2020\/08\/DB2007AU01855_medium-1024x768.jpg 1024w, https:\/\/lignesauto.fr\/wp-content\/uploads\/2020\/08\/DB2007AU01855_medium-300x225.jpg 300w, https:\/\/lignesauto.fr\/wp-content\/uploads\/2020\/08\/DB2007AU01855_medium-768x576.jpg 768w, https:\/\/lignesauto.fr\/wp-content\/uploads\/2020\/08\/DB2007AU01855_medium-1536x1152.jpg 1536w, https:\/\/lignesauto.fr\/wp-content\/uploads\/2020\/08\/DB2007AU01855_medium-2048x1536.jpg 2048w\" sizes=\"(max-width: 1024px) 100vw, 1024px\" \/><\/figure>\n\n\n\n<p style=\"font-size:18px\">Le centre de design groupe de Wolfsburg n&#8217;est \u00e9videmment pas le seul centre de design VW au monde. Il a \u00e9t\u00e9 rejoint r\u00e9cemment par un petit centre de design \u00e0 Potsdam, \u00e0 moins de 200 km du si\u00e8ge mais surtout, \u00e0 seulement 35 kilom\u00e8tres de Berlin : c&#8217;est le centre de Potsdam.<\/p>\n\n\n\n<figure class=\"wp-block-image size-large\"><img loading=\"lazy\" decoding=\"async\" width=\"1024\" height=\"622\" src=\"http:\/\/lignesauto.fr\/wp-content\/uploads\/2020\/08\/A8-1024x622.png\" alt=\"\" class=\"wp-image-19347\" srcset=\"https:\/\/lignesauto.fr\/wp-content\/uploads\/2020\/08\/A8-1024x622.png 1024w, https:\/\/lignesauto.fr\/wp-content\/uploads\/2020\/08\/A8-300x182.png 300w, https:\/\/lignesauto.fr\/wp-content\/uploads\/2020\/08\/A8-768x467.png 768w, https:\/\/lignesauto.fr\/wp-content\/uploads\/2020\/08\/A8.png 1417w\" sizes=\"(max-width: 1024px) 100vw, 1024px\" \/><\/figure>\n\n\n\n<p style=\"font-size:18px\">Ce centre de design de Potsdam a \u00e9t\u00e9 cr\u00e9\u00e9 en janvier 2006 et a rejoint le Centre de design existant \u00e0 Wolfsburg. Lors de l&#8217;inauguration, Murat G\u00fcnak, \u00e9tait encore responsable du design pour le groupe et la marque VW et d\u00e9clarait que &#8220;<em>deux studios, une marque : les centres de design de Wolfsburg et de Potsdam, sont deux piliers solides pour le futur design de la marque Volkswagen<\/em>&#8220;.<\/p>\n\n\n\n<figure class=\"wp-block-image size-large\"><img loading=\"lazy\" decoding=\"async\" width=\"1024\" height=\"540\" src=\"http:\/\/lignesauto.fr\/wp-content\/uploads\/2020\/08\/A6-1024x540.png\" alt=\"\" class=\"wp-image-19348\" srcset=\"https:\/\/lignesauto.fr\/wp-content\/uploads\/2020\/08\/A6-1024x540.png 1024w, https:\/\/lignesauto.fr\/wp-content\/uploads\/2020\/08\/A6-300x158.png 300w, https:\/\/lignesauto.fr\/wp-content\/uploads\/2020\/08\/A6-768x405.png 768w, https:\/\/lignesauto.fr\/wp-content\/uploads\/2020\/08\/A6.png 1417w\" sizes=\"(max-width: 1024px) 100vw, 1024px\" \/><\/figure>\n\n\n\n<p style=\"font-size:18px\">Volkswagen a choisi Potsdam parce que ce site offre des infrastructures ad\u00e9quates, qu&#8217;il a toujours attir\u00e9 les cr\u00e9atifs en tant que ville d&#8217;art et de culture et, enfin et surtout, parce qu&#8217;il est situ\u00e9 juste \u00e0 c\u00f4t\u00e9 de Berlin.<\/p>\n\n\n\n<figure class=\"wp-block-image size-large\"><img loading=\"lazy\" decoding=\"async\" width=\"1024\" height=\"710\" src=\"http:\/\/lignesauto.fr\/wp-content\/uploads\/2020\/08\/A4-1024x710.png\" alt=\"\" class=\"wp-image-19350\" srcset=\"https:\/\/lignesauto.fr\/wp-content\/uploads\/2020\/08\/A4-1024x710.png 1024w, https:\/\/lignesauto.fr\/wp-content\/uploads\/2020\/08\/A4-300x208.png 300w, https:\/\/lignesauto.fr\/wp-content\/uploads\/2020\/08\/A4-768x532.png 768w, https:\/\/lignesauto.fr\/wp-content\/uploads\/2020\/08\/A4.png 1417w\" sizes=\"(max-width: 1024px) 100vw, 1024px\" \/><\/figure>\n\n\n\n<p style=\"font-size:18px\">Ce centre de design est implant\u00e9 sur un site de 6700 m\u00e8tres carr\u00e9s et une surface couverte de 2600 m\u00e8tres carr\u00e9s. Il a \u00e9t\u00e9 achev\u00e9 \u00e0 la fin de l&#8217;ann\u00e9e 2004.<\/p>\n\n\n\n<figure class=\"wp-block-image size-large\"><img loading=\"lazy\" decoding=\"async\" width=\"1024\" height=\"520\" src=\"http:\/\/lignesauto.fr\/wp-content\/uploads\/2020\/08\/A3-1024x520.png\" alt=\"\" class=\"wp-image-19351\" srcset=\"https:\/\/lignesauto.fr\/wp-content\/uploads\/2020\/08\/A3-1024x520.png 1024w, https:\/\/lignesauto.fr\/wp-content\/uploads\/2020\/08\/A3-300x152.png 300w, https:\/\/lignesauto.fr\/wp-content\/uploads\/2020\/08\/A3-768x390.png 768w, https:\/\/lignesauto.fr\/wp-content\/uploads\/2020\/08\/A3.png 1417w\" sizes=\"(max-width: 1024px) 100vw, 1024px\" \/><\/figure>\n\n\n\n<p style=\"font-size:18px\">Le Centre de design de Potsdam m\u00e8ne des activit\u00e9s de design du Groupe, tandis que le Centre de design de Wolfsburg y ajoute la responsabilit\u00e9 du design des v\u00e9hicules utilitaires Volkswagen.<\/p>\n\n\n\n<figure class=\"wp-block-image size-large\"><img loading=\"lazy\" decoding=\"async\" width=\"1024\" height=\"611\" src=\"http:\/\/lignesauto.fr\/wp-content\/uploads\/2020\/08\/A2-1024x611.png\" alt=\"\" class=\"wp-image-19352\" srcset=\"https:\/\/lignesauto.fr\/wp-content\/uploads\/2020\/08\/A2-1024x611.png 1024w, https:\/\/lignesauto.fr\/wp-content\/uploads\/2020\/08\/A2-300x179.png 300w, https:\/\/lignesauto.fr\/wp-content\/uploads\/2020\/08\/A2-768x458.png 768w, https:\/\/lignesauto.fr\/wp-content\/uploads\/2020\/08\/A2.png 1417w\" sizes=\"(max-width: 1024px) 100vw, 1024px\" \/><\/figure>\n\n\n\n<p style=\"font-size:18px\">Dessiner \u00e0 moins de 40 kilom\u00e8tres de Berlin est sans doute pr\u00e9f\u00e9rable que de rester au c\u0153ur de l&#8217;usine mythique de Wolfsburg. D&#8217;autant que l&#8217;architecture et l&#8217;environnement de ce site sont tr\u00e8s agr\u00e9ables !<\/p>\n\n\n\n<figure class=\"wp-block-image size-large\"><img loading=\"lazy\" decoding=\"async\" width=\"800\" height=\"532\" src=\"http:\/\/lignesauto.fr\/wp-content\/uploads\/2020\/08\/VW-Design-Center-Potsdam-9-lg.jpg\" alt=\"\" class=\"wp-image-19353\" srcset=\"https:\/\/lignesauto.fr\/wp-content\/uploads\/2020\/08\/VW-Design-Center-Potsdam-9-lg.jpg 800w, https:\/\/lignesauto.fr\/wp-content\/uploads\/2020\/08\/VW-Design-Center-Potsdam-9-lg-300x200.jpg 300w, https:\/\/lignesauto.fr\/wp-content\/uploads\/2020\/08\/VW-Design-Center-Potsdam-9-lg-768x511.jpg 768w\" sizes=\"(max-width: 800px) 100vw, 800px\" \/><\/figure>\n\n\n\n<p style=\"font-size:18px\">Mais si un designer ambitionne d&#8217;aller encore plus loin, le groupe Volkswagen peut \u00e9galement compter sur d&#8217;autres sites externes, semblables \u00e0 celui de Potsdam : du c\u00f4t\u00e9 des \u00c9tats-Unis tout d&#8217;abord avec un nouveau studio implant\u00e9 en 2016 qui a remplac\u00e9 le centre de design de Santa Monica (ci-dessous le concept Audi Cross Cabriolet con\u00e7u \u00e0 Santa Monica) qui a ferm\u00e9 ses portes en novembre 2016.<\/p>\n\n\n\n<figure class=\"wp-block-image size-large\"><img loading=\"lazy\" decoding=\"async\" width=\"792\" height=\"475\" src=\"http:\/\/lignesauto.fr\/wp-content\/uploads\/2020\/08\/LIHNESAUTO-AUDI-_01.jpg\" alt=\"\" class=\"wp-image-19380\" srcset=\"https:\/\/lignesauto.fr\/wp-content\/uploads\/2020\/08\/LIHNESAUTO-AUDI-_01.jpg 792w, https:\/\/lignesauto.fr\/wp-content\/uploads\/2020\/08\/LIHNESAUTO-AUDI-_01-300x180.jpg 300w, https:\/\/lignesauto.fr\/wp-content\/uploads\/2020\/08\/LIHNESAUTO-AUDI-_01-768x461.jpg 768w\" sizes=\"(max-width: 792px) 100vw, 792px\" \/><\/figure>\n\n\n\n<p style=\"font-size:18px\">Dans le m\u00eame temps, Audi a ouvert son premier studio de design am\u00e9ricain, \u00e0 Malibu, en Californie. Le studio de Santa Monica, qui employait environ 80 personnes, a \u00e9t\u00e9 repris par&#8230; Snapchat. Le centre de design VW bas\u00e9 aux \u00c9tats-Unis qui se trouve dans la Silicon Valley, dans le prolongement du laboratoire de recherche \u00e9lectronique de VW ne dispose pas d\u2019atelier de modelage et a \u00e9t\u00e9 pens\u00e9 en m\u00eame temps que celui de Potsdam. Au Mexique, VW peut compter sur son studio implant\u00e9 sur le site de Puebla. Plus au sud, VW est bien \u00e9videmment pr\u00e9sent au Br\u00e9sil avec son centre de design de Sao Paulo&#8230;<\/p>\n\n\n\n<figure class=\"wp-block-image size-large\"><img loading=\"lazy\" decoding=\"async\" width=\"959\" height=\"1024\" src=\"http:\/\/lignesauto.fr\/wp-content\/uploads\/2020\/08\/VWBRESIL-959x1024.png\" alt=\"\" class=\"wp-image-19334\" srcset=\"https:\/\/lignesauto.fr\/wp-content\/uploads\/2020\/08\/VWBRESIL-959x1024.png 959w, https:\/\/lignesauto.fr\/wp-content\/uploads\/2020\/08\/VWBRESIL-281x300.png 281w, https:\/\/lignesauto.fr\/wp-content\/uploads\/2020\/08\/VWBRESIL-768x820.png 768w, https:\/\/lignesauto.fr\/wp-content\/uploads\/2020\/08\/VWBRESIL.png 1417w\" sizes=\"(max-width: 959px) 100vw, 959px\" \/><\/figure>\n\n\n\n<p style=\"font-size:18px\">&#8230; et on retrouve VW bien s\u00fbr en Chine \u00e0 Shanghai mais aussi plus au nord \u00e0 Changchun.<\/p>\n\n\n\n<figure class=\"wp-block-image size-large\"><img loading=\"lazy\" decoding=\"async\" width=\"780\" height=\"1024\" src=\"http:\/\/lignesauto.fr\/wp-content\/uploads\/2020\/08\/VWCHINE-780x1024.png\" alt=\"\" class=\"wp-image-19335\" srcset=\"https:\/\/lignesauto.fr\/wp-content\/uploads\/2020\/08\/VWCHINE-780x1024.png 780w, https:\/\/lignesauto.fr\/wp-content\/uploads\/2020\/08\/VWCHINE-228x300.png 228w, https:\/\/lignesauto.fr\/wp-content\/uploads\/2020\/08\/VWCHINE-768x1009.png 768w, https:\/\/lignesauto.fr\/wp-content\/uploads\/2020\/08\/VWCHINE-1170x1536.png 1170w, https:\/\/lignesauto.fr\/wp-content\/uploads\/2020\/08\/VWCHINE.png 1417w\" sizes=\"(max-width: 780px) 100vw, 780px\" \/><\/figure>\n\n\n\n<p style=\"font-size:18px\">Voil\u00e0, on peut reposer l&#8217;avion &#8211; ou plut\u00f4t fermer Google Earth. Apr\u00e8s ce voyage, nous esp\u00e9rons vous retrouver prochainement sur les vols de LIGNES\/auto&#8230;<\/p>\n\n\n\n<figure class=\"wp-block-image size-large is-resized\"><img loading=\"lazy\" decoding=\"async\" src=\"http:\/\/lignesauto.fr\/wp-content\/uploads\/2018\/10\/LOGOActus_BD-1024x367.jpg\" alt=\"\" class=\"wp-image-4921\" width=\"517\" height=\"184\" srcset=\"https:\/\/lignesauto.fr\/wp-content\/uploads\/2018\/10\/LOGOActus_BD-1024x367.jpg 1024w, https:\/\/lignesauto.fr\/wp-content\/uploads\/2018\/10\/LOGOActus_BD-300x108.jpg 300w, https:\/\/lignesauto.fr\/wp-content\/uploads\/2018\/10\/LOGOActus_BD-370x133.jpg 370w, https:\/\/lignesauto.fr\/wp-content\/uploads\/2018\/10\/LOGOActus_BD-1040x373.jpg 1040w\" sizes=\"(max-width: 517px) 100vw, 517px\" \/><\/figure>\n","protected":false},"excerpt":{"rendered":"<p>Wolfsburg est le site de production le plus ancien de Volkswagen. Il a \u00e9t\u00e9 cr\u00e9e juste avant le d\u00e9but de la Seconde Guerre mondiale, en 1938, \u00e0 l&#8217;initiative du r\u00e9gime nazi,. Il reste aujourd&#8217;hui l&#8217;un des plus grand sites de production au monde. Il s&#8217;\u00e9tend sur plus de dix kilom\u00e8tres [&hellip;]<\/p>\n","protected":false},"author":1,"featured_media":19365,"comment_status":"open","ping_status":"open","sticky":false,"template":"","format":"standard","meta":{"footnotes":""},"categories":[1],"tags":[],"_links":{"self":[{"href":"https:\/\/lignesauto.fr\/index.php?rest_route=\/wp\/v2\/posts\/19332"}],"collection":[{"href":"https:\/\/lignesauto.fr\/index.php?rest_route=\/wp\/v2\/posts"}],"about":[{"href":"https:\/\/lignesauto.fr\/index.php?rest_route=\/wp\/v2\/types\/post"}],"author":[{"embeddable":true,"href":"https:\/\/lignesauto.fr\/index.php?rest_route=\/wp\/v2\/users\/1"}],"replies":[{"embeddable":true,"href":"https:\/\/lignesauto.fr\/index.php?rest_route=%2Fwp%2Fv2%2Fcomments&post=19332"}],"version-history":[{"count":26,"href":"https:\/\/lignesauto.fr\/index.php?rest_route=\/wp\/v2\/posts\/19332\/revisions"}],"predecessor-version":[{"id":19389,"href":"https:\/\/lignesauto.fr\/index.php?rest_route=\/wp\/v2\/posts\/19332\/revisions\/19389"}],"wp:featuredmedia":[{"embeddable":true,"href":"https:\/\/lignesauto.fr\/index.php?rest_route=\/wp\/v2\/media\/19365"}],"wp:attachment":[{"href":"https:\/\/lignesauto.fr\/index.php?rest_route=%2Fwp%2Fv2%2Fmedia&parent=19332"}],"wp:term":[{"taxonomy":"category","embeddable":true,"href":"https:\/\/lignesauto.fr\/index.php?rest_route=%2Fwp%2Fv2%2Fcategories&post=19332"},{"taxonomy":"post_tag","embeddable":true,"href":"https:\/\/lignesauto.fr\/index.php?rest_route=%2Fwp%2Fv2%2Ftags&post=19332"}],"curies":[{"name":"wp","href":"https:\/\/api.w.org\/{rel}","templated":true}]}}