{"id":19403,"date":"2020-08-29T06:11:00","date_gmt":"2020-08-29T04:11:00","guid":{"rendered":"http:\/\/lignesauto.fr\/?p=19403"},"modified":"2020-08-29T10:01:22","modified_gmt":"2020-08-29T08:01:22","slug":"apprivoisez-la-citroen-ami","status":"publish","type":"post","link":"https:\/\/lignesauto.fr\/?p=19403","title":{"rendered":"Apprivoisez la Citro\u00ebn AMI"},"content":{"rendered":"\n<figure class=\"wp-block-image size-large is-resized\"><img loading=\"lazy\" decoding=\"async\" src=\"http:\/\/lignesauto.fr\/wp-content\/uploads\/2018\/10\/LOGOActus_BD-1024x367.jpg\" alt=\"\" class=\"wp-image-4921\" width=\"452\" height=\"161\" srcset=\"https:\/\/lignesauto.fr\/wp-content\/uploads\/2018\/10\/LOGOActus_BD-1024x367.jpg 1024w, https:\/\/lignesauto.fr\/wp-content\/uploads\/2018\/10\/LOGOActus_BD-300x108.jpg 300w, https:\/\/lignesauto.fr\/wp-content\/uploads\/2018\/10\/LOGOActus_BD-768x276.jpg 768w, https:\/\/lignesauto.fr\/wp-content\/uploads\/2018\/10\/LOGOActus_BD-370x133.jpg 370w, https:\/\/lignesauto.fr\/wp-content\/uploads\/2018\/10\/LOGOActus_BD-1040x373.jpg 1040w, https:\/\/lignesauto.fr\/wp-content\/uploads\/2018\/10\/LOGOActus_BD.jpg 1240w\" sizes=\"(max-width: 452px) 100vw, 452px\" \/><\/figure>\n\n\n\n<p style=\"font-size:18px\">D\u00e9j\u00e0 plus de mille AMI command\u00e9es (dont pr\u00e8s de la moiti\u00e9 via la FNAC et Darty) : la micro Citro\u00ebn effectue des d\u00e9buts plut\u00f4t sympathiques et les deux tiers des commandes sont pay\u00e9es cash, sans profiter des diff\u00e9rentes fa\u00e7ons de s&#8217;approprier l&#8217;AMI (location, abonnement, etc&#8230;). Surprise, m\u00eame chez Citro\u00ebn !<\/p>\n\n\n\n<figure class=\"wp-block-image size-large\"><img loading=\"lazy\" decoding=\"async\" width=\"576\" height=\"1024\" src=\"http:\/\/lignesauto.fr\/wp-content\/uploads\/2020\/08\/AMI_108-576x1024.jpg\" alt=\"\" class=\"wp-image-19433\" srcset=\"https:\/\/lignesauto.fr\/wp-content\/uploads\/2020\/08\/AMI_108-576x1024.jpg 576w, https:\/\/lignesauto.fr\/wp-content\/uploads\/2020\/08\/AMI_108-169x300.jpg 169w, https:\/\/lignesauto.fr\/wp-content\/uploads\/2020\/08\/AMI_108-768x1365.jpg 768w, https:\/\/lignesauto.fr\/wp-content\/uploads\/2020\/08\/AMI_108-864x1536.jpg 864w, https:\/\/lignesauto.fr\/wp-content\/uploads\/2020\/08\/AMI_108-1152x2048.jpg 1152w, https:\/\/lignesauto.fr\/wp-content\/uploads\/2020\/08\/AMI_108-scaled.jpg 1440w\" sizes=\"(max-width: 576px) 100vw, 576px\" \/><\/figure>\n\n\n\n<p style=\"font-size:18px\">L&#8217;AMI, ce n&#8217;est pas une voiture : c&#8217;est un quadricycle que les enfants de 14 ans peuvent conduire. Pour en avoir le droit, vous devez passer le permis AM, qui a remplac\u00e9 le BSR (brevet s\u00e9curit\u00e9 routi\u00e8re) et que vous obtiendrez suite \u00e0 une formation de sept heures, moyennant moins de 200 euros.<\/p>\n\n\n\n<figure class=\"wp-block-image size-large\"><img loading=\"lazy\" decoding=\"async\" width=\"1024\" height=\"548\" src=\"http:\/\/lignesauto.fr\/wp-content\/uploads\/2020\/08\/AMI_15-1024x548.jpg\" alt=\"\" class=\"wp-image-19441\" srcset=\"https:\/\/lignesauto.fr\/wp-content\/uploads\/2020\/08\/AMI_15-1024x548.jpg 1024w, https:\/\/lignesauto.fr\/wp-content\/uploads\/2020\/08\/AMI_15-300x161.jpg 300w, https:\/\/lignesauto.fr\/wp-content\/uploads\/2020\/08\/AMI_15-768x411.jpg 768w, https:\/\/lignesauto.fr\/wp-content\/uploads\/2020\/08\/AMI_15.jpg 1417w\" sizes=\"(max-width: 1024px) 100vw, 1024px\" \/><\/figure>\n\n\n\n<p style=\"font-size:18px\">Si le prix facial de l&#8217;AMI est de 6000 euros pour la version de base (AMI AMI) il faut ajouter 400 \u20ac de pack \u00e0 installer soi-m\u00eame pour disposer des accessoires color\u00e9s, de deux filets, des enjoliveurs, des stickers, des tapis de sol, etc. pour transformer votre AMI en AMI Orange, Khaki, Blue ou Grey.<\/p>\n\n\n\n<figure class=\"wp-block-image size-large\"><img loading=\"lazy\" decoding=\"async\" width=\"576\" height=\"1024\" src=\"http:\/\/lignesauto.fr\/wp-content\/uploads\/2020\/08\/AMI_113-1-576x1024.jpg\" alt=\"\" class=\"wp-image-19451\" srcset=\"https:\/\/lignesauto.fr\/wp-content\/uploads\/2020\/08\/AMI_113-1-576x1024.jpg 576w, https:\/\/lignesauto.fr\/wp-content\/uploads\/2020\/08\/AMI_113-1-169x300.jpg 169w, https:\/\/lignesauto.fr\/wp-content\/uploads\/2020\/08\/AMI_113-1-768x1366.jpg 768w, https:\/\/lignesauto.fr\/wp-content\/uploads\/2020\/08\/AMI_113-1-864x1536.jpg 864w, https:\/\/lignesauto.fr\/wp-content\/uploads\/2020\/08\/AMI_113-1-1152x2048.jpg 1152w, https:\/\/lignesauto.fr\/wp-content\/uploads\/2020\/08\/AMI_113-1.jpg 1417w\" sizes=\"(max-width: 576px) 100vw, 576px\" \/><\/figure>\n\n\n\n<p style=\"font-size:18px\">Vous pouvez opter \u00e9galement pour les deux versions AMI Pop ou AMI Vibe qui adoptent chacun un kit mont\u00e9s cette fois par &#8220;les experts Citro\u00ebn&#8221;, avec un suppl\u00e9ment de respectivement 900 et 1360 \u20ac. La plus co\u00fbteuses des AMI revient ainsi \u00e0 7360 \u20ac.<\/p>\n\n\n\n<p style=\"font-size:18px\"><strong>COMMANDER UNE AMI ? C&#8217;EST SIMPLE PAR INTERNET, ICI <\/strong><a href=\"https:\/\/store.citroen.fr\/ami\/my-ami-orange\">https:\/\/store.citroen.fr\/ami\/my-ami-orange<\/a><\/p>\n\n\n\n<p style=\"font-size:18px\">Si vous ne choisissez pas le mode de paiement comptant, vous b\u00e9n\u00e9ficiez d&#8217;une multitude d&#8217;offre de locations sur 48 mois et 10000 kms. L&#8217;id\u00e9e de Citro\u00ebn est de proposer plusieurs valeurs d&#8217;apport qui varient de&#8230; 0 \u20ac \u00e0 3941 \u20ac. \u00c9videmment, le loyer mensuel diminue en cons\u00e9quence, lorsque l&#8217;apport est de plus en plus g\u00e9n\u00e9reux. Nous avons choisi ci-dessous un apport de 2000 \u20ac pour un loyer mensuel de 64,68 \u20ac. Pourquoi ? Parce que cette somme correspond \u00e0 un abonnement mensuel pour un Navigo 5 zones !<\/p>\n\n\n\n<figure class=\"wp-block-image size-large\"><img loading=\"lazy\" decoding=\"async\" width=\"1024\" height=\"787\" src=\"http:\/\/lignesauto.fr\/wp-content\/uploads\/2020\/08\/Capture-de\u0301cran-2020-08-25-a\u0300-18.07.19-1024x787.png\" alt=\"\" class=\"wp-image-19446\" srcset=\"https:\/\/lignesauto.fr\/wp-content\/uploads\/2020\/08\/Capture-de\u0301cran-2020-08-25-a\u0300-18.07.19-1024x787.png 1024w, https:\/\/lignesauto.fr\/wp-content\/uploads\/2020\/08\/Capture-de\u0301cran-2020-08-25-a\u0300-18.07.19-300x231.png 300w, https:\/\/lignesauto.fr\/wp-content\/uploads\/2020\/08\/Capture-de\u0301cran-2020-08-25-a\u0300-18.07.19-768x590.png 768w, https:\/\/lignesauto.fr\/wp-content\/uploads\/2020\/08\/Capture-de\u0301cran-2020-08-25-a\u0300-18.07.19.png 1417w\" sizes=\"(max-width: 1024px) 100vw, 1024px\" \/><\/figure>\n\n\n\n<p style=\"font-size:18px\">Avec l&#8217;apport maximal de 3941 \u20ac, le loyer mensuel redescend \u00e0 19,99 \u20ac. Avec 2500 \u20ac d&#8217;apport, le loyer grimpe \u00e0 53,17 \u20ac, avec 1000 \u20ac d&#8217;apport, le loyer \u00e9volue \u00e0 87,70 \u20ac et sans apport, le loyer est fix\u00e9 \u00e0 108,23 \u20ac. Il existe dix valeurs d&#8217;apport de 0 \u00e0 3941 \u20ac.<\/p>\n\n\n\n<figure class=\"wp-block-image size-large\"><img loading=\"lazy\" decoding=\"async\" width=\"1024\" height=\"580\" src=\"http:\/\/lignesauto.fr\/wp-content\/uploads\/2020\/08\/AMI_11-1024x580.jpg\" alt=\"\" class=\"wp-image-19450\" srcset=\"https:\/\/lignesauto.fr\/wp-content\/uploads\/2020\/08\/AMI_11-1024x580.jpg 1024w, https:\/\/lignesauto.fr\/wp-content\/uploads\/2020\/08\/AMI_11-300x170.jpg 300w, https:\/\/lignesauto.fr\/wp-content\/uploads\/2020\/08\/AMI_11-768x435.jpg 768w, https:\/\/lignesauto.fr\/wp-content\/uploads\/2020\/08\/AMI_11.jpg 1417w\" sizes=\"(max-width: 1024px) 100vw, 1024px\" \/><\/figure>\n\n\n\n<p style=\"font-size:18px\">Petit b\u00e9mol, la livraison est payante : 221,28 \u20ac pour la livraison \u00e0 domicile (4,61 \u20ac\/mois) et 110,40 \u20ac (2,30 \u20ac\/mois) pour une livraison chez votre concessionnaire.<\/p>\n\n\n\n<figure class=\"wp-block-image size-large\"><img loading=\"lazy\" decoding=\"async\" width=\"576\" height=\"1024\" src=\"http:\/\/lignesauto.fr\/wp-content\/uploads\/2020\/08\/AMI_119-576x1024.jpg\" alt=\"\" class=\"wp-image-19443\" srcset=\"https:\/\/lignesauto.fr\/wp-content\/uploads\/2020\/08\/AMI_119-576x1024.jpg 576w, https:\/\/lignesauto.fr\/wp-content\/uploads\/2020\/08\/AMI_119-169x300.jpg 169w, https:\/\/lignesauto.fr\/wp-content\/uploads\/2020\/08\/AMI_119-768x1366.jpg 768w, https:\/\/lignesauto.fr\/wp-content\/uploads\/2020\/08\/AMI_119-864x1536.jpg 864w, https:\/\/lignesauto.fr\/wp-content\/uploads\/2020\/08\/AMI_119-1152x2048.jpg 1152w, https:\/\/lignesauto.fr\/wp-content\/uploads\/2020\/08\/AMI_119.jpg 1417w\" sizes=\"(max-width: 576px) 100vw, 576px\" \/><\/figure>\n\n\n\n<p style=\"font-size:18px\">Pour conclure cette pr\u00e9sentation avant de parler design et concept, signalons que l&#8217;AMI n&#8217;est pas &#8220;made in France&#8221;, car elle est produite au Maroc, mais elle est &#8220;made in PSA&#8221; puisqu&#8217;elle est fabriqu\u00e9e sur une ligne parall\u00e8le \u00e0 celle des Peugeot 208 assembl\u00e9es sur le site PSA de K\u00e9nitra, situ\u00e9 \u00e0 une heure de Casablanca en voiture.<\/p>\n\n\n\n<figure class=\"wp-block-image size-large\"><img loading=\"lazy\" decoding=\"async\" width=\"576\" height=\"1024\" src=\"http:\/\/lignesauto.fr\/wp-content\/uploads\/2020\/08\/AMI_109-576x1024.jpg\" alt=\"\" class=\"wp-image-19453\" srcset=\"https:\/\/lignesauto.fr\/wp-content\/uploads\/2020\/08\/AMI_109-576x1024.jpg 576w, https:\/\/lignesauto.fr\/wp-content\/uploads\/2020\/08\/AMI_109-169x300.jpg 169w, https:\/\/lignesauto.fr\/wp-content\/uploads\/2020\/08\/AMI_109-768x1366.jpg 768w, https:\/\/lignesauto.fr\/wp-content\/uploads\/2020\/08\/AMI_109-864x1536.jpg 864w, https:\/\/lignesauto.fr\/wp-content\/uploads\/2020\/08\/AMI_109-1152x2048.jpg 1152w, https:\/\/lignesauto.fr\/wp-content\/uploads\/2020\/08\/AMI_109.jpg 1417w\" sizes=\"(max-width: 576px) 100vw, 576px\" \/><\/figure>\n\n\n\n<p style=\"font-size:18px\">L&#8217;AMI re\u00e7oit quelques \u00e9l\u00e9ments (notamment une partie du train avant ou encore la direction) issus de la plateforme CMP de la 208, il \u00e9tait donc normal de la produire dans un site PSA. C&#8217;est \u00e9galement une strat\u00e9gie qui permet d&#8217;adopter des circuits courts et de garantir une certaine qualit\u00e9.<\/p>\n\n\n\n<figure class=\"wp-block-image size-large\"><img loading=\"lazy\" decoding=\"async\" width=\"576\" height=\"1024\" src=\"http:\/\/lignesauto.fr\/wp-content\/uploads\/2020\/08\/AMI_117-576x1024.jpg\" alt=\"\" class=\"wp-image-19455\" srcset=\"https:\/\/lignesauto.fr\/wp-content\/uploads\/2020\/08\/AMI_117-576x1024.jpg 576w, https:\/\/lignesauto.fr\/wp-content\/uploads\/2020\/08\/AMI_117-169x300.jpg 169w, https:\/\/lignesauto.fr\/wp-content\/uploads\/2020\/08\/AMI_117-768x1366.jpg 768w, https:\/\/lignesauto.fr\/wp-content\/uploads\/2020\/08\/AMI_117-864x1536.jpg 864w, https:\/\/lignesauto.fr\/wp-content\/uploads\/2020\/08\/AMI_117-1152x2048.jpg 1152w, https:\/\/lignesauto.fr\/wp-content\/uploads\/2020\/08\/AMI_117.jpg 1417w\" sizes=\"(max-width: 576px) 100vw, 576px\" \/><\/figure>\n\n\n\n<p style=\"font-size:18px\">LIGNES\/auto n&#8217;est pas un site d&#8217;essais mais s&#8217;est laiss\u00e9 tenter par une d\u00e9couverte dynamique de cette petite AMI. Premi\u00e8re constatation, la place \u00e0 bord est g\u00e9n\u00e9reuse et l&#8217;espace lib\u00e9r\u00e9 devant le conducteur est gigantesque : il est par exemple impossible de toucher le pare-brise, m\u00eame en tendant le bras et du coup, le designer qui a eu l&#8217;id\u00e9e d&#8217;implanter un toit vitr\u00e9 en avant du pavillon est ici remerci\u00e9 car ce carr\u00e9 de verre am\u00e9liore grandement la visibilit\u00e9. AMI vous accueille dans une capsule vitr\u00e9e.<\/p>\n\n\n\n<figure class=\"wp-block-image size-large\"><img loading=\"lazy\" decoding=\"async\" width=\"1024\" height=\"511\" src=\"http:\/\/lignesauto.fr\/wp-content\/uploads\/2020\/08\/AMI_13-1024x511.jpg\" alt=\"\" class=\"wp-image-19456\" srcset=\"https:\/\/lignesauto.fr\/wp-content\/uploads\/2020\/08\/AMI_13-1024x511.jpg 1024w, https:\/\/lignesauto.fr\/wp-content\/uploads\/2020\/08\/AMI_13-300x150.jpg 300w, https:\/\/lignesauto.fr\/wp-content\/uploads\/2020\/08\/AMI_13-768x383.jpg 768w, https:\/\/lignesauto.fr\/wp-content\/uploads\/2020\/08\/AMI_13.jpg 1417w\" sizes=\"(max-width: 1024px) 100vw, 1024px\" \/><\/figure>\n\n\n\n<p style=\"font-size:18px\">La vitesse maxi (quadricycle oblige) de 45 km\/h \u00e0 Paris o\u00f9 nous l&#8217;avons test\u00e9e est largement suffisante et le rayon de braquage est royal. Il ne faut pas tenter de prendre les d\u00e9partementales dans les r\u00e9gions, faute de devenir un insupportable et dangereux bouchon, mais pour un usage exclusivement urbain, vous allez vous \u00e9clater dans cet engin ni auto, ni scooter. H\u00e9las, on s&#8217;\u00e9clate aussi les vert\u00e8bres par un manque criant de confort. L&#8217;AMI r\u00e9pond pourtant \u00e0 son objectif de mobilit\u00e9 urbaine, sans sacrifier les prestations d&#8217;un usage au quotidien (coffre au devant des pieds du passager, essuie glace, ventilation, connectivit\u00e9, 3 h de charge seulement pour 70 km d&#8217;autonomie), le tout pour un abonnement mensuel moins co\u00fbteux que celui d&#8217;un Smartphone&#8230;<\/p>\n\n\n\n<p><strong>LES CARACTERISTIQUES TECHNIQUE DE LA BOMBINETTE<\/strong><\/p>\n\n\n\n<figure class=\"wp-block-image size-large\"><img loading=\"lazy\" decoding=\"async\" width=\"953\" height=\"1024\" src=\"http:\/\/lignesauto.fr\/wp-content\/uploads\/2020\/08\/Capture-de\u0301cran-2020-08-25-a\u0300-19.34.19-953x1024.png\" alt=\"\" class=\"wp-image-19465\" srcset=\"https:\/\/lignesauto.fr\/wp-content\/uploads\/2020\/08\/Capture-de\u0301cran-2020-08-25-a\u0300-19.34.19-953x1024.png 953w, https:\/\/lignesauto.fr\/wp-content\/uploads\/2020\/08\/Capture-de\u0301cran-2020-08-25-a\u0300-19.34.19-279x300.png 279w, https:\/\/lignesauto.fr\/wp-content\/uploads\/2020\/08\/Capture-de\u0301cran-2020-08-25-a\u0300-19.34.19-768x825.png 768w, https:\/\/lignesauto.fr\/wp-content\/uploads\/2020\/08\/Capture-de\u0301cran-2020-08-25-a\u0300-19.34.19.png 1417w\" sizes=\"(max-width: 953px) 100vw, 953px\" \/><\/figure>\n\n\n\n<p style=\"font-size:18px\">Revenons aux fondamentaux de&#8230; LIGNES\/auto et <strong>filez lire le post d\u00e9di\u00e9 aux sept duels originaux (concept et design) opposant la nouvelle petite Citro\u00ebn \u00e0 d&#8217;\u00e9tonnantes rivales&#8230; <\/strong><\/p>\n\n\n\n<h2 class=\"wp-block-heading\"><strong>BONUS : LES &#8216;AMI&#8217; PARISIENNES<\/strong><\/h2>\n\n\n\n<figure class=\"wp-block-embed-youtube wp-block-embed is-type-video is-provider-youtube wp-embed-aspect-16-9 wp-has-aspect-ratio\"><div class=\"wp-block-embed__wrapper\">\n<iframe loading=\"lazy\" title=\"Citro\u00ebn Ami \u2665 Paris \ud83c\uddeb\ud83c\uddf7\" width=\"640\" height=\"360\" src=\"https:\/\/www.youtube.com\/embed\/x8gnNjwBowg?feature=oembed\" frameborder=\"0\" allow=\"accelerometer; autoplay; clipboard-write; encrypted-media; gyroscope; picture-in-picture; web-share\" referrerpolicy=\"strict-origin-when-cross-origin\" allowfullscreen><\/iframe>\n<\/div><\/figure>\n\n\n\n<figure class=\"wp-block-image size-large\"><img loading=\"lazy\" decoding=\"async\" width=\"1024\" height=\"408\" src=\"http:\/\/lignesauto.fr\/wp-content\/uploads\/2020\/08\/Capture-de\u0301cran-2020-08-25-a\u0300-17.44.40-1024x408.png\" alt=\"\" class=\"wp-image-19432\" srcset=\"https:\/\/lignesauto.fr\/wp-content\/uploads\/2020\/08\/Capture-de\u0301cran-2020-08-25-a\u0300-17.44.40-1024x408.png 1024w, https:\/\/lignesauto.fr\/wp-content\/uploads\/2020\/08\/Capture-de\u0301cran-2020-08-25-a\u0300-17.44.40-300x120.png 300w, https:\/\/lignesauto.fr\/wp-content\/uploads\/2020\/08\/Capture-de\u0301cran-2020-08-25-a\u0300-17.44.40-768x306.png 768w, https:\/\/lignesauto.fr\/wp-content\/uploads\/2020\/08\/Capture-de\u0301cran-2020-08-25-a\u0300-17.44.40.png 1417w\" sizes=\"(max-width: 1024px) 100vw, 1024px\" \/><\/figure>\n\n\n\n<figure class=\"wp-block-image\"><img decoding=\"async\" src=\"http:\/\/lignesauto.fr\/wp-content\/uploads\/2018\/10\/LOGOActus_BD-1024x367.jpg\" alt=\"L\u2019attribut alt de cette image est vide, son nom de fichier est LOGOActus_BD-1024x367.jpg.\"\/><\/figure>\n","protected":false},"excerpt":{"rendered":"<p>D\u00e9j\u00e0 plus de mille AMI command\u00e9es (dont pr\u00e8s de la moiti\u00e9 via la FNAC et Darty) : la micro Citro\u00ebn effectue des d\u00e9buts plut\u00f4t sympathiques et les deux tiers des commandes sont pay\u00e9es cash, sans profiter des diff\u00e9rentes fa\u00e7ons de s&#8217;approprier l&#8217;AMI (location, abonnement, etc&#8230;). Surprise, m\u00eame chez Citro\u00ebn ! [&hellip;]<\/p>\n","protected":false},"author":1,"featured_media":19568,"comment_status":"open","ping_status":"open","sticky":false,"template":"","format":"standard","meta":{"footnotes":""},"categories":[1],"tags":[],"_links":{"self":[{"href":"https:\/\/lignesauto.fr\/index.php?rest_route=\/wp\/v2\/posts\/19403"}],"collection":[{"href":"https:\/\/lignesauto.fr\/index.php?rest_route=\/wp\/v2\/posts"}],"about":[{"href":"https:\/\/lignesauto.fr\/index.php?rest_route=\/wp\/v2\/types\/post"}],"author":[{"embeddable":true,"href":"https:\/\/lignesauto.fr\/index.php?rest_route=\/wp\/v2\/users\/1"}],"replies":[{"embeddable":true,"href":"https:\/\/lignesauto.fr\/index.php?rest_route=%2Fwp%2Fv2%2Fcomments&post=19403"}],"version-history":[{"count":34,"href":"https:\/\/lignesauto.fr\/index.php?rest_route=\/wp\/v2\/posts\/19403\/revisions"}],"predecessor-version":[{"id":19527,"href":"https:\/\/lignesauto.fr\/index.php?rest_route=\/wp\/v2\/posts\/19403\/revisions\/19527"}],"wp:featuredmedia":[{"embeddable":true,"href":"https:\/\/lignesauto.fr\/index.php?rest_route=\/wp\/v2\/media\/19568"}],"wp:attachment":[{"href":"https:\/\/lignesauto.fr\/index.php?rest_route=%2Fwp%2Fv2%2Fmedia&parent=19403"}],"wp:term":[{"taxonomy":"category","embeddable":true,"href":"https:\/\/lignesauto.fr\/index.php?rest_route=%2Fwp%2Fv2%2Fcategories&post=19403"},{"taxonomy":"post_tag","embeddable":true,"href":"https:\/\/lignesauto.fr\/index.php?rest_route=%2Fwp%2Fv2%2Ftags&post=19403"}],"curies":[{"name":"wp","href":"https:\/\/api.w.org\/{rel}","templated":true}]}}