{"id":19461,"date":"2020-08-29T09:31:00","date_gmt":"2020-08-29T07:31:00","guid":{"rendered":"http:\/\/lignesauto.fr\/?p=19461"},"modified":"2020-08-29T10:01:55","modified_gmt":"2020-08-29T08:01:55","slug":"sept-duels-concept-et-design-pour-mieux-comprendre-la-citroen-ami","status":"publish","type":"post","link":"https:\/\/lignesauto.fr\/?p=19461","title":{"rendered":"Sept duels &#8216;concept et design&#8217; pour mieux comprendre la Citro\u00ebn AMI"},"content":{"rendered":"\n<figure class=\"wp-block-image size-large is-resized\"><img loading=\"lazy\" decoding=\"async\" src=\"http:\/\/lignesauto.fr\/wp-content\/uploads\/2018\/10\/LOGOActus_BD-1024x367.jpg\" alt=\"\" class=\"wp-image-4921\" width=\"511\" height=\"182\" srcset=\"https:\/\/lignesauto.fr\/wp-content\/uploads\/2018\/10\/LOGOActus_BD-1024x367.jpg 1024w, https:\/\/lignesauto.fr\/wp-content\/uploads\/2018\/10\/LOGOActus_BD-300x108.jpg 300w, https:\/\/lignesauto.fr\/wp-content\/uploads\/2018\/10\/LOGOActus_BD-370x133.jpg 370w, https:\/\/lignesauto.fr\/wp-content\/uploads\/2018\/10\/LOGOActus_BD-1040x373.jpg 1040w, https:\/\/lignesauto.fr\/wp-content\/uploads\/2018\/10\/LOGOActus_BD.jpg 1240w\" sizes=\"(max-width: 511px) 100vw, 511px\" \/><\/figure>\n\n\n\n<figure class=\"wp-block-image size-large\"><img loading=\"lazy\" decoding=\"async\" width=\"1024\" height=\"774\" src=\"http:\/\/lignesauto.fr\/wp-content\/uploads\/2020\/08\/Capture-de\u0301cran-2020-08-26-a\u0300-09.16.58-1024x774.png\" alt=\"\" class=\"wp-image-19493\" srcset=\"https:\/\/lignesauto.fr\/wp-content\/uploads\/2020\/08\/Capture-de\u0301cran-2020-08-26-a\u0300-09.16.58-1024x774.png 1024w, https:\/\/lignesauto.fr\/wp-content\/uploads\/2020\/08\/Capture-de\u0301cran-2020-08-26-a\u0300-09.16.58-300x227.png 300w, https:\/\/lignesauto.fr\/wp-content\/uploads\/2020\/08\/Capture-de\u0301cran-2020-08-26-a\u0300-09.16.58-768x580.png 768w, https:\/\/lignesauto.fr\/wp-content\/uploads\/2020\/08\/Capture-de\u0301cran-2020-08-26-a\u0300-09.16.58.png 1417w\" sizes=\"(max-width: 1024px) 100vw, 1024px\" \/><\/figure>\n\n\n\n<h2 class=\"wp-block-heading\" id=\"block-94f9dbb5-56fc-42ea-b438-c0a4566c64f4\"><strong>La Citro\u00ebn AMI face \u00e0\u2026 elle m\u00eame<\/strong><\/h2>\n\n\n\n<figure class=\"wp-block-image size-large\"><img loading=\"lazy\" decoding=\"async\" width=\"793\" height=\"1024\" src=\"http:\/\/lignesauto.fr\/wp-content\/uploads\/2020\/08\/Capture-de\u0301cran-2020-08-24-a\u0300-21.37.48-793x1024.png\" alt=\"\" class=\"wp-image-19406\" srcset=\"https:\/\/lignesauto.fr\/wp-content\/uploads\/2020\/08\/Capture-de\u0301cran-2020-08-24-a\u0300-21.37.48-793x1024.png 793w, https:\/\/lignesauto.fr\/wp-content\/uploads\/2020\/08\/Capture-de\u0301cran-2020-08-24-a\u0300-21.37.48-232x300.png 232w, https:\/\/lignesauto.fr\/wp-content\/uploads\/2020\/08\/Capture-de\u0301cran-2020-08-24-a\u0300-21.37.48-768x992.png 768w, https:\/\/lignesauto.fr\/wp-content\/uploads\/2020\/08\/Capture-de\u0301cran-2020-08-24-a\u0300-21.37.48-1189x1536.png 1189w, https:\/\/lignesauto.fr\/wp-content\/uploads\/2020\/08\/Capture-de\u0301cran-2020-08-24-a\u0300-21.37.48.png 1417w\" sizes=\"(max-width: 793px) 100vw, 793px\" \/><\/figure>\n\n\n\n<p id=\"block-4573aa0b-812d-40be-be94-26b012b14cfc\" style=\"font-size:18px\">Toute nue (en haut) l&#8217;AMI ne satisfera personne. Contrairement \u00e0 la vue ci-dessus qui repr\u00e9sente deux variantes de l&#8217;AMI diff\u00e9remment \u00e9clair\u00e9es, la petite Citro\u00ebn n&#8217;existe qu&#8217;en une seule couleur : un bleu-gris passe-partout. La version AMI-AMI tout en haut, d\u00e9nu\u00e9e d&#8217;enjoliveur, de sticker et masques d\u00e9coratifs avant et arri\u00e8re est franchement tristounette. Si vous ne voulez pas laisser vos enfants la peindre avec leurs tubes de gouache, il existe quelques solutions pour la sortir de ce monde de l&#8217;objet ind\u00e9sirable.<\/p>\n\n\n\n<figure class=\"wp-block-image\" id=\"block-d43c159f-fdd1-4fc4-91e5-96a870fe5ec8\"><img decoding=\"async\" src=\"http:\/\/lignesauto.fr\/wp-content\/uploads\/2020\/08\/AMI_111-1024x576.jpg\" alt=\"L\u2019attribut alt de cette image est vide, son nom de fichier est AMI_111-1024x576.jpg.\"\/><\/figure>\n\n\n\n<p id=\"block-f1e4f6cc-0e96-496f-ae64-848d9611b051\" style=\"font-size:18px\">Cela commence par l&#8217;achat quasi obligatoire d&#8217;un des quatre kits propos\u00e9s pour la modique somme de 400 \u20ac. Ces kits disposent des accessoires, enjoliveurs et stickers pour transformer votre AMI avec quatre teintes : Orange, Grey, Khaki et Blue. Cela sera alors \u00e0 vous d&#8217;en assurer la pose, mais pas de panique, l&#8217;AMI a tout pr\u00e9vu avec des tutos explicatifs : <a href=\"https:\/\/www.youtube.com\/watch?v=BoLYwF4vqA8\">https:\/\/www.youtube.com\/watch?v=BoLYwF4vqA8<\/a><\/p>\n\n\n\n<figure class=\"wp-block-image size-large\"><img loading=\"lazy\" decoding=\"async\" width=\"1024\" height=\"554\" src=\"http:\/\/lignesauto.fr\/wp-content\/uploads\/2020\/08\/Capture-de\u0301cran-2020-08-26-a\u0300-08.18.49-1024x554.png\" alt=\"\" class=\"wp-image-19477\" srcset=\"https:\/\/lignesauto.fr\/wp-content\/uploads\/2020\/08\/Capture-de\u0301cran-2020-08-26-a\u0300-08.18.49-1024x554.png 1024w, https:\/\/lignesauto.fr\/wp-content\/uploads\/2020\/08\/Capture-de\u0301cran-2020-08-26-a\u0300-08.18.49-300x162.png 300w, https:\/\/lignesauto.fr\/wp-content\/uploads\/2020\/08\/Capture-de\u0301cran-2020-08-26-a\u0300-08.18.49-768x415.png 768w, https:\/\/lignesauto.fr\/wp-content\/uploads\/2020\/08\/Capture-de\u0301cran-2020-08-26-a\u0300-08.18.49.png 1417w\" sizes=\"(max-width: 1024px) 100vw, 1024px\" \/><\/figure>\n\n\n\n<p id=\"block-32e4905c-7bda-4958-98f4-d2182ab43b5a\" style=\"font-size:18px\">Cette vue de 3\/4 AV &#8211; Ah, non, c&#8217;est une vue 3\/4 AR&#8230;. &#8211; est une AMI devenue AMI Orange avec ses accessoires. Elle ne co\u00fbte finalement &#8220;que&#8221; 6400 \u20ac. Deux autres versions (Pop et Vibe) sont \u00e9galement disponibles (voir post pr\u00e9c\u00e9dent)<\/p>\n\n\n\n<figure class=\"wp-block-image\" id=\"block-5adaa55b-9760-4c0b-8ff4-f86f28426f91\"><img decoding=\"async\" src=\"http:\/\/lignesauto.fr\/wp-content\/uploads\/2020\/08\/AMI_18-1024x576.jpg\" alt=\"L\u2019attribut alt de cette image est vide, son nom de fichier est AMI_18-1024x576.jpg.\"\/><\/figure>\n\n\n\n<figure class=\"wp-block-image size-large\"><img loading=\"lazy\" decoding=\"async\" width=\"1024\" height=\"773\" src=\"http:\/\/lignesauto.fr\/wp-content\/uploads\/2020\/08\/Capture-de\u0301cran-2020-08-26-a\u0300-09.17.12-1024x773.png\" alt=\"\" class=\"wp-image-19494\" srcset=\"https:\/\/lignesauto.fr\/wp-content\/uploads\/2020\/08\/Capture-de\u0301cran-2020-08-26-a\u0300-09.17.12-1024x773.png 1024w, https:\/\/lignesauto.fr\/wp-content\/uploads\/2020\/08\/Capture-de\u0301cran-2020-08-26-a\u0300-09.17.12-300x226.png 300w, https:\/\/lignesauto.fr\/wp-content\/uploads\/2020\/08\/Capture-de\u0301cran-2020-08-26-a\u0300-09.17.12-768x579.png 768w, https:\/\/lignesauto.fr\/wp-content\/uploads\/2020\/08\/Capture-de\u0301cran-2020-08-26-a\u0300-09.17.12.png 1417w\" sizes=\"(max-width: 1024px) 100vw, 1024px\" \/><\/figure>\n\n\n\n<h2 class=\"wp-block-heading\" id=\"block-37f0ac07-74f2-47e6-a8a7-bb3e9264b2a1\"><strong>La Citro\u00ebn AMI face \u00e0\u2026 l&#8217;AMI ONE<\/strong><\/h2>\n\n\n\n<figure class=\"wp-block-image size-large\"><img loading=\"lazy\" decoding=\"async\" width=\"810\" height=\"1024\" src=\"http:\/\/lignesauto.fr\/wp-content\/uploads\/2020\/08\/Capture-de\u0301cran-2020-08-24-a\u0300-21.40.38-810x1024.png\" alt=\"\" class=\"wp-image-19407\" srcset=\"https:\/\/lignesauto.fr\/wp-content\/uploads\/2020\/08\/Capture-de\u0301cran-2020-08-24-a\u0300-21.40.38-810x1024.png 810w, https:\/\/lignesauto.fr\/wp-content\/uploads\/2020\/08\/Capture-de\u0301cran-2020-08-24-a\u0300-21.40.38-237x300.png 237w, https:\/\/lignesauto.fr\/wp-content\/uploads\/2020\/08\/Capture-de\u0301cran-2020-08-24-a\u0300-21.40.38-768x971.png 768w, https:\/\/lignesauto.fr\/wp-content\/uploads\/2020\/08\/Capture-de\u0301cran-2020-08-24-a\u0300-21.40.38-1215x1536.png 1215w, https:\/\/lignesauto.fr\/wp-content\/uploads\/2020\/08\/Capture-de\u0301cran-2020-08-24-a\u0300-21.40.38.png 1417w\" sizes=\"(max-width: 810px) 100vw, 810px\" \/><\/figure>\n\n\n\n<p style=\"font-size:18px\">Premier concept-car de l&#8217;ann\u00e9e du centenaire, l&#8217;AMI ONE d\u00e9voil\u00e9e en d\u00e9but d&#8217;ann\u00e9e 2019 annon\u00e7ait clairement la version de s\u00e9rie. D&#8217;ailleurs, l&#8217;AMI \u00e9tait d\u00e9j\u00e0 dans les tuyaux lorsque l&#8217;AMI ONE portait \u00e0 son paroxysme le concept de la petite Citro\u00ebn d\u00e9di\u00e9e \u00e0 la mobilit\u00e9 urbaine de demain. <\/p>\n\n\n\n<figure class=\"wp-block-image size-large\"><img loading=\"lazy\" decoding=\"async\" width=\"1024\" height=\"801\" src=\"http:\/\/lignesauto.fr\/wp-content\/uploads\/2020\/08\/Capture-de\u0301cran-2020-08-26-a\u0300-08.35.57-1024x801.png\" alt=\"\" class=\"wp-image-19479\" srcset=\"https:\/\/lignesauto.fr\/wp-content\/uploads\/2020\/08\/Capture-de\u0301cran-2020-08-26-a\u0300-08.35.57-1024x801.png 1024w, https:\/\/lignesauto.fr\/wp-content\/uploads\/2020\/08\/Capture-de\u0301cran-2020-08-26-a\u0300-08.35.57-300x235.png 300w, https:\/\/lignesauto.fr\/wp-content\/uploads\/2020\/08\/Capture-de\u0301cran-2020-08-26-a\u0300-08.35.57-768x601.png 768w, https:\/\/lignesauto.fr\/wp-content\/uploads\/2020\/08\/Capture-de\u0301cran-2020-08-26-a\u0300-08.35.57.png 1417w\" sizes=\"(max-width: 1024px) 100vw, 1024px\" \/><\/figure>\n\n\n\n<p id=\"viewer-2ev69\" style=\"font-size:18px\">Le th\u00e8me de la sym\u00e9trie des pi\u00e8ces, d\u00e9j\u00e0 adopt\u00e9 pour le v\u00e9hicule de s\u00e9rie, devait \u00eatre d\u00e9velopp\u00e9 avec davantage de libert\u00e9 sur le concept-car, m\u00eame si son designer Pierre Icard nous rappelait l&#8217;an dernier que <em>&#8220;c\u2019est complexe, d\u2019autant que ces pi\u00e8ces ne sont pas sym\u00e9triques mais identiques ! Il faut trouver un certain nombre d\u2019astuces. Mais ce n\u2019\u00e9tait pas gagn\u00e9 car tout est question d\u2019\u00e9quilibre pour d\u00e9finir les bons galbes, les bonnes lignes et faire en sorte que ces pi\u00e8ces identiques ne se remarquent finalement pas. D\u00e8s que nous bougions une ligne, il fallait tout de suite voir avec le modeleur 3D sur \u00e9cran si cet \u00e9quilibre n\u2019\u00e9tait pas rompu.<\/em>&#8220;<\/p>\n\n\n\n<figure class=\"wp-block-image size-large\"><img loading=\"lazy\" decoding=\"async\" width=\"1024\" height=\"666\" src=\"http:\/\/lignesauto.fr\/wp-content\/uploads\/2020\/08\/AMI_ONE_03-1024x666.jpg\" alt=\"\" class=\"wp-image-19420\" srcset=\"https:\/\/lignesauto.fr\/wp-content\/uploads\/2020\/08\/AMI_ONE_03-1024x666.jpg 1024w, https:\/\/lignesauto.fr\/wp-content\/uploads\/2020\/08\/AMI_ONE_03-300x195.jpg 300w, https:\/\/lignesauto.fr\/wp-content\/uploads\/2020\/08\/AMI_ONE_03-768x499.jpg 768w, https:\/\/lignesauto.fr\/wp-content\/uploads\/2020\/08\/AMI_ONE_03-1000x650.jpg 1000w, https:\/\/lignesauto.fr\/wp-content\/uploads\/2020\/08\/AMI_ONE_03.jpg 1417w\" sizes=\"(max-width: 1024px) 100vw, 1024px\" \/><\/figure>\n\n\n\n<p style=\"font-size:18px\">Autre astuce de l&#8217;AMI d\u00e9flor\u00e9e par le concept-car AMI ONE, l&#8217;espace d\u00e9di\u00e9 au rangement d&#8217;une valise cabine, d\u00e9j\u00e0 pr\u00e9sent en 2019 mais trait\u00e9 diff\u00e9remment car la base du concept-car n&#8217;avait pas vocation \u00e0 \u00eatre industrialis\u00e9e, alors que le ch\u00e2ssis tubulaire de l&#8217;AMI de s\u00e9rie \u00e9tait en conception. A noter que ce dernier passe par la cataphor\u00e8se de l&#8217;usine PSA marocaine, aux c\u00f4t\u00e9s des caisses nues de la 208 !<\/p>\n\n\n\n<h2 class=\"wp-block-heading\"><strong>A RELIRE : L&#8217;AMI ONE CONCEPT<\/strong><br><strong>ci-dessous<\/strong><\/h2>\n\n\n\n<figure class=\"wp-block-embed-wordpress wp-block-embed is-type-wp-embed is-provider-design-actualite-archives\"><div class=\"wp-block-embed__wrapper\">\n<blockquote class=\"wp-embedded-content\" data-secret=\"JBGKzTYCTk\"><a href=\"https:\/\/lignesauto.fr\/?p=7915\">Citro\u00ebn AMI ONE vue par son designer ext\u00e9rieur (2\/5)<\/a><\/blockquote><iframe class=\"wp-embedded-content\" sandbox=\"allow-scripts\" security=\"restricted\" style=\"position: absolute; clip: rect(1px, 1px, 1px, 1px);\" title=\"&#8220;Citro\u00ebn AMI ONE vue par son designer ext\u00e9rieur (2\/5)&#8221; &#8212; LIGNES\/auto\" src=\"https:\/\/lignesauto.fr\/?p=7915&#038;embed=true#?secret=8k9yhjApj0#?secret=JBGKzTYCTk\" data-secret=\"JBGKzTYCTk\" width=\"600\" height=\"338\" frameborder=\"0\" marginwidth=\"0\" marginheight=\"0\" scrolling=\"no\"><\/iframe>\n<\/div><\/figure>\n\n\n\n<figure class=\"wp-block-image size-large\"><img loading=\"lazy\" decoding=\"async\" width=\"1024\" height=\"773\" src=\"http:\/\/lignesauto.fr\/wp-content\/uploads\/2020\/08\/Capture-de\u0301cran-2020-08-26-a\u0300-09.18.13-1024x773.png\" alt=\"\" class=\"wp-image-19495\" srcset=\"https:\/\/lignesauto.fr\/wp-content\/uploads\/2020\/08\/Capture-de\u0301cran-2020-08-26-a\u0300-09.18.13-1024x773.png 1024w, https:\/\/lignesauto.fr\/wp-content\/uploads\/2020\/08\/Capture-de\u0301cran-2020-08-26-a\u0300-09.18.13-300x227.png 300w, https:\/\/lignesauto.fr\/wp-content\/uploads\/2020\/08\/Capture-de\u0301cran-2020-08-26-a\u0300-09.18.13-768x580.png 768w, https:\/\/lignesauto.fr\/wp-content\/uploads\/2020\/08\/Capture-de\u0301cran-2020-08-26-a\u0300-09.18.13.png 1417w\" sizes=\"(max-width: 1024px) 100vw, 1024px\" \/><\/figure>\n\n\n\n<h2 class=\"wp-block-heading\"><strong>La Citro\u00ebn AMI face \u00e0\u2026 la Peugette de Pininfarina<\/strong><\/h2>\n\n\n\n<figure class=\"wp-block-image size-large\"><img loading=\"lazy\" decoding=\"async\" width=\"1024\" height=\"637\" src=\"http:\/\/lignesauto.fr\/wp-content\/uploads\/2020\/08\/LIGNESPEUGETTE_00-1024x637.jpg\" alt=\"\" class=\"wp-image-19474\" srcset=\"https:\/\/lignesauto.fr\/wp-content\/uploads\/2020\/08\/LIGNESPEUGETTE_00-1024x637.jpg 1024w, https:\/\/lignesauto.fr\/wp-content\/uploads\/2020\/08\/LIGNESPEUGETTE_00-300x187.jpg 300w, https:\/\/lignesauto.fr\/wp-content\/uploads\/2020\/08\/LIGNESPEUGETTE_00-768x478.jpg 768w, https:\/\/lignesauto.fr\/wp-content\/uploads\/2020\/08\/LIGNESPEUGETTE_00.jpg 1417w\" sizes=\"(max-width: 1024px) 100vw, 1024px\" \/><\/figure>\n\n\n\n<p style=\"font-size:18px\">Pour r\u00e9duire les co\u00fbts de production, le nombre de pi\u00e8ces de la carrosserie de l&#8217;AMI a \u00e9t\u00e9 divis\u00e9 par deux : le masque avant est identique au masque arri\u00e8re et la porte gauche est identique \u00e0 la porte droite. A moins que ce ne soit l&#8217;inverse. Quant aux micro-ailes, elles sont \u00e9galement sym\u00e9triques. Bref, on compte cinq pi\u00e8ces principales pour la carrosserie.<\/p>\n\n\n\n<figure class=\"wp-block-image size-large\"><img loading=\"lazy\" decoding=\"async\" width=\"911\" height=\"1024\" src=\"http:\/\/lignesauto.fr\/wp-content\/uploads\/2020\/08\/Capture-de\u0301cran-2020-08-26-a\u0300-08.12.47-911x1024.png\" alt=\"\" class=\"wp-image-19475\" srcset=\"https:\/\/lignesauto.fr\/wp-content\/uploads\/2020\/08\/Capture-de\u0301cran-2020-08-26-a\u0300-08.12.47-911x1024.png 911w, https:\/\/lignesauto.fr\/wp-content\/uploads\/2020\/08\/Capture-de\u0301cran-2020-08-26-a\u0300-08.12.47-267x300.png 267w, https:\/\/lignesauto.fr\/wp-content\/uploads\/2020\/08\/Capture-de\u0301cran-2020-08-26-a\u0300-08.12.47-768x863.png 768w, https:\/\/lignesauto.fr\/wp-content\/uploads\/2020\/08\/Capture-de\u0301cran-2020-08-26-a\u0300-08.12.47-1367x1536.png 1367w, https:\/\/lignesauto.fr\/wp-content\/uploads\/2020\/08\/Capture-de\u0301cran-2020-08-26-a\u0300-08.12.47.png 1417w\" sizes=\"(max-width: 911px) 100vw, 911px\" \/><\/figure>\n\n\n\n<p style=\"font-size:18px\">En regardant l&#8217;AMI, on se pose la question : &#8220;<em>O\u00f9 qu&#8217;elle est la t\u00ea-t\u00eate ? O\u00f9 qu&#8217;il est le cul-cul ?<\/em>&#8221; Pourtant, la sym\u00e9trie n&#8217;est pas un th\u00e8me nouveau en termes de design : d\u00e8s 1976 (le Pr\u00e9sident Giscard venait manger chez vous le soir et la loi Veil sur l&#8217;IVG n&#8217;avait que deux ans&#8230;) Pininfarina proposait la Peugette sur une base de Peugeot 104 coup\u00e9 ZS avec huit \u00e9l\u00e9ments de carrosserie seulement. Pininfarina a m\u00eame eu l&#8217;id\u00e9e d&#8217;une variante &#8220;barquette&#8221; \u00e0 une seule place. Sans suite industrielle, h\u00e9las !<\/p>\n\n\n\n<figure class=\"wp-block-image size-large\"><img loading=\"lazy\" decoding=\"async\" width=\"1024\" height=\"637\" src=\"http:\/\/lignesauto.fr\/wp-content\/uploads\/2020\/08\/LIGNESPEUGETTE-1024x637.jpg\" alt=\"\" class=\"wp-image-19471\" srcset=\"https:\/\/lignesauto.fr\/wp-content\/uploads\/2020\/08\/LIGNESPEUGETTE-1024x637.jpg 1024w, https:\/\/lignesauto.fr\/wp-content\/uploads\/2020\/08\/LIGNESPEUGETTE-300x187.jpg 300w, https:\/\/lignesauto.fr\/wp-content\/uploads\/2020\/08\/LIGNESPEUGETTE-768x478.jpg 768w, https:\/\/lignesauto.fr\/wp-content\/uploads\/2020\/08\/LIGNESPEUGETTE.jpg 1417w\" sizes=\"(max-width: 1024px) 100vw, 1024px\" \/><\/figure>\n\n\n\n<figure class=\"wp-block-image size-large\"><img loading=\"lazy\" decoding=\"async\" width=\"1024\" height=\"778\" src=\"http:\/\/lignesauto.fr\/wp-content\/uploads\/2020\/08\/Capture-de\u0301cran-2020-08-26-a\u0300-09.17.33-1024x778.png\" alt=\"\" class=\"wp-image-19496\" srcset=\"https:\/\/lignesauto.fr\/wp-content\/uploads\/2020\/08\/Capture-de\u0301cran-2020-08-26-a\u0300-09.17.33-1024x778.png 1024w, https:\/\/lignesauto.fr\/wp-content\/uploads\/2020\/08\/Capture-de\u0301cran-2020-08-26-a\u0300-09.17.33-300x228.png 300w, https:\/\/lignesauto.fr\/wp-content\/uploads\/2020\/08\/Capture-de\u0301cran-2020-08-26-a\u0300-09.17.33-768x583.png 768w, https:\/\/lignesauto.fr\/wp-content\/uploads\/2020\/08\/Capture-de\u0301cran-2020-08-26-a\u0300-09.17.33.png 1417w\" sizes=\"(max-width: 1024px) 100vw, 1024px\" \/><\/figure>\n\n\n\n<h2 class=\"wp-block-heading\" id=\"block-33e8485c-39f4-4a29-95c7-a082bb29d0da\"><strong>La Citro\u00ebn AMI face \u00e0\u2026 Osmose<\/strong><\/h2>\n\n\n\n<figure class=\"wp-block-image size-large\"><img loading=\"lazy\" decoding=\"async\" width=\"1024\" height=\"683\" src=\"http:\/\/lignesauto.fr\/wp-content\/uploads\/2019\/02\/LIGNES101-1024x683.jpg\" alt=\"\" class=\"wp-image-7935\" srcset=\"https:\/\/lignesauto.fr\/wp-content\/uploads\/2019\/02\/LIGNES101-1024x683.jpg 1024w, https:\/\/lignesauto.fr\/wp-content\/uploads\/2019\/02\/LIGNES101-300x200.jpg 300w, https:\/\/lignesauto.fr\/wp-content\/uploads\/2019\/02\/LIGNES101-768x512.jpg 768w, https:\/\/lignesauto.fr\/wp-content\/uploads\/2019\/02\/LIGNES101-370x247.jpg 370w, https:\/\/lignesauto.fr\/wp-content\/uploads\/2019\/02\/LIGNES101-1040x694.jpg 1040w\" sizes=\"(max-width: 1024px) 100vw, 1024px\" \/><\/figure>\n\n\n\n<p style=\"font-size:18px\">L&#8217;AMI aurait-elle vu le jour sans le concept-car Osmose ? Sans doute, mais ce prototype de salon (le premier de l&#8217;\u00e8re Jean-Pierre Plou\u00e9 chez Citro\u00ebn) \u00e9tait en avance sur son temps. Pr\u00e9sent\u00e9 voici d\u00e9j\u00e0 20 ans (en 2000), l&#8217;Osmose a \u00e9t\u00e9 dessin\u00e9e par Fr\u00e9d\u00e9ric Duvernier qui a suivi  Plou\u00e9 de Ford \u00e0 Citro\u00ebn. Il nous confiait lors de la r\u00e9daction du livre &#8220;Concept-cars Citro\u00ebn&#8221; (<a href=\"https:\/\/www.bjbeditions.com\/products\/concept-cars-et-prototypes-detudes-citroen\">COMMANDEZ-LE ICI<\/a>) que ce concept &#8220;<em>est n\u00e9 de l&#8217;id\u00e9e d&#8217;un v\u00e9hicule urbain pour les ann\u00e9es 2020.<\/em>&#8221; <\/p>\n\n\n\n<figure class=\"wp-block-image\" id=\"block-378ec096-7d5d-4f1e-8a13-c87a7876b620\"><img decoding=\"async\" src=\"http:\/\/lignesauto.fr\/wp-content\/uploads\/2020\/08\/OSMOSE_02-1024x672.jpg\" alt=\"L\u2019attribut alt de cette image est vide, son nom de fichier est OSMOSE_02-1024x672.jpg.\"\/><\/figure>\n\n\n\n<p style=\"font-size:18px\">Alors que dans les all\u00e9es du salon  les concept-cars \u00e0 moteur V8 essence sont l\u00e9gions, la proposition Citro\u00ebn \u00e9voque d\u00e9j\u00e0 l&#8217;auto-partage et invente l&#8217;airbag pi\u00e9ton ! Fr\u00e9d\u00e9ric constatait \u00e9galement qu&#8217;Osmose &#8220;<em>annon\u00e7ait des applications telle que Waze et portait enlui le plein d&#8217;utopies qui trouvent aujourd&#8217;hui leurs r\u00e9ponses, vingt ans apr\u00e8s !<\/em>&#8221; <\/p>\n\n\n\n<figure class=\"wp-block-image\" id=\"block-d6715c73-c4a0-4b60-adb5-8e1c9ae51180\"><img decoding=\"async\" src=\"http:\/\/lignesauto.fr\/wp-content\/uploads\/2020\/08\/OSMOSE_13-1024x684.jpg\" alt=\"L\u2019attribut alt de cette image est vide, son nom de fichier est OSMOSE_13-1024x684.jpg.\"\/><\/figure>\n\n\n\n<p style=\"font-size:18px\">Avec ses 3,35 m de longueur, ce concept boxe dans une autre cat\u00e9gorie que celle de l&#8217;AMI (2,41 m) mais il offre jusqu&#8217;\u00e0 cinq places. <strong>Et si, justement, c&#8217;\u00e9tait lui le successeur de la Citro\u00ebn C1? <\/strong>Osmose, r\u00e9interpr\u00e9t\u00e9 avec les solutions \u00e9conomiques et industrielles de l&#8217;AMI, pourrait \u00eatre la Citro\u00ebn d&#8217;entr\u00e9e de gamme de demain&#8230;<\/p>\n\n\n\n<figure class=\"wp-block-image\" id=\"block-8dfca4f1-9105-4dc8-8cf5-bcb5d6e98e12\"><img decoding=\"async\" src=\"http:\/\/lignesauto.fr\/wp-content\/uploads\/2020\/08\/OSMOSE_03-1024x683.jpg\" alt=\"L\u2019attribut alt de cette image est vide, son nom de fichier est OSMOSE_03-1024x683.jpg.\"\/><\/figure>\n\n\n\n<figure class=\"wp-block-image size-large\"><img loading=\"lazy\" decoding=\"async\" width=\"1024\" height=\"772\" src=\"http:\/\/lignesauto.fr\/wp-content\/uploads\/2020\/08\/Capture-de\u0301cran-2020-08-26-a\u0300-09.17.42-1024x772.png\" alt=\"\" class=\"wp-image-19497\" srcset=\"https:\/\/lignesauto.fr\/wp-content\/uploads\/2020\/08\/Capture-de\u0301cran-2020-08-26-a\u0300-09.17.42-1024x772.png 1024w, https:\/\/lignesauto.fr\/wp-content\/uploads\/2020\/08\/Capture-de\u0301cran-2020-08-26-a\u0300-09.17.42-300x226.png 300w, https:\/\/lignesauto.fr\/wp-content\/uploads\/2020\/08\/Capture-de\u0301cran-2020-08-26-a\u0300-09.17.42-768x579.png 768w, https:\/\/lignesauto.fr\/wp-content\/uploads\/2020\/08\/Capture-de\u0301cran-2020-08-26-a\u0300-09.17.42.png 1417w\" sizes=\"(max-width: 1024px) 100vw, 1024px\" \/><\/figure>\n\n\n\n<h2 class=\"wp-block-heading\"><strong>La Citro\u00ebn AMI face \u00e0\u2026 la MOTIV<\/strong><\/h2>\n\n\n\n<figure class=\"wp-block-image\" id=\"block-ddf667f5-9ba5-419c-8eb2-1cf661f6ec3c\"><img decoding=\"async\" src=\"http:\/\/lignesauto.fr\/wp-content\/uploads\/2020\/08\/MOTIVE_02-1024x741.png\" alt=\"L\u2019attribut alt de cette image est vide, son nom de fichier est MOTIVE_02-1024x741.png.\"\/><\/figure>\n\n\n\n<p style=\"font-size:18px\">Autant l&#8217;AMI est pens\u00e9e avec l&#8217;objectif d&#8217;un objet de mobilit\u00e9 individuel, simple, \u00e9conomique et facilement industrialisable, autant sa &#8220;concurrente&#8221; anglaise MOTIV, est \u00e0 l&#8217;oppos\u00e9. Et pour cause, c&#8217;est l&#8217;ing\u00e9nieur Gordon Murray, auteur des plus belles F1 des ann\u00e9es 1980-1990 et cr\u00e9ateur de la nouvelle T.50 (voir ici : <a href=\"http:\/\/lignesauto.fr\/?p=19240\">http:\/\/lignesauto.fr\/?p=19240<\/a> qui l&#8217;a con\u00e7ue. Son architecture diff\u00e8re de celle de l&#8217;AMI avec sa porte unique qui bascule de gauche \u00e0 droite en lib\u00e9rant l&#8217;acc\u00e8s \u00e0 bord. <\/p>\n\n\n\n<figure class=\"wp-block-image\" id=\"block-a609200d-2af8-42f0-8527-839c0e98c09c\"><img decoding=\"async\" src=\"http:\/\/lignesauto.fr\/wp-content\/uploads\/2020\/08\/MOTIVE_04-1024x379.jpg\" alt=\"L\u2019attribut alt de cette image est vide, son nom de fichier est MOTIVE_04-1024x379.jpg.\"\/><\/figure>\n\n\n\n<p style=\"font-size:18px\">Si MOTIV est plus longue que l&#8217;AMI (2,53 m contre 2,41 m pour la fran\u00e7aise) elle a d\u00e8s l&#8217;origine \u00e9t\u00e9 adapt\u00e9e pour accueillir deux passagers mais aussi pour accueillir un fauteuil roulant (une solution tr\u00e8s intelligente pour des personnes \u00e0 mobilit\u00e9 r\u00e9duite) ou encore pour des livraisons commerciales. Dans sa forme de transport de marchandises, la plate-forme peut \u00eatre modifi\u00e9e pour permettre une capacit\u00e9 de charge maximale, cr\u00e9ant ainsi un volume de plus de 1 100 litres.<\/p>\n\n\n\n<figure class=\"wp-block-image\" id=\"block-bcc6eb38-31a4-4b0c-adb2-a5190bcb8e88\"><img decoding=\"async\" src=\"http:\/\/lignesauto.fr\/wp-content\/uploads\/2020\/08\/MOTIVE_03-1024x674.png\" alt=\"L\u2019attribut alt de cette image est vide, son nom de fichier est MOTIVE_03-1024x674.png.\"\/><\/figure>\n\n\n\n<p style=\"font-size:18px\">MOTIV est un &#8220;pod&#8221; monoplace (dans sa version de base) qui offre la polyvalence du transport personnel ou des livraisons sur le dernier kilom\u00e8tre. Il est propuls\u00e9 par un moteur \u00e9lectrique de 20 kW et sera \u00e9quip\u00e9 d&#8217;un bloc de batteries de 17,3 kWh refroidi par liquide, ce qui lui assurera une autonomie potentielle de 100 km. Il fonctionnera \u00e0 des vitesses allant jusqu&#8217;\u00e0 65 km\/h, ce qui le rendra id\u00e9al pour fonctionner dans les zones urbaines et suburbaines. Il ambitionne donc un univers plus \u00e9tendu que celui de l&#8217;AMI.<\/p>\n\n\n\n<figure class=\"wp-block-image size-large\"><img loading=\"lazy\" decoding=\"async\" width=\"1024\" height=\"785\" src=\"http:\/\/lignesauto.fr\/wp-content\/uploads\/2020\/08\/Capture-de\u0301cran-2020-08-26-a\u0300-09.17.51-1024x785.png\" alt=\"\" class=\"wp-image-19498\" srcset=\"https:\/\/lignesauto.fr\/wp-content\/uploads\/2020\/08\/Capture-de\u0301cran-2020-08-26-a\u0300-09.17.51-1024x785.png 1024w, https:\/\/lignesauto.fr\/wp-content\/uploads\/2020\/08\/Capture-de\u0301cran-2020-08-26-a\u0300-09.17.51-300x230.png 300w, https:\/\/lignesauto.fr\/wp-content\/uploads\/2020\/08\/Capture-de\u0301cran-2020-08-26-a\u0300-09.17.51-768x589.png 768w, https:\/\/lignesauto.fr\/wp-content\/uploads\/2020\/08\/Capture-de\u0301cran-2020-08-26-a\u0300-09.17.51.png 1417w\" sizes=\"(max-width: 1024px) 100vw, 1024px\" \/><\/figure>\n\n\n\n<h2 class=\"wp-block-heading\" id=\"block-577590bc-39c8-46ff-a242-de5814afb71c\"><strong>La Citro\u00ebn AMI face \u00e0\u2026 la e-Mehari<\/strong><\/h2>\n\n\n\n<figure class=\"wp-block-image size-large\"><img loading=\"lazy\" decoding=\"async\" width=\"1024\" height=\"313\" src=\"http:\/\/lignesauto.fr\/wp-content\/uploads\/2020\/08\/Capture-de\u0301cran-2020-08-24-a\u0300-21.52.55-1024x313.png\" alt=\"\" class=\"wp-image-19410\" srcset=\"https:\/\/lignesauto.fr\/wp-content\/uploads\/2020\/08\/Capture-de\u0301cran-2020-08-24-a\u0300-21.52.55-1024x313.png 1024w, https:\/\/lignesauto.fr\/wp-content\/uploads\/2020\/08\/Capture-de\u0301cran-2020-08-24-a\u0300-21.52.55-300x92.png 300w, https:\/\/lignesauto.fr\/wp-content\/uploads\/2020\/08\/Capture-de\u0301cran-2020-08-24-a\u0300-21.52.55-768x235.png 768w, https:\/\/lignesauto.fr\/wp-content\/uploads\/2020\/08\/Capture-de\u0301cran-2020-08-24-a\u0300-21.52.55.png 1417w\" sizes=\"(max-width: 1024px) 100vw, 1024px\" \/><\/figure>\n\n\n\n<p style=\"font-size:18px\">Des voitures \u00e9lectriques dans la gamme Citro\u00ebn, il y en avait jusqu&#8217;alors tr\u00e8s peu. \u00c9voquons la C-Zero sur une base de Mitsubishi et aussi la e-M\u00e9hari, reprenant la voiture de Bollor\u00e9 (Bluesummer) avec un concept de batterie sp\u00e9cifique qui n&#8217;a finalement pas pris d&#8217;ampleur. Demain, la berline compacte C4 viendra rejoindre l&#8217;AMI. <\/p>\n\n\n\n<figure class=\"wp-block-image size-large\"><img loading=\"lazy\" decoding=\"async\" width=\"1024\" height=\"746\" src=\"http:\/\/lignesauto.fr\/wp-content\/uploads\/2020\/08\/Capture-de\u0301cran-2020-08-26-a\u0300-09.14.06-1024x746.png\" alt=\"\" class=\"wp-image-19490\" srcset=\"https:\/\/lignesauto.fr\/wp-content\/uploads\/2020\/08\/Capture-de\u0301cran-2020-08-26-a\u0300-09.14.06-1024x746.png 1024w, https:\/\/lignesauto.fr\/wp-content\/uploads\/2020\/08\/Capture-de\u0301cran-2020-08-26-a\u0300-09.14.06-300x218.png 300w, https:\/\/lignesauto.fr\/wp-content\/uploads\/2020\/08\/Capture-de\u0301cran-2020-08-26-a\u0300-09.14.06-768x559.png 768w, https:\/\/lignesauto.fr\/wp-content\/uploads\/2020\/08\/Capture-de\u0301cran-2020-08-26-a\u0300-09.14.06.png 1417w\" sizes=\"(max-width: 1024px) 100vw, 1024px\" \/><\/figure>\n\n\n\n<p style=\"font-size:18px\">La Citro\u00ebn e-M\u00e9hari est un cabriolet \u00e9lectrique produit par Citro\u00ebn de 2016 \u00e0 2019. Citro\u00ebn a voulu communiquer sur le retour de la nouvelle M\u00e9hari, mais le public n&#8217;est pas na\u00eff&#8230; Et pourtant, son int\u00e9rieur est lavable au jet d&#8217;eau, comme sur la r\u00e9f\u00e9rence n\u00e9e en 1968. Si elle s&#8217;affiche avec une face avant inspir\u00e9e du concept-car C4 Cactus M de 2015, la e-M\u00e9hari a connu une carri\u00e8re assez discr\u00e8te. Ses prix s&#8217;\u00e9chelonnaient de 7000 \u00e0 12500 \u20ac.<\/p>\n\n\n\n<figure class=\"wp-block-image size-large\"><img loading=\"lazy\" decoding=\"async\" width=\"1024\" height=\"770\" src=\"http:\/\/lignesauto.fr\/wp-content\/uploads\/2020\/08\/Capture-de\u0301cran-2020-08-26-a\u0300-09.18.00-1024x770.png\" alt=\"\" class=\"wp-image-19499\" srcset=\"https:\/\/lignesauto.fr\/wp-content\/uploads\/2020\/08\/Capture-de\u0301cran-2020-08-26-a\u0300-09.18.00-1024x770.png 1024w, https:\/\/lignesauto.fr\/wp-content\/uploads\/2020\/08\/Capture-de\u0301cran-2020-08-26-a\u0300-09.18.00-300x226.png 300w, https:\/\/lignesauto.fr\/wp-content\/uploads\/2020\/08\/Capture-de\u0301cran-2020-08-26-a\u0300-09.18.00-768x578.png 768w, https:\/\/lignesauto.fr\/wp-content\/uploads\/2020\/08\/Capture-de\u0301cran-2020-08-26-a\u0300-09.18.00.png 1417w\" sizes=\"(max-width: 1024px) 100vw, 1024px\" \/><\/figure>\n\n\n\n<h2 class=\"wp-block-heading\" id=\"block-b86efeae-f8c4-4e75-b703-06ac4c1817f1\"><strong>La Citro\u00ebn AMI face \u00e0\u2026 la 2CV Herm\u00e8s<\/strong><\/h2>\n\n\n\n<figure class=\"wp-block-image size-large\"><img loading=\"lazy\" decoding=\"async\" width=\"863\" height=\"1024\" src=\"http:\/\/lignesauto.fr\/wp-content\/uploads\/2020\/08\/Capture-de\u0301cran-2020-08-24-a\u0300-22.09.17-863x1024.png\" alt=\"\" class=\"wp-image-19411\" srcset=\"https:\/\/lignesauto.fr\/wp-content\/uploads\/2020\/08\/Capture-de\u0301cran-2020-08-24-a\u0300-22.09.17-863x1024.png 863w, https:\/\/lignesauto.fr\/wp-content\/uploads\/2020\/08\/Capture-de\u0301cran-2020-08-24-a\u0300-22.09.17-253x300.png 253w, https:\/\/lignesauto.fr\/wp-content\/uploads\/2020\/08\/Capture-de\u0301cran-2020-08-24-a\u0300-22.09.17-768x911.png 768w, https:\/\/lignesauto.fr\/wp-content\/uploads\/2020\/08\/Capture-de\u0301cran-2020-08-24-a\u0300-22.09.17-1295x1536.png 1295w, https:\/\/lignesauto.fr\/wp-content\/uploads\/2020\/08\/Capture-de\u0301cran-2020-08-24-a\u0300-22.09.17.png 1417w\" sizes=\"(max-width: 863px) 100vw, 863px\" \/><\/figure>\n\n\n\n<p style=\"font-size:18px\">La 2CV a-t-elle l\u00e9gu\u00e9 un quelconque g\u00e8ne \u00e0 la nouvelle AMI ? Voil\u00e0 de quoi lancer un d\u00e9bat houleux dans lequel LIGNES\/auto n&#8217;entrera pas. Si nous opposons ici l&#8217;AMI \u00e0 la 2CV, c&#8217;est avant tout en prenant le contre-exemple de l&#8217;unique version 2CV Herm\u00e8s avec son int\u00e9rieur cuir, un mat\u00e9riau que l&#8217;on retrouve jusqu&#8217;aux commodos et sur la boule du levier de vitesses. Ses quatre places ach\u00e8vent la petite AMI, alors que le confort de la Deuche finit par l&#8217;enterrer ! <\/p>\n\n\n\n<figure class=\"wp-block-image size-large\"><img loading=\"lazy\" decoding=\"async\" width=\"835\" height=\"1024\" src=\"http:\/\/lignesauto.fr\/wp-content\/uploads\/2020\/08\/Capture-de\u0301cran-2020-08-24-a\u0300-22.10.35-835x1024.png\" alt=\"\" class=\"wp-image-19415\" srcset=\"https:\/\/lignesauto.fr\/wp-content\/uploads\/2020\/08\/Capture-de\u0301cran-2020-08-24-a\u0300-22.10.35-835x1024.png 835w, https:\/\/lignesauto.fr\/wp-content\/uploads\/2020\/08\/Capture-de\u0301cran-2020-08-24-a\u0300-22.10.35-245x300.png 245w, https:\/\/lignesauto.fr\/wp-content\/uploads\/2020\/08\/Capture-de\u0301cran-2020-08-24-a\u0300-22.10.35-768x942.png 768w, https:\/\/lignesauto.fr\/wp-content\/uploads\/2020\/08\/Capture-de\u0301cran-2020-08-24-a\u0300-22.10.35-1252x1536.png 1252w, https:\/\/lignesauto.fr\/wp-content\/uploads\/2020\/08\/Capture-de\u0301cran-2020-08-24-a\u0300-22.10.35.png 1417w\" sizes=\"(max-width: 835px) 100vw, 835px\" \/><\/figure>\n\n\n\n<p style=\"font-size:18px\">Roulez en ville en 2CV Herm\u00e8s, c&#8217;est sans doute le nec plus ultra face \u00e0 l&#8217;AMI biplace dont le confort n&#8217;est pas la premi\u00e8re des qualit\u00e9s. <strong>Mais l&#8217;ultime Citro\u00ebn de mobilit\u00e9 urbaine n&#8217;est-elle pas une 2CV Herm\u00e8s \u00e9lectrique ?<\/strong><\/p>\n\n\n\n<figure class=\"wp-block-image\" id=\"block-2f4e9c82-3604-4902-8463-ed60ca256bf7\"><img decoding=\"async\" src=\"http:\/\/lignesauto.fr\/wp-content\/uploads\/2020\/08\/AMI_112-1024x576.jpg\" alt=\"L\u2019attribut alt de cette image est vide, son nom de fichier est AMI_112-1024x576.jpg.\"\/><\/figure>\n\n\n\n<figure class=\"wp-block-image is-resized\"><img loading=\"lazy\" decoding=\"async\" src=\"http:\/\/lignesauto.fr\/wp-content\/uploads\/2018\/10\/LOGOActus_BD-1024x367.jpg\" alt=\"L\u2019attribut alt de cette image est vide, son nom de fichier est LOGOActus_BD-1024x367.jpg.\" width=\"560\" height=\"200\"\/><\/figure>\n\n\n\n<p><\/p>\n","protected":false},"excerpt":{"rendered":"<p>La Citro\u00ebn AMI face \u00e0\u2026 elle m\u00eame Toute nue (en haut) l&#8217;AMI ne satisfera personne. Contrairement \u00e0 la vue ci-dessus qui repr\u00e9sente deux variantes de l&#8217;AMI diff\u00e9remment \u00e9clair\u00e9es, la petite Citro\u00ebn n&#8217;existe qu&#8217;en une seule couleur : un bleu-gris passe-partout. La version AMI-AMI tout en haut, d\u00e9nu\u00e9e d&#8217;enjoliveur, de sticker [&hellip;]<\/p>\n","protected":false},"author":1,"featured_media":19497,"comment_status":"open","ping_status":"open","sticky":false,"template":"","format":"standard","meta":{"footnotes":""},"categories":[1],"tags":[],"_links":{"self":[{"href":"https:\/\/lignesauto.fr\/index.php?rest_route=\/wp\/v2\/posts\/19461"}],"collection":[{"href":"https:\/\/lignesauto.fr\/index.php?rest_route=\/wp\/v2\/posts"}],"about":[{"href":"https:\/\/lignesauto.fr\/index.php?rest_route=\/wp\/v2\/types\/post"}],"author":[{"embeddable":true,"href":"https:\/\/lignesauto.fr\/index.php?rest_route=\/wp\/v2\/users\/1"}],"replies":[{"embeddable":true,"href":"https:\/\/lignesauto.fr\/index.php?rest_route=%2Fwp%2Fv2%2Fcomments&post=19461"}],"version-history":[{"count":47,"href":"https:\/\/lignesauto.fr\/index.php?rest_route=\/wp\/v2\/posts\/19461\/revisions"}],"predecessor-version":[{"id":19573,"href":"https:\/\/lignesauto.fr\/index.php?rest_route=\/wp\/v2\/posts\/19461\/revisions\/19573"}],"wp:featuredmedia":[{"embeddable":true,"href":"https:\/\/lignesauto.fr\/index.php?rest_route=\/wp\/v2\/media\/19497"}],"wp:attachment":[{"href":"https:\/\/lignesauto.fr\/index.php?rest_route=%2Fwp%2Fv2%2Fmedia&parent=19461"}],"wp:term":[{"taxonomy":"category","embeddable":true,"href":"https:\/\/lignesauto.fr\/index.php?rest_route=%2Fwp%2Fv2%2Fcategories&post=19461"},{"taxonomy":"post_tag","embeddable":true,"href":"https:\/\/lignesauto.fr\/index.php?rest_route=%2Fwp%2Fv2%2Ftags&post=19461"}],"curies":[{"name":"wp","href":"https:\/\/api.w.org\/{rel}","templated":true}]}}