{"id":19605,"date":"2020-09-10T05:06:00","date_gmt":"2020-09-10T03:06:00","guid":{"rendered":"http:\/\/lignesauto.fr\/?p=19605"},"modified":"2020-09-10T07:15:33","modified_gmt":"2020-09-10T05:15:33","slug":"mercedes-classe-s-le-coup-du-massage-tibetain","status":"publish","type":"post","link":"https:\/\/lignesauto.fr\/?p=19605","title":{"rendered":"Mercedes Classe S : le coup du massage tib\u00e9tain !"},"content":{"rendered":"\n<figure class=\"wp-block-image size-large is-resized\"><img loading=\"lazy\" decoding=\"async\" src=\"http:\/\/lignesauto.fr\/wp-content\/uploads\/2018\/10\/LOGOActus_BD-1024x367.jpg\" alt=\"\" class=\"wp-image-4921\" width=\"448\" height=\"160\" srcset=\"https:\/\/lignesauto.fr\/wp-content\/uploads\/2018\/10\/LOGOActus_BD-1024x367.jpg 1024w, https:\/\/lignesauto.fr\/wp-content\/uploads\/2018\/10\/LOGOActus_BD-300x108.jpg 300w, https:\/\/lignesauto.fr\/wp-content\/uploads\/2018\/10\/LOGOActus_BD-768x276.jpg 768w, https:\/\/lignesauto.fr\/wp-content\/uploads\/2018\/10\/LOGOActus_BD-370x133.jpg 370w, https:\/\/lignesauto.fr\/wp-content\/uploads\/2018\/10\/LOGOActus_BD-1040x373.jpg 1040w, https:\/\/lignesauto.fr\/wp-content\/uploads\/2018\/10\/LOGOActus_BD.jpg 1240w\" sizes=\"(max-width: 448px) 100vw, 448px\" \/><\/figure>\n\n\n\n<p style=\"font-size:18px\">Voici la nouvelle g\u00e9n\u00e9ration de Mercedes Classe S. Est-ce le &#8220;toujours plus&#8221; avec elle ? Oui, toujours plus de confort, de s\u00e9curit\u00e9, de connectivit\u00e9, mais heureusement, habill\u00e9 d&#8217;un style plut\u00f4t sage !<\/p>\n\n\n\n<figure class=\"wp-block-image size-large\"><img loading=\"lazy\" decoding=\"async\" width=\"1024\" height=\"683\" src=\"http:\/\/lignesauto.fr\/wp-content\/uploads\/2020\/09\/20C0404_126-1024x683.jpg\" alt=\"\" class=\"wp-image-19631\" srcset=\"https:\/\/lignesauto.fr\/wp-content\/uploads\/2020\/09\/20C0404_126-1024x683.jpg 1024w, https:\/\/lignesauto.fr\/wp-content\/uploads\/2020\/09\/20C0404_126-300x200.jpg 300w, https:\/\/lignesauto.fr\/wp-content\/uploads\/2020\/09\/20C0404_126-768x512.jpg 768w, https:\/\/lignesauto.fr\/wp-content\/uploads\/2020\/09\/20C0404_126.jpg 1417w\" sizes=\"(max-width: 1024px) 100vw, 1024px\" \/><\/figure>\n\n\n\n<p style=\"font-size:18px\">La d\u00e9signation \u00ab Classe S \u00bb a \u00e9t\u00e9 officiellement introduite en 1972, avec la s\u00e9rie 116. Ces dix derni\u00e8res ann\u00e9es, la Classe S Berline a \u00e9t\u00e9 particuli\u00e8rement appr\u00e9ci\u00e9e en Chine, aux \u00c9tats-Unis, en Cor\u00e9e du Sud et en Allemagne. La nouvelle g\u00e9n\u00e9ration 2021 se devait donc de satisfaire prioritairement ces clients.<\/p>\n\n\n\n<figure class=\"wp-block-image size-large\"><img loading=\"lazy\" decoding=\"async\" width=\"1024\" height=\"683\" src=\"http:\/\/lignesauto.fr\/wp-content\/uploads\/2020\/09\/20C0417_009-1024x683.jpg\" alt=\"\" class=\"wp-image-19607\" srcset=\"https:\/\/lignesauto.fr\/wp-content\/uploads\/2020\/09\/20C0417_009-1024x683.jpg 1024w, https:\/\/lignesauto.fr\/wp-content\/uploads\/2020\/09\/20C0417_009-300x200.jpg 300w, https:\/\/lignesauto.fr\/wp-content\/uploads\/2020\/09\/20C0417_009-768x512.jpg 768w, https:\/\/lignesauto.fr\/wp-content\/uploads\/2020\/09\/20C0417_009.jpg 1417w\" sizes=\"(max-width: 1024px) 100vw, 1024px\" \/><\/figure>\n\n\n\n<p style=\"font-size:18px\">Surprise, son design s\u2019est calm\u00e9 et sa fluidit\u00e9 va m\u00eame jusqu\u2019\u00e0 nous surprendre. Avec son porte-\u00e0-faux avant tr\u00e8s court, son bon \u00e9quilibre des masses (facile sur une voiture de plus de 5 m), le style de la Classe S est d\u00e9sormais bien plus fluide qu\u2019auparavant.<\/p>\n\n\n\n<figure class=\"wp-block-image size-large\"><img loading=\"lazy\" decoding=\"async\" width=\"1024\" height=\"683\" src=\"http:\/\/lignesauto.fr\/wp-content\/uploads\/2020\/09\/20C0417_004-1024x683.jpg\" alt=\"\" class=\"wp-image-19609\" srcset=\"https:\/\/lignesauto.fr\/wp-content\/uploads\/2020\/09\/20C0417_004-1024x683.jpg 1024w, https:\/\/lignesauto.fr\/wp-content\/uploads\/2020\/09\/20C0417_004-300x200.jpg 300w, https:\/\/lignesauto.fr\/wp-content\/uploads\/2020\/09\/20C0417_004-768x512.jpg 768w, https:\/\/lignesauto.fr\/wp-content\/uploads\/2020\/09\/20C0417_004.jpg 1417w\" sizes=\"(max-width: 1024px) 100vw, 1024px\" \/><\/figure>\n\n\n\n<p style=\"font-size:18px\">La face avant ne s\u2019embarrasse pas de lignes et de volumes complexes, elle est sobre, simplement nantie d\u2019une calandre \u00e9norme sur laquelle son implant\u00e9s les diff\u00e9rents radars de conduite assist\u00e9e. Cette verrue au milieu du nez surprend.<\/p>\n\n\n\n<figure class=\"wp-block-image size-large\"><img loading=\"lazy\" decoding=\"async\" width=\"1024\" height=\"683\" src=\"http:\/\/lignesauto.fr\/wp-content\/uploads\/2020\/09\/20C0417_006-1024x683.jpg\" alt=\"\" class=\"wp-image-19610\" srcset=\"https:\/\/lignesauto.fr\/wp-content\/uploads\/2020\/09\/20C0417_006-1024x683.jpg 1024w, https:\/\/lignesauto.fr\/wp-content\/uploads\/2020\/09\/20C0417_006-300x200.jpg 300w, https:\/\/lignesauto.fr\/wp-content\/uploads\/2020\/09\/20C0417_006-768x512.jpg 768w, https:\/\/lignesauto.fr\/wp-content\/uploads\/2020\/09\/20C0417_006.jpg 1417w\" sizes=\"(max-width: 1024px) 100vw, 1024px\" \/><\/figure>\n\n\n\n<p style=\"font-size:18px\">Pour le reste, et compar\u00e9 \u00e0 la grande Audi A8 ci-dessous, la Mercedes s\u2019av\u00e8re plus simple en trait\u00e9 de style que ses concurrentes. Elle dispose d&#8217;un porte-\u00e0-faux avant plus contenu.<\/p>\n\n\n\n<figure class=\"wp-block-image size-large\"><img loading=\"lazy\" decoding=\"async\" width=\"1024\" height=\"712\" src=\"http:\/\/lignesauto.fr\/wp-content\/uploads\/2020\/09\/1-1024x712.png\" alt=\"\" class=\"wp-image-19608\" srcset=\"https:\/\/lignesauto.fr\/wp-content\/uploads\/2020\/09\/1-1024x712.png 1024w, https:\/\/lignesauto.fr\/wp-content\/uploads\/2020\/09\/1-300x209.png 300w, https:\/\/lignesauto.fr\/wp-content\/uploads\/2020\/09\/1-768x534.png 768w, https:\/\/lignesauto.fr\/wp-content\/uploads\/2020\/09\/1.png 1417w\" sizes=\"(max-width: 1024px) 100vw, 1024px\" \/><\/figure>\n\n\n\n<p style=\"font-size:18px\">\u00ab La Classe S est la berline de luxe la plus vendue au monde. Avec la toute nouvelle g\u00e9n\u00e9ration, nous voulons offrir \u00e0 nos clients innovation, s\u00e9curit\u00e9, confort et qualit\u00e9 dans des proportions encore in\u00e9dites \u00bb, souligne Ola K\u00e4llenius, pr\u00e9sident du directoire de Daimler AG et Mercedes-Benz AG.<\/p>\n\n\n\n<figure class=\"wp-block-image size-large\"><img loading=\"lazy\" decoding=\"async\" width=\"1024\" height=\"683\" src=\"http:\/\/lignesauto.fr\/wp-content\/uploads\/2020\/09\/20C0472_001-1024x683.jpg\" alt=\"\" class=\"wp-image-19613\" srcset=\"https:\/\/lignesauto.fr\/wp-content\/uploads\/2020\/09\/20C0472_001-1024x683.jpg 1024w, https:\/\/lignesauto.fr\/wp-content\/uploads\/2020\/09\/20C0472_001-300x200.jpg 300w, https:\/\/lignesauto.fr\/wp-content\/uploads\/2020\/09\/20C0472_001-768x512.jpg 768w, https:\/\/lignesauto.fr\/wp-content\/uploads\/2020\/09\/20C0472_001.jpg 1417w\" sizes=\"(max-width: 1024px) 100vw, 1024px\" \/><\/figure>\n\n\n\n<p style=\"font-size:18px\">La nouvelle Classe S peut d\u00e9sormais \u00eatre command\u00e9e en Allemagne et arrivera chez les concessionnaires en d\u00e9cembre 2020.<\/p>\n\n\n\n<figure class=\"wp-block-image size-large\"><img loading=\"lazy\" decoding=\"async\" width=\"1024\" height=\"683\" src=\"http:\/\/lignesauto.fr\/wp-content\/uploads\/2020\/09\/20C0369_050-1024x683.jpg\" alt=\"\" class=\"wp-image-19614\" srcset=\"https:\/\/lignesauto.fr\/wp-content\/uploads\/2020\/09\/20C0369_050-1024x683.jpg 1024w, https:\/\/lignesauto.fr\/wp-content\/uploads\/2020\/09\/20C0369_050-300x200.jpg 300w, https:\/\/lignesauto.fr\/wp-content\/uploads\/2020\/09\/20C0369_050-768x512.jpg 768w, https:\/\/lignesauto.fr\/wp-content\/uploads\/2020\/09\/20C0369_050.jpg 1417w\" sizes=\"(max-width: 1024px) 100vw, 1024px\" \/><\/figure>\n\n\n\n<p style=\"font-size:18px\">Nous ne parlerons pas de technologie, mais plut\u00f4t des innovations de confort et de s\u00e9curit\u00e9. Car la Classe S se pr\u00e9occupe avant-tout du bien-\u00eatre de ses occupants. Et pour eux, en ces temps o\u00f9 il est difficile de respirer avec le masque (&nbsp;!), la Classe S se dote d\u2019un filtrage in\u00e9dit de l&#8217;air, r\u00e9f\u00e9renc\u00e9 sous le nom d\u2019ENERGIZING AIR CONTROL.<\/p>\n\n\n\n<figure class=\"wp-block-image size-large\"><img loading=\"lazy\" decoding=\"async\" width=\"1024\" height=\"576\" src=\"http:\/\/lignesauto.fr\/wp-content\/uploads\/2020\/09\/20C0417_029-1024x576.jpg\" alt=\"\" class=\"wp-image-19615\" srcset=\"https:\/\/lignesauto.fr\/wp-content\/uploads\/2020\/09\/20C0417_029-1024x576.jpg 1024w, https:\/\/lignesauto.fr\/wp-content\/uploads\/2020\/09\/20C0417_029-300x169.jpg 300w, https:\/\/lignesauto.fr\/wp-content\/uploads\/2020\/09\/20C0417_029-768x432.jpg 768w, https:\/\/lignesauto.fr\/wp-content\/uploads\/2020\/09\/20C0417_029.jpg 1417w\" sizes=\"(max-width: 1024px) 100vw, 1024px\" \/><\/figure>\n\n\n\n<p style=\"font-size:18px\">On peut \u00e9crire que la Classe S allie l&#8217;intelligence artificielle et l&#8217;exp\u00e9rience de 135 ans de technique automobile. Le MBUX (Mercedes-Benz User Experience) de la nouvelle Classe S inaugure une deuxi\u00e8me g\u00e9n\u00e9ration avec notamment la nouvelle dalle num\u00e9rique 3D face au conducteur qui permet un affichage 3D semblable \u00e0 celui d\u2019un long m\u00e9trage cin\u00e9matographique sans porter de lunettes. Une cam\u00e9ra suit le mouvement de vos yeux pour offrir le bon effet de profondeur au bon moment. C\u2019est un spectacle \u00e0 lui tout seul. Par ailleurs, deux affichages t\u00eate haute sont propos\u00e9s en option. Le plus grand permet d&#8217;afficher des contenus de r\u00e9alit\u00e9 augment\u00e9e.<\/p>\n\n\n\n<figure class=\"wp-block-image size-large\"><img loading=\"lazy\" decoding=\"async\" width=\"1024\" height=\"683\" src=\"http:\/\/lignesauto.fr\/wp-content\/uploads\/2020\/09\/20C0358_244-1024x683.jpg\" alt=\"\" class=\"wp-image-19616\" srcset=\"https:\/\/lignesauto.fr\/wp-content\/uploads\/2020\/09\/20C0358_244-1024x683.jpg 1024w, https:\/\/lignesauto.fr\/wp-content\/uploads\/2020\/09\/20C0358_244-300x200.jpg 300w, https:\/\/lignesauto.fr\/wp-content\/uploads\/2020\/09\/20C0358_244-768x512.jpg 768w, https:\/\/lignesauto.fr\/wp-content\/uploads\/2020\/09\/20C0358_244.jpg 1417w\" sizes=\"(max-width: 1024px) 100vw, 1024px\" \/><\/figure>\n\n\n\n<p style=\"font-size:18px\">Gr\u00e2ce \u00e0 des cam\u00e9ras \u00e9galement situ\u00e9es dans pavillon, et \u00e0 des algorithmes \u00e9volutifs, l&#8217;assistant int\u00e9rieur MBUX peut interpr\u00e9ter l&#8217;orientation de la t\u00eate, les mouvements des mains et le langage corporel pour r\u00e9agir sur les fonctions du v\u00e9hicule correspondantes. Par exemple, si le conducteur tourne la t\u00eate vers l\u2019arri\u00e8re, le rideau occultant de la lunette va se relever automatiquement&#8230;<\/p>\n\n\n\n<figure class=\"wp-block-image size-large\"><img loading=\"lazy\" decoding=\"async\" width=\"1024\" height=\"768\" src=\"http:\/\/lignesauto.fr\/wp-content\/uploads\/2020\/09\/20C0431_002-1024x768.jpg\" alt=\"\" class=\"wp-image-19617\" srcset=\"https:\/\/lignesauto.fr\/wp-content\/uploads\/2020\/09\/20C0431_002-1024x768.jpg 1024w, https:\/\/lignesauto.fr\/wp-content\/uploads\/2020\/09\/20C0431_002-300x225.jpg 300w, https:\/\/lignesauto.fr\/wp-content\/uploads\/2020\/09\/20C0431_002-768x576.jpg 768w, https:\/\/lignesauto.fr\/wp-content\/uploads\/2020\/09\/20C0431_002.jpg 1417w\" sizes=\"(max-width: 1024px) 100vw, 1024px\" \/><\/figure>\n\n\n\n<p style=\"font-size:18px\">Au deuxi\u00e8me semestre 2021, la Classe S devrait pouvoir rouler avec un niveau de d\u00e9l\u00e9gation de conduite de niveau 3 gr\u00e2ce au nouveau DRIVE PILOT en cas de trafic dense ou d&#8217;embouteillages, notamment sur les tron\u00e7ons d&#8217;autoroutes allemandes appropri\u00e9s.<\/p>\n\n\n\n<figure class=\"wp-block-image size-large\"><img loading=\"lazy\" decoding=\"async\" width=\"1024\" height=\"683\" src=\"http:\/\/lignesauto.fr\/wp-content\/uploads\/2020\/09\/20C0358_100-1024x683.jpg\" alt=\"\" class=\"wp-image-19618\" srcset=\"https:\/\/lignesauto.fr\/wp-content\/uploads\/2020\/09\/20C0358_100-1024x683.jpg 1024w, https:\/\/lignesauto.fr\/wp-content\/uploads\/2020\/09\/20C0358_100-300x200.jpg 300w, https:\/\/lignesauto.fr\/wp-content\/uploads\/2020\/09\/20C0358_100-768x512.jpg 768w, https:\/\/lignesauto.fr\/wp-content\/uploads\/2020\/09\/20C0358_100.jpg 1417w\" sizes=\"(max-width: 1024px) 100vw, 1024px\" \/><\/figure>\n\n\n\n<p style=\"font-size:18px\">C\u00f4t\u00e9 confort, la Classe S vous g\u00e2te&nbsp;avec cinq variantes de si\u00e8ges arri\u00e8re permettant de personnaliser la configuration. Les si\u00e8ges avant peuvent recevoir jusqu\u2019\u00e0 19 moteurs. La nouvelle limousine propose \u00e9galement dix programmes de massage. Ceux-ci utilisent les moteurs \u00e0 vibrations et peuvent accentuer l\u2019effet de massage par un apport de chaleur.<\/p>\n\n\n\n<figure class=\"wp-block-image size-large\"><img loading=\"lazy\" decoding=\"async\" width=\"1024\" height=\"683\" src=\"http:\/\/lignesauto.fr\/wp-content\/uploads\/2020\/09\/20C0404_121-1024x683.jpg\" alt=\"\" class=\"wp-image-19633\" srcset=\"https:\/\/lignesauto.fr\/wp-content\/uploads\/2020\/09\/20C0404_121-1024x683.jpg 1024w, https:\/\/lignesauto.fr\/wp-content\/uploads\/2020\/09\/20C0404_121-300x200.jpg 300w, https:\/\/lignesauto.fr\/wp-content\/uploads\/2020\/09\/20C0404_121-768x512.jpg 768w, https:\/\/lignesauto.fr\/wp-content\/uploads\/2020\/09\/20C0404_121.jpg 1417w\" sizes=\"(max-width: 1024px) 100vw, 1024px\" \/><\/figure>\n\n\n\n<p style=\"font-size:18px\">Encore plus fort&nbsp;pour votre massage : les si\u00e8ges peuvent transmettre les vibrations du syst\u00e8me de sonorisation \u2018surround 4D\u2019 Burmester<sup>\u00ae<\/sup>. Les sons graves sont ainsi clairement perceptibles. La restitution directe des bruits de r\u00e9sonance dans les si\u00e8ges compl\u00e8te l&#8217;exp\u00e9rience auditive tridimensionnelle avec un niveau suppl\u00e9mentaire \u2013 le son 4D, inspir\u00e9 dixit Mercedes \u00ab&nbsp;du massage sonore aux bols tib\u00e9tains.&nbsp;\u00bb L&#8217;intensit\u00e9 perceptible du son peut \u00eatre r\u00e9gl\u00e9e individuellement pour chaque si\u00e8ge.<\/p>\n\n\n\n<figure class=\"wp-block-image size-large\"><img loading=\"lazy\" decoding=\"async\" width=\"1024\" height=\"681\" src=\"http:\/\/lignesauto.fr\/wp-content\/uploads\/2020\/09\/20C0377_008-1024x681.jpg\" alt=\"\" class=\"wp-image-19619\" srcset=\"https:\/\/lignesauto.fr\/wp-content\/uploads\/2020\/09\/20C0377_008-1024x681.jpg 1024w, https:\/\/lignesauto.fr\/wp-content\/uploads\/2020\/09\/20C0377_008-300x200.jpg 300w, https:\/\/lignesauto.fr\/wp-content\/uploads\/2020\/09\/20C0377_008-768x511.jpg 768w, https:\/\/lignesauto.fr\/wp-content\/uploads\/2020\/09\/20C0377_008.jpg 1417w\" sizes=\"(max-width: 1024px) 100vw, 1024px\" \/><\/figure>\n\n\n\n<p style=\"font-size:18px\">C\u00f4t\u00e9 technique, notons que les roues directrices arri\u00e8re (ci-dessus) sont en option qu\u2019il faut conseiller car l\u2019angle de braquage de 10\u00b0 maxi porte la maniabilit\u00e9 en ville au niveau d&#8217;une voiture compacte. Le diam\u00e8tre de braquage est alors r\u00e9duit de 2 m.<\/p>\n\n\n\n<p style=\"font-size:18px\">Au chapitre s\u00e9curit\u00e9, Mercedes a mis le paquet&nbsp;! La nouvelle fonction de PRE-SAFE<sup>\u00ae<\/sup> Impulse (optionnelle) vous prot\u00e8ge en cas de risque imminent de choc lat\u00e9ral. La carrosserie peut \u00eatre soulev\u00e9e en quelques dixi\u00e8mes de seconde de 8 cm (ci-dessous) permettant aux bas de caisse de mieux dissiper la force d\u2019impact dans le soubassement et non pas dans le seules porti\u00e8res.<\/p>\n\n\n\n<figure class=\"wp-block-image size-large\"><img loading=\"lazy\" decoding=\"async\" width=\"1024\" height=\"683\" src=\"http:\/\/lignesauto.fr\/wp-content\/uploads\/2020\/09\/20C0377_014-1024x683.jpg\" alt=\"\" class=\"wp-image-19623\" srcset=\"https:\/\/lignesauto.fr\/wp-content\/uploads\/2020\/09\/20C0377_014-1024x683.jpg 1024w, https:\/\/lignesauto.fr\/wp-content\/uploads\/2020\/09\/20C0377_014-300x200.jpg 300w, https:\/\/lignesauto.fr\/wp-content\/uploads\/2020\/09\/20C0377_014-768x512.jpg 768w, https:\/\/lignesauto.fr\/wp-content\/uploads\/2020\/09\/20C0377_014.jpg 1417w\" sizes=\"(max-width: 1024px) 100vw, 1024px\" \/><\/figure>\n\n\n\n<p style=\"font-size:18px\">A noter \u00e9galement la pr\u00e9sence d\u2019airbags pour les passagers arri\u00e8re et un autre, implant\u00e9 dans le c\u00f4t\u00e9 droit du dossier du si\u00e8ge conducteur qui se d\u00e9ploie en cas de choc lat\u00e9ral et \u00e9vite aux t\u00eates des deux occupants avant de s\u2019entrechoquer.<\/p>\n\n\n\n<figure class=\"wp-block-image size-large\"><img loading=\"lazy\" decoding=\"async\" width=\"1024\" height=\"683\" src=\"http:\/\/lignesauto.fr\/wp-content\/uploads\/2020\/09\/20C0358_232-1024x683.jpg\" alt=\"\" class=\"wp-image-19620\" srcset=\"https:\/\/lignesauto.fr\/wp-content\/uploads\/2020\/09\/20C0358_232-1024x683.jpg 1024w, https:\/\/lignesauto.fr\/wp-content\/uploads\/2020\/09\/20C0358_232-300x200.jpg 300w, https:\/\/lignesauto.fr\/wp-content\/uploads\/2020\/09\/20C0358_232-768x512.jpg 768w, https:\/\/lignesauto.fr\/wp-content\/uploads\/2020\/09\/20C0358_232.jpg 1417w\" sizes=\"(max-width: 1024px) 100vw, 1024px\" \/><\/figure>\n\n\n\n<p style=\"font-size:18px\">Comme toujours, Mercedes propose ses innovations en option. M\u00eame les poign\u00e9es de portes r\u00e9tractables (ci-dessus) sont en option sur certaines versions alors qu\u2019elles sont de s\u00e9rie sur une DS3 Crossback&nbsp;!<\/p>\n\n\n\n<figure class=\"wp-block-image size-large\"><img loading=\"lazy\" decoding=\"async\" width=\"1024\" height=\"683\" src=\"http:\/\/lignesauto.fr\/wp-content\/uploads\/2020\/09\/20C0417_003-1024x683.jpg\" alt=\"\" class=\"wp-image-19621\" srcset=\"https:\/\/lignesauto.fr\/wp-content\/uploads\/2020\/09\/20C0417_003-1024x683.jpg 1024w, https:\/\/lignesauto.fr\/wp-content\/uploads\/2020\/09\/20C0417_003-300x200.jpg 300w, https:\/\/lignesauto.fr\/wp-content\/uploads\/2020\/09\/20C0417_003-768x512.jpg 768w, https:\/\/lignesauto.fr\/wp-content\/uploads\/2020\/09\/20C0417_003.jpg 1417w\" sizes=\"(max-width: 1024px) 100vw, 1024px\" \/><\/figure>\n\n\n\n<p style=\"font-size:18px\">A son lancement, la nouvelle Classe S sera propos\u00e9e avec des six cylindres en ligne en version essence et diesel dans diff\u00e9rents niveaux de puissance.<\/p>\n\n\n\n<figure class=\"wp-block-image size-large\"><img loading=\"lazy\" decoding=\"async\" width=\"1024\" height=\"277\" src=\"http:\/\/lignesauto.fr\/wp-content\/uploads\/2020\/09\/Capture-de\u0301cran-2020-09-03-a\u0300-16.18.27-1024x277.png\" alt=\"\" class=\"wp-image-19625\" srcset=\"https:\/\/lignesauto.fr\/wp-content\/uploads\/2020\/09\/Capture-de\u0301cran-2020-09-03-a\u0300-16.18.27-1024x277.png 1024w, https:\/\/lignesauto.fr\/wp-content\/uploads\/2020\/09\/Capture-de\u0301cran-2020-09-03-a\u0300-16.18.27-300x81.png 300w, https:\/\/lignesauto.fr\/wp-content\/uploads\/2020\/09\/Capture-de\u0301cran-2020-09-03-a\u0300-16.18.27-768x208.png 768w, https:\/\/lignesauto.fr\/wp-content\/uploads\/2020\/09\/Capture-de\u0301cran-2020-09-03-a\u0300-16.18.27.png 1417w\" sizes=\"(max-width: 1024px) 100vw, 1024px\" \/><\/figure>\n\n\n\n<figure class=\"wp-block-image size-large\"><img loading=\"lazy\" decoding=\"async\" width=\"1024\" height=\"768\" src=\"http:\/\/lignesauto.fr\/wp-content\/uploads\/2020\/09\/20C0432_006-1024x768.jpg\" alt=\"\" class=\"wp-image-19627\" srcset=\"https:\/\/lignesauto.fr\/wp-content\/uploads\/2020\/09\/20C0432_006-1024x768.jpg 1024w, https:\/\/lignesauto.fr\/wp-content\/uploads\/2020\/09\/20C0432_006-300x225.jpg 300w, https:\/\/lignesauto.fr\/wp-content\/uploads\/2020\/09\/20C0432_006-768x576.jpg 768w, https:\/\/lignesauto.fr\/wp-content\/uploads\/2020\/09\/20C0432_006.jpg 1417w\" sizes=\"(max-width: 1024px) 100vw, 1024px\" \/><\/figure>\n\n\n\n<p style=\"font-size:18px\">Un moteur V8 avec alterno-d\u00e9marreur (ISG) int\u00e9gr\u00e9 de 48 V sera disponible peu apr\u00e8s. En 2021 suivra un mod\u00e8le hybride rechargeable avec autonomie 100 % \u00e9lectrique de pr\u00e8s de 100&nbsp;kilom\u00e8tres (ci-dessous).<\/p>\n\n\n\n<figure class=\"wp-block-image size-large\"><img loading=\"lazy\" decoding=\"async\" width=\"1024\" height=\"683\" src=\"http:\/\/lignesauto.fr\/wp-content\/uploads\/2020\/09\/20C0404_114-1024x683.jpg\" alt=\"\" class=\"wp-image-19622\" srcset=\"https:\/\/lignesauto.fr\/wp-content\/uploads\/2020\/09\/20C0404_114-1024x683.jpg 1024w, https:\/\/lignesauto.fr\/wp-content\/uploads\/2020\/09\/20C0404_114-300x200.jpg 300w, https:\/\/lignesauto.fr\/wp-content\/uploads\/2020\/09\/20C0404_114-768x512.jpg 768w, https:\/\/lignesauto.fr\/wp-content\/uploads\/2020\/09\/20C0404_114.jpg 1417w\" sizes=\"(max-width: 1024px) 100vw, 1024px\" \/><\/figure>\n\n\n\n<figure class=\"wp-block-image size-large\"><img loading=\"lazy\" decoding=\"async\" width=\"1024\" height=\"620\" src=\"http:\/\/lignesauto.fr\/wp-content\/uploads\/2020\/09\/Capture-de\u0301cran-2020-09-03-a\u0300-16.17.57-1024x620.png\" alt=\"\" class=\"wp-image-19626\" srcset=\"https:\/\/lignesauto.fr\/wp-content\/uploads\/2020\/09\/Capture-de\u0301cran-2020-09-03-a\u0300-16.17.57-1024x620.png 1024w, https:\/\/lignesauto.fr\/wp-content\/uploads\/2020\/09\/Capture-de\u0301cran-2020-09-03-a\u0300-16.17.57-300x182.png 300w, https:\/\/lignesauto.fr\/wp-content\/uploads\/2020\/09\/Capture-de\u0301cran-2020-09-03-a\u0300-16.17.57-768x465.png 768w, https:\/\/lignesauto.fr\/wp-content\/uploads\/2020\/09\/Capture-de\u0301cran-2020-09-03-a\u0300-16.17.57.png 1417w\" sizes=\"(max-width: 1024px) 100vw, 1024px\" \/><\/figure>\n\n\n\n<figure class=\"wp-block-image is-resized\"><img loading=\"lazy\" decoding=\"async\" src=\"http:\/\/lignesauto.fr\/wp-content\/uploads\/2018\/10\/LOGOActus_BD-1024x367.jpg\" alt=\"L\u2019attribut alt de cette image est vide, son nom de fichier est LOGOActus_BD-1024x367.jpg.\" width=\"541\" height=\"193\"\/><\/figure>\n","protected":false},"excerpt":{"rendered":"<p>Voici la nouvelle g\u00e9n\u00e9ration de Mercedes Classe S. Est-ce le &#8220;toujours plus&#8221; avec elle ? Oui, toujours plus de confort, de s\u00e9curit\u00e9, de connectivit\u00e9, mais heureusement, habill\u00e9 d&#8217;un style plut\u00f4t sage ! La d\u00e9signation \u00ab Classe S \u00bb a \u00e9t\u00e9 officiellement introduite en 1972, avec la s\u00e9rie 116. Ces dix [&hellip;]<\/p>\n","protected":false},"author":1,"featured_media":19630,"comment_status":"open","ping_status":"open","sticky":false,"template":"","format":"standard","meta":{"footnotes":""},"categories":[1],"tags":[],"_links":{"self":[{"href":"https:\/\/lignesauto.fr\/index.php?rest_route=\/wp\/v2\/posts\/19605"}],"collection":[{"href":"https:\/\/lignesauto.fr\/index.php?rest_route=\/wp\/v2\/posts"}],"about":[{"href":"https:\/\/lignesauto.fr\/index.php?rest_route=\/wp\/v2\/types\/post"}],"author":[{"embeddable":true,"href":"https:\/\/lignesauto.fr\/index.php?rest_route=\/wp\/v2\/users\/1"}],"replies":[{"embeddable":true,"href":"https:\/\/lignesauto.fr\/index.php?rest_route=%2Fwp%2Fv2%2Fcomments&post=19605"}],"version-history":[{"count":10,"href":"https:\/\/lignesauto.fr\/index.php?rest_route=\/wp\/v2\/posts\/19605\/revisions"}],"predecessor-version":[{"id":19646,"href":"https:\/\/lignesauto.fr\/index.php?rest_route=\/wp\/v2\/posts\/19605\/revisions\/19646"}],"wp:featuredmedia":[{"embeddable":true,"href":"https:\/\/lignesauto.fr\/index.php?rest_route=\/wp\/v2\/media\/19630"}],"wp:attachment":[{"href":"https:\/\/lignesauto.fr\/index.php?rest_route=%2Fwp%2Fv2%2Fmedia&parent=19605"}],"wp:term":[{"taxonomy":"category","embeddable":true,"href":"https:\/\/lignesauto.fr\/index.php?rest_route=%2Fwp%2Fv2%2Fcategories&post=19605"},{"taxonomy":"post_tag","embeddable":true,"href":"https:\/\/lignesauto.fr\/index.php?rest_route=%2Fwp%2Fv2%2Ftags&post=19605"}],"curies":[{"name":"wp","href":"https:\/\/api.w.org\/{rel}","templated":true}]}}