{"id":19649,"date":"2020-09-10T06:25:00","date_gmt":"2020-09-10T04:25:00","guid":{"rendered":"http:\/\/lignesauto.fr\/?p=19649"},"modified":"2020-09-10T07:16:26","modified_gmt":"2020-09-10T05:16:26","slug":"factory-56-lusine-4-0-de-mercedes-a-730-millions-deuros-video","status":"publish","type":"post","link":"https:\/\/lignesauto.fr\/?p=19649","title":{"rendered":"Factory 56 : l&#8217;usine 4.0 de Mercedes \u00e0 730 millions d&#8217;euros &#8211; VID\u00c9O"},"content":{"rendered":"\n<figure class=\"wp-block-image is-resized\"><img loading=\"lazy\" decoding=\"async\" src=\"http:\/\/lignesauto.fr\/wp-content\/uploads\/2018\/10\/LOGOActus_BD-1024x367.jpg\" alt=\"L\u2019attribut alt de cette image est vide, son nom de fichier est LOGOActus_BD-1024x367.jpg.\" width=\"454\" height=\"162\"\/><\/figure>\n\n\n\n<figure class=\"wp-block-image size-large\"><img loading=\"lazy\" decoding=\"async\" width=\"1024\" height=\"627\" src=\"http:\/\/lignesauto.fr\/wp-content\/uploads\/2020\/09\/10-1024x627.jpg\" alt=\"\" class=\"wp-image-19659\" srcset=\"https:\/\/lignesauto.fr\/wp-content\/uploads\/2020\/09\/10-1024x627.jpg 1024w, https:\/\/lignesauto.fr\/wp-content\/uploads\/2020\/09\/10-300x184.jpg 300w, https:\/\/lignesauto.fr\/wp-content\/uploads\/2020\/09\/10-768x470.jpg 768w, https:\/\/lignesauto.fr\/wp-content\/uploads\/2020\/09\/10.jpg 1417w\" sizes=\"(max-width: 1024px) 100vw, 1024px\" \/><\/figure>\n\n\n\n<p style=\"font-size:18px\">Markus Sch\u00e4fer, membre du Conseil de direction Mercedes, responsable de la recherche du groupe et Directeur des op\u00e9rations de Mercedes annonce &#8220;<em>qu&#8217;en inaugurant la Factory 56 aujourd&#8217;hui, nous mettons en service l&#8217;usine la plus moderne et la plus num\u00e9rique que nous ayons jamais eue.&#8221;<\/em><\/p>\n\n\n\n<h2 class=\"wp-block-heading\"><strong>LA VID\u00c9O LIGNES\/auto<\/strong><\/h2>\n\n\n\n<figure class=\"wp-block-embed-youtube wp-block-embed is-type-video is-provider-youtube wp-embed-aspect-16-9 wp-has-aspect-ratio\"><div class=\"wp-block-embed__wrapper\">\n<iframe loading=\"lazy\" title=\"LIGNES\/auto MERCEDES CLASSE S 2020 PRODUCTION\" width=\"640\" height=\"360\" src=\"https:\/\/www.youtube.com\/embed\/j31B-GFVHWw?feature=oembed\" frameborder=\"0\" allow=\"accelerometer; autoplay; clipboard-write; encrypted-media; gyroscope; picture-in-picture; web-share\" referrerpolicy=\"strict-origin-when-cross-origin\" allowfullscreen><\/iframe>\n<\/div><\/figure>\n\n\n\n<p style=\"font-size:18px\">Markus Sch\u00e4fer : &#8220;<em>En m\u00eame temps, nous commen\u00e7ons la production de la nouvelle Classe S, qui va porter la mobilit\u00e9 individuelle dans le segment du luxe \u00e0 un tout autre niveau avec ses innovations pionni\u00e8res. La nouvelle Classe S domine le domaine de la num\u00e9risation avec MBUX et l&#8217;affichage t\u00eate haute en r\u00e9alit\u00e9 augment\u00e9e. Toutes deux \u2013 la Factory 56 comme la nouvelle Classe S \u2013 indiquent la direction de l&#8217;avenir.<\/em>&#8220;<\/p>\n\n\n\n<figure class=\"wp-block-image size-large\"><img loading=\"lazy\" decoding=\"async\" width=\"1024\" height=\"576\" src=\"http:\/\/lignesauto.fr\/wp-content\/uploads\/2020\/09\/12-1024x576.jpg\" alt=\"\" class=\"wp-image-19653\" srcset=\"https:\/\/lignesauto.fr\/wp-content\/uploads\/2020\/09\/12-1024x576.jpg 1024w, https:\/\/lignesauto.fr\/wp-content\/uploads\/2020\/09\/12-300x169.jpg 300w, https:\/\/lignesauto.fr\/wp-content\/uploads\/2020\/09\/12-768x432.jpg 768w, https:\/\/lignesauto.fr\/wp-content\/uploads\/2020\/09\/12.jpg 1417w\" sizes=\"(max-width: 1024px) 100vw, 1024px\" \/><\/figure>\n\n\n\n<p style=\"font-size:18px\">Pour faire sortir de terre ce joyau implant\u00e9 au c\u0153ur du complexe industriel (et design&#8230;) de Mercedes \u00e0 Sindelfingen, il aura fallu pr\u00e8s de trois ans et un investissement colossal de 730 millions d&#8217;euros. Soit l&#8217;\u00e9quivalent de deux d\u00e9veloppements de nouveaux mod\u00e8les&#8230;<\/p>\n\n\n\n<figure class=\"wp-block-image size-large\"><img loading=\"lazy\" decoding=\"async\" width=\"1024\" height=\"681\" src=\"http:\/\/lignesauto.fr\/wp-content\/uploads\/2020\/09\/11-1024x681.jpg\" alt=\"\" class=\"wp-image-19654\" srcset=\"https:\/\/lignesauto.fr\/wp-content\/uploads\/2020\/09\/11-1024x681.jpg 1024w, https:\/\/lignesauto.fr\/wp-content\/uploads\/2020\/09\/11-300x200.jpg 300w, https:\/\/lignesauto.fr\/wp-content\/uploads\/2020\/09\/11-768x511.jpg 768w, https:\/\/lignesauto.fr\/wp-content\/uploads\/2020\/09\/11.jpg 1417w\" sizes=\"(max-width: 1024px) 100vw, 1024px\" \/><\/figure>\n\n\n\n<p style=\"font-size:18px\">Sur un seul niveau, la Factory 56 est \u00e0 m\u00eame d\u2019effectuer toutes les \u00e9tapes d&#8217;assemblage de v\u00e9hicules de diff\u00e9rentes silhouettes et de diff\u00e9rentes cha\u00eenes de traction, thermiques ou 100% \u00e9lectriques. Dans un premier temps, Factory 56 produira la nouvelle g\u00e9n\u00e9ration de la Classe S et de sa version \u00e0 empattement long. La Mercedes-Maybach Classe S et l&#8217;EQS, le premier mod\u00e8le 100% \u00e9lectrique de la nouvelle famille de la Classe S, suivra et sera \u00e9galement produite sur la m\u00eame ligne. Le hall de montage est 100&nbsp;% flexible, pour pouvoir int\u00e9grer dans les plus brefs d\u00e9lais toutes les mod\u00e8les Mercedes \u2013 des v\u00e9hicules compacts aux SUV \u2013 dans la production en cours.<\/p>\n\n\n\n<figure class=\"wp-block-image size-large\"><img loading=\"lazy\" decoding=\"async\" width=\"1024\" height=\"683\" src=\"http:\/\/lignesauto.fr\/wp-content\/uploads\/2020\/09\/5-1024x683.jpg\" alt=\"\" class=\"wp-image-19655\" srcset=\"https:\/\/lignesauto.fr\/wp-content\/uploads\/2020\/09\/5-1024x683.jpg 1024w, https:\/\/lignesauto.fr\/wp-content\/uploads\/2020\/09\/5-300x200.jpg 300w, https:\/\/lignesauto.fr\/wp-content\/uploads\/2020\/09\/5-768x512.jpg 768w, https:\/\/lignesauto.fr\/wp-content\/uploads\/2020\/09\/5.jpg 1417w\" sizes=\"(max-width: 1024px) 100vw, 1024px\" \/><\/figure>\n\n\n\n<p style=\"font-size:18px\">Dans l&#8217;usine ultra-moderne, la nouvelle infrastructure num\u00e9rique dot\u00e9e d\u2019un r\u00e9seau WLAN et 5G est la base d&#8217;une num\u00e9risation compl\u00e8te. Elle utilise des applications de l&#8217;Industrie 4.0 \u2013 des appareils intelligents aux algorithmes m\u00e9gadonn\u00e9es \u2013 et a syst\u00e9matiquement recours aux technologies de production num\u00e9rique.<\/p>\n\n\n\n<h2 class=\"wp-block-heading\"><strong>DECOUVREZ LA NOUVELLE CLASSE S CI-DESSOUS<\/strong><\/h2>\n\n\n\n<figure class=\"wp-block-embed-wordpress wp-block-embed is-type-wp-embed is-provider-design-actualite-archives\"><div class=\"wp-block-embed__wrapper\">\n<blockquote class=\"wp-embedded-content\" data-secret=\"CRDZZwO3do\"><a href=\"https:\/\/lignesauto.fr\/?p=19605\">Mercedes Classe S : le coup du massage tib\u00e9tain !<\/a><\/blockquote><iframe class=\"wp-embedded-content\" sandbox=\"allow-scripts\" security=\"restricted\" style=\"position: absolute; clip: rect(1px, 1px, 1px, 1px);\" title=\"&#8220;Mercedes Classe S : le coup du massage tib\u00e9tain !&#8221; &#8212; LIGNES\/auto\" src=\"https:\/\/lignesauto.fr\/?p=19605&#038;embed=true#?secret=CI6KRdjfSh#?secret=CRDZZwO3do\" data-secret=\"CRDZZwO3do\" width=\"600\" height=\"338\" frameborder=\"0\" marginwidth=\"0\" marginheight=\"0\" scrolling=\"no\"><\/iframe>\n<\/div><\/figure>\n\n\n\n<p style=\"font-size:18px\">De plus, la Factory 56 est enti\u00e8rement d\u00e9mat\u00e9rialis\u00e9e&nbsp;: gr\u00e2ce au suivi num\u00e9rique de chaque v\u00e9hicule sur la ligne via un syst\u00e8me de positionnement, les donn\u00e9es du v\u00e9hicule pertinentes pour les collaborateurs sont affich\u00e9es sur la ligne en temps r\u00e9el, \u00e0 l&#8217;aide d&#8217;appareils num\u00e9riques et d&#8217;\u00e9crans de visualisation. L\u2019un dans l\u2019autre, cela permettra d&#8217;\u00e9conomiser une dizaine de tonnes de papier chaque ann\u00e9e.<\/p>\n\n\n\n<figure class=\"wp-block-image size-large\"><img loading=\"lazy\" decoding=\"async\" width=\"1024\" height=\"767\" src=\"http:\/\/lignesauto.fr\/wp-content\/uploads\/2020\/09\/2-1024x767.jpg\" alt=\"\" class=\"wp-image-19656\" srcset=\"https:\/\/lignesauto.fr\/wp-content\/uploads\/2020\/09\/2-1024x767.jpg 1024w, https:\/\/lignesauto.fr\/wp-content\/uploads\/2020\/09\/2-300x225.jpg 300w, https:\/\/lignesauto.fr\/wp-content\/uploads\/2020\/09\/2-768x575.jpg 768w, https:\/\/lignesauto.fr\/wp-content\/uploads\/2020\/09\/2.jpg 1417w\" sizes=\"(max-width: 1024px) 100vw, 1024px\" \/><\/figure>\n\n\n\n<p style=\"font-size:18px\">La Factory 56 fonctionne d\u2019embl\u00e9e sur une base neutre en CO<sub>2<\/sub> et sera donc une usine z\u00e9ro carbone. Dans l&#8217;ensemble, les besoins \u00e9nerg\u00e9tiques totaux de la Factory 56 sont inf\u00e9rieurs de 25&nbsp;% \u00e0 ceux des autres installations d&#8217;assemblage. Le toit de la Factory 56 abrite un syst\u00e8me photovolta\u00efque qui alimente le b\u00e2timent en \u00e9nergie \u00e9lectrique verte auto-produite, ce qui suffit \u00e0 couvrir environ 30&nbsp;% de ses besoins annuels en \u00e9nergie.<\/p>\n\n\n\n<figure class=\"wp-block-image size-large\"><img loading=\"lazy\" decoding=\"async\" width=\"1024\" height=\"683\" src=\"http:\/\/lignesauto.fr\/wp-content\/uploads\/2020\/09\/4-1024x683.jpg\" alt=\"\" class=\"wp-image-19657\" srcset=\"https:\/\/lignesauto.fr\/wp-content\/uploads\/2020\/09\/4-1024x683.jpg 1024w, https:\/\/lignesauto.fr\/wp-content\/uploads\/2020\/09\/4-300x200.jpg 300w, https:\/\/lignesauto.fr\/wp-content\/uploads\/2020\/09\/4-768x512.jpg 768w, https:\/\/lignesauto.fr\/wp-content\/uploads\/2020\/09\/4.jpg 1417w\" sizes=\"(max-width: 1024px) 100vw, 1024px\" \/><\/figure>\n\n\n\n<p style=\"font-size:18px\">Par rapport \u00e0 la pr\u00e9c\u00e9dente production de la Classe S, la nouvelle usine permet un gain en assemblage de l&#8217;ordre de 25%. Ola K\u00e4llenius, Pr\u00e9sident du Conseil de direction de Daimler et de Mercedes-Benz &nbsp;a d\u00e9clar\u00e9 que &#8220;<em>nous avons r\u00e9ussi \u00e0 combiner flexibilit\u00e9, efficacit\u00e9, num\u00e9risation et durabilit\u00e9. Cela profite aux personnes qui travaillent ici, sur notre site de production \u00e0 Sindelfingen, \u00e0 notre groupe et, bien s\u00fbr, \u00e0 nos clients. La Factory 56 d\u00e9finit ainsi&nbsp;l\u2019orientation future de la production automobile chez Mercedes-Benz&nbsp;: respectueuse des ressources, connect\u00e9e et flexible. Parce que nous consid\u00e9rons la transformation de notre industrie comme une t\u00e2che holistique qui inclut les produits au m\u00eame titre que l&#8217;ensemble de la cha\u00eene de valeur.<\/em>&#8220;<\/p>\n\n\n\n<figure class=\"wp-block-image size-large\"><img loading=\"lazy\" decoding=\"async\" width=\"1024\" height=\"683\" src=\"http:\/\/lignesauto.fr\/wp-content\/uploads\/2020\/09\/8-1024x683.jpg\" alt=\"\" class=\"wp-image-19658\" srcset=\"https:\/\/lignesauto.fr\/wp-content\/uploads\/2020\/09\/8-1024x683.jpg 1024w, https:\/\/lignesauto.fr\/wp-content\/uploads\/2020\/09\/8-300x200.jpg 300w, https:\/\/lignesauto.fr\/wp-content\/uploads\/2020\/09\/8-768x512.jpg 768w, https:\/\/lignesauto.fr\/wp-content\/uploads\/2020\/09\/8.jpg 1417w\" sizes=\"(max-width: 1024px) 100vw, 1024px\" \/><\/figure>\n\n\n\n<p style=\"font-size:18px\">Enfin, Factory 56 est un signe de l&#8217;engagement du groupe vis-\u00e0-vis de l&#8217;usine de Sindelfingen et de sa longue tradition. Avec ses investissements substantiels dans le cadre de sa vision du futur, Mercedes-Benz apporte une contribution majeure \u00e0 la sauvegarde de l&#8217;avenir et des emplois dans l&#8217;usine de Sindelfingen, soutenant ainsi l&#8217;ensemble de la r\u00e9gion.<\/p>\n\n\n\n<h2 class=\"wp-block-heading\"><strong>A LIRE AUSSI : ON SURVOLE LE DESIGN MERCEDES<\/strong> CI-DESSOUS<\/h2>\n\n\n\n<figure class=\"wp-block-embed-wordpress wp-block-embed is-type-wp-embed is-provider-design-actualite-archives\"><div class=\"wp-block-embed__wrapper\">\n<blockquote class=\"wp-embedded-content\" data-secret=\"2n2niH9wYR\"><a href=\"https:\/\/lignesauto.fr\/?p=18850\">Et si l\u2019on survolait le design Mercedes ?<\/a><\/blockquote><iframe class=\"wp-embedded-content\" sandbox=\"allow-scripts\" security=\"restricted\" style=\"position: absolute; clip: rect(1px, 1px, 1px, 1px);\" title=\"&#8220;Et si l\u2019on survolait le design Mercedes ?&#8221; &#8212; LIGNES\/auto\" src=\"https:\/\/lignesauto.fr\/?p=18850&#038;embed=true#?secret=IedvWr2Pif#?secret=2n2niH9wYR\" data-secret=\"2n2niH9wYR\" width=\"600\" height=\"338\" frameborder=\"0\" marginwidth=\"0\" marginheight=\"0\" scrolling=\"no\"><\/iframe>\n<\/div><\/figure>\n\n\n\n<p style=\"font-size:18px\">Depuis la cr\u00e9ation de l&#8217;usine il y a plus de 100 ans, Daimler a \u00e9t\u00e9 bien plus qu&#8217;un simple employeur pour la vie culturelle et sociale de la r\u00e9gion. \u00c0 la fois voisine et partenaire, l&#8217;usine Mercedes-Benz de Sindelfingen fait partie int\u00e9grante de la vie diversifi\u00e9e de la ville.<\/p>\n\n\n\n<figure class=\"wp-block-image size-large\"><img loading=\"lazy\" decoding=\"async\" width=\"1024\" height=\"675\" src=\"http:\/\/lignesauto.fr\/wp-content\/uploads\/2020\/07\/MERCO_5-1024x675.png\" alt=\"\" class=\"wp-image-18854\" srcset=\"https:\/\/lignesauto.fr\/wp-content\/uploads\/2020\/07\/MERCO_5-1024x675.png 1024w, https:\/\/lignesauto.fr\/wp-content\/uploads\/2020\/07\/MERCO_5-300x198.png 300w, https:\/\/lignesauto.fr\/wp-content\/uploads\/2020\/07\/MERCO_5-768x506.png 768w, https:\/\/lignesauto.fr\/wp-content\/uploads\/2020\/07\/MERCO_5.png 1417w\" sizes=\"(max-width: 1024px) 100vw, 1024px\" \/><\/figure>\n\n\n\n<figure class=\"wp-block-image size-large is-resized\"><img loading=\"lazy\" decoding=\"async\" src=\"http:\/\/lignesauto.fr\/wp-content\/uploads\/2018\/10\/LOGOActus_BD-1024x367.jpg\" alt=\"\" class=\"wp-image-4921\" width=\"469\" height=\"167\" srcset=\"https:\/\/lignesauto.fr\/wp-content\/uploads\/2018\/10\/LOGOActus_BD-1024x367.jpg 1024w, https:\/\/lignesauto.fr\/wp-content\/uploads\/2018\/10\/LOGOActus_BD-300x108.jpg 300w, https:\/\/lignesauto.fr\/wp-content\/uploads\/2018\/10\/LOGOActus_BD-370x133.jpg 370w, https:\/\/lignesauto.fr\/wp-content\/uploads\/2018\/10\/LOGOActus_BD-1040x373.jpg 1040w, https:\/\/lignesauto.fr\/wp-content\/uploads\/2018\/10\/LOGOActus_BD.jpg 1240w\" sizes=\"(max-width: 469px) 100vw, 469px\" \/><\/figure>\n","protected":false},"excerpt":{"rendered":"<p>Markus Sch\u00e4fer, membre du Conseil de direction Mercedes, responsable de la recherche du groupe et Directeur des op\u00e9rations de Mercedes annonce &#8220;qu&#8217;en inaugurant la Factory 56 aujourd&#8217;hui, nous mettons en service l&#8217;usine la plus moderne et la plus num\u00e9rique que nous ayons jamais eue.&#8221; LA VID\u00c9O LIGNES\/auto Markus Sch\u00e4fer : [&hellip;]<\/p>\n","protected":false},"author":1,"featured_media":19655,"comment_status":"open","ping_status":"open","sticky":false,"template":"","format":"standard","meta":{"footnotes":""},"categories":[1],"tags":[],"_links":{"self":[{"href":"https:\/\/lignesauto.fr\/index.php?rest_route=\/wp\/v2\/posts\/19649"}],"collection":[{"href":"https:\/\/lignesauto.fr\/index.php?rest_route=\/wp\/v2\/posts"}],"about":[{"href":"https:\/\/lignesauto.fr\/index.php?rest_route=\/wp\/v2\/types\/post"}],"author":[{"embeddable":true,"href":"https:\/\/lignesauto.fr\/index.php?rest_route=\/wp\/v2\/users\/1"}],"replies":[{"embeddable":true,"href":"https:\/\/lignesauto.fr\/index.php?rest_route=%2Fwp%2Fv2%2Fcomments&post=19649"}],"version-history":[{"count":10,"href":"https:\/\/lignesauto.fr\/index.php?rest_route=\/wp\/v2\/posts\/19649\/revisions"}],"predecessor-version":[{"id":19672,"href":"https:\/\/lignesauto.fr\/index.php?rest_route=\/wp\/v2\/posts\/19649\/revisions\/19672"}],"wp:featuredmedia":[{"embeddable":true,"href":"https:\/\/lignesauto.fr\/index.php?rest_route=\/wp\/v2\/media\/19655"}],"wp:attachment":[{"href":"https:\/\/lignesauto.fr\/index.php?rest_route=%2Fwp%2Fv2%2Fmedia&parent=19649"}],"wp:term":[{"taxonomy":"category","embeddable":true,"href":"https:\/\/lignesauto.fr\/index.php?rest_route=%2Fwp%2Fv2%2Fcategories&post=19649"},{"taxonomy":"post_tag","embeddable":true,"href":"https:\/\/lignesauto.fr\/index.php?rest_route=%2Fwp%2Fv2%2Ftags&post=19649"}],"curies":[{"name":"wp","href":"https:\/\/api.w.org\/{rel}","templated":true}]}}