{"id":19776,"date":"2020-09-10T09:55:03","date_gmt":"2020-09-10T07:55:03","guid":{"rendered":"http:\/\/lignesauto.fr\/?p=19776"},"modified":"2020-09-10T09:55:03","modified_gmt":"2020-09-10T07:55:03","slug":"sylvain-henry-decrypte-la-citroen-c3-phase-2","status":"publish","type":"post","link":"https:\/\/lignesauto.fr\/?p=19776","title":{"rendered":"Sylvain Henry d\u00e9crypte la Citro\u00ebn C3 phase-2"},"content":{"rendered":"\n<figure class=\"wp-block-image size-large is-resized\"><img loading=\"lazy\" decoding=\"async\" src=\"http:\/\/lignesauto.fr\/wp-content\/uploads\/2018\/10\/LOGOActus_BD-1024x367.jpg\" alt=\"\" class=\"wp-image-4921\" width=\"436\" height=\"155\" srcset=\"https:\/\/lignesauto.fr\/wp-content\/uploads\/2018\/10\/LOGOActus_BD-1024x367.jpg 1024w, https:\/\/lignesauto.fr\/wp-content\/uploads\/2018\/10\/LOGOActus_BD-300x108.jpg 300w, https:\/\/lignesauto.fr\/wp-content\/uploads\/2018\/10\/LOGOActus_BD-370x133.jpg 370w, https:\/\/lignesauto.fr\/wp-content\/uploads\/2018\/10\/LOGOActus_BD-1040x373.jpg 1040w, https:\/\/lignesauto.fr\/wp-content\/uploads\/2018\/10\/LOGOActus_BD.jpg 1240w\" sizes=\"(max-width: 436px) 100vw, 436px\" \/><\/figure>\n\n\n\n<p style=\"font-size:18px\">Vous \u00eates nombreux \u00e0 penser qu&#8217;une remise \u00e0 niveau d&#8217;un mod\u00e8le, la fameuse &#8220;mi-vie&#8221; ou &#8220;phase-2&#8221;, est une op\u00e9ration facile et rapide. Il n&#8217;en est rien, bien au contraire. Sylvain Henry, grand design par la taille et le talent, ex-Peugeot et d\u00e9sormais Citro\u00ebn depuis trois ans, d\u00e9crypte pour vous le restylage de la Citro\u00ebn C3.<\/p>\n\n\n\n<figure class=\"wp-block-image size-large\"><img loading=\"lazy\" decoding=\"async\" width=\"1024\" height=\"1014\" src=\"http:\/\/lignesauto.fr\/wp-content\/uploads\/2020\/09\/3-1024x1014.png\" alt=\"\" class=\"wp-image-19785\" srcset=\"https:\/\/lignesauto.fr\/wp-content\/uploads\/2020\/09\/3-1024x1014.png 1024w, https:\/\/lignesauto.fr\/wp-content\/uploads\/2020\/09\/3-300x297.png 300w, https:\/\/lignesauto.fr\/wp-content\/uploads\/2020\/09\/3-150x150.png 150w, https:\/\/lignesauto.fr\/wp-content\/uploads\/2020\/09\/3-768x760.png 768w, https:\/\/lignesauto.fr\/wp-content\/uploads\/2020\/09\/3.png 1417w\" sizes=\"(max-width: 1024px) 100vw, 1024px\" \/><\/figure>\n\n\n\n<p style=\"font-size:18px\">La Citro\u00ebn C3 n\u00e9e en fin d&#8217;ann\u00e9e 2016 (ci-dessous, esquisse de la premi\u00e8re C3 de Cyril Pietton) marque le point de d\u00e9part de la nouvelle identit\u00e9 Citro\u00ebn et de la fondation d&#8217;une gamme coh\u00e9rente sur ce plan. C3 Aircross, C5 Aircross, C4 Cactus et Berlingo respectent les fondamentaux de cette identit\u00e9 n\u00e9e sous la r\u00e8gne d&#8217;Alexandre Malval. Ce dernier, aujourd&#8217;hui chez Mercedes, a laiss\u00e9 sa place \u00e0 Pierre Leclercq.<\/p>\n\n\n\n<figure class=\"wp-block-image size-large\"><img loading=\"lazy\" decoding=\"async\" width=\"1024\" height=\"576\" src=\"http:\/\/lignesauto.fr\/wp-content\/uploads\/2020\/09\/LIGNES-500-1024x576.jpg\" alt=\"\" class=\"wp-image-19786\" srcset=\"https:\/\/lignesauto.fr\/wp-content\/uploads\/2020\/09\/LIGNES-500-1024x576.jpg 1024w, https:\/\/lignesauto.fr\/wp-content\/uploads\/2020\/09\/LIGNES-500-300x169.jpg 300w, https:\/\/lignesauto.fr\/wp-content\/uploads\/2020\/09\/LIGNES-500-768x432.jpg 768w, https:\/\/lignesauto.fr\/wp-content\/uploads\/2020\/09\/LIGNES-500.jpg 1417w\" sizes=\"(max-width: 1024px) 100vw, 1024px\" \/><\/figure>\n\n\n\n<p style=\"font-size:18px\">Mais un style n&#8217;est jamais fig\u00e9, et les lignes directrices d&#8217;une identit\u00e9 \u00e9voluent bien avant que le constructeur ait pu renouveler sa gamme enti\u00e8re. Ainsi, le concept-car CXperience de 2016 a lanc\u00e9 les bases d&#8217;une \u00e9volution sensible de cette identit\u00e9, avec notamment les ailes du double chevron s\u2019\u00e9vasant \u00e0 leurs extr\u00e9mit\u00e9s. Un concept que l&#8217;on retrouve \u00e0 l&#8217;arri\u00e8re avec le dessin des feux. La prochaine C4 a concr\u00e9tis\u00e9 ces nouveaux th\u00e8mes de style. Il fallait donc remettre \u00e0 jour la petite C3.<\/p>\n\n\n\n<figure class=\"wp-block-image size-large\"><img loading=\"lazy\" decoding=\"async\" width=\"1024\" height=\"399\" src=\"http:\/\/lignesauto.fr\/wp-content\/uploads\/2020\/09\/100-1024x399.png\" alt=\"\" class=\"wp-image-19788\" srcset=\"https:\/\/lignesauto.fr\/wp-content\/uploads\/2020\/09\/100-1024x399.png 1024w, https:\/\/lignesauto.fr\/wp-content\/uploads\/2020\/09\/100-300x117.png 300w, https:\/\/lignesauto.fr\/wp-content\/uploads\/2020\/09\/100-768x299.png 768w, https:\/\/lignesauto.fr\/wp-content\/uploads\/2020\/09\/100.png 1417w\" sizes=\"(max-width: 1024px) 100vw, 1024px\" \/><figcaption>CXp\u00e9rience et, \u00e0 droite, la nouvelle C3 et la C4 2021.<\/figcaption><\/figure>\n\n\n\n<p style=\"font-size:18px\">Si les feux arri\u00e8re n\u2019ont pas \u00e9t\u00e9 modifi\u00e9s pour des raisons \u00e9videntes de co\u00fbt, la proue a bien \u00e9volu\u00e9. Sylvain Henry explique que l&#8217;\u00e9quipe qui a \u0153uvr\u00e9 \u00e0 ce restylage n&#8217;est pas celle qui a dessin\u00e9 la premi\u00e8re g\u00e9n\u00e9ration. La base de travail, ce sont \u00e9videmment des fichiers num\u00e9riques qui permettent de dessiner le nouveau bouclier dans le respect de la structure. Par exemple, les points de fixations doivent \u00eatre identiques aux pr\u00e9c\u00e9dents.<\/p>\n\n\n\n<figure class=\"wp-block-image size-large\"><img loading=\"lazy\" decoding=\"async\" width=\"1024\" height=\"683\" src=\"http:\/\/lignesauto.fr\/wp-content\/uploads\/2020\/09\/9-1024x683.jpg\" alt=\"\" class=\"wp-image-19789\" srcset=\"https:\/\/lignesauto.fr\/wp-content\/uploads\/2020\/09\/9-1024x683.jpg 1024w, https:\/\/lignesauto.fr\/wp-content\/uploads\/2020\/09\/9-300x200.jpg 300w, https:\/\/lignesauto.fr\/wp-content\/uploads\/2020\/09\/9-768x512.jpg 768w, https:\/\/lignesauto.fr\/wp-content\/uploads\/2020\/09\/9.jpg 1417w\" sizes=\"(max-width: 1024px) 100vw, 1024px\" \/><\/figure>\n\n\n\n<p style=\"font-size:18px\">Ce travail en num\u00e9rique s&#8217;effectue au millim\u00e8tre pr\u00e8s, mais le r\u00f4le du designer n&#8217;est pas seulement de redessiner la pi\u00e8ce. Il doit rester dans une enveloppe budg\u00e9taire pr\u00e9d\u00e9finie. Sur le bouclier de la C3 phase-2, la partie basse qui int\u00e8gre les phares additionnels a ainsi \u00e9t\u00e9 conserv\u00e9e. <\/p>\n\n\n\n<figure class=\"wp-block-image size-large\"><img loading=\"lazy\" decoding=\"async\" width=\"1024\" height=\"683\" src=\"http:\/\/lignesauto.fr\/wp-content\/uploads\/2020\/09\/8-1-1024x683.jpg\" alt=\"\" class=\"wp-image-19790\" srcset=\"https:\/\/lignesauto.fr\/wp-content\/uploads\/2020\/09\/8-1-1024x683.jpg 1024w, https:\/\/lignesauto.fr\/wp-content\/uploads\/2020\/09\/8-1-300x200.jpg 300w, https:\/\/lignesauto.fr\/wp-content\/uploads\/2020\/09\/8-1-768x512.jpg 768w, https:\/\/lignesauto.fr\/wp-content\/uploads\/2020\/09\/8-1.jpg 1417w\" sizes=\"(max-width: 1024px) 100vw, 1024px\" \/><\/figure>\n\n\n\n<p style=\"font-size:18px\">1- Le capot moteur ne change pas.<br>2- Deux nouvelles pi\u00e8ces sont cr\u00e9es pour entourer les feux de jour auparavant bord\u00e9s par l&#8217;aile du chevron.<br>3- Un &#8220;lame&#8221; est cr\u00e9\u00e9e, rejoignant le th\u00e8me de style de la nouvelle C4.<br>4- Les optiques sont magnifi\u00e9es et plus technologiques qu&#8217;auparavant. Elles sont dans un \u00e9crin aux formes plus travaill\u00e9es.<br>5- La partie basse du bouclier est identique \u00e0 celle de la phase-1.<br>6- Les contours de la calandre sont plus g\u00e9om\u00e9triques.<br>7- La barrette inf\u00e9rieure du chevron est r\u00e9alis\u00e9e en une seule pi\u00e8ce.<br>8- Le &#8220;V&#8221; inf\u00e9rieur du chevron est l\u00e9g\u00e8rement redescendu afin d&#8217;\u00e9quilibrer parfaitement la descente de la barre inf\u00e9rieure dans le bouclier.<\/p>\n\n\n\n<figure class=\"wp-block-image size-large\"><img loading=\"lazy\" decoding=\"async\" width=\"1024\" height=\"683\" src=\"http:\/\/lignesauto.fr\/wp-content\/uploads\/2020\/09\/15-1024x683.jpg\" alt=\"\" class=\"wp-image-19791\" srcset=\"https:\/\/lignesauto.fr\/wp-content\/uploads\/2020\/09\/15-1024x683.jpg 1024w, https:\/\/lignesauto.fr\/wp-content\/uploads\/2020\/09\/15-300x200.jpg 300w, https:\/\/lignesauto.fr\/wp-content\/uploads\/2020\/09\/15-768x512.jpg 768w, https:\/\/lignesauto.fr\/wp-content\/uploads\/2020\/09\/15.jpg 1417w\" sizes=\"(max-width: 1024px) 100vw, 1024px\" \/><\/figure>\n\n\n\n<p style=\"font-size:18px\">Un travail d&#8217;orf\u00e8vre a \u00e9t\u00e9 r\u00e9alis\u00e9 sur les optiques principales, ci-dessus. En premier lieu, elles sont \u00e0 LED et la forme de la vitre est plus travaill\u00e9e, se rapprochant ainsi de celle de la nouvelle C4 (ci-dessous).<\/p>\n\n\n\n<figure class=\"wp-block-image size-large\"><img loading=\"lazy\" decoding=\"async\" width=\"849\" height=\"1024\" src=\"http:\/\/lignesauto.fr\/wp-content\/uploads\/2020\/09\/00-849x1024.png\" alt=\"\" class=\"wp-image-19793\" srcset=\"https:\/\/lignesauto.fr\/wp-content\/uploads\/2020\/09\/00-849x1024.png 849w, https:\/\/lignesauto.fr\/wp-content\/uploads\/2020\/09\/00-249x300.png 249w, https:\/\/lignesauto.fr\/wp-content\/uploads\/2020\/09\/00-768x926.png 768w, https:\/\/lignesauto.fr\/wp-content\/uploads\/2020\/09\/00-1274x1536.png 1274w, https:\/\/lignesauto.fr\/wp-content\/uploads\/2020\/09\/00.png 1417w\" sizes=\"(max-width: 849px) 100vw, 849px\" \/><\/figure>\n\n\n\n<p style=\"font-size:18px\">Bien s\u00fbr, les ailes du double chevron ont \u00e9t\u00e9 retravaill\u00e9es pour respecter la nouvelle identit\u00e9 Citro\u00ebn. La barre inf\u00e9rieure plonge ainsi dans le bouclier, jusqu&#8217;aux optiques principales. Ce qui para\u00eet simple sur le papier, devient plus compliqu\u00e9 dans la r\u00e9alit\u00e9 car cette nouvelle disposition des ailes du chevron impose la cr\u00e9ation de nouvelles pi\u00e8ces. Pas question pour autant de les multiplier ! Il a quand m\u00eame fallu cr\u00e9er deux pi\u00e8ces qui d\u00e9limitent les petits feux de jour, auparavant cercl\u00e9s par la barre inf\u00e9rieure du chevron, celle qui aujourd&#8217;hui plonge dans le bouclier. Autre contrainte, le &#8220;V&#8221; inf\u00e9rieur du logo est l\u00e9g\u00e8rement redescendu pour permettre l&#8217;\u00e9quilibre parfait. La calandre adopte une forme plus travaill\u00e9e.<\/p>\n\n\n\n<figure class=\"wp-block-image size-large\"><img loading=\"lazy\" decoding=\"async\" width=\"828\" height=\"1024\" src=\"http:\/\/lignesauto.fr\/wp-content\/uploads\/2020\/09\/000-828x1024.png\" alt=\"\" class=\"wp-image-19797\" srcset=\"https:\/\/lignesauto.fr\/wp-content\/uploads\/2020\/09\/000-828x1024.png 828w, https:\/\/lignesauto.fr\/wp-content\/uploads\/2020\/09\/000-243x300.png 243w, https:\/\/lignesauto.fr\/wp-content\/uploads\/2020\/09\/000-768x950.png 768w, https:\/\/lignesauto.fr\/wp-content\/uploads\/2020\/09\/000-1242x1536.png 1242w, https:\/\/lignesauto.fr\/wp-content\/uploads\/2020\/09\/000.png 1417w\" sizes=\"(max-width: 828px) 100vw, 828px\" \/><\/figure>\n\n\n\n<p style=\"font-size:18px\">Au final, la C3 phase-2 adopte  la nouvelle identit\u00e9 Citro\u00ebn en ne modifiant que le bouclier, mais n&#8217;oublie pas quelques d\u00e9tails, comme la nouvelle d\u00e9limitation entre la teinte du pavillon et la couleur caisse et simplifie les Airbump lat\u00e9raux (ci-dessus).<\/p>\n\n\n\n<figure class=\"wp-block-image size-large\"><img loading=\"lazy\" decoding=\"async\" width=\"1024\" height=\"723\" src=\"http:\/\/lignesauto.fr\/wp-content\/uploads\/2020\/09\/8-1024x723.png\" alt=\"\" class=\"wp-image-19803\" srcset=\"https:\/\/lignesauto.fr\/wp-content\/uploads\/2020\/09\/8-1024x723.png 1024w, https:\/\/lignesauto.fr\/wp-content\/uploads\/2020\/09\/8-300x212.png 300w, https:\/\/lignesauto.fr\/wp-content\/uploads\/2020\/09\/8-768x542.png 768w, https:\/\/lignesauto.fr\/wp-content\/uploads\/2020\/09\/8.png 1417w\" sizes=\"(max-width: 1024px) 100vw, 1024px\" \/><figcaption>La C3 phase-2 dispose d\u00e9sormais d&#8217;une nouvelle signature lumineuse<\/figcaption><\/figure>\n\n\n\n<p style=\"font-size:18px\">La phase-2 permet surtout de remettre \u00e0 jour la palette de couleur mais \u00e9galement de nouveaux th\u00e8mes &#8220;mati\u00e8res et couleurs&#8221; int\u00e9rieurs. Les nouveaux si\u00e8ges Advanced Comfort (qui ne sont pas ceux de la C4 Cactus mais sont sp\u00e9cifiques \u00e0 la C3) adoptent de nouvelles couleurs de sellerie.<\/p>\n\n\n\n<figure class=\"wp-block-image size-large\"><img loading=\"lazy\" decoding=\"async\" width=\"879\" height=\"1024\" src=\"http:\/\/lignesauto.fr\/wp-content\/uploads\/2020\/09\/LIGNESINTERC3-879x1024.png\" alt=\"\" class=\"wp-image-19801\" srcset=\"https:\/\/lignesauto.fr\/wp-content\/uploads\/2020\/09\/LIGNESINTERC3-879x1024.png 879w, https:\/\/lignesauto.fr\/wp-content\/uploads\/2020\/09\/LIGNESINTERC3-257x300.png 257w, https:\/\/lignesauto.fr\/wp-content\/uploads\/2020\/09\/LIGNESINTERC3-768x895.png 768w, https:\/\/lignesauto.fr\/wp-content\/uploads\/2020\/09\/LIGNESINTERC3-1318x1536.png 1318w, https:\/\/lignesauto.fr\/wp-content\/uploads\/2020\/09\/LIGNESINTERC3.png 1417w\" sizes=\"(max-width: 879px) 100vw, 879px\" \/><\/figure>\n\n\n\n<p style=\"font-size:18px\"> L&#8217;habillage de planche de bord (ci-dessus) dispose de nouvelles finitions dont l&#8217;une d&#8217;elles reprend le th\u00e8me d&#8217;un mat\u00e9riau que l&#8217;on trouvait \u00e0 bord de CXperience (ci-dessous). La boucle est boucl\u00e9e !<\/p>\n\n\n\n<figure class=\"wp-block-image size-large\"><img loading=\"lazy\" decoding=\"async\" width=\"1024\" height=\"580\" src=\"http:\/\/lignesauto.fr\/wp-content\/uploads\/2020\/09\/101-1024x580.png\" alt=\"\" class=\"wp-image-19800\" srcset=\"https:\/\/lignesauto.fr\/wp-content\/uploads\/2020\/09\/101-1024x580.png 1024w, https:\/\/lignesauto.fr\/wp-content\/uploads\/2020\/09\/101-300x170.png 300w, https:\/\/lignesauto.fr\/wp-content\/uploads\/2020\/09\/101-768x435.png 768w, https:\/\/lignesauto.fr\/wp-content\/uploads\/2020\/09\/101.png 1417w\" sizes=\"(max-width: 1024px) 100vw, 1024px\" \/><\/figure>\n\n\n\n<p style=\"font-size:18px\"><strong>A LIRE AUSSI : l&#8217;interview datant de 2018 des responsables du style ext\u00e9rieur et du style int\u00e9rieur de Citro\u00ebn, sous la responsabilit\u00e9 de Pierre Leclercq : Cyril Pietton et Jean-Arthur Madelaine-Advenier chez nos confr\u00e8res LE NOUVEL AUTOMOBILISTE :<\/strong><\/p>\n\n\n\n<figure class=\"wp-block-embed-wordpress wp-block-embed is-type-wp-embed is-provider-le-nouvel-automobiliste\"><div class=\"wp-block-embed__wrapper\">\nhttps:\/\/lenouvelautomobiliste.fr\/actualites\/interviews\/regards-croises-avec-deux-designers-sur-lavenir-du-style-citroen-12230\/\n<\/div><\/figure>\n\n\n\n<figure class=\"wp-block-image is-resized\"><img loading=\"lazy\" decoding=\"async\" src=\"http:\/\/lignesauto.fr\/wp-content\/uploads\/2018\/10\/LOGOActus_BD-1024x367.jpg\" alt=\"L\u2019attribut alt de cette image est vide, son nom de fichier est LOGOActus_BD-1024x367.jpg.\" width=\"417\" height=\"149\"\/><\/figure>\n","protected":false},"excerpt":{"rendered":"<p>Vous \u00eates nombreux \u00e0 penser qu&#8217;une remise \u00e0 niveau d&#8217;un mod\u00e8le, la fameuse &#8220;mi-vie&#8221; ou &#8220;phase-2&#8221;, est une op\u00e9ration facile et rapide. Il n&#8217;en est rien, bien au contraire. Sylvain Henry, grand design par la taille et le talent, ex-Peugeot et d\u00e9sormais Citro\u00ebn depuis trois ans, d\u00e9crypte pour vous le [&hellip;]<\/p>\n","protected":false},"author":1,"featured_media":19781,"comment_status":"open","ping_status":"open","sticky":false,"template":"","format":"standard","meta":{"footnotes":""},"categories":[1],"tags":[],"_links":{"self":[{"href":"https:\/\/lignesauto.fr\/index.php?rest_route=\/wp\/v2\/posts\/19776"}],"collection":[{"href":"https:\/\/lignesauto.fr\/index.php?rest_route=\/wp\/v2\/posts"}],"about":[{"href":"https:\/\/lignesauto.fr\/index.php?rest_route=\/wp\/v2\/types\/post"}],"author":[{"embeddable":true,"href":"https:\/\/lignesauto.fr\/index.php?rest_route=\/wp\/v2\/users\/1"}],"replies":[{"embeddable":true,"href":"https:\/\/lignesauto.fr\/index.php?rest_route=%2Fwp%2Fv2%2Fcomments&post=19776"}],"version-history":[{"count":22,"href":"https:\/\/lignesauto.fr\/index.php?rest_route=\/wp\/v2\/posts\/19776\/revisions"}],"predecessor-version":[{"id":19823,"href":"https:\/\/lignesauto.fr\/index.php?rest_route=\/wp\/v2\/posts\/19776\/revisions\/19823"}],"wp:featuredmedia":[{"embeddable":true,"href":"https:\/\/lignesauto.fr\/index.php?rest_route=\/wp\/v2\/media\/19781"}],"wp:attachment":[{"href":"https:\/\/lignesauto.fr\/index.php?rest_route=%2Fwp%2Fv2%2Fmedia&parent=19776"}],"wp:term":[{"taxonomy":"category","embeddable":true,"href":"https:\/\/lignesauto.fr\/index.php?rest_route=%2Fwp%2Fv2%2Fcategories&post=19776"},{"taxonomy":"post_tag","embeddable":true,"href":"https:\/\/lignesauto.fr\/index.php?rest_route=%2Fwp%2Fv2%2Ftags&post=19776"}],"curies":[{"name":"wp","href":"https:\/\/api.w.org\/{rel}","templated":true}]}}