{"id":19876,"date":"2020-09-21T16:10:02","date_gmt":"2020-09-21T14:10:02","guid":{"rendered":"http:\/\/lignesauto.fr\/?p=19876"},"modified":"2020-09-23T14:51:10","modified_gmt":"2020-09-23T12:51:10","slug":"quel-est-le-point-commun-entre-la-vw-id-3-et-la-trabant","status":"publish","type":"post","link":"https:\/\/lignesauto.fr\/?p=19876","title":{"rendered":"Quel est le point commun entre la VW ID.3 et la Trabant ?"},"content":{"rendered":"\n<figure class=\"wp-block-image size-large is-resized\"><img loading=\"lazy\" decoding=\"async\" src=\"http:\/\/lignesauto.fr\/wp-content\/uploads\/2018\/10\/LOGOActus_BD-1024x367.jpg\" alt=\"\" class=\"wp-image-4921\" width=\"461\" height=\"164\" srcset=\"https:\/\/lignesauto.fr\/wp-content\/uploads\/2018\/10\/LOGOActus_BD-1024x367.jpg 1024w, https:\/\/lignesauto.fr\/wp-content\/uploads\/2018\/10\/LOGOActus_BD-300x108.jpg 300w, https:\/\/lignesauto.fr\/wp-content\/uploads\/2018\/10\/LOGOActus_BD-370x133.jpg 370w, https:\/\/lignesauto.fr\/wp-content\/uploads\/2018\/10\/LOGOActus_BD-1040x373.jpg 1040w, https:\/\/lignesauto.fr\/wp-content\/uploads\/2018\/10\/LOGOActus_BD.jpg 1240w\" sizes=\"(max-width: 461px) 100vw, 461px\" \/><\/figure>\n\n\n\n<figure class=\"wp-block-embed-youtube wp-block-embed is-type-video is-provider-youtube wp-embed-aspect-16-9 wp-has-aspect-ratio\"><div class=\"wp-block-embed__wrapper\">\n<iframe loading=\"lazy\" title=\"Volkswagen steps up electric offensive: Series production of ID.4 begins in Zwickau\" width=\"640\" height=\"360\" src=\"https:\/\/www.youtube.com\/embed\/L8JX3jjFKdY?start=1007&#038;feature=oembed\" frameborder=\"0\" allow=\"accelerometer; autoplay; clipboard-write; encrypted-media; gyroscope; picture-in-picture; web-share\" referrerpolicy=\"strict-origin-when-cross-origin\" allowfullscreen><\/iframe>\n<\/div><\/figure>\n\n\n\n<p style=\"font-size:18px\">L\u2019usine Volkswagen de Zwickau produit d\u00e9sormais \u00e0 bon rythme la nouvelle ID.3, premi\u00e8re berline compacte 100% \u00e9lectrique de la marque avec un objectif de 330.000&nbsp;voitures par an. L\u2019ID.3 sera prochainement accompagn\u00e9e de pas moins de six mod\u00e8les pour trois marques&nbsp;: Volkswagen, Audi et Seat. Au total, le groupe investira 1,2&nbsp;milliard d\u2019euros dans ce site ultramoderne situ\u00e9 en plein c\u0153ur de la Saxe.<\/p>\n\n\n\n<figure class=\"wp-block-image size-large\"><img loading=\"lazy\" decoding=\"async\" width=\"1024\" height=\"705\" src=\"http:\/\/lignesauto.fr\/wp-content\/uploads\/2020\/09\/DB2020AL00902_large-1024x705.jpg\" alt=\"\" class=\"wp-image-19880\" srcset=\"https:\/\/lignesauto.fr\/wp-content\/uploads\/2020\/09\/DB2020AL00902_large-1024x705.jpg 1024w, https:\/\/lignesauto.fr\/wp-content\/uploads\/2020\/09\/DB2020AL00902_large-300x206.jpg 300w, https:\/\/lignesauto.fr\/wp-content\/uploads\/2020\/09\/DB2020AL00902_large-768x528.jpg 768w, https:\/\/lignesauto.fr\/wp-content\/uploads\/2020\/09\/DB2020AL00902_large.jpg 1417w\" sizes=\"(max-width: 1024px) 100vw, 1024px\" \/><\/figure>\n\n\n\n<p style=\"font-size:18px\">Mais saviez-vous que ce site industriel \u00e0 une longue histoire&nbsp;? C\u2019est lui qui accueillait au temps de la RDA la production de la fameuse Trabant 1.1, un mod\u00e8le qui, en 1984, fut int\u00e9gralement modifi\u00e9 pour recevoir le 4 cylindres d\u2019origine Volkswagen, issu de la Polo.<\/p>\n\n\n\n<figure class=\"wp-block-image size-large\"><img loading=\"lazy\" decoding=\"async\" width=\"1024\" height=\"683\" src=\"http:\/\/lignesauto.fr\/wp-content\/uploads\/2020\/09\/Trabant-16-89-911-1024x683.jpg\" alt=\"\" class=\"wp-image-19881\" srcset=\"https:\/\/lignesauto.fr\/wp-content\/uploads\/2020\/09\/Trabant-16-89-911-1024x683.jpg 1024w, https:\/\/lignesauto.fr\/wp-content\/uploads\/2020\/09\/Trabant-16-89-911-300x200.jpg 300w, https:\/\/lignesauto.fr\/wp-content\/uploads\/2020\/09\/Trabant-16-89-911-768x512.jpg 768w, https:\/\/lignesauto.fr\/wp-content\/uploads\/2020\/09\/Trabant-16-89-911.jpg 1417w\" sizes=\"(max-width: 1024px) 100vw, 1024px\" \/><\/figure>\n\n\n\n<p style=\"font-size:18px\">Ce quatre cylindres d\u2019un peu plus d\u2019un litre d\u00e9veloppait pratiquement le double de la puissance des premi\u00e8res Trabant avec ses 40 ch&nbsp;! La Trabant 1.1 ne sera produite qu\u2019\u00e0 partir de 1990 et pendant \u00e0 peine plus d\u2019un an, jusqu\u2019en 1991&nbsp;: 38 122 exemplaires de cette \u00ab&nbsp;super&nbsp;\u00bb Trabant seront finalement assembl\u00e9s dans cette usine qui sera r\u00e9attribu\u00e9e en 1990, un an apr\u00e8s la chute du Mur de Berlin, \u00e0 Volkswagen.<\/p>\n\n\n\n<figure class=\"wp-block-image size-large\"><img loading=\"lazy\" decoding=\"async\" width=\"1024\" height=\"689\" src=\"http:\/\/lignesauto.fr\/wp-content\/uploads\/2020\/09\/Trabant_1.1-1024x689.jpg\" alt=\"\" class=\"wp-image-19883\" srcset=\"https:\/\/lignesauto.fr\/wp-content\/uploads\/2020\/09\/Trabant_1.1-1024x689.jpg 1024w, https:\/\/lignesauto.fr\/wp-content\/uploads\/2020\/09\/Trabant_1.1-300x202.jpg 300w, https:\/\/lignesauto.fr\/wp-content\/uploads\/2020\/09\/Trabant_1.1-768x517.jpg 768w, https:\/\/lignesauto.fr\/wp-content\/uploads\/2020\/09\/Trabant_1.1.jpg 1417w\" sizes=\"(max-width: 1024px) 100vw, 1024px\" \/><\/figure>\n\n\n\n<p style=\"font-size:18px\">Depuis, plus de 5,5&nbsp;millions de voitures, principalement des Golf, Golf Variant et Passat, ont quitt\u00e9 les cha\u00eenes de montage. L\u2019usine s\u2019\u00e9tend sur plus de 1,8&nbsp;million de M2, soit l&#8217;\u00e9quivalent de 252&nbsp;terrains de football&nbsp;! La production de l\u2019ID.3 marque donc le renouveau de Zwickau.<\/p>\n\n\n\n<figure class=\"wp-block-image size-large\"><img loading=\"lazy\" decoding=\"async\" width=\"1024\" height=\"772\" src=\"http:\/\/lignesauto.fr\/wp-content\/uploads\/2020\/09\/DB2019AL01954_large-1024x772.jpg\" alt=\"\" class=\"wp-image-19884\" srcset=\"https:\/\/lignesauto.fr\/wp-content\/uploads\/2020\/09\/DB2019AL01954_large-1024x772.jpg 1024w, https:\/\/lignesauto.fr\/wp-content\/uploads\/2020\/09\/DB2019AL01954_large-300x226.jpg 300w, https:\/\/lignesauto.fr\/wp-content\/uploads\/2020\/09\/DB2019AL01954_large-768x579.jpg 768w, https:\/\/lignesauto.fr\/wp-content\/uploads\/2020\/09\/DB2019AL01954_large.jpg 1417w\" sizes=\"(max-width: 1024px) 100vw, 1024px\" \/><\/figure>\n\n\n\n<p style=\"font-size:18px\">Gr\u00e2ce \u00e0 elle, l\u2019exploitation maximale de l\u2019usine, qui est aujourd\u2019hui de 1.350&nbsp;v\u00e9hicules par jour, sera port\u00e9e \u00e0 1.500. Les travaux de transformation ont commenc\u00e9 \u00e0 l&#8217;\u00e9t\u00e9 2018 par la modernisation des lignes de production. Deux lignes de montage ont \u00e9t\u00e9 adapt\u00e9es \u00e0 la production de l\u2019ID.3. &nbsp;<\/p>\n\n\n\n<figure class=\"wp-block-image size-large\"><img loading=\"lazy\" decoding=\"async\" width=\"1024\" height=\"682\" src=\"http:\/\/lignesauto.fr\/wp-content\/uploads\/2020\/09\/DB2020AL00901_large-1024x682.jpg\" alt=\"\" class=\"wp-image-19885\" srcset=\"https:\/\/lignesauto.fr\/wp-content\/uploads\/2020\/09\/DB2020AL00901_large-1024x682.jpg 1024w, https:\/\/lignesauto.fr\/wp-content\/uploads\/2020\/09\/DB2020AL00901_large-300x200.jpg 300w, https:\/\/lignesauto.fr\/wp-content\/uploads\/2020\/09\/DB2020AL00901_large-768x512.jpg 768w, https:\/\/lignesauto.fr\/wp-content\/uploads\/2020\/09\/DB2020AL00901_large.jpg 1417w\" sizes=\"(max-width: 1024px) 100vw, 1024px\" \/><\/figure>\n\n\n\n<p style=\"font-size:18px\">Et contrairement au fonctionnement de ce grand site industriel de l\u2019\u00e9poque de la RDA, l\u2019usine de Zwickau fonctionne aujourd\u2019hui avec un taux d\u2019\u00e9missions de CO<sub>2<\/sub> presque nul. Le but est de se fournir exclusivement en gaz neutre en termes d\u2019\u00e9missions \u00e0 l\u2019avenir.<\/p>\n\n\n\n<figure class=\"wp-block-image is-resized\"><img loading=\"lazy\" decoding=\"async\" src=\"http:\/\/lignesauto.fr\/wp-content\/uploads\/2018\/10\/LOGOActus_BD-1024x367.jpg\" alt=\"L\u2019attribut alt de cette image est vide, son nom de fichier est LOGOActus_BD-1024x367.jpg.\" width=\"461\" height=\"164\"\/><\/figure>\n","protected":false},"excerpt":{"rendered":"<p>L\u2019usine Volkswagen de Zwickau produit d\u00e9sormais \u00e0 bon rythme la nouvelle ID.3, premi\u00e8re berline compacte 100% \u00e9lectrique de la marque avec un objectif de 330.000&nbsp;voitures par an. L\u2019ID.3 sera prochainement accompagn\u00e9e de pas moins de six mod\u00e8les pour trois marques&nbsp;: Volkswagen, Audi et Seat. Au total, le groupe investira 1,2&nbsp;milliard [&hellip;]<\/p>\n","protected":false},"author":1,"featured_media":19878,"comment_status":"open","ping_status":"open","sticky":false,"template":"","format":"standard","meta":{"footnotes":""},"categories":[1],"tags":[],"_links":{"self":[{"href":"https:\/\/lignesauto.fr\/index.php?rest_route=\/wp\/v2\/posts\/19876"}],"collection":[{"href":"https:\/\/lignesauto.fr\/index.php?rest_route=\/wp\/v2\/posts"}],"about":[{"href":"https:\/\/lignesauto.fr\/index.php?rest_route=\/wp\/v2\/types\/post"}],"author":[{"embeddable":true,"href":"https:\/\/lignesauto.fr\/index.php?rest_route=\/wp\/v2\/users\/1"}],"replies":[{"embeddable":true,"href":"https:\/\/lignesauto.fr\/index.php?rest_route=%2Fwp%2Fv2%2Fcomments&post=19876"}],"version-history":[{"count":9,"href":"https:\/\/lignesauto.fr\/index.php?rest_route=\/wp\/v2\/posts\/19876\/revisions"}],"predecessor-version":[{"id":19896,"href":"https:\/\/lignesauto.fr\/index.php?rest_route=\/wp\/v2\/posts\/19876\/revisions\/19896"}],"wp:featuredmedia":[{"embeddable":true,"href":"https:\/\/lignesauto.fr\/index.php?rest_route=\/wp\/v2\/media\/19878"}],"wp:attachment":[{"href":"https:\/\/lignesauto.fr\/index.php?rest_route=%2Fwp%2Fv2%2Fmedia&parent=19876"}],"wp:term":[{"taxonomy":"category","embeddable":true,"href":"https:\/\/lignesauto.fr\/index.php?rest_route=%2Fwp%2Fv2%2Fcategories&post=19876"},{"taxonomy":"post_tag","embeddable":true,"href":"https:\/\/lignesauto.fr\/index.php?rest_route=%2Fwp%2Fv2%2Ftags&post=19876"}],"curies":[{"name":"wp","href":"https:\/\/api.w.org\/{rel}","templated":true}]}}