{"id":19898,"date":"2020-09-25T09:41:41","date_gmt":"2020-09-25T07:41:41","guid":{"rendered":"http:\/\/lignesauto.fr\/?p=19898"},"modified":"2020-09-25T09:41:41","modified_gmt":"2020-09-25T07:41:41","slug":"design-vw-id-4-face-a-vw-id-3-de-la-suite-dans-les-idees","status":"publish","type":"post","link":"https:\/\/lignesauto.fr\/?p=19898","title":{"rendered":"Design &#8211; VW ID.4 face \u00e0 VW ID.3 : de la suite dans les id\u00e9es !"},"content":{"rendered":"\n<p style=\"font-size:18px\">Vous pensez que les Volkswagen ID.3 et ID.4 sont tr\u00e8s diff\u00e9rentes ? Oui, pour leur style et leur concept (berline monocorps face \u00e0 un break SUV plus grand), mais pas du tout pour leurs dessous strictement identiques, \u00e0 un d\u00e9tail pr\u00e8s. LIGNES\/auto vous explique&#8230;<\/p>\n\n\n\n<figure class=\"wp-block-image size-large is-resized\"><img loading=\"lazy\" decoding=\"async\" src=\"http:\/\/lignesauto.fr\/wp-content\/uploads\/2018\/10\/LOGOActus_BD-1024x367.jpg\" alt=\"\" class=\"wp-image-4921\" width=\"411\" height=\"146\" srcset=\"https:\/\/lignesauto.fr\/wp-content\/uploads\/2018\/10\/LOGOActus_BD-1024x367.jpg 1024w, https:\/\/lignesauto.fr\/wp-content\/uploads\/2018\/10\/LOGOActus_BD-300x108.jpg 300w, https:\/\/lignesauto.fr\/wp-content\/uploads\/2018\/10\/LOGOActus_BD-1040x373.jpg 1040w, https:\/\/lignesauto.fr\/wp-content\/uploads\/2018\/10\/LOGOActus_BD.jpg 1240w\" sizes=\"(max-width: 411px) 100vw, 411px\" \/><\/figure>\n\n\n\n<figure class=\"wp-block-image size-large\"><img loading=\"lazy\" decoding=\"async\" width=\"1024\" height=\"664\" src=\"http:\/\/lignesauto.fr\/wp-content\/uploads\/2020\/09\/LIGNESID_01-1024x664.png\" alt=\"\" class=\"wp-image-19900\" srcset=\"https:\/\/lignesauto.fr\/wp-content\/uploads\/2020\/09\/LIGNESID_01-1024x664.png 1024w, https:\/\/lignesauto.fr\/wp-content\/uploads\/2020\/09\/LIGNESID_01-300x195.png 300w, https:\/\/lignesauto.fr\/wp-content\/uploads\/2020\/09\/LIGNESID_01-768x498.png 768w, https:\/\/lignesauto.fr\/wp-content\/uploads\/2020\/09\/LIGNESID_01.png 1417w\" sizes=\"(max-width: 1024px) 100vw, 1024px\" \/><\/figure>\n\n\n\n<p style=\"font-size:18px\">Volkswagen vient de d\u00e9voiler son premier SUV 100% \u00e9lectrique, bas\u00e9 sur la plateforme MEB, identique \u00e0 celle de sa petite s\u0153ur ID.3. La facilit\u00e9 avec laquelle ce soubassement se pr\u00eate \u00e0 accueillir des silhouettes diff\u00e9rentes est bluffante. Explication, c\u00f4t\u00e9 design.<\/p>\n\n\n\n<figure class=\"wp-block-image size-large\"><img loading=\"lazy\" decoding=\"async\" width=\"1024\" height=\"661\" src=\"http:\/\/lignesauto.fr\/wp-content\/uploads\/2020\/09\/LIGNESID_09-1024x661.png\" alt=\"\" class=\"wp-image-19904\" srcset=\"https:\/\/lignesauto.fr\/wp-content\/uploads\/2020\/09\/LIGNESID_09-1024x661.png 1024w, https:\/\/lignesauto.fr\/wp-content\/uploads\/2020\/09\/LIGNESID_09-300x194.png 300w, https:\/\/lignesauto.fr\/wp-content\/uploads\/2020\/09\/LIGNESID_09-768x496.png 768w, https:\/\/lignesauto.fr\/wp-content\/uploads\/2020\/09\/LIGNESID_09.png 1417w\" sizes=\"(max-width: 1024px) 100vw, 1024px\" \/><\/figure>\n\n\n\n<p style=\"font-size:18px\">Ci-dessous, on per\u00e7oit nettement les deux philosophies  de style des deux s\u0153urs. Le th\u00e8me de la berline monocorps pour l&#8217;ID.3 rompt avec celui du SUV pour l&#8217;ID.4.<\/p>\n\n\n\n<figure class=\"wp-block-image size-large\"><img loading=\"lazy\" decoding=\"async\" width=\"1024\" height=\"1016\" src=\"http:\/\/lignesauto.fr\/wp-content\/uploads\/2020\/09\/LIGNESID_07-1024x1016.png\" alt=\"\" class=\"wp-image-19905\" srcset=\"https:\/\/lignesauto.fr\/wp-content\/uploads\/2020\/09\/LIGNESID_07-1024x1016.png 1024w, https:\/\/lignesauto.fr\/wp-content\/uploads\/2020\/09\/LIGNESID_07-300x298.png 300w, https:\/\/lignesauto.fr\/wp-content\/uploads\/2020\/09\/LIGNESID_07-150x150.png 150w, https:\/\/lignesauto.fr\/wp-content\/uploads\/2020\/09\/LIGNESID_07-768x762.png 768w, https:\/\/lignesauto.fr\/wp-content\/uploads\/2020\/09\/LIGNESID_07.png 1417w\" sizes=\"(max-width: 1024px) 100vw, 1024px\" \/><\/figure>\n\n\n\n<p style=\"font-size:18px\">1- l&#8217;avanc\u00e9e du pied de pare-brise impose la pr\u00e9sence d&#8217;une troisi\u00e8me vitre en amont de la porti\u00e8re qui n&#8217;existe pas sur l&#8217;ID.4 car son pied de pare-brise est recul\u00e9.<br><strong>2- <\/strong>Si l&#8217;ID.3 est quasiment monovolume, l&#8217;ID.4 adopte un capot marqu\u00e9, presque horizontal.<br><strong>3- <\/strong>la face avant de l&#8217;ID.3 est en pente douce jusqu&#8217;\u00e0 la plaque d&#8217;immatriculation alors que celle de l&#8217;ID.4 est abrupte, \u00e0 l&#8217;aplomb du capot moteur.<br><strong>On imagine difficilement que sous ces deux th\u00e8mes de style, la structure interne est strictement identique sur les deux mod\u00e8les. Voyons cela&#8230;<\/strong><\/p>\n\n\n\n<figure class=\"wp-block-image size-large\"><img loading=\"lazy\" decoding=\"async\" width=\"1010\" height=\"1024\" src=\"http:\/\/lignesauto.fr\/wp-content\/uploads\/2020\/09\/LIGNESID_11-1-1010x1024.png\" alt=\"\" class=\"wp-image-19906\" srcset=\"https:\/\/lignesauto.fr\/wp-content\/uploads\/2020\/09\/LIGNESID_11-1-1010x1024.png 1010w, https:\/\/lignesauto.fr\/wp-content\/uploads\/2020\/09\/LIGNESID_11-1-296x300.png 296w, https:\/\/lignesauto.fr\/wp-content\/uploads\/2020\/09\/LIGNESID_11-1-768x778.png 768w, https:\/\/lignesauto.fr\/wp-content\/uploads\/2020\/09\/LIGNESID_11-1.png 1417w\" sizes=\"(max-width: 1010px) 100vw, 1010px\" \/><\/figure>\n\n\n\n<p style=\"font-size:18px\">Ci-dessus, on remarque que les deux Volkswagen, pourtant destin\u00e9es \u00e0 deux client\u00e8les tr\u00e8s diff\u00e9rentes, disposent du m\u00eame empattement (2,77 m) et donc, de la m\u00eame habitabilit\u00e9. Structurellement, les zones techniques les plus co\u00fbteuses sur une plateforme sont identiques :<br><strong>1- <\/strong>la distance entre l&#8217;axe de roue avant et la planche de bord est identique sur les deux v\u00e9hicules. C&#8217;est ici que se situe une zone technique complexe (planche de bord, climatisation, auvent technique, etc.) <br><strong>2- <\/strong>La diff\u00e9rence est uniquement en terme de style, avec l&#8217;avanc\u00e9e du pied de parebrise sur l&#8217;ID.3. Sous ces peaux diff\u00e9rentes, la structure est (presque) identique comme on va le voir.<\/p>\n\n\n\n<p style=\"font-size:18px\"><strong>Ci-dessous, la plateforme MEB de l&#8217;ID.3. Notez l&#8217;effet de loupe&#8230; <\/strong><\/p>\n\n\n\n<figure class=\"wp-block-image size-large\"><img loading=\"lazy\" decoding=\"async\" width=\"1024\" height=\"576\" src=\"http:\/\/lignesauto.fr\/wp-content\/uploads\/2020\/09\/LIGNESID_03-1024x576.png\" alt=\"\" class=\"wp-image-19908\" srcset=\"https:\/\/lignesauto.fr\/wp-content\/uploads\/2020\/09\/LIGNESID_03-1024x576.png 1024w, https:\/\/lignesauto.fr\/wp-content\/uploads\/2020\/09\/LIGNESID_03-300x169.png 300w, https:\/\/lignesauto.fr\/wp-content\/uploads\/2020\/09\/LIGNESID_03-768x432.png 768w, https:\/\/lignesauto.fr\/wp-content\/uploads\/2020\/09\/LIGNESID_03.png 1417w\" sizes=\"(max-width: 1024px) 100vw, 1024px\" \/><\/figure>\n\n\n\n<p style=\"font-size:18px\"><strong>&#8230; qui d\u00e9voile la seule diff\u00e9rence avec la plateforme de l&#8217;ID.4 ci-dessous&#8230;<\/strong><\/p>\n\n\n\n<figure class=\"wp-block-image size-large\"><img loading=\"lazy\" decoding=\"async\" width=\"1024\" height=\"576\" src=\"http:\/\/lignesauto.fr\/wp-content\/uploads\/2020\/09\/LIGNESID_02-1024x576.jpg\" alt=\"\" class=\"wp-image-19909\" srcset=\"https:\/\/lignesauto.fr\/wp-content\/uploads\/2020\/09\/LIGNESID_02-1024x576.jpg 1024w, https:\/\/lignesauto.fr\/wp-content\/uploads\/2020\/09\/LIGNESID_02-300x169.jpg 300w, https:\/\/lignesauto.fr\/wp-content\/uploads\/2020\/09\/LIGNESID_02-768x432.jpg 768w, https:\/\/lignesauto.fr\/wp-content\/uploads\/2020\/09\/LIGNESID_02.jpg 1417w\" sizes=\"(max-width: 1024px) 100vw, 1024px\" \/><\/figure>\n\n\n\n<p style=\"font-size:18px\">Pour mieux comprendre, voici les deux plateformes compar\u00e9es. M\u00eame empattement (en 1), m\u00eame base structurelle et dimensionnelle (en 3) et une seule modification (en 2).<\/p>\n\n\n\n<figure class=\"wp-block-image size-large\"><img loading=\"lazy\" decoding=\"async\" width=\"850\" height=\"1024\" src=\"http:\/\/lignesauto.fr\/wp-content\/uploads\/2020\/09\/LIGNES_04-850x1024.png\" alt=\"\" class=\"wp-image-19907\" srcset=\"https:\/\/lignesauto.fr\/wp-content\/uploads\/2020\/09\/LIGNES_04-850x1024.png 850w, https:\/\/lignesauto.fr\/wp-content\/uploads\/2020\/09\/LIGNES_04-249x300.png 249w, https:\/\/lignesauto.fr\/wp-content\/uploads\/2020\/09\/LIGNES_04-768x925.png 768w, https:\/\/lignesauto.fr\/wp-content\/uploads\/2020\/09\/LIGNES_04-1275x1536.png 1275w, https:\/\/lignesauto.fr\/wp-content\/uploads\/2020\/09\/LIGNES_04.png 1417w\" sizes=\"(max-width: 850px) 100vw, 850px\" \/><\/figure>\n\n\n\n<p style=\"font-size:18px\">Elle concerne  le pourtour de l&#8217;auvent (en 2) qui accueille un capot moteur plus haut sur l&#8217;ID.4 et un pied de pare-brise avanc\u00e9. Ce dernier va participer \u00e0 la r\u00e9sistance aux chocs qui sont d\u00e9vi\u00e9s sur la partie basse sur l&#8217;ID.3. Pour le reste, tout est strictement identique sur les deux voitures au concept pourtant tr\u00e8s diff\u00e9rent.<\/p>\n\n\n\n<figure class=\"wp-block-image size-large\"><img loading=\"lazy\" decoding=\"async\" width=\"1024\" height=\"564\" src=\"http:\/\/lignesauto.fr\/wp-content\/uploads\/2020\/09\/LIGNESID_04-1024x564.png\" alt=\"\" class=\"wp-image-19910\" srcset=\"https:\/\/lignesauto.fr\/wp-content\/uploads\/2020\/09\/LIGNESID_04-1024x564.png 1024w, https:\/\/lignesauto.fr\/wp-content\/uploads\/2020\/09\/LIGNESID_04-300x165.png 300w, https:\/\/lignesauto.fr\/wp-content\/uploads\/2020\/09\/LIGNESID_04-768x423.png 768w, https:\/\/lignesauto.fr\/wp-content\/uploads\/2020\/09\/LIGNESID_04.png 1417w\" sizes=\"(max-width: 1024px) 100vw, 1024px\" \/><\/figure>\n\n\n\n<p style=\"font-size:18px\">D\u00e8s lors, entre l&#8217;ID.3 et l&#8217;ID.4, ce n&#8217;est plus qu&#8217;une question de style ! Cette fameuse plateforme MEB et la cha\u00eene de traction \u00e9lectrique (pour l&#8217;heure, un seul moteur EV est implant\u00e9 \u00e0 l&#8217;arri\u00e8re sur les deux v\u00e9hicules) autorisent des libert\u00e9s incroyables aux designers, tout en maintenant des co\u00fbts de d\u00e9veloppement extr\u00eamement r\u00e9duits au niveau de la plateforme.<\/p>\n\n\n\n<figure class=\"wp-block-image size-large\"><img loading=\"lazy\" decoding=\"async\" width=\"646\" height=\"1024\" src=\"http:\/\/lignesauto.fr\/wp-content\/uploads\/2020\/09\/LIGNESID_08-646x1024.png\" alt=\"\" class=\"wp-image-19911\" srcset=\"https:\/\/lignesauto.fr\/wp-content\/uploads\/2020\/09\/LIGNESID_08-646x1024.png 646w, https:\/\/lignesauto.fr\/wp-content\/uploads\/2020\/09\/LIGNESID_08-189x300.png 189w, https:\/\/lignesauto.fr\/wp-content\/uploads\/2020\/09\/LIGNESID_08-768x1218.png 768w, https:\/\/lignesauto.fr\/wp-content\/uploads\/2020\/09\/LIGNESID_08-969x1536.png 969w, https:\/\/lignesauto.fr\/wp-content\/uploads\/2020\/09\/LIGNESID_08-1292x2048.png 1292w, https:\/\/lignesauto.fr\/wp-content\/uploads\/2020\/09\/LIGNESID_08.png 1417w\" sizes=\"(max-width: 646px) 100vw, 646px\" \/><\/figure>\n\n\n\n<p style=\"font-size:18px\">Les deux premi\u00e8res Volkswagen 100% \u00e9lectriques devraient logiquement \u00eatre rejointes en 2022 par l&#8217;ID.Buzz qui profitera de son concept totalement monovolume pour proposer \u00e0 bord un espace habitable de dimensions encore jamais vues, le tout avec de faibles modifications de l&#8217;architecture de la MEB (ci-dessous les diff\u00e9rentes VW attendues sur cette plateforme).<\/p>\n\n\n\n<figure class=\"wp-block-image size-large\"><img loading=\"lazy\" decoding=\"async\" width=\"1024\" height=\"576\" src=\"http:\/\/lignesauto.fr\/wp-content\/uploads\/2020\/09\/LIGNESID_10-1024x576.jpg\" alt=\"\" class=\"wp-image-19913\" srcset=\"https:\/\/lignesauto.fr\/wp-content\/uploads\/2020\/09\/LIGNESID_10-1024x576.jpg 1024w, https:\/\/lignesauto.fr\/wp-content\/uploads\/2020\/09\/LIGNESID_10-300x169.jpg 300w, https:\/\/lignesauto.fr\/wp-content\/uploads\/2020\/09\/LIGNESID_10-768x432.jpg 768w, https:\/\/lignesauto.fr\/wp-content\/uploads\/2020\/09\/LIGNESID_10.jpg 1417w\" sizes=\"(max-width: 1024px) 100vw, 1024px\" \/><\/figure>\n\n\n\n<p style=\"font-size:18px\">Industriellement, \u00e9videmment, les VW ID.3 et ID.4 passent sur les m\u00eames lignes de montage dans l&#8217;usine de Zwickau (ci-dessous). Mais cette ID.4 &#8211; qui s&#8217;attaque au march\u00e9 le plus porteur au monde (SUV compact) &#8211; sera \u00e9galement produite \u00e0 Chattanooga aux \u00c9tats-Unis, \u00e0 Anting et Foshan en Chine et parall\u00e8lement \u00e0 Zwickau, \u00e0 Emden, en Allemagne.<\/p>\n\n\n\n<figure class=\"wp-block-image size-large\"><img loading=\"lazy\" decoding=\"async\" width=\"1024\" height=\"653\" src=\"http:\/\/lignesauto.fr\/wp-content\/uploads\/2020\/09\/LIGNESID100-1024x653.png\" alt=\"\" class=\"wp-image-19919\" srcset=\"https:\/\/lignesauto.fr\/wp-content\/uploads\/2020\/09\/LIGNESID100-1024x653.png 1024w, https:\/\/lignesauto.fr\/wp-content\/uploads\/2020\/09\/LIGNESID100-300x191.png 300w, https:\/\/lignesauto.fr\/wp-content\/uploads\/2020\/09\/LIGNESID100-768x489.png 768w, https:\/\/lignesauto.fr\/wp-content\/uploads\/2020\/09\/LIGNESID100.png 1417w\" sizes=\"(max-width: 1024px) 100vw, 1024px\" \/><\/figure>\n\n\n\n<figure class=\"wp-block-image is-resized\"><img loading=\"lazy\" decoding=\"async\" src=\"http:\/\/lignesauto.fr\/wp-content\/uploads\/2018\/10\/LOGOActus_BD-1024x367.jpg\" alt=\"L\u2019attribut alt de cette image est vide, son nom de fichier est LOGOActus_BD-1024x367.jpg.\" width=\"469\" height=\"167\"\/><\/figure>\n","protected":false},"excerpt":{"rendered":"<p>Vous pensez que les Volkswagen ID.3 et ID.4 sont tr\u00e8s diff\u00e9rentes ? Oui, pour leur style et leur concept (berline monocorps face \u00e0 un break SUV plus grand), mais pas du tout pour leurs dessous strictement identiques, \u00e0 un d\u00e9tail pr\u00e8s. LIGNES\/auto vous explique&#8230; Volkswagen vient de d\u00e9voiler son premier [&hellip;]<\/p>\n","protected":false},"author":1,"featured_media":19903,"comment_status":"open","ping_status":"open","sticky":false,"template":"","format":"standard","meta":{"footnotes":""},"categories":[1],"tags":[],"_links":{"self":[{"href":"https:\/\/lignesauto.fr\/index.php?rest_route=\/wp\/v2\/posts\/19898"}],"collection":[{"href":"https:\/\/lignesauto.fr\/index.php?rest_route=\/wp\/v2\/posts"}],"about":[{"href":"https:\/\/lignesauto.fr\/index.php?rest_route=\/wp\/v2\/types\/post"}],"author":[{"embeddable":true,"href":"https:\/\/lignesauto.fr\/index.php?rest_route=\/wp\/v2\/users\/1"}],"replies":[{"embeddable":true,"href":"https:\/\/lignesauto.fr\/index.php?rest_route=%2Fwp%2Fv2%2Fcomments&post=19898"}],"version-history":[{"count":10,"href":"https:\/\/lignesauto.fr\/index.php?rest_route=\/wp\/v2\/posts\/19898\/revisions"}],"predecessor-version":[{"id":19920,"href":"https:\/\/lignesauto.fr\/index.php?rest_route=\/wp\/v2\/posts\/19898\/revisions\/19920"}],"wp:featuredmedia":[{"embeddable":true,"href":"https:\/\/lignesauto.fr\/index.php?rest_route=\/wp\/v2\/media\/19903"}],"wp:attachment":[{"href":"https:\/\/lignesauto.fr\/index.php?rest_route=%2Fwp%2Fv2%2Fmedia&parent=19898"}],"wp:term":[{"taxonomy":"category","embeddable":true,"href":"https:\/\/lignesauto.fr\/index.php?rest_route=%2Fwp%2Fv2%2Fcategories&post=19898"},{"taxonomy":"post_tag","embeddable":true,"href":"https:\/\/lignesauto.fr\/index.php?rest_route=%2Fwp%2Fv2%2Ftags&post=19898"}],"curies":[{"name":"wp","href":"https:\/\/api.w.org\/{rel}","templated":true}]}}