{"id":19976,"date":"2020-10-05T14:01:57","date_gmt":"2020-10-05T12:01:57","guid":{"rendered":"http:\/\/lignesauto.fr\/?p=19976"},"modified":"2020-10-05T14:09:48","modified_gmt":"2020-10-05T12:09:48","slug":"projet-me-lami-loisirs-dalexandre-pain","status":"publish","type":"post","link":"https:\/\/lignesauto.fr\/?p=19976","title":{"rendered":"Projet ME : l&#8217;AMI loisirs d&#8217;Alexandre Pain"},"content":{"rendered":"\n<figure class=\"wp-block-image size-large\"><img loading=\"lazy\" decoding=\"async\" width=\"1024\" height=\"586\" src=\"http:\/\/lignesauto.fr\/wp-content\/uploads\/2020\/10\/Capture-de\u0301cran-2020-10-05-a\u0300-09.19.09-1024x586.png\" alt=\"\" class=\"wp-image-19979\" srcset=\"https:\/\/lignesauto.fr\/wp-content\/uploads\/2020\/10\/Capture-de\u0301cran-2020-10-05-a\u0300-09.19.09-1024x586.png 1024w, https:\/\/lignesauto.fr\/wp-content\/uploads\/2020\/10\/Capture-de\u0301cran-2020-10-05-a\u0300-09.19.09-300x172.png 300w, https:\/\/lignesauto.fr\/wp-content\/uploads\/2020\/10\/Capture-de\u0301cran-2020-10-05-a\u0300-09.19.09-768x440.png 768w, https:\/\/lignesauto.fr\/wp-content\/uploads\/2020\/10\/Capture-de\u0301cran-2020-10-05-a\u0300-09.19.09.png 1417w\" sizes=\"(max-width: 1024px) 100vw, 1024px\" \/><\/figure>\n\n\n\n<figure class=\"wp-block-image size-large is-resized\"><img loading=\"lazy\" decoding=\"async\" src=\"http:\/\/lignesauto.fr\/wp-content\/uploads\/2018\/10\/LOGOActus_BD-1024x367.jpg\" alt=\"\" class=\"wp-image-4921\" width=\"433\" height=\"154\" srcset=\"https:\/\/lignesauto.fr\/wp-content\/uploads\/2018\/10\/LOGOActus_BD-1024x367.jpg 1024w, https:\/\/lignesauto.fr\/wp-content\/uploads\/2018\/10\/LOGOActus_BD-300x108.jpg 300w, https:\/\/lignesauto.fr\/wp-content\/uploads\/2018\/10\/LOGOActus_BD-370x133.jpg 370w, https:\/\/lignesauto.fr\/wp-content\/uploads\/2018\/10\/LOGOActus_BD-1040x373.jpg 1040w, https:\/\/lignesauto.fr\/wp-content\/uploads\/2018\/10\/LOGOActus_BD.jpg 1240w\" sizes=\"(max-width: 433px) 100vw, 433px\" \/><\/figure>\n\n\n\n<p>Quel est le point commun entre certaines cr\u00e9ations D\u00e9cathlon, comme le r\u00e9chaud \u00e0 gaz Forclaz con\u00e7u pour le trek, et le projet d\u2019une Citro\u00ebn AMI de loisirs&nbsp;? Aucun me direz-vous. Aucun, sauf leur designer de 32 ans, Alexandre Pain. C\u2019est est un homme qui, son temps libre venu, continue d\u2019ingurgiter des caf\u00e9s tout en laissant son cerveau connect\u00e9 sur l\u2019innovation.<\/p>\n\n\n\n<figure class=\"wp-block-image size-large\"><img loading=\"lazy\" decoding=\"async\" width=\"1024\" height=\"595\" src=\"http:\/\/lignesauto.fr\/wp-content\/uploads\/2020\/10\/Capture-de\u0301cran-2020-10-05-a\u0300-09.18.34-1024x595.png\" alt=\"\" class=\"wp-image-19980\" srcset=\"https:\/\/lignesauto.fr\/wp-content\/uploads\/2020\/10\/Capture-de\u0301cran-2020-10-05-a\u0300-09.18.34-1024x595.png 1024w, https:\/\/lignesauto.fr\/wp-content\/uploads\/2020\/10\/Capture-de\u0301cran-2020-10-05-a\u0300-09.18.34-300x174.png 300w, https:\/\/lignesauto.fr\/wp-content\/uploads\/2020\/10\/Capture-de\u0301cran-2020-10-05-a\u0300-09.18.34-768x446.png 768w, https:\/\/lignesauto.fr\/wp-content\/uploads\/2020\/10\/Capture-de\u0301cran-2020-10-05-a\u0300-09.18.34.png 1417w\" sizes=\"(max-width: 1024px) 100vw, 1024px\" \/><\/figure>\n\n\n\n<p>Inspir\u00e9 par la Citro\u00ebn AMI r\u00e9cemment commercialis\u00e9e, le concept ME d\u2019Alexandre est \u00ab&nbsp;<em>une \u00e9tude bas\u00e9e sur mes convictions personnelles pour une mobilit\u00e9 durable \u00e0 faible \u00e9mission de carbone. Le v\u00e9hicule dispose d\u2019une batterie de 22 kW pour une autonomie d\u2019environ 200 km<\/em>.&nbsp;\u00bb<\/p>\n\n\n\n<figure class=\"wp-block-image size-large\"><img loading=\"lazy\" decoding=\"async\" width=\"1024\" height=\"674\" src=\"http:\/\/lignesauto.fr\/wp-content\/uploads\/2020\/10\/Capture-de\u0301cran-2020-10-05-a\u0300-09.19.01-1024x674.png\" alt=\"\" class=\"wp-image-19981\" srcset=\"https:\/\/lignesauto.fr\/wp-content\/uploads\/2020\/10\/Capture-de\u0301cran-2020-10-05-a\u0300-09.19.01-1024x674.png 1024w, https:\/\/lignesauto.fr\/wp-content\/uploads\/2020\/10\/Capture-de\u0301cran-2020-10-05-a\u0300-09.19.01-300x197.png 300w, https:\/\/lignesauto.fr\/wp-content\/uploads\/2020\/10\/Capture-de\u0301cran-2020-10-05-a\u0300-09.19.01-768x505.png 768w, https:\/\/lignesauto.fr\/wp-content\/uploads\/2020\/10\/Capture-de\u0301cran-2020-10-05-a\u0300-09.19.01.png 1417w\" sizes=\"(max-width: 1024px) 100vw, 1024px\" \/><\/figure>\n\n\n\n<p>Contrairement \u00e0 l\u2019AMI, la ME ne peut donc pas \u00eatre conduite par des adolescents car sa vitesse de pointe est de 80&nbsp;km\/h&nbsp;car il faut bien pouvoir rejoindre les plages et zones de d\u00e9tente&nbsp;!<\/p>\n\n\n\n<figure class=\"wp-block-image size-large\"><img loading=\"lazy\" decoding=\"async\" width=\"1024\" height=\"557\" src=\"http:\/\/lignesauto.fr\/wp-content\/uploads\/2020\/10\/Capture-de\u0301cran-2020-10-05-a\u0300-09.20.00-1024x557.png\" alt=\"\" class=\"wp-image-19982\" srcset=\"https:\/\/lignesauto.fr\/wp-content\/uploads\/2020\/10\/Capture-de\u0301cran-2020-10-05-a\u0300-09.20.00-1024x557.png 1024w, https:\/\/lignesauto.fr\/wp-content\/uploads\/2020\/10\/Capture-de\u0301cran-2020-10-05-a\u0300-09.20.00-300x163.png 300w, https:\/\/lignesauto.fr\/wp-content\/uploads\/2020\/10\/Capture-de\u0301cran-2020-10-05-a\u0300-09.20.00-768x418.png 768w, https:\/\/lignesauto.fr\/wp-content\/uploads\/2020\/10\/Capture-de\u0301cran-2020-10-05-a\u0300-09.20.00.png 1417w\" sizes=\"(max-width: 1024px) 100vw, 1024px\" \/><\/figure>\n\n\n\n<p>Le concept est constitu\u00e9 d\u2019\u00e9l\u00e9ments sym\u00e9triques entre l\u2019avant et l\u2019arri\u00e8re. Comme les pi\u00e8ces sont strictement identiques, la production est potentiellement \u00e0 faible co\u00fbt, comme sur l\u2019AMI de Citro\u00ebn. \u00c9videmment, la carrosserie est sp\u00e9cifique et n\u2019a rien \u00e0 voir avec celle de la Citro\u00ebn, pas plus que sa structure (en tube soud\u00e9s sur l&#8217;AMI). Il s\u2019agit dans le cas de la ME d\u2019un bloc imprim\u00e9 en 3D avec des pi\u00e8ces de carrosserie modulaires qui viennent l\u2019habiller.<\/p>\n\n\n\n<figure class=\"wp-block-image size-large\"><img loading=\"lazy\" decoding=\"async\" width=\"1024\" height=\"575\" src=\"http:\/\/lignesauto.fr\/wp-content\/uploads\/2020\/10\/Capture-de\u0301cran-2020-10-05-a\u0300-09.19.39-1024x575.png\" alt=\"\" class=\"wp-image-19983\" srcset=\"https:\/\/lignesauto.fr\/wp-content\/uploads\/2020\/10\/Capture-de\u0301cran-2020-10-05-a\u0300-09.19.39-1024x575.png 1024w, https:\/\/lignesauto.fr\/wp-content\/uploads\/2020\/10\/Capture-de\u0301cran-2020-10-05-a\u0300-09.19.39-300x169.png 300w, https:\/\/lignesauto.fr\/wp-content\/uploads\/2020\/10\/Capture-de\u0301cran-2020-10-05-a\u0300-09.19.39-768x431.png 768w, https:\/\/lignesauto.fr\/wp-content\/uploads\/2020\/10\/Capture-de\u0301cran-2020-10-05-a\u0300-09.19.39.png 1417w\" sizes=\"(max-width: 1024px) 100vw, 1024px\" \/><\/figure>\n\n\n\n<p>Alexandre pr\u00e9cise que le &#8220;<em>coffre n\u2019a pas de couvercle et il est facilement accessible gr\u00e2ce \u00e0 un marchepied vers la roue arri\u00e8re<\/em>.&#8221; Et si Alexandre dit avoir \u00e9t\u00e9 inspir\u00e9 par la M\u00e9hari qu\u2019il adore, nous pencherons plut\u00f4t pour une inspiration venue du concept-car Lacoste de 2010 (ci-dessous, projet dessin\u00e9 par C\u00e9line Venet), avec toute la simplicit\u00e9 apport\u00e9e par la cha\u00eene de traction \u00e9lectrique dans le cas de la ME.<\/p>\n\n\n\n<figure class=\"wp-block-image size-large\"><img loading=\"lazy\" decoding=\"async\" width=\"1024\" height=\"623\" src=\"http:\/\/lignesauto.fr\/wp-content\/uploads\/2020\/10\/LIGNESA-1024x623.jpg\" alt=\"\" class=\"wp-image-19991\" srcset=\"https:\/\/lignesauto.fr\/wp-content\/uploads\/2020\/10\/LIGNESA-1024x623.jpg 1024w, https:\/\/lignesauto.fr\/wp-content\/uploads\/2020\/10\/LIGNESA-300x182.jpg 300w, https:\/\/lignesauto.fr\/wp-content\/uploads\/2020\/10\/LIGNESA-768x467.jpg 768w, https:\/\/lignesauto.fr\/wp-content\/uploads\/2020\/10\/LIGNESA.jpg 1417w\" sizes=\"(max-width: 1024px) 100vw, 1024px\" \/><\/figure>\n\n\n\n<p>Enfin, et c\u2019est important de le signaler, Alexandre Pain indique &#8220;que ce projet n\u2019a pas de destination commerciale.&#8221; Mais l\u2019id\u00e9e n\u2019en reste pas moins int\u00e9ressante, bien plus que la e-M\u00e9hari&nbsp;!<\/p>\n\n\n\n<figure class=\"wp-block-image size-large\"><img loading=\"lazy\" decoding=\"async\" width=\"1024\" height=\"637\" src=\"http:\/\/lignesauto.fr\/wp-content\/uploads\/2020\/10\/Capture-de\u0301cran-2020-10-05-a\u0300-09.19.23-1024x637.png\" alt=\"\" class=\"wp-image-19984\" srcset=\"https:\/\/lignesauto.fr\/wp-content\/uploads\/2020\/10\/Capture-de\u0301cran-2020-10-05-a\u0300-09.19.23-1024x637.png 1024w, https:\/\/lignesauto.fr\/wp-content\/uploads\/2020\/10\/Capture-de\u0301cran-2020-10-05-a\u0300-09.19.23-300x187.png 300w, https:\/\/lignesauto.fr\/wp-content\/uploads\/2020\/10\/Capture-de\u0301cran-2020-10-05-a\u0300-09.19.23-768x478.png 768w, https:\/\/lignesauto.fr\/wp-content\/uploads\/2020\/10\/Capture-de\u0301cran-2020-10-05-a\u0300-09.19.23.png 1417w\" sizes=\"(max-width: 1024px) 100vw, 1024px\" \/><\/figure>\n\n\n\n<p>Alexandre Pain travaille aujourd\u2019hui \u00e0 plein temps pour D\u00e9cathlon Forclaz en tant que designer de produits sur les \u00e9quipements de camping et d\u2019\u00e9nergie. Voir sa page Behance ici&nbsp;:<\/p>\n\n\n\n<p><a href=\"https:\/\/www.behance.net\/gallery\/103649885\/Citroen-ME-concept?tracking_source=search_projects_recommended%7Cchristophe%20Boiron%20Citroen%20C4\">https:\/\/www.behance.net\/gallery\/103649885\/Citroen-ME-concept?tracking_source=search_projects_recommended%7Cchristophe%20Boiron%20Citroen%20C4<\/a><\/p>\n\n\n\n<figure class=\"wp-block-image is-resized\"><img loading=\"lazy\" decoding=\"async\" src=\"http:\/\/lignesauto.fr\/wp-content\/uploads\/2018\/10\/LOGOActus_BD-1024x367.jpg\" alt=\"L\u2019attribut alt de cette image est vide, son nom de fichier est LOGOActus_BD-1024x367.jpg.\" width=\"424\" height=\"151\"\/><\/figure>\n","protected":false},"excerpt":{"rendered":"<p>Quel est le point commun entre certaines cr\u00e9ations D\u00e9cathlon, comme le r\u00e9chaud \u00e0 gaz Forclaz con\u00e7u pour le trek, et le projet d\u2019une Citro\u00ebn AMI de loisirs&nbsp;? Aucun me direz-vous. Aucun, sauf leur designer de 32 ans, Alexandre Pain. C\u2019est est un homme qui, son temps libre venu, continue d\u2019ingurgiter [&hellip;]<\/p>\n","protected":false},"author":1,"featured_media":19978,"comment_status":"open","ping_status":"open","sticky":false,"template":"","format":"standard","meta":{"footnotes":""},"categories":[1],"tags":[],"_links":{"self":[{"href":"https:\/\/lignesauto.fr\/index.php?rest_route=\/wp\/v2\/posts\/19976"}],"collection":[{"href":"https:\/\/lignesauto.fr\/index.php?rest_route=\/wp\/v2\/posts"}],"about":[{"href":"https:\/\/lignesauto.fr\/index.php?rest_route=\/wp\/v2\/types\/post"}],"author":[{"embeddable":true,"href":"https:\/\/lignesauto.fr\/index.php?rest_route=\/wp\/v2\/users\/1"}],"replies":[{"embeddable":true,"href":"https:\/\/lignesauto.fr\/index.php?rest_route=%2Fwp%2Fv2%2Fcomments&post=19976"}],"version-history":[{"count":12,"href":"https:\/\/lignesauto.fr\/index.php?rest_route=\/wp\/v2\/posts\/19976\/revisions"}],"predecessor-version":[{"id":20005,"href":"https:\/\/lignesauto.fr\/index.php?rest_route=\/wp\/v2\/posts\/19976\/revisions\/20005"}],"wp:featuredmedia":[{"embeddable":true,"href":"https:\/\/lignesauto.fr\/index.php?rest_route=\/wp\/v2\/media\/19978"}],"wp:attachment":[{"href":"https:\/\/lignesauto.fr\/index.php?rest_route=%2Fwp%2Fv2%2Fmedia&parent=19976"}],"wp:term":[{"taxonomy":"category","embeddable":true,"href":"https:\/\/lignesauto.fr\/index.php?rest_route=%2Fwp%2Fv2%2Fcategories&post=19976"},{"taxonomy":"post_tag","embeddable":true,"href":"https:\/\/lignesauto.fr\/index.php?rest_route=%2Fwp%2Fv2%2Ftags&post=19976"}],"curies":[{"name":"wp","href":"https:\/\/api.w.org\/{rel}","templated":true}]}}