{"id":20198,"date":"2020-10-23T14:55:01","date_gmt":"2020-10-23T12:55:01","guid":{"rendered":"http:\/\/lignesauto.fr\/?p=20198"},"modified":"2020-10-23T14:55:01","modified_gmt":"2020-10-23T12:55:01","slug":"il-y-a-40-ans-la-derniere-grande-citroen-citroen","status":"publish","type":"post","link":"https:\/\/lignesauto.fr\/?p=20198","title":{"rendered":"Il y a 40 ans, la derni\u00e8re grande Citro\u00ebn-Citro\u00ebn&#8230;"},"content":{"rendered":"\n<figure class=\"wp-block-image size-large is-resized\"><img loading=\"lazy\" decoding=\"async\" src=\"http:\/\/lignesauto.fr\/wp-content\/uploads\/2018\/10\/LOGOArchives_BD-1024x367.jpg\" alt=\"\" class=\"wp-image-4925\" width=\"435\" height=\"155\" srcset=\"https:\/\/lignesauto.fr\/wp-content\/uploads\/2018\/10\/LOGOArchives_BD-1024x367.jpg 1024w, https:\/\/lignesauto.fr\/wp-content\/uploads\/2018\/10\/LOGOArchives_BD-300x108.jpg 300w, https:\/\/lignesauto.fr\/wp-content\/uploads\/2018\/10\/LOGOArchives_BD-768x276.jpg 768w, https:\/\/lignesauto.fr\/wp-content\/uploads\/2018\/10\/LOGOArchives_BD-370x133.jpg 370w, https:\/\/lignesauto.fr\/wp-content\/uploads\/2018\/10\/LOGOArchives_BD-1040x373.jpg 1040w, https:\/\/lignesauto.fr\/wp-content\/uploads\/2018\/10\/LOGOArchives_BD.jpg 1240w\" sizes=\"(max-width: 435px) 100vw, 435px\" \/><\/figure>\n\n\n\n<p style=\"font-size:18px\">Lorsqu&#8217;en 1975, le centre de style Citro\u00ebn se retrouve sans patron apr\u00e8s le d\u00e9part de Robert Opron (auteur des CX, GS et SM), rien ne semble chagriner une direction qui porte alors peu de cr\u00e9dit \u00e0 l&#8217;\u00e9quipe en place&#8230; Cette derni\u00e8re va pourtant montrer sa force. En vain.<\/p>\n\n\n\n<figure class=\"wp-block-image size-large\"><img loading=\"lazy\" decoding=\"async\" width=\"1024\" height=\"793\" src=\"http:\/\/lignesauto.fr\/wp-content\/uploads\/2020\/10\/LIGNESAUTOGIRET_02-1024x793.jpg\" alt=\"\" class=\"wp-image-20202\" srcset=\"https:\/\/lignesauto.fr\/wp-content\/uploads\/2020\/10\/LIGNESAUTOGIRET_02-1024x793.jpg 1024w, https:\/\/lignesauto.fr\/wp-content\/uploads\/2020\/10\/LIGNESAUTOGIRET_02-300x232.jpg 300w, https:\/\/lignesauto.fr\/wp-content\/uploads\/2020\/10\/LIGNESAUTOGIRET_02-768x595.jpg 768w, https:\/\/lignesauto.fr\/wp-content\/uploads\/2020\/10\/LIGNESAUTOGIRET_02.jpg 1378w\" sizes=\"(max-width: 1024px) 100vw, 1024px\" \/><\/figure>\n\n\n\n<p style=\"font-size:18px\">En 1980, alors que le centre de style Citro\u00ebn entame sa cinqui\u00e8me ann\u00e9e sans direction officielle, Jean Giret (ci-dessus) &#8211; bras droit de Robert Opron et modeleur \u00e9m\u00e9rite &#8211; pousse l&#8217;\u00e9quipe des studios \u00e0 d\u00e9montrer son savoir-faire pour contrer Bertone. Le carrossier italien est effectivement chouchout\u00e9 par la direction et vient de boucler le projet de la BX qui sera commercialis\u00e9e deux ans plus tard, en 1982.<\/p>\n\n\n\n<figure class=\"wp-block-image size-large\"><img loading=\"lazy\" decoding=\"async\" width=\"1024\" height=\"390\" src=\"http:\/\/lignesauto.fr\/wp-content\/uploads\/2020\/10\/LIGNESAUTOGIRET_05-1024x390.jpg\" alt=\"\" class=\"wp-image-20204\" srcset=\"https:\/\/lignesauto.fr\/wp-content\/uploads\/2020\/10\/LIGNESAUTOGIRET_05-1024x390.jpg 1024w, https:\/\/lignesauto.fr\/wp-content\/uploads\/2020\/10\/LIGNESAUTOGIRET_05-300x114.jpg 300w, https:\/\/lignesauto.fr\/wp-content\/uploads\/2020\/10\/LIGNESAUTOGIRET_05-768x293.jpg 768w, https:\/\/lignesauto.fr\/wp-content\/uploads\/2020\/10\/LIGNESAUTOGIRET_05.jpg 1417w\" sizes=\"(max-width: 1024px) 100vw, 1024px\" \/><\/figure>\n\n\n\n<p style=\"font-size:18px\">\u00c9tudi\u00e9 en catimini en interne dans le bureau de style Citro\u00ebn, le projet d\u2019un successeur \u00e0 la CX na\u00eet au d\u00e9but de cette d\u00e9cennie 1980. Il est l&#8217;oeuvre de Giret qui tente co\u00fbte que co\u00fbte de r\u00e9habiliter son \u00e9quipe. Le projet E est un travail qui ne repose sur aucun cahier des charges officiel. Jean Giret est alors un homme discret et volontaire. Pragmatique. Avec ses coll\u00e8gues du bureau de design (Gromik, Charreton, Dargent, etc.) il a tenu \u00e0 bout de bras le style pendant cinq ann\u00e9es, entre le d\u00e9part de Robert Opron et l\u2019arriv\u00e9e de Trevor Fiore. Son ambition&nbsp;? D\u00e9montrer qu\u2019apr\u00e8s la formation du groupe Peugeot-Citro\u00ebn, la marque avait conserv\u00e9 toutes ses facult\u00e9s de cr\u00e9ativit\u00e9. Pour exprimer cette app\u00e9tence, quoi de mieux que le projet d\u2019une grande berline, car la CX n\u00e9e en 1974 va sur ses six ann\u00e9es d\u2019existence.<\/p>\n\n\n\n<figure class=\"wp-block-image size-large\"><img loading=\"lazy\" decoding=\"async\" width=\"1024\" height=\"706\" src=\"http:\/\/lignesauto.fr\/wp-content\/uploads\/2020\/10\/LIGNESAUTOGIRET_03-1024x706.jpg\" alt=\"\" class=\"wp-image-20205\" srcset=\"https:\/\/lignesauto.fr\/wp-content\/uploads\/2020\/10\/LIGNESAUTOGIRET_03-1024x706.jpg 1024w, https:\/\/lignesauto.fr\/wp-content\/uploads\/2020\/10\/LIGNESAUTOGIRET_03-300x207.jpg 300w, https:\/\/lignesauto.fr\/wp-content\/uploads\/2020\/10\/LIGNESAUTOGIRET_03-768x530.jpg 768w, https:\/\/lignesauto.fr\/wp-content\/uploads\/2020\/10\/LIGNESAUTOGIRET_03.jpg 1417w\" sizes=\"(max-width: 1024px) 100vw, 1024px\" \/><\/figure>\n\n\n\n<p style=\"font-size:18px\">Ce projet \u00ab&nbsp;E&nbsp;\u00bb est le dernier \u00e0 recevoir l\u2019empreinte de l\u2019\u00e9quipe de style demeur\u00e9e pratiquement intacte apr\u00e8s le d\u00e9part d\u2019Opron. En 1989, Jean Giret \u00e9voquait avec moi ce programme&nbsp;: <em>\u00ab&nbsp;en juin 1980, lorsque nous le r\u00e9alisons, la BX \u00e9tait d\u00e9j\u00e0 gel\u00e9e mais elle n\u2019\u00e9tait pas encore commercialis\u00e9e. Nous \u00e9tions au creux de la vague et en proie \u00e0 un travail de sape qui venait de tous c\u00f4t\u00e9s, notamment au sein m\u00eame de Peugeot-Citro\u00ebn, afin d\u2019introduire les designers de Chrysler. Il y a eu un resserrement des rangs au sein du style Citro\u00ebn dont j\u2019\u00e9tais devenu le chef de file. Estaque nous avait demand\u00e9 de prouver que le style Citro\u00ebn n\u2019\u00e9tait pas en panne. Pour ce projet \u00ab&nbsp;E&nbsp;\u00bb, il n\u2019y a pas eu de cahier des charges mais nous l\u2019avons imagin\u00e9&nbsp;: il fallait conforter le v\u00e9hicule en volumes, donc en dimensions.&#8221;<\/em><\/p>\n\n\n\n<figure class=\"wp-block-image size-large\"><img loading=\"lazy\" decoding=\"async\" width=\"1024\" height=\"368\" src=\"http:\/\/lignesauto.fr\/wp-content\/uploads\/2020\/10\/LIGNESAUTOGIRET_04-1024x368.jpg\" alt=\"\" class=\"wp-image-20201\" srcset=\"https:\/\/lignesauto.fr\/wp-content\/uploads\/2020\/10\/LIGNESAUTOGIRET_04-1024x368.jpg 1024w, https:\/\/lignesauto.fr\/wp-content\/uploads\/2020\/10\/LIGNESAUTOGIRET_04-300x108.jpg 300w, https:\/\/lignesauto.fr\/wp-content\/uploads\/2020\/10\/LIGNESAUTOGIRET_04-768x276.jpg 768w, https:\/\/lignesauto.fr\/wp-content\/uploads\/2020\/10\/LIGNESAUTOGIRET_04.jpg 1417w\" sizes=\"(max-width: 1024px) 100vw, 1024px\" \/><\/figure>\n\n\n\n<p style=\"font-size:18px\">&#8220;<em>Ce fut le seul programme de remplacement de la CX jusqu\u2019\u00e0 la XM. Avec la CX, Peugeot nous a fait comprendre que c\u2019\u00e9tait la fin de la philosophie Citro\u00ebn. Le projet \u00ab&nbsp;E&nbsp;\u00bb a \u00e9t\u00e9 port\u00e9 jusqu\u2019\u00e0 cette maquette et a \u00e9t\u00e9 montr\u00e9 de fa\u00e7on tr\u00e8s discr\u00e8te \u00e0 Lombard ou Karcher, je ne sais plus. Mais il n\u2019\u00e9tait pas en phase avec les pr\u00e9occupations du moment&#8230;&nbsp;\u00bb<\/em> La grande berline \u00ab&nbsp;E&nbsp;\u00bb proposait une largeur habitable plus g\u00e9n\u00e9reuse que celle de la CX et un style totalement raccord avec celui de la BX, pour une coh\u00e9rence de gamme. De la CX, elle reprenait les flancs \u00e0 trois glaces lat\u00e9rales, alors que la petite remont\u00e9e de caisse sur la porte arri\u00e8re \u00e9tait emprunt\u00e9e \u00e0 la SM. Cette berline semblait \u00e9galement avoir retenu la solution d\u2019une cinqui\u00e8me porte pour acc\u00e9der au coffre. Soit tous les fondamentaux des grandes routi\u00e8res des ann\u00e9es 1980&#8230; En 1984, Jean Giret participera \u00e0 l&#8217;\u00e9tude de la XM (la premi\u00e8re grande Citro\u00ebn-PSA qui partage ses dessous avec la Peugeot 605) avec cette proposition ci-dessous, sans succ\u00e8s&#8230; Marc Deschamps chez Bertone remportera le concours de style de cette grande berline XM qui arrivera sur le march\u00e9&#8230; NEUF ann\u00e9es apr\u00e8s le projet &#8220;E&#8221; de Giret !<\/p>\n\n\n\n<figure class=\"wp-block-image size-large\"><img loading=\"lazy\" decoding=\"async\" width=\"1024\" height=\"759\" src=\"http:\/\/lignesauto.fr\/wp-content\/uploads\/2020\/10\/LIGNESAUTOGIRET_01-1024x759.png\" alt=\"\" class=\"wp-image-20207\" srcset=\"https:\/\/lignesauto.fr\/wp-content\/uploads\/2020\/10\/LIGNESAUTOGIRET_01-1024x759.png 1024w, https:\/\/lignesauto.fr\/wp-content\/uploads\/2020\/10\/LIGNESAUTOGIRET_01-300x222.png 300w, https:\/\/lignesauto.fr\/wp-content\/uploads\/2020\/10\/LIGNESAUTOGIRET_01-768x569.png 768w, https:\/\/lignesauto.fr\/wp-content\/uploads\/2020\/10\/LIGNESAUTOGIRET_01.png 1417w\" sizes=\"(max-width: 1024px) 100vw, 1024px\" \/><\/figure>\n\n\n\n<p style=\"font-size:18px\">Retrouvez tous les concept-cars et prototypes d&#8217;\u00e9tudes Citro\u00ebn dans le livre CONCEPT-CARS CITRO\u00cbN disponible ici : <a href=\"https:\/\/www.bjbeditions.com\/products\/concept-cars-et-prototypes-detudes-citroen\">https:\/\/www.bjbeditions.com\/products\/concept-cars-et-prototypes-detudes-citroen<\/a><\/p>\n\n\n\n<figure class=\"wp-block-image size-large\"><img loading=\"lazy\" decoding=\"async\" width=\"1024\" height=\"881\" src=\"http:\/\/lignesauto.fr\/wp-content\/uploads\/2020\/10\/UNE-BJB-2-1024x881.png\" alt=\"\" class=\"wp-image-20213\" srcset=\"https:\/\/lignesauto.fr\/wp-content\/uploads\/2020\/10\/UNE-BJB-2-1024x881.png 1024w, https:\/\/lignesauto.fr\/wp-content\/uploads\/2020\/10\/UNE-BJB-2-300x258.png 300w, https:\/\/lignesauto.fr\/wp-content\/uploads\/2020\/10\/UNE-BJB-2-768x661.png 768w, https:\/\/lignesauto.fr\/wp-content\/uploads\/2020\/10\/UNE-BJB-2.png 1417w\" sizes=\"(max-width: 1024px) 100vw, 1024px\" \/><\/figure>\n\n\n\n<figure class=\"wp-block-image is-resized\"><img loading=\"lazy\" decoding=\"async\" src=\"http:\/\/lignesauto.fr\/wp-content\/uploads\/2018\/10\/LOGOArchives_BD-1024x367.jpg\" alt=\"L\u2019attribut alt de cette image est vide, son nom de fichier est LOGOArchives_BD-1024x367.jpg.\" width=\"501\" height=\"179\"\/><\/figure>\n","protected":false},"excerpt":{"rendered":"<p>Lorsqu&#8217;en 1975, le centre de style Citro\u00ebn se retrouve sans patron apr\u00e8s le d\u00e9part de Robert Opron (auteur des CX, GS et SM), rien ne semble chagriner une direction qui porte alors peu de cr\u00e9dit \u00e0 l&#8217;\u00e9quipe en place&#8230; Cette derni\u00e8re va pourtant montrer sa force. En vain. En 1980, [&hellip;]<\/p>\n","protected":false},"author":1,"featured_media":20209,"comment_status":"open","ping_status":"open","sticky":false,"template":"","format":"standard","meta":{"footnotes":""},"categories":[1],"tags":[],"_links":{"self":[{"href":"https:\/\/lignesauto.fr\/index.php?rest_route=\/wp\/v2\/posts\/20198"}],"collection":[{"href":"https:\/\/lignesauto.fr\/index.php?rest_route=\/wp\/v2\/posts"}],"about":[{"href":"https:\/\/lignesauto.fr\/index.php?rest_route=\/wp\/v2\/types\/post"}],"author":[{"embeddable":true,"href":"https:\/\/lignesauto.fr\/index.php?rest_route=\/wp\/v2\/users\/1"}],"replies":[{"embeddable":true,"href":"https:\/\/lignesauto.fr\/index.php?rest_route=%2Fwp%2Fv2%2Fcomments&post=20198"}],"version-history":[{"count":12,"href":"https:\/\/lignesauto.fr\/index.php?rest_route=\/wp\/v2\/posts\/20198\/revisions"}],"predecessor-version":[{"id":20225,"href":"https:\/\/lignesauto.fr\/index.php?rest_route=\/wp\/v2\/posts\/20198\/revisions\/20225"}],"wp:featuredmedia":[{"embeddable":true,"href":"https:\/\/lignesauto.fr\/index.php?rest_route=\/wp\/v2\/media\/20209"}],"wp:attachment":[{"href":"https:\/\/lignesauto.fr\/index.php?rest_route=%2Fwp%2Fv2%2Fmedia&parent=20198"}],"wp:term":[{"taxonomy":"category","embeddable":true,"href":"https:\/\/lignesauto.fr\/index.php?rest_route=%2Fwp%2Fv2%2Fcategories&post=20198"},{"taxonomy":"post_tag","embeddable":true,"href":"https:\/\/lignesauto.fr\/index.php?rest_route=%2Fwp%2Fv2%2Ftags&post=20198"}],"curies":[{"name":"wp","href":"https:\/\/api.w.org\/{rel}","templated":true}]}}