{"id":20271,"date":"2020-10-30T13:11:02","date_gmt":"2020-10-30T12:11:02","guid":{"rendered":"http:\/\/lignesauto.fr\/?p=20271"},"modified":"2020-10-30T13:13:25","modified_gmt":"2020-10-30T12:13:25","slug":"bertone-la-photo-emotion","status":"publish","type":"post","link":"https:\/\/lignesauto.fr\/?p=20271","title":{"rendered":"Bertone : la photo \u00e9motion"},"content":{"rendered":"\n<p style=\"font-size:18px\">LIGNES\/auto ne parle pas que de lignes, de courbes, d&#8217;\u00e9quilibre des masses ou de volumes&#8230; L&#8217;aspect humain passe avant tout. Alors lorsque mon ami Marc Deschamps me fait parvenir cette photo prise voici quelques jours, je ne peux m&#8217;emp\u00eacher de raconter modestement quelques autres fragments de la vie des ces monstres du design, comme Marcello Gandini et Marc Deschamps.<\/p>\n\n\n\n<figure class=\"wp-block-image size-large\"><img loading=\"lazy\" decoding=\"async\" width=\"1024\" height=\"559\" src=\"http:\/\/lignesauto.fr\/wp-content\/uploads\/2020\/10\/Capture-de\u0301cran-2020-10-29-a\u0300-17.40.51-1024x559.png\" alt=\"\" class=\"wp-image-20321\" srcset=\"https:\/\/lignesauto.fr\/wp-content\/uploads\/2020\/10\/Capture-de\u0301cran-2020-10-29-a\u0300-17.40.51-1024x559.png 1024w, https:\/\/lignesauto.fr\/wp-content\/uploads\/2020\/10\/Capture-de\u0301cran-2020-10-29-a\u0300-17.40.51-300x164.png 300w, https:\/\/lignesauto.fr\/wp-content\/uploads\/2020\/10\/Capture-de\u0301cran-2020-10-29-a\u0300-17.40.51-768x419.png 768w, https:\/\/lignesauto.fr\/wp-content\/uploads\/2020\/10\/Capture-de\u0301cran-2020-10-29-a\u0300-17.40.51.png 1417w\" sizes=\"(max-width: 1024px) 100vw, 1024px\" \/><\/figure>\n\n\n\n<figure class=\"wp-block-image size-large is-resized\"><img loading=\"lazy\" decoding=\"async\" src=\"http:\/\/lignesauto.fr\/wp-content\/uploads\/2018\/10\/LOGOActus_BD-1024x367.jpg\" alt=\"\" class=\"wp-image-4921\" width=\"420\" height=\"150\" srcset=\"https:\/\/lignesauto.fr\/wp-content\/uploads\/2018\/10\/LOGOActus_BD-1024x367.jpg 1024w, https:\/\/lignesauto.fr\/wp-content\/uploads\/2018\/10\/LOGOActus_BD-300x108.jpg 300w, https:\/\/lignesauto.fr\/wp-content\/uploads\/2018\/10\/LOGOActus_BD-768x276.jpg 768w, https:\/\/lignesauto.fr\/wp-content\/uploads\/2018\/10\/LOGOActus_BD-370x133.jpg 370w, https:\/\/lignesauto.fr\/wp-content\/uploads\/2018\/10\/LOGOActus_BD-1040x373.jpg 1040w, https:\/\/lignesauto.fr\/wp-content\/uploads\/2018\/10\/LOGOActus_BD.jpg 1240w\" sizes=\"(max-width: 420px) 100vw, 420px\" \/><\/figure>\n\n\n\n<p style=\"font-size:18px\">Ci-dessous, la fameuse photo est prise chez Marcello Gandini. A gauche, Beppe Panico, puis Eugenio Pagliano, l&#8217;autre grand designer de Bertone. Puis Marcello Gandini et Marc Deschamps.<\/p>\n\n\n\n<figure class=\"wp-block-image size-large\"><img loading=\"lazy\" decoding=\"async\" width=\"1024\" height=\"557\" src=\"http:\/\/lignesauto.fr\/wp-content\/uploads\/2020\/10\/Capture-de\u0301cran-2020-10-29-a\u0300-18.20.58-1024x557.png\" alt=\"\" class=\"wp-image-20278\" srcset=\"https:\/\/lignesauto.fr\/wp-content\/uploads\/2020\/10\/Capture-de\u0301cran-2020-10-29-a\u0300-18.20.58-1024x557.png 1024w, https:\/\/lignesauto.fr\/wp-content\/uploads\/2020\/10\/Capture-de\u0301cran-2020-10-29-a\u0300-18.20.58-300x163.png 300w, https:\/\/lignesauto.fr\/wp-content\/uploads\/2020\/10\/Capture-de\u0301cran-2020-10-29-a\u0300-18.20.58-768x418.png 768w, https:\/\/lignesauto.fr\/wp-content\/uploads\/2020\/10\/Capture-de\u0301cran-2020-10-29-a\u0300-18.20.58.png 1417w\" sizes=\"(max-width: 1024px) 100vw, 1024px\" \/><\/figure>\n\n\n\n<p style=\"font-size:18px\">Commen\u00e7ons par Beppe Panico. Ce fut l&#8217;homme \u00e0 tout faire chez Bertone. Il fut le bras droit de Nuccio Bertone et dirigeait aussi la communication de la <em>carrozzeria<\/em>. C&#8217;est avec lui que j&#8217;organisais les &#8220;essais&#8221; de concept-cars Bertone et c&#8217;est \u00e9galement par son interm\u00e9diaire que j&#8217;ai r\u00e9ussi \u00e0 obtenir l&#8217;interview du ma\u00eetre des lieux Nuccio Bertone, ci-dessous aux c\u00f4t\u00e9s de la Porsche 911 Karisma et de la Lamborghini Marzal lors d&#8217;un reportage r\u00e9alis\u00e9 pour l&#8217;auto-journal.<\/p>\n\n\n\n<figure class=\"wp-block-image size-large\"><img loading=\"lazy\" decoding=\"async\" width=\"1024\" height=\"652\" src=\"http:\/\/lignesauto.fr\/wp-content\/uploads\/2020\/10\/LIGNES_0100-1024x652.jpg\" alt=\"\" class=\"wp-image-20279\" srcset=\"https:\/\/lignesauto.fr\/wp-content\/uploads\/2020\/10\/LIGNES_0100-1024x652.jpg 1024w, https:\/\/lignesauto.fr\/wp-content\/uploads\/2020\/10\/LIGNES_0100-300x191.jpg 300w, https:\/\/lignesauto.fr\/wp-content\/uploads\/2020\/10\/LIGNES_0100-768x489.jpg 768w, https:\/\/lignesauto.fr\/wp-content\/uploads\/2020\/10\/LIGNES_0100.jpg 1417w\" sizes=\"(max-width: 1024px) 100vw, 1024px\" \/><\/figure>\n\n\n\n<p style=\"font-size:18px\">Beppe Panico \u00e9tait alors l&#8217;incarnation m\u00eame de la sympathie et du d\u00e9vouement pour la maison Bertone. Et il est rest\u00e9 cet homme. Il nous recevait avec empathie et nous confiait les cl\u00e9s d&#8217;engins inestimables pour que nous puissions &#8211; le photographe et moi-m\u00eame &#8211; r\u00e9aliser nos reportages dans des conditions royales (ci-dessous avec la Bella de 1999). Parfois, il nous suivait. Parfois, nous \u00e9tions seuls avec des cr\u00e9ations uniques et une joie intense de pouvoir les mener sur routes ouvertes ! Autre \u00e9poque&#8230; J&#8217;en profite pour le saluer !<\/p>\n\n\n\n<figure class=\"wp-block-image size-large\"><img loading=\"lazy\" decoding=\"async\" width=\"1024\" height=\"679\" src=\"http:\/\/lignesauto.fr\/wp-content\/uploads\/2020\/10\/LIGNESBERTONE_01-1024x679.jpg\" alt=\"\" class=\"wp-image-20280\" srcset=\"https:\/\/lignesauto.fr\/wp-content\/uploads\/2020\/10\/LIGNESBERTONE_01-1024x679.jpg 1024w, https:\/\/lignesauto.fr\/wp-content\/uploads\/2020\/10\/LIGNESBERTONE_01-300x199.jpg 300w, https:\/\/lignesauto.fr\/wp-content\/uploads\/2020\/10\/LIGNESBERTONE_01-768x509.jpg 768w, https:\/\/lignesauto.fr\/wp-content\/uploads\/2020\/10\/LIGNESBERTONE_01.jpg 1417w\" sizes=\"(max-width: 1024px) 100vw, 1024px\" \/><\/figure>\n\n\n\n<p style=\"font-size:18px\">Eugenio Pagliano quant \u00e0 lui prenait en charge beaucoup de projets de design int\u00e9rieur. Il formait un duo d&#8217;excellence avec Marcello Gandini. J&#8217;ai souvenir de ce compte-rendu d&#8217;interview men\u00e9 par Serge Van-Hove, du design Renault, concernant la proposition pour le moins originale de Bertone pour le projet de la Renault 9 !<\/p>\n\n\n\n<figure class=\"wp-block-image size-large\"><img loading=\"lazy\" decoding=\"async\" width=\"1024\" height=\"841\" src=\"http:\/\/lignesauto.fr\/wp-content\/uploads\/2020\/10\/LIGNES100-1024x841.png\" alt=\"\" class=\"wp-image-20284\" srcset=\"https:\/\/lignesauto.fr\/wp-content\/uploads\/2020\/10\/LIGNES100-1024x841.png 1024w, https:\/\/lignesauto.fr\/wp-content\/uploads\/2020\/10\/LIGNES100-300x246.png 300w, https:\/\/lignesauto.fr\/wp-content\/uploads\/2020\/10\/LIGNES100-768x631.png 768w, https:\/\/lignesauto.fr\/wp-content\/uploads\/2020\/10\/LIGNES100.png 1417w\" sizes=\"(max-width: 1024px) 100vw, 1024px\" \/><\/figure>\n\n\n\n<p style=\"font-size:18px\">Ci-dessus, une photo extraite du rapport de cet interview o\u00f9 l&#8217;on devine Eugenio Pagliano \u00e0 gauche et Marcello Gandini. Ci-dessous, la page de garde de ce rapport.<\/p>\n\n\n\n<figure class=\"wp-block-image size-large\"><img loading=\"lazy\" decoding=\"async\" width=\"1024\" height=\"543\" src=\"http:\/\/lignesauto.fr\/wp-content\/uploads\/2020\/10\/Capture-de\u0301cran-2020-10-30-a\u0300-11.27.20-1024x543.png\" alt=\"\" class=\"wp-image-20282\" srcset=\"https:\/\/lignesauto.fr\/wp-content\/uploads\/2020\/10\/Capture-de\u0301cran-2020-10-30-a\u0300-11.27.20-1024x543.png 1024w, https:\/\/lignesauto.fr\/wp-content\/uploads\/2020\/10\/Capture-de\u0301cran-2020-10-30-a\u0300-11.27.20-300x159.png 300w, https:\/\/lignesauto.fr\/wp-content\/uploads\/2020\/10\/Capture-de\u0301cran-2020-10-30-a\u0300-11.27.20-768x408.png 768w, https:\/\/lignesauto.fr\/wp-content\/uploads\/2020\/10\/Capture-de\u0301cran-2020-10-30-a\u0300-11.27.20.png 1417w\" sizes=\"(max-width: 1024px) 100vw, 1024px\" \/><\/figure>\n\n\n\n<p style=\"font-size:18px\">Pendant le long entretien, Serge Van-Hove tente de comprendre les raisons qui ont pouss\u00e9 le <em>stile Bertone<\/em> a enfanter une voiture aussi originale (et inspir\u00e9e du concept-car Ferrari Rainbow de Gandini). Marcello Gandini \u00e9tant arriv\u00e9 tardivement lors de cet entretien, c&#8217;est Eugenio qui d\u00e9fendit vaillamment le travail de son ami.<\/p>\n\n\n\n<figure class=\"wp-block-image size-large\"><img loading=\"lazy\" decoding=\"async\" width=\"1024\" height=\"600\" src=\"http:\/\/lignesauto.fr\/wp-content\/uploads\/2020\/10\/LIGNES101-1024x600.png\" alt=\"\" class=\"wp-image-20285\" srcset=\"https:\/\/lignesauto.fr\/wp-content\/uploads\/2020\/10\/LIGNES101-1024x600.png 1024w, https:\/\/lignesauto.fr\/wp-content\/uploads\/2020\/10\/LIGNES101-300x176.png 300w, https:\/\/lignesauto.fr\/wp-content\/uploads\/2020\/10\/LIGNES101-768x450.png 768w, https:\/\/lignesauto.fr\/wp-content\/uploads\/2020\/10\/LIGNES101.png 1417w\" sizes=\"(max-width: 1024px) 100vw, 1024px\" \/><\/figure>\n\n\n\n<p style=\"font-size:18px\">Il faut reconna\u00eetre que le projet de Gandini, ci-dessus en photo et ci-dessous en illustration (dessin de Monholo Oumar : <a href=\"https:\/\/www.behance.net\/Monholo\">https:\/\/www.behance.net\/Monholo<\/a>) \u00e9tait tr\u00e8s original pour le segment vis\u00e9 !<\/p>\n\n\n\n<figure class=\"wp-block-image size-large\"><img loading=\"lazy\" decoding=\"async\" width=\"1024\" height=\"588\" src=\"http:\/\/lignesauto.fr\/wp-content\/uploads\/2020\/10\/LIGNES102-1024x588.jpg\" alt=\"\" class=\"wp-image-20286\" srcset=\"https:\/\/lignesauto.fr\/wp-content\/uploads\/2020\/10\/LIGNES102-1024x588.jpg 1024w, https:\/\/lignesauto.fr\/wp-content\/uploads\/2020\/10\/LIGNES102-300x172.jpg 300w, https:\/\/lignesauto.fr\/wp-content\/uploads\/2020\/10\/LIGNES102-768x441.jpg 768w, https:\/\/lignesauto.fr\/wp-content\/uploads\/2020\/10\/LIGNES102.jpg 1417w\" sizes=\"(max-width: 1024px) 100vw, 1024px\" \/><\/figure>\n\n\n\n<p style=\"font-size:18px\">Venons en au ma\u00eetre des lieux, Marcello Gandini, \u00e0 gauche sur la photo ci-dessous. Il a remplac\u00e9 \u00e0 la t\u00eate du design Bertone Giorgetto Giugiaro en 1965. Tous deux sont n\u00e9s la m\u00eame ann\u00e9e (1938), le m\u00eame mois (ao\u00fbt) avec seulement 17 jours d&#8217;\u00e9cart ! \u00c9trange concours de circonstance qui fait que ces deux hommes ont eu des trajectoires similaires. Avec des cr\u00e9ations pourtant si diff\u00e9rentes ! Cette photo ci-dessous montre les deux hommes (Gandini et Deschamps) qui ont con\u00e7u les concept-cars Bertone de la p\u00e9riode de 1966 \u00e0 1991 ! Rien moins que cela&#8230;<\/p>\n\n\n\n<figure class=\"wp-block-image size-large\"><img loading=\"lazy\" decoding=\"async\" width=\"1024\" height=\"716\" src=\"http:\/\/lignesauto.fr\/wp-content\/uploads\/2020\/10\/Capture-de\u0301cran-2020-10-30-a\u0300-11.39.37-1024x716.png\" alt=\"\" class=\"wp-image-20288\" srcset=\"https:\/\/lignesauto.fr\/wp-content\/uploads\/2020\/10\/Capture-de\u0301cran-2020-10-30-a\u0300-11.39.37-1024x716.png 1024w, https:\/\/lignesauto.fr\/wp-content\/uploads\/2020\/10\/Capture-de\u0301cran-2020-10-30-a\u0300-11.39.37-300x210.png 300w, https:\/\/lignesauto.fr\/wp-content\/uploads\/2020\/10\/Capture-de\u0301cran-2020-10-30-a\u0300-11.39.37-768x537.png 768w, https:\/\/lignesauto.fr\/wp-content\/uploads\/2020\/10\/Capture-de\u0301cran-2020-10-30-a\u0300-11.39.37.png 1417w\" sizes=\"(max-width: 1024px) 100vw, 1024px\" \/><\/figure>\n\n\n\n<p style=\"font-size:18px\">L&#8217;histoire voudrait que Giugiaro ait laiss\u00e9 tra\u00een\u00e9 des dessins qui auraient ensuite abouti \u00e0 la Miura (ci-dessous, avec Gandini) pourtant l&#8217;\u0153uvre de Gandini. Qu&#8217;importe, Marcello Gandini a marqu\u00e9 de sa cr\u00e9ativit\u00e9 le design mondial des ann\u00e9es 1960-1980.<\/p>\n\n\n\n<figure class=\"wp-block-image size-large\"><img loading=\"lazy\" decoding=\"async\" width=\"1024\" height=\"683\" src=\"http:\/\/lignesauto.fr\/wp-content\/uploads\/2020\/10\/441110-1024x683.jpg\" alt=\"\" class=\"wp-image-20295\" srcset=\"https:\/\/lignesauto.fr\/wp-content\/uploads\/2020\/10\/441110-1024x683.jpg 1024w, https:\/\/lignesauto.fr\/wp-content\/uploads\/2020\/10\/441110-300x200.jpg 300w, https:\/\/lignesauto.fr\/wp-content\/uploads\/2020\/10\/441110-768x512.jpg 768w, https:\/\/lignesauto.fr\/wp-content\/uploads\/2020\/10\/441110.jpg 1417w\" sizes=\"(max-width: 1024px) 100vw, 1024px\" \/><\/figure>\n\n\n\n<p style=\"font-size:18px\">Inutile d\u2019\u00e9voquer l\u2019Alfa Romeo Carabo, les Lamborghini Countach ou Marzal ou encore la Stratos Zero. Moins excitantes pour des cr\u00e9ations de Gandini, mais plus profitables pour leurs constructeurs, citons les fran\u00e7aises Citro\u00ebn BX et Renault Supercinq. Mais cette derni\u00e8re fut men\u00e9e en dehors du bureau de design Bertone car, en 1980, Gandini vole de ses propres ailes, bien aid\u00e9 par le constructeur fran\u00e7ais alors nationalis\u00e9, qui le consulte sur tous les projets, notamment, pour la \u00ab Macadam Star \u00bb, la Renault 9 comme on l&#8217;a vu plus haut.<\/p>\n\n\n\n<figure class=\"wp-block-image size-large\"><img loading=\"lazy\" decoding=\"async\" width=\"1024\" height=\"770\" src=\"http:\/\/lignesauto.fr\/wp-content\/uploads\/2020\/10\/LIGNESBERTONE_14-1024x770.jpg\" alt=\"\" class=\"wp-image-20289\" srcset=\"https:\/\/lignesauto.fr\/wp-content\/uploads\/2020\/10\/LIGNESBERTONE_14-1024x770.jpg 1024w, https:\/\/lignesauto.fr\/wp-content\/uploads\/2020\/10\/LIGNESBERTONE_14-300x225.jpg 300w, https:\/\/lignesauto.fr\/wp-content\/uploads\/2020\/10\/LIGNESBERTONE_14-768x577.jpg 768w, https:\/\/lignesauto.fr\/wp-content\/uploads\/2020\/10\/LIGNESBERTONE_14.jpg 1417w\" sizes=\"(max-width: 1024px) 100vw, 1024px\" \/><\/figure>\n\n\n\n<p style=\"font-size:18px\">Et puis, enfin sur cette photo, Marc Deschamps (ci-dessous photo Christian Martin) \u00e0 qui l&#8217;on doit ce clich\u00e9 ultime ! Ce fran\u00e7ais a connu deux p\u00e9riodes chez Bertone. L&#8217;une au d\u00e9but des ann\u00e9es 1970 qui donna naissance au concept-car Citro\u00ebn GS Camargue pr\u00e9sent\u00e9e par le carrossier Bertone en 1972, l&#8217;autre qui le verra prendre la direction du <em>Stile Bertone<\/em> en lieu et place de Gandini \u00e0 la fin des ann\u00e9es 1970.<\/p>\n\n\n\n<figure class=\"wp-block-image size-large\"><img loading=\"lazy\" decoding=\"async\" width=\"1024\" height=\"683\" src=\"http:\/\/lignesauto.fr\/wp-content\/uploads\/2020\/10\/LIGNES_1000-1024x683.jpg\" alt=\"\" class=\"wp-image-20297\" srcset=\"https:\/\/lignesauto.fr\/wp-content\/uploads\/2020\/10\/LIGNES_1000-1024x683.jpg 1024w, https:\/\/lignesauto.fr\/wp-content\/uploads\/2020\/10\/LIGNES_1000-300x200.jpg 300w, https:\/\/lignesauto.fr\/wp-content\/uploads\/2020\/10\/LIGNES_1000-768x512.jpg 768w, https:\/\/lignesauto.fr\/wp-content\/uploads\/2020\/10\/LIGNES_1000.jpg 1417w\" sizes=\"(max-width: 1024px) 100vw, 1024px\" \/><\/figure>\n\n\n\n<p style=\"font-size:18px\">La Camargue est bien plus qu\u2019un simple concept-car. Le dessin de Marc Deschamps repose sur une base de berline Citro\u00ebn GS et la Camargue (un nom choisi par Nuccio Bertone en personne car il aimait cette r\u00e9gion du sud de la France) se devait de tisser des liens \u00e9troits entre la maison de haute couture italienne et le constructeur fran\u00e7ais.<\/p>\n\n\n\n<figure class=\"wp-block-image size-large\"><img loading=\"lazy\" decoding=\"async\" width=\"1024\" height=\"426\" src=\"http:\/\/lignesauto.fr\/wp-content\/uploads\/2020\/10\/LIGNESBERTONE_12-1024x426.png\" alt=\"\" class=\"wp-image-20308\" srcset=\"https:\/\/lignesauto.fr\/wp-content\/uploads\/2020\/10\/LIGNESBERTONE_12-1024x426.png 1024w, https:\/\/lignesauto.fr\/wp-content\/uploads\/2020\/10\/LIGNESBERTONE_12-300x125.png 300w, https:\/\/lignesauto.fr\/wp-content\/uploads\/2020\/10\/LIGNESBERTONE_12-768x320.png 768w, https:\/\/lignesauto.fr\/wp-content\/uploads\/2020\/10\/LIGNESBERTONE_12.png 1417w\" sizes=\"(max-width: 1024px) 100vw, 1024px\" \/><\/figure>\n\n\n\n<p style=\"font-size:18px\">Deschamps signera pour Citro\u00ebn, lors de sa seconde vie chez Bertone, les XM, Xantia et ZX. Sans oublier le concept-car Zabrus. Mais le splendide coup\u00e9 BX (ci-dessus) imagin\u00e9 alors en 1982 ne vit h\u00e9las pas le jour. Marc Deschamps nous a re\u00e7u \u00e0 plusieurs reprises chez Bertone. Aujourd&#8217;hui repli\u00e9 \u00e0 Rivoli, il n&#8217;en oublie pas moins ses vrais amis, et reste toujours en activit\u00e9 ! A-t-il remis en marche sa GS Birotor ?<\/p>\n\n\n\n<figure class=\"wp-block-image size-large\"><img loading=\"lazy\" decoding=\"async\" width=\"1024\" height=\"683\" src=\"http:\/\/lignesauto.fr\/wp-content\/uploads\/2020\/10\/LIGNESBERTONE_02-1024x683.jpeg\" alt=\"\" class=\"wp-image-20309\" srcset=\"https:\/\/lignesauto.fr\/wp-content\/uploads\/2020\/10\/LIGNESBERTONE_02-1024x683.jpeg 1024w, https:\/\/lignesauto.fr\/wp-content\/uploads\/2020\/10\/LIGNESBERTONE_02-300x200.jpeg 300w, https:\/\/lignesauto.fr\/wp-content\/uploads\/2020\/10\/LIGNESBERTONE_02-768x512.jpeg 768w, https:\/\/lignesauto.fr\/wp-content\/uploads\/2020\/10\/LIGNESBERTONE_02.jpeg 1417w\" sizes=\"(max-width: 1024px) 100vw, 1024px\" \/><\/figure>\n\n\n\n<p style=\"font-size:18px\">Voil\u00e0 les quelques mots que je voulais ajouter \u00e0 cette photo qui, pour certains, apparaitra comme ordinaire, voire insignifiante, mais qui pour les amoureux de design reste un clich\u00e9 unique et singulier !<\/p>\n\n\n\n<figure class=\"wp-block-image is-resized\"><img loading=\"lazy\" decoding=\"async\" src=\"http:\/\/lignesauto.fr\/wp-content\/uploads\/2018\/10\/LOGOActus_BD-1024x367.jpg\" alt=\"L\u2019attribut alt de cette image est vide, son nom de fichier est LOGOActus_BD-1024x367.jpg.\" width=\"449\" height=\"160\"\/><\/figure>\n","protected":false},"excerpt":{"rendered":"<p>LIGNES\/auto ne parle pas que de lignes, de courbes, d&#8217;\u00e9quilibre des masses ou de volumes&#8230; L&#8217;aspect humain passe avant tout. Alors lorsque mon ami Marc Deschamps me fait parvenir cette photo prise voici quelques jours, je ne peux m&#8217;emp\u00eacher de raconter modestement quelques autres fragments de la vie des ces [&hellip;]<\/p>\n","protected":false},"author":1,"featured_media":20321,"comment_status":"open","ping_status":"open","sticky":false,"template":"","format":"standard","meta":{"footnotes":""},"categories":[1],"tags":[],"_links":{"self":[{"href":"https:\/\/lignesauto.fr\/index.php?rest_route=\/wp\/v2\/posts\/20271"}],"collection":[{"href":"https:\/\/lignesauto.fr\/index.php?rest_route=\/wp\/v2\/posts"}],"about":[{"href":"https:\/\/lignesauto.fr\/index.php?rest_route=\/wp\/v2\/types\/post"}],"author":[{"embeddable":true,"href":"https:\/\/lignesauto.fr\/index.php?rest_route=\/wp\/v2\/users\/1"}],"replies":[{"embeddable":true,"href":"https:\/\/lignesauto.fr\/index.php?rest_route=%2Fwp%2Fv2%2Fcomments&post=20271"}],"version-history":[{"count":38,"href":"https:\/\/lignesauto.fr\/index.php?rest_route=\/wp\/v2\/posts\/20271\/revisions"}],"predecessor-version":[{"id":20343,"href":"https:\/\/lignesauto.fr\/index.php?rest_route=\/wp\/v2\/posts\/20271\/revisions\/20343"}],"wp:featuredmedia":[{"embeddable":true,"href":"https:\/\/lignesauto.fr\/index.php?rest_route=\/wp\/v2\/media\/20321"}],"wp:attachment":[{"href":"https:\/\/lignesauto.fr\/index.php?rest_route=%2Fwp%2Fv2%2Fmedia&parent=20271"}],"wp:term":[{"taxonomy":"category","embeddable":true,"href":"https:\/\/lignesauto.fr\/index.php?rest_route=%2Fwp%2Fv2%2Fcategories&post=20271"},{"taxonomy":"post_tag","embeddable":true,"href":"https:\/\/lignesauto.fr\/index.php?rest_route=%2Fwp%2Fv2%2Ftags&post=20271"}],"curies":[{"name":"wp","href":"https:\/\/api.w.org\/{rel}","templated":true}]}}