{"id":20352,"date":"2020-11-05T09:34:31","date_gmt":"2020-11-05T08:34:31","guid":{"rendered":"http:\/\/lignesauto.fr\/?p=20352"},"modified":"2020-11-05T18:29:20","modified_gmt":"2020-11-05T17:29:20","slug":"le-projet-fou-daxel-breun-designer-renault-la-twingo-ferrari","status":"publish","type":"post","link":"https:\/\/lignesauto.fr\/?p=20352","title":{"rendered":"Le projet fou d&#8217;Axel Breun, designer Renault : la Twingo Ferrari !"},"content":{"rendered":"\n<figure class=\"wp-block-image size-large is-resized\"><img loading=\"lazy\" decoding=\"async\" src=\"http:\/\/lignesauto.fr\/wp-content\/uploads\/2018\/10\/LOGOArchives_BD-1024x367.jpg\" alt=\"\" class=\"wp-image-4925\" width=\"450\" height=\"160\" srcset=\"https:\/\/lignesauto.fr\/wp-content\/uploads\/2018\/10\/LOGOArchives_BD-1024x367.jpg 1024w, https:\/\/lignesauto.fr\/wp-content\/uploads\/2018\/10\/LOGOArchives_BD-300x108.jpg 300w, https:\/\/lignesauto.fr\/wp-content\/uploads\/2018\/10\/LOGOArchives_BD-370x133.jpg 370w, https:\/\/lignesauto.fr\/wp-content\/uploads\/2018\/10\/LOGOArchives_BD-1040x373.jpg 1040w, https:\/\/lignesauto.fr\/wp-content\/uploads\/2018\/10\/LOGOArchives_BD.jpg 1240w\" sizes=\"(max-width: 450px) 100vw, 450px\" \/><\/figure>\n\n\n\n<figure class=\"wp-block-image size-large\"><img loading=\"lazy\" decoding=\"async\" width=\"1024\" height=\"874\" src=\"http:\/\/lignesauto.fr\/wp-content\/uploads\/2020\/11\/LIGNESAUTO_FT_03-1024x874.jpeg\" alt=\"\" class=\"wp-image-20368\" srcset=\"https:\/\/lignesauto.fr\/wp-content\/uploads\/2020\/11\/LIGNESAUTO_FT_03-1024x874.jpeg 1024w, https:\/\/lignesauto.fr\/wp-content\/uploads\/2020\/11\/LIGNESAUTO_FT_03-300x256.jpeg 300w, https:\/\/lignesauto.fr\/wp-content\/uploads\/2020\/11\/LIGNESAUTO_FT_03-768x656.jpeg 768w, https:\/\/lignesauto.fr\/wp-content\/uploads\/2020\/11\/LIGNESAUTO_FT_03.jpeg 1417w\" sizes=\"(max-width: 1024px) 100vw, 1024px\" \/><\/figure>\n\n\n\n<p style=\"font-size:18px\">En 1993\/1994, alors que la Twingo f\u00eate sa premi\u00e8re ann\u00e9e de commercialisation, le designer Renault Axel Breun (*) voit ressurgir ses d\u00e9mons et sa passion pour les engins sportifs. Ce jeune talent, qui a suivi Patrick le Qu\u00e9ment de Volkswagen \u00e0 Renault,&nbsp;s\u2019est offert une Berlinette A110 lorsqu\u2019il \u00e9tait jeune conducteur (ci-dessous).<\/p>\n\n\n\n<figure class=\"wp-block-image size-large\"><img loading=\"lazy\" decoding=\"async\" width=\"1024\" height=\"610\" src=\"http:\/\/lignesauto.fr\/wp-content\/uploads\/2020\/11\/LIGNESAUTO_FT_200-1024x610.jpg\" alt=\"\" class=\"wp-image-20357\" srcset=\"https:\/\/lignesauto.fr\/wp-content\/uploads\/2020\/11\/LIGNESAUTO_FT_200-1024x610.jpg 1024w, https:\/\/lignesauto.fr\/wp-content\/uploads\/2020\/11\/LIGNESAUTO_FT_200-300x179.jpg 300w, https:\/\/lignesauto.fr\/wp-content\/uploads\/2020\/11\/LIGNESAUTO_FT_200-768x457.jpg 768w, https:\/\/lignesauto.fr\/wp-content\/uploads\/2020\/11\/LIGNESAUTO_FT_200.jpg 1417w\" sizes=\"(max-width: 1024px) 100vw, 1024px\" \/><\/figure>\n\n\n\n<p style=\"font-size:18px\">Sa passion pour Alpine est bien vivace. Comme celle qui touche des engins plut\u00f4t extr\u00eames. Et que fait un designer lorsqu\u2019il rentre chez lui apr\u00e8s sa journ\u00e9e de travail&nbsp;? Il continue de concevoir toutes sortes de projets. C\u2019est ainsi que sur son temps libre, Axel Breun va concevoir une Twingo qui repose&#8230; sur un ch\u00e2ssis de Ferrari 308\/328.<\/p>\n\n\n\n<figure class=\"wp-block-image size-large\"><img loading=\"lazy\" decoding=\"async\" width=\"1024\" height=\"707\" src=\"http:\/\/lignesauto.fr\/wp-content\/uploads\/2020\/11\/LIGNESAUTO_FT_01-1024x707.jpeg\" alt=\"\" class=\"wp-image-20358\" srcset=\"https:\/\/lignesauto.fr\/wp-content\/uploads\/2020\/11\/LIGNESAUTO_FT_01-1024x707.jpeg 1024w, https:\/\/lignesauto.fr\/wp-content\/uploads\/2020\/11\/LIGNESAUTO_FT_01-300x207.jpeg 300w, https:\/\/lignesauto.fr\/wp-content\/uploads\/2020\/11\/LIGNESAUTO_FT_01-768x530.jpeg 768w, https:\/\/lignesauto.fr\/wp-content\/uploads\/2020\/11\/LIGNESAUTO_FT_01.jpeg 1417w\" sizes=\"(max-width: 1024px) 100vw, 1024px\" \/><\/figure>\n\n\n\n<p style=\"font-size:18px\">\u00ab&nbsp;<em>J\u2019avais alors constat\u00e9 que la Twingo et la Ferrari avaient le m\u00eame empattement. Il me suffisait alors de trouver une Ferrari accident\u00e9e pour poursuivre mon projet, car j\u2019avais la caisse d\u2019une Twingo nue, un \u00ab&nbsp;reste&nbsp;\u00bb du d\u00e9veloppement du concept-car Argos&nbsp;!<\/em>&nbsp;\u00bb<\/p>\n\n\n\n<figure class=\"wp-block-image size-large\"><img loading=\"lazy\" decoding=\"async\" width=\"1024\" height=\"768\" src=\"http:\/\/lignesauto.fr\/wp-content\/uploads\/2020\/11\/LIGNESAUTO_FT_07-1024x768.jpeg\" alt=\"\" class=\"wp-image-20359\" srcset=\"https:\/\/lignesauto.fr\/wp-content\/uploads\/2020\/11\/LIGNESAUTO_FT_07-1024x768.jpeg 1024w, https:\/\/lignesauto.fr\/wp-content\/uploads\/2020\/11\/LIGNESAUTO_FT_07-300x225.jpeg 300w, https:\/\/lignesauto.fr\/wp-content\/uploads\/2020\/11\/LIGNESAUTO_FT_07-768x576.jpeg 768w, https:\/\/lignesauto.fr\/wp-content\/uploads\/2020\/11\/LIGNESAUTO_FT_07.jpeg 1417w\" sizes=\"(max-width: 1024px) 100vw, 1024px\" \/><\/figure>\n\n\n\n<figure class=\"wp-block-image size-large\"><img loading=\"lazy\" decoding=\"async\" width=\"1024\" height=\"754\" src=\"http:\/\/lignesauto.fr\/wp-content\/uploads\/2020\/11\/IMG_22521-1024x754.jpg\" alt=\"\" class=\"wp-image-20400\" srcset=\"https:\/\/lignesauto.fr\/wp-content\/uploads\/2020\/11\/IMG_22521-1024x754.jpg 1024w, https:\/\/lignesauto.fr\/wp-content\/uploads\/2020\/11\/IMG_22521-300x221.jpg 300w, https:\/\/lignesauto.fr\/wp-content\/uploads\/2020\/11\/IMG_22521-768x566.jpg 768w, https:\/\/lignesauto.fr\/wp-content\/uploads\/2020\/11\/IMG_22521.jpg 1417w\" sizes=\"(max-width: 1024px) 100vw, 1024px\" \/><figcaption>Axel Breun r\u00e9alise sa propre maquette sur la base d&#8217;une miniature 1\/18e <\/figcaption><\/figure>\n\n\n\n<p style=\"font-size:18px\">H\u00e9las, il ne trouve pas la Ferrari accident\u00e9e dans son budget pour en r\u00e9cup\u00e9rer le ch\u00e2ssis, et le projet en reste l\u00e0. Enfin, pas tout \u00e0 fait. Nous sommes alors en 1995 et Renault vient de pr\u00e9senter son Spider qui ouvre la voie \u00e0 de multiples r\u00e9flexions. Le projet &#8220;priv\u00e9&#8221; d\u2019Axel Breun prend alors le chemin &#8220;officiel&#8221; du bureau de design. L\u2019id\u00e9e demeure pratiquement la m\u00eame&nbsp;: coiffer un ch\u00e2ssis de sportive d\u2019une carrosserie de Twingo.<\/p>\n\n\n\n<figure class=\"wp-block-image size-large\"><img loading=\"lazy\" decoding=\"async\" width=\"1024\" height=\"715\" src=\"http:\/\/lignesauto.fr\/wp-content\/uploads\/2020\/11\/LIGNESAUTO_FT_06-1024x715.jpeg\" alt=\"\" class=\"wp-image-20360\" srcset=\"https:\/\/lignesauto.fr\/wp-content\/uploads\/2020\/11\/LIGNESAUTO_FT_06-1024x715.jpeg 1024w, https:\/\/lignesauto.fr\/wp-content\/uploads\/2020\/11\/LIGNESAUTO_FT_06-300x209.jpeg 300w, https:\/\/lignesauto.fr\/wp-content\/uploads\/2020\/11\/LIGNESAUTO_FT_06-768x536.jpeg 768w, https:\/\/lignesauto.fr\/wp-content\/uploads\/2020\/11\/LIGNESAUTO_FT_06.jpeg 1417w\" sizes=\"(max-width: 1024px) 100vw, 1024px\" \/><\/figure>\n\n\n\n<p style=\"font-size:18px\">Cette fois, c\u2019est bien s\u00fbr le ch\u00e2ssis du Spider qui est retenu, avec toujours cet empattement de 2,34 m. Et le moteur choisi n\u2019est pas n\u2019importe lequel&nbsp;: c\u2019est le V10 de la F1&nbsp;! Ce m\u00eame moteur qui vient de se loger dans la caisse d\u2019un Espace pr\u00e9sent\u00e9 au salon de Paris 1994&nbsp;! Axel Breun confira plus tard que &#8220;ce programme fut pouss\u00e9 jusqu\u2019au stade de la maquette 1\/5<sup>e<\/sup>.&#8221; Ci-dessous.<\/p>\n\n\n\n<figure class=\"wp-block-image size-large\"><img loading=\"lazy\" decoding=\"async\" width=\"1024\" height=\"655\" src=\"http:\/\/lignesauto.fr\/wp-content\/uploads\/2020\/11\/LIGNESAUTO_FT_05-1024x655.jpeg\" alt=\"\" class=\"wp-image-20361\" srcset=\"https:\/\/lignesauto.fr\/wp-content\/uploads\/2020\/11\/LIGNESAUTO_FT_05-1024x655.jpeg 1024w, https:\/\/lignesauto.fr\/wp-content\/uploads\/2020\/11\/LIGNESAUTO_FT_05-300x192.jpeg 300w, https:\/\/lignesauto.fr\/wp-content\/uploads\/2020\/11\/LIGNESAUTO_FT_05-768x492.jpeg 768w, https:\/\/lignesauto.fr\/wp-content\/uploads\/2020\/11\/LIGNESAUTO_FT_05.jpeg 1417w\" sizes=\"(max-width: 1024px) 100vw, 1024px\" \/><\/figure>\n\n\n\n<p style=\"font-size:18px\">Mais rien ne se perd lorsque l\u2019id\u00e9e de base est excellente&nbsp;! En 1998, le programme de s\u00e9rie X65 est d\u00e9voil\u00e9&nbsp;: il s\u2019agit de la deuxi\u00e8me g\u00e9n\u00e9ration de Renault Clio. Tr\u00e8s vite, le projet d\u2019une Clio Maxi (le premier nom du projet de Clio V6) est \u00e9labor\u00e9 chez Renault avec l\u2019intention de refaire le coup de la R5 Turbo de 1980 (maquette d\u00e9voil\u00e9e en 1978&#8230;) Ce programme reprend l\u2019architecture \u00e0 moteur central arri\u00e8re de la R5 Turbo mais le quatre cylindres fait place ici au V6 ES9 de 3.0 litres.<\/p>\n\n\n\n<figure class=\"wp-block-image size-large\"><img loading=\"lazy\" decoding=\"async\" width=\"1024\" height=\"631\" src=\"http:\/\/lignesauto.fr\/wp-content\/uploads\/2020\/11\/LIGNESAUTO_FT_04-1024x631.jpeg\" alt=\"\" class=\"wp-image-20362\" srcset=\"https:\/\/lignesauto.fr\/wp-content\/uploads\/2020\/11\/LIGNESAUTO_FT_04-1024x631.jpeg 1024w, https:\/\/lignesauto.fr\/wp-content\/uploads\/2020\/11\/LIGNESAUTO_FT_04-300x185.jpeg 300w, https:\/\/lignesauto.fr\/wp-content\/uploads\/2020\/11\/LIGNESAUTO_FT_04-768x473.jpeg 768w, https:\/\/lignesauto.fr\/wp-content\/uploads\/2020\/11\/LIGNESAUTO_FT_04.jpeg 1417w\" sizes=\"(max-width: 1024px) 100vw, 1024px\" \/><\/figure>\n\n\n\n<p style=\"font-size:18px\">Axel Breun propose alors un design bien plus radical qu\u2019il ne l\u2019a \u00e9t\u00e9 au final. Au lancement du programme \u00ab&nbsp;Clio Maxi&nbsp;\u00bb, la caisse en composite repose une fois encore sur le ch\u00e2ssis du Spider. Axel y greffe des portes \u00ab ailes de mouette&nbsp;\u00bb (ci-dessus) qui ne seront pas retenues pour la s\u00e9rie mais que le designer arrivera \u00e0 placer sur la&#8230; M\u00e9gane Trophy II&nbsp;(ci-dessous). Une fois encore, le projet est abandonn\u00e9 en l\u2019\u00e9tat apr\u00e8s qu\u2019une maquette \u00e9chelle 1\/1 a \u00e9t\u00e9 produite par le studio D3.<\/p>\n\n\n\n<figure class=\"wp-block-image size-large\"><img loading=\"lazy\" decoding=\"async\" width=\"1024\" height=\"590\" src=\"http:\/\/lignesauto.fr\/wp-content\/uploads\/2020\/11\/LIGNESAUTO_FT_202-1024x590.png\" alt=\"\" class=\"wp-image-20370\" srcset=\"https:\/\/lignesauto.fr\/wp-content\/uploads\/2020\/11\/LIGNESAUTO_FT_202-1024x590.png 1024w, https:\/\/lignesauto.fr\/wp-content\/uploads\/2020\/11\/LIGNESAUTO_FT_202-300x173.png 300w, https:\/\/lignesauto.fr\/wp-content\/uploads\/2020\/11\/LIGNESAUTO_FT_202-768x443.png 768w, https:\/\/lignesauto.fr\/wp-content\/uploads\/2020\/11\/LIGNESAUTO_FT_202.png 1417w\" sizes=\"(max-width: 1024px) 100vw, 1024px\" \/><\/figure>\n\n\n\n<p style=\"font-size:18px\">La Renault Clio V6 arrivera n\u00e9anmoins sur le march\u00e9 dans des d\u00e9lais tr\u00e8s courts, avec un engin d\u00e9riv\u00e9 de la structure de la Clio II et produit par TWR, le Tom Walkinshaw Racing (ci-dessous). Trop rapidement mis en vente, ce premier jalon de l&#8217;histoire de la Clio V6, de 230 ch et produit en&#8230; Su\u00e8de, n\u2019a pas laiss\u00e9 que de bons souvenirs. Il s\u2019en est \u00e9coul\u00e9 1&nbsp;513 exemplaires.<\/p>\n\n\n\n<figure class=\"wp-block-image size-large\"><img loading=\"lazy\" decoding=\"async\" width=\"1024\" height=\"560\" src=\"http:\/\/lignesauto.fr\/wp-content\/uploads\/2020\/11\/LIGNESAUTO_FT_09-1024x560.jpg\" alt=\"\" class=\"wp-image-20363\" srcset=\"https:\/\/lignesauto.fr\/wp-content\/uploads\/2020\/11\/LIGNESAUTO_FT_09-1024x560.jpg 1024w, https:\/\/lignesauto.fr\/wp-content\/uploads\/2020\/11\/LIGNESAUTO_FT_09-300x164.jpg 300w, https:\/\/lignesauto.fr\/wp-content\/uploads\/2020\/11\/LIGNESAUTO_FT_09-768x420.jpg 768w, https:\/\/lignesauto.fr\/wp-content\/uploads\/2020\/11\/LIGNESAUTO_FT_09.jpg 1417w\" sizes=\"(max-width: 1024px) 100vw, 1024px\" \/><\/figure>\n\n\n\n<p style=\"font-size:18px\">Renault Sport reprend donc la main sur la mise au point de la deuxi\u00e8me g\u00e9n\u00e9ration qui appara\u00eet en 2003 (ci-dessous) avec une puissance port\u00e9e \u00e0 255 ch. Elle est produite \u00e0 Dieppe, ouf&nbsp;! Le comportement routier est cette fois ma\u00eetris\u00e9 et 1&nbsp;309 exemplaires viendront s\u2019ajouter au total des ventes de cette exceptionnelle Clio.<\/p>\n\n\n\n<figure class=\"wp-block-image size-large\"><img loading=\"lazy\" decoding=\"async\" width=\"1024\" height=\"747\" src=\"http:\/\/lignesauto.fr\/wp-content\/uploads\/2020\/11\/LIGNESAUTO_FT_10-1024x747.jpg\" alt=\"\" class=\"wp-image-20364\" srcset=\"https:\/\/lignesauto.fr\/wp-content\/uploads\/2020\/11\/LIGNESAUTO_FT_10-1024x747.jpg 1024w, https:\/\/lignesauto.fr\/wp-content\/uploads\/2020\/11\/LIGNESAUTO_FT_10-300x219.jpg 300w, https:\/\/lignesauto.fr\/wp-content\/uploads\/2020\/11\/LIGNESAUTO_FT_10-768x560.jpg 768w, https:\/\/lignesauto.fr\/wp-content\/uploads\/2020\/11\/LIGNESAUTO_FT_10.jpg 1417w\" sizes=\"(max-width: 1024px) 100vw, 1024px\" \/><\/figure>\n\n\n\n<p style=\"font-size:18px\">Luca de Meo explique aujourd&#8217;hui qu\u2019il faut que Renault retrouve ses valeurs d\u2019audace et de concepts forts. Il suffit que les \u00e9quipes s&#8217;inspirent du travail r\u00e9alis\u00e9 par leurs a\u00efeux.<\/p>\n\n\n\n<figure class=\"wp-block-image size-large\"><img loading=\"lazy\" decoding=\"async\" width=\"1024\" height=\"576\" src=\"http:\/\/lignesauto.fr\/wp-content\/uploads\/2020\/11\/LIGNESAUTO_FT_203-1024x576.jpg\" alt=\"\" class=\"wp-image-20366\" srcset=\"https:\/\/lignesauto.fr\/wp-content\/uploads\/2020\/11\/LIGNESAUTO_FT_203-1024x576.jpg 1024w, https:\/\/lignesauto.fr\/wp-content\/uploads\/2020\/11\/LIGNESAUTO_FT_203-300x169.jpg 300w, https:\/\/lignesauto.fr\/wp-content\/uploads\/2020\/11\/LIGNESAUTO_FT_203-768x432.jpg 768w, https:\/\/lignesauto.fr\/wp-content\/uploads\/2020\/11\/LIGNESAUTO_FT_203.jpg 1417w\" sizes=\"(max-width: 1024px) 100vw, 1024px\" \/><\/figure>\n\n\n\n<p style=\"font-size:18px\"><strong>(*) Axel Breun, designer Renault, a notamment \u00e9t\u00e9 responsable des concept-cars Renault de 2009 \u00e0 2014. On lui doit entre autres la gen\u00e8se du concept-car Alpine A110-50 (ci-dessous), un jalon fort dans l&#8217;histoire de la renaissance de la marque !<\/strong><\/p>\n\n\n\n<figure class=\"wp-block-image size-large\"><img loading=\"lazy\" decoding=\"async\" width=\"1024\" height=\"768\" src=\"http:\/\/lignesauto.fr\/wp-content\/uploads\/2020\/11\/LIGNESAUTO_FT_201-1024x768.jpg\" alt=\"\" class=\"wp-image-20372\" srcset=\"https:\/\/lignesauto.fr\/wp-content\/uploads\/2020\/11\/LIGNESAUTO_FT_201-1024x768.jpg 1024w, https:\/\/lignesauto.fr\/wp-content\/uploads\/2020\/11\/LIGNESAUTO_FT_201-300x225.jpg 300w, https:\/\/lignesauto.fr\/wp-content\/uploads\/2020\/11\/LIGNESAUTO_FT_201-768x576.jpg 768w, https:\/\/lignesauto.fr\/wp-content\/uploads\/2020\/11\/LIGNESAUTO_FT_201.jpg 1417w\" sizes=\"(max-width: 1024px) 100vw, 1024px\" \/><\/figure>\n\n\n\n<figure class=\"wp-block-image is-resized\"><img loading=\"lazy\" decoding=\"async\" src=\"http:\/\/lignesauto.fr\/wp-content\/uploads\/2018\/10\/LOGOArchives_BD-1024x367.jpg\" alt=\"L\u2019attribut alt de cette image est vide, son nom de fichier est LOGOArchives_BD-1024x367.jpg.\" width=\"429\" height=\"153\"\/><\/figure>\n","protected":false},"excerpt":{"rendered":"<p>En 1993\/1994, alors que la Twingo f\u00eate sa premi\u00e8re ann\u00e9e de commercialisation, le designer Renault Axel Breun (*) voit ressurgir ses d\u00e9mons et sa passion pour les engins sportifs. Ce jeune talent, qui a suivi Patrick le Qu\u00e9ment de Volkswagen \u00e0 Renault,&nbsp;s\u2019est offert une Berlinette A110 lorsqu\u2019il \u00e9tait jeune conducteur [&hellip;]<\/p>\n","protected":false},"author":1,"featured_media":20358,"comment_status":"open","ping_status":"open","sticky":false,"template":"","format":"standard","meta":{"footnotes":""},"categories":[1],"tags":[],"_links":{"self":[{"href":"https:\/\/lignesauto.fr\/index.php?rest_route=\/wp\/v2\/posts\/20352"}],"collection":[{"href":"https:\/\/lignesauto.fr\/index.php?rest_route=\/wp\/v2\/posts"}],"about":[{"href":"https:\/\/lignesauto.fr\/index.php?rest_route=\/wp\/v2\/types\/post"}],"author":[{"embeddable":true,"href":"https:\/\/lignesauto.fr\/index.php?rest_route=\/wp\/v2\/users\/1"}],"replies":[{"embeddable":true,"href":"https:\/\/lignesauto.fr\/index.php?rest_route=%2Fwp%2Fv2%2Fcomments&post=20352"}],"version-history":[{"count":26,"href":"https:\/\/lignesauto.fr\/index.php?rest_route=\/wp\/v2\/posts\/20352\/revisions"}],"predecessor-version":[{"id":20404,"href":"https:\/\/lignesauto.fr\/index.php?rest_route=\/wp\/v2\/posts\/20352\/revisions\/20404"}],"wp:featuredmedia":[{"embeddable":true,"href":"https:\/\/lignesauto.fr\/index.php?rest_route=\/wp\/v2\/media\/20358"}],"wp:attachment":[{"href":"https:\/\/lignesauto.fr\/index.php?rest_route=%2Fwp%2Fv2%2Fmedia&parent=20352"}],"wp:term":[{"taxonomy":"category","embeddable":true,"href":"https:\/\/lignesauto.fr\/index.php?rest_route=%2Fwp%2Fv2%2Fcategories&post=20352"},{"taxonomy":"post_tag","embeddable":true,"href":"https:\/\/lignesauto.fr\/index.php?rest_route=%2Fwp%2Fv2%2Ftags&post=20352"}],"curies":[{"name":"wp","href":"https:\/\/api.w.org\/{rel}","templated":true}]}}