{"id":20423,"date":"2020-11-13T17:38:00","date_gmt":"2020-11-13T16:38:00","guid":{"rendered":"http:\/\/lignesauto.fr\/?p=20423"},"modified":"2020-11-17T22:04:27","modified_gmt":"2020-11-17T21:04:27","slug":"bmw-ix-du-concept-a-la-serie-de-la-suite-dans-les-idees","status":"publish","type":"post","link":"https:\/\/lignesauto.fr\/?p=20423","title":{"rendered":"BMW iX : du concept \u00e0 la s\u00e9rie, de la suite dans les id\u00e9es"},"content":{"rendered":"\n<figure class=\"wp-block-image size-large\"><img loading=\"lazy\" decoding=\"async\" width=\"1024\" height=\"683\" src=\"http:\/\/lignesauto.fr\/wp-content\/uploads\/2020\/11\/LIGNES_I_01-1024x683.jpg\" alt=\"\" class=\"wp-image-20425\" srcset=\"https:\/\/lignesauto.fr\/wp-content\/uploads\/2020\/11\/LIGNES_I_01-1024x683.jpg 1024w, https:\/\/lignesauto.fr\/wp-content\/uploads\/2020\/11\/LIGNES_I_01-300x200.jpg 300w, https:\/\/lignesauto.fr\/wp-content\/uploads\/2020\/11\/LIGNES_I_01-768x512.jpg 768w, https:\/\/lignesauto.fr\/wp-content\/uploads\/2020\/11\/LIGNES_I_01.jpg 1417w\" sizes=\"(max-width: 1024px) 100vw, 1024px\" \/><\/figure>\n\n\n\n<figure class=\"wp-block-image size-large is-resized\"><img loading=\"lazy\" decoding=\"async\" src=\"http:\/\/lignesauto.fr\/wp-content\/uploads\/2018\/10\/LOGOActus_BD-1024x367.jpg\" alt=\"\" class=\"wp-image-4921\" width=\"495\" height=\"177\" srcset=\"https:\/\/lignesauto.fr\/wp-content\/uploads\/2018\/10\/LOGOActus_BD-1024x367.jpg 1024w, https:\/\/lignesauto.fr\/wp-content\/uploads\/2018\/10\/LOGOActus_BD-300x108.jpg 300w, https:\/\/lignesauto.fr\/wp-content\/uploads\/2018\/10\/LOGOActus_BD-768x276.jpg 768w, https:\/\/lignesauto.fr\/wp-content\/uploads\/2018\/10\/LOGOActus_BD-370x133.jpg 370w, https:\/\/lignesauto.fr\/wp-content\/uploads\/2018\/10\/LOGOActus_BD-1040x373.jpg 1040w, https:\/\/lignesauto.fr\/wp-content\/uploads\/2018\/10\/LOGOActus_BD.jpg 1240w\" sizes=\"(max-width: 495px) 100vw, 495px\" \/><\/figure>\n\n\n\n<p style=\"font-size:18px\">BMW a r\u00e9v\u00e9l\u00e9 la version d\u00e9finitive de son SAV (Sport Activity Vehicle) 100% \u00e9lectrique qui sera commercialis\u00e9 en fin d&#8217;ann\u00e9e prochaine. Ce v\u00e9hicule a le gabarit d&#8217;un X5, la hauteur d&#8217;un X6 et repose sur des roues aussi grandes que celles du X7. Premi\u00e8re impression plut\u00f4t positive, avec un design qui se veut minimaliste, dixit BMW. Le gabarit semble contenu et le mod\u00e8le de s\u00e9rie est proche du concept-car<\/p>\n\n\n\n<figure class=\"wp-block-image size-large\"><img loading=\"lazy\" decoding=\"async\" width=\"1024\" height=\"791\" src=\"http:\/\/lignesauto.fr\/wp-content\/uploads\/2020\/11\/LIGNES_I_03-1024x791.jpg\" alt=\"\" class=\"wp-image-20427\" srcset=\"https:\/\/lignesauto.fr\/wp-content\/uploads\/2020\/11\/LIGNES_I_03-1024x791.jpg 1024w, https:\/\/lignesauto.fr\/wp-content\/uploads\/2020\/11\/LIGNES_I_03-300x232.jpg 300w, https:\/\/lignesauto.fr\/wp-content\/uploads\/2020\/11\/LIGNES_I_03-768x593.jpg 768w, https:\/\/lignesauto.fr\/wp-content\/uploads\/2020\/11\/LIGNES_I_03.jpg 1417w\" sizes=\"(max-width: 1024px) 100vw, 1024px\" \/><\/figure>\n\n\n\n<p style=\"font-size:18px\">Avant de plonger dans une analyse de style certes superficielle car r\u00e9alis\u00e9e sur la base de photos, mais non d\u00e9nu\u00e9e de sens, pr\u00e9cisons que ce nouveau venu dans la famille des BMW i disposera de quatre roues motrices, d&#8217;une puissance de 500 ch, d&#8217;une autonomie plut\u00f4t attrayante de pr\u00e8s de 600 km et d&#8217;un 0 \u00e0 100 km\/h en moins de 5 secondes. Outre cette chaine de traction \u00e9volu\u00e9e, la BMW iX exploite les derni\u00e8res innovations dans les domaines de l&#8217;\u00e9lectrification, de la conduite automatis\u00e9e et de la connectivit\u00e9.<\/p>\n\n\n\n<figure class=\"wp-block-image size-large\"><img loading=\"lazy\" decoding=\"async\" width=\"1024\" height=\"683\" src=\"http:\/\/lignesauto.fr\/wp-content\/uploads\/2020\/11\/LIGNES_I_10-1024x683.jpg\" alt=\"\" class=\"wp-image-20431\" srcset=\"https:\/\/lignesauto.fr\/wp-content\/uploads\/2020\/11\/LIGNES_I_10-1024x683.jpg 1024w, https:\/\/lignesauto.fr\/wp-content\/uploads\/2020\/11\/LIGNES_I_10-300x200.jpg 300w, https:\/\/lignesauto.fr\/wp-content\/uploads\/2020\/11\/LIGNES_I_10-768x512.jpg 768w, https:\/\/lignesauto.fr\/wp-content\/uploads\/2020\/11\/LIGNES_I_10.jpg 1417w\" sizes=\"(max-width: 1024px) 100vw, 1024px\" \/><\/figure>\n\n\n\n<p style=\"font-size:18px\">Moins imposant que ce que l&#8217;on pouvait croire, le iX adopte un langage formel BMW \u00e9volu\u00e9 qui reprend \u00e9galement quelques th\u00e8mes bien connus comme on va le voir en le comparant au concept-car de 2018. <\/p>\n\n\n\n<figure class=\"wp-block-image size-large\"><img loading=\"lazy\" decoding=\"async\" width=\"1024\" height=\"716\" src=\"http:\/\/lignesauto.fr\/wp-content\/uploads\/2020\/11\/A_01-1024x716.png\" alt=\"\" class=\"wp-image-20439\" srcset=\"https:\/\/lignesauto.fr\/wp-content\/uploads\/2020\/11\/A_01-1024x716.png 1024w, https:\/\/lignesauto.fr\/wp-content\/uploads\/2020\/11\/A_01-300x210.png 300w, https:\/\/lignesauto.fr\/wp-content\/uploads\/2020\/11\/A_01-768x537.png 768w, https:\/\/lignesauto.fr\/wp-content\/uploads\/2020\/11\/A_01.png 1417w\" sizes=\"(max-width: 1024px) 100vw, 1024px\" \/><\/figure>\n\n\n\n<p style=\"font-size:18px\">Le iX de s\u00e9rie diff\u00e8re principalement du concept-car par son \u00e9quilibre des masses totalement diff\u00e9rent (ci-dessus). Le concept, avec son pare-brise inclin\u00e9 et son habitacle repouss\u00e9 vers l&#8217;arri\u00e8re, semble plus dynamique. La voiture de s\u00e9rie dispose d&#8217;une porte arri\u00e8re au vitrage assez petit (2), imposant du m\u00eame coup une troisi\u00e8me vitre tr\u00e8s g\u00e9n\u00e9reuse (1). Quant au porte-\u00e0-faux arri\u00e8re, il est naturellement plus grand sur le v\u00e9hicule de s\u00e9rie (3).<\/p>\n\n\n\n<figure class=\"wp-block-image size-large\"><img loading=\"lazy\" decoding=\"async\" width=\"820\" height=\"1024\" src=\"http:\/\/lignesauto.fr\/wp-content\/uploads\/2020\/11\/A_00-820x1024.png\" alt=\"\" class=\"wp-image-20438\" srcset=\"https:\/\/lignesauto.fr\/wp-content\/uploads\/2020\/11\/A_00-820x1024.png 820w, https:\/\/lignesauto.fr\/wp-content\/uploads\/2020\/11\/A_00-240x300.png 240w, https:\/\/lignesauto.fr\/wp-content\/uploads\/2020\/11\/A_00-768x959.png 768w, https:\/\/lignesauto.fr\/wp-content\/uploads\/2020\/11\/A_00-1230x1536.png 1230w, https:\/\/lignesauto.fr\/wp-content\/uploads\/2020\/11\/A_00.png 1417w\" sizes=\"(max-width: 820px) 100vw, 820px\" \/><\/figure>\n\n\n\n<p style=\"font-size:18px\">La nouvelle identit\u00e9 BMW apparue sur le concept est en revanche totalement conserv\u00e9e. On devine n\u00e9anmoins un capot bien plus sculpt\u00e9 (1), une calandre qui semble \u00eatre remont\u00e9e sur le capot (les phares sont sans doute redescendus un peu&#8230;), alors que pour casser la hauteur, le bas du bouclier de la voiture de s\u00e9rie est peint en noir sur toute la largeur du v\u00e9hicule (3). La calandre est compl\u00e8tement occult\u00e9e. Son r\u00f4le est devenu &#8220;num\u00e9rique&#8221; et elle fonctionne comme un panneau d&#8217;intelligence en int\u00e9grant les syst\u00e8mes d&#8217;aide \u00e0 la conduite. Elle s&#8217;est r\u00e9invent\u00e9e comme une interface high-tech innovante et multifonctionnelle. <\/p>\n\n\n\n<figure class=\"wp-block-image size-large\"><img loading=\"lazy\" decoding=\"async\" width=\"1024\" height=\"683\" src=\"http:\/\/lignesauto.fr\/wp-content\/uploads\/2020\/11\/LIGNES_I_16-1-1024x683.jpg\" alt=\"\" class=\"wp-image-20459\" srcset=\"https:\/\/lignesauto.fr\/wp-content\/uploads\/2020\/11\/LIGNES_I_16-1-1024x683.jpg 1024w, https:\/\/lignesauto.fr\/wp-content\/uploads\/2020\/11\/LIGNES_I_16-1-300x200.jpg 300w, https:\/\/lignesauto.fr\/wp-content\/uploads\/2020\/11\/LIGNES_I_16-1-768x512.jpg 768w, https:\/\/lignesauto.fr\/wp-content\/uploads\/2020\/11\/LIGNES_I_16-1.jpg 1417w\" sizes=\"(max-width: 1024px) 100vw, 1024px\" \/><\/figure>\n\n\n\n<p style=\"font-size:18px\">Les optiques ainsi que les feux arri\u00e8re sont les plus fins jamais implant\u00e9s sur une BMW. Ce dessin est possible aujourd&#8217;hui avec la technologie disponible. Ce n&#8217;\u00e9tait pas le cas pour les Opel Calibra et Citro\u00ebn XM de la fin des ann\u00e9es 1980 qui ont pourtant os\u00e9 proposer des optiques fines \u00e9galement&#8230;<\/p>\n\n\n\n<figure class=\"wp-block-image size-large\"><img loading=\"lazy\" decoding=\"async\" width=\"1024\" height=\"921\" src=\"http:\/\/lignesauto.fr\/wp-content\/uploads\/2020\/11\/A_05-1024x921.png\" alt=\"\" class=\"wp-image-20441\" srcset=\"https:\/\/lignesauto.fr\/wp-content\/uploads\/2020\/11\/A_05-1024x921.png 1024w, https:\/\/lignesauto.fr\/wp-content\/uploads\/2020\/11\/A_05-300x270.png 300w, https:\/\/lignesauto.fr\/wp-content\/uploads\/2020\/11\/A_05-768x691.png 768w, https:\/\/lignesauto.fr\/wp-content\/uploads\/2020\/11\/A_05.png 1417w\" sizes=\"(max-width: 1024px) 100vw, 1024px\" \/><\/figure>\n\n\n\n<p style=\"font-size:18px\">Sous cet angle, ci-dessus, impossible de ne pas penser \u00e0 une Audi, voire&#8230; une Citro\u00ebn C4 Grand Tourer ! Le hayon est donc autoclave et coiffe le c\u00f4t\u00e9 de caisse, comme sur le concept. Sous cet angle, les similitudes avec le concept sont nombreuses : volet arri\u00e8re coiffant (3), enjoliveur de panneau de custode noir pour s\u00e9parer le toit du c\u00f4t\u00e9 de caisse (1), feux extr\u00eamement fins (2), dessin du diffuseur et bouclier (4).<\/p>\n\n\n\n<figure class=\"wp-block-image size-large\"><img loading=\"lazy\" decoding=\"async\" width=\"862\" height=\"1024\" src=\"http:\/\/lignesauto.fr\/wp-content\/uploads\/2020\/11\/A_06-862x1024.png\" alt=\"\" class=\"wp-image-20442\" srcset=\"https:\/\/lignesauto.fr\/wp-content\/uploads\/2020\/11\/A_06-862x1024.png 862w, https:\/\/lignesauto.fr\/wp-content\/uploads\/2020\/11\/A_06-253x300.png 253w, https:\/\/lignesauto.fr\/wp-content\/uploads\/2020\/11\/A_06-768x912.png 768w, https:\/\/lignesauto.fr\/wp-content\/uploads\/2020\/11\/A_06-1293x1536.png 1293w, https:\/\/lignesauto.fr\/wp-content\/uploads\/2020\/11\/A_06.png 1417w\" sizes=\"(max-width: 862px) 100vw, 862px\" \/><\/figure>\n\n\n\n<p style=\"font-size:18px\">Les ouvrants ci-dessus ne disposent \u00e9videmment pas de la m\u00eame cin\u00e9matique. Les portes arri\u00e8re du concept-car sont \u00e0 ouverture antagoniste et le flanc ne poss\u00e8de pas de montant central. On trouve en s\u00e9rie une architecture plus classique. A noter en s\u00e9rie que les vitres lat\u00e9rales sont sans cadre.<\/p>\n\n\n\n<figure class=\"wp-block-image size-large\"><img loading=\"lazy\" decoding=\"async\" width=\"810\" height=\"1024\" src=\"http:\/\/lignesauto.fr\/wp-content\/uploads\/2020\/11\/A_02-810x1024.png\" alt=\"\" class=\"wp-image-20440\" srcset=\"https:\/\/lignesauto.fr\/wp-content\/uploads\/2020\/11\/A_02-810x1024.png 810w, https:\/\/lignesauto.fr\/wp-content\/uploads\/2020\/11\/A_02-237x300.png 237w, https:\/\/lignesauto.fr\/wp-content\/uploads\/2020\/11\/A_02-768x971.png 768w, https:\/\/lignesauto.fr\/wp-content\/uploads\/2020\/11\/A_02-1215x1536.png 1215w, https:\/\/lignesauto.fr\/wp-content\/uploads\/2020\/11\/A_02.png 1417w\" sizes=\"(max-width: 810px) 100vw, 810px\" \/><\/figure>\n\n\n\n<p style=\"font-size:18px\">A bord, on retrouve ci-dessus la m\u00eame volont\u00e9 de simplifier le dessin du tableau de bord. Seul l\u2019\u00e9cran vient se poser sur la planche. Noter le dessin du volant octogonal. A quand le retour du volant ovale de la Citro\u00ebn SM ? Sur les prochaines DS ?<\/p>\n\n\n\n<figure class=\"wp-block-image size-large\"><img loading=\"lazy\" decoding=\"async\" width=\"744\" height=\"1024\" src=\"http:\/\/lignesauto.fr\/wp-content\/uploads\/2020\/11\/A_04-744x1024.png\" alt=\"\" class=\"wp-image-20443\" srcset=\"https:\/\/lignesauto.fr\/wp-content\/uploads\/2020\/11\/A_04-744x1024.png 744w, https:\/\/lignesauto.fr\/wp-content\/uploads\/2020\/11\/A_04-218x300.png 218w, https:\/\/lignesauto.fr\/wp-content\/uploads\/2020\/11\/A_04-768x1057.png 768w, https:\/\/lignesauto.fr\/wp-content\/uploads\/2020\/11\/A_04-1116x1536.png 1116w, https:\/\/lignesauto.fr\/wp-content\/uploads\/2020\/11\/A_04.png 1417w\" sizes=\"(max-width: 744px) 100vw, 744px\" \/><\/figure>\n\n\n\n<p style=\"font-size:18px\">On retrouve \u00e9galement \u00e0 bord le th\u00e8me de la sellerie bicolore (ci-dessus), un th\u00e8me qui, sur le concept-car, diff\u00e9renciait les teintes des places avant de celles des places arri\u00e8re. Un th\u00e8me d\u00e9j\u00e0 vu notamment sur le concept-car Peugeot HX1 (ici : <a href=\"http:\/\/lignesauto.fr\/?p=4435\">http:\/\/lignesauto.fr\/?p=4435<\/a>)<\/p>\n\n\n\n<figure class=\"wp-block-image size-large\"><img loading=\"lazy\" decoding=\"async\" width=\"1024\" height=\"683\" src=\"http:\/\/lignesauto.fr\/wp-content\/uploads\/2020\/11\/LIGNES_I_15-1024x683.jpg\" alt=\"\" class=\"wp-image-20436\" srcset=\"https:\/\/lignesauto.fr\/wp-content\/uploads\/2020\/11\/LIGNES_I_15-1024x683.jpg 1024w, https:\/\/lignesauto.fr\/wp-content\/uploads\/2020\/11\/LIGNES_I_15-300x200.jpg 300w, https:\/\/lignesauto.fr\/wp-content\/uploads\/2020\/11\/LIGNES_I_15-768x512.jpg 768w, https:\/\/lignesauto.fr\/wp-content\/uploads\/2020\/11\/LIGNES_I_15.jpg 1417w\" sizes=\"(max-width: 1024px) 100vw, 1024px\" \/><\/figure>\n\n\n\n<p style=\"font-size:18px\">&#8220;<em>Le groupe BMW s&#8217;efforce constamment de se r\u00e9inventer. C&#8217;est un \u00e9l\u00e9ment central de notre strat\u00e9gie d&#8217;entreprise<\/em>&#8220;, d\u00e9clare Oliver Zipse, pr\u00e9sident du conseil d&#8217;administration de BMW AG. &#8220;<em>La BMW iX exprime cette approche sous une forme extr\u00eamement concentr\u00e9e<\/em>.&#8221; C&#8217;est en tous les cas une approche radicale, notamment \u00e0 bord o\u00f9 l&#8217;esprit sportif de BMW laisse place \u00e0 une convivialit\u00e9 plus en rapport avec le volume habitacle tr\u00e8s g\u00e9n\u00e9reux. Et ce, comme sur toutes les voitures \u00e9lectriques b\u00e9n\u00e9ficiant d&#8217;une plateforme d\u00e9di\u00e9e.<\/p>\n\n\n\n<figure class=\"wp-block-image size-large\"><img loading=\"lazy\" decoding=\"async\" width=\"1024\" height=\"724\" src=\"http:\/\/lignesauto.fr\/wp-content\/uploads\/2020\/11\/LIGNES_I_04-1024x724.jpg\" alt=\"\" class=\"wp-image-20428\" srcset=\"https:\/\/lignesauto.fr\/wp-content\/uploads\/2020\/11\/LIGNES_I_04-1024x724.jpg 1024w, https:\/\/lignesauto.fr\/wp-content\/uploads\/2020\/11\/LIGNES_I_04-300x212.jpg 300w, https:\/\/lignesauto.fr\/wp-content\/uploads\/2020\/11\/LIGNES_I_04-768x543.jpg 768w, https:\/\/lignesauto.fr\/wp-content\/uploads\/2020\/11\/LIGNES_I_04.jpg 1417w\" sizes=\"(max-width: 1024px) 100vw, 1024px\" \/><\/figure>\n\n\n\n<p style=\"font-size:18px\">&#8220;<em>La BMW iX montre comment nous pouvons donner aux nouvelles technologies un design tr\u00e8s moderne et \u00e9motionnellement engageant. La voiture est technologiquement tr\u00e8s complexe, mais cela semble tr\u00e8s clair et simple<\/em>&#8220;, d\u00e9clare Adrian van Hooydonk, vice-pr\u00e9sident senior du groupe BMW Design (ci-dessous, au volant de la maquette). &#8220;<em>La BMW iX offre un espace de vie important dans lequel les gens se sentiront \u00e0 l&#8217;aise et o\u00f9 l&#8217;intelligence de la voiture sera toujours disponible sans devenir envahissante<\/em>&#8220;.<\/p>\n\n\n\n<figure class=\"wp-block-image size-large\"><img loading=\"lazy\" decoding=\"async\" width=\"1024\" height=\"683\" src=\"http:\/\/lignesauto.fr\/wp-content\/uploads\/2020\/11\/P90403820_highRes_the-first-ever-bmw-i-1024x683.jpg\" alt=\"\" class=\"wp-image-20455\" srcset=\"https:\/\/lignesauto.fr\/wp-content\/uploads\/2020\/11\/P90403820_highRes_the-first-ever-bmw-i-1024x683.jpg 1024w, https:\/\/lignesauto.fr\/wp-content\/uploads\/2020\/11\/P90403820_highRes_the-first-ever-bmw-i-300x200.jpg 300w, https:\/\/lignesauto.fr\/wp-content\/uploads\/2020\/11\/P90403820_highRes_the-first-ever-bmw-i-768x512.jpg 768w, https:\/\/lignesauto.fr\/wp-content\/uploads\/2020\/11\/P90403820_highRes_the-first-ever-bmw-i.jpg 1417w\" sizes=\"(max-width: 1024px) 100vw, 1024px\" \/><\/figure>\n\n\n\n<figure class=\"wp-block-image is-resized\"><img loading=\"lazy\" decoding=\"async\" src=\"http:\/\/lignesauto.fr\/wp-content\/uploads\/2018\/10\/LOGOActus_BD-1024x367.jpg\" alt=\"L\u2019attribut alt de cette image est vide, son nom de fichier est LOGOActus_BD-1024x367.jpg.\" width=\"479\" height=\"171\"\/><\/figure>\n","protected":false},"excerpt":{"rendered":"<p>BMW a r\u00e9v\u00e9l\u00e9 la version d\u00e9finitive de son SAV (Sport Activity Vehicle) 100% \u00e9lectrique qui sera commercialis\u00e9 en fin d&#8217;ann\u00e9e prochaine. Ce v\u00e9hicule a le gabarit d&#8217;un X5, la hauteur d&#8217;un X6 et repose sur des roues aussi grandes que celles du X7. Premi\u00e8re impression plut\u00f4t positive, avec un design [&hellip;]<\/p>\n","protected":false},"author":1,"featured_media":20439,"comment_status":"open","ping_status":"open","sticky":false,"template":"","format":"standard","meta":{"footnotes":""},"categories":[1],"tags":[],"_links":{"self":[{"href":"https:\/\/lignesauto.fr\/index.php?rest_route=\/wp\/v2\/posts\/20423"}],"collection":[{"href":"https:\/\/lignesauto.fr\/index.php?rest_route=\/wp\/v2\/posts"}],"about":[{"href":"https:\/\/lignesauto.fr\/index.php?rest_route=\/wp\/v2\/types\/post"}],"author":[{"embeddable":true,"href":"https:\/\/lignesauto.fr\/index.php?rest_route=\/wp\/v2\/users\/1"}],"replies":[{"embeddable":true,"href":"https:\/\/lignesauto.fr\/index.php?rest_route=%2Fwp%2Fv2%2Fcomments&post=20423"}],"version-history":[{"count":27,"href":"https:\/\/lignesauto.fr\/index.php?rest_route=\/wp\/v2\/posts\/20423\/revisions"}],"predecessor-version":[{"id":20490,"href":"https:\/\/lignesauto.fr\/index.php?rest_route=\/wp\/v2\/posts\/20423\/revisions\/20490"}],"wp:featuredmedia":[{"embeddable":true,"href":"https:\/\/lignesauto.fr\/index.php?rest_route=\/wp\/v2\/media\/20439"}],"wp:attachment":[{"href":"https:\/\/lignesauto.fr\/index.php?rest_route=%2Fwp%2Fv2%2Fmedia&parent=20423"}],"wp:term":[{"taxonomy":"category","embeddable":true,"href":"https:\/\/lignesauto.fr\/index.php?rest_route=%2Fwp%2Fv2%2Fcategories&post=20423"},{"taxonomy":"post_tag","embeddable":true,"href":"https:\/\/lignesauto.fr\/index.php?rest_route=%2Fwp%2Fv2%2Ftags&post=20423"}],"curies":[{"name":"wp","href":"https:\/\/api.w.org\/{rel}","templated":true}]}}