{"id":20491,"date":"2020-11-12T11:13:24","date_gmt":"2020-11-12T10:13:24","guid":{"rendered":"http:\/\/lignesauto.fr\/?p=20491"},"modified":"2020-11-12T11:45:59","modified_gmt":"2020-11-12T10:45:59","slug":"les-concept-cars-porsche-inedits","status":"publish","type":"post","link":"https:\/\/lignesauto.fr\/?p=20491","title":{"rendered":"Les concept-cars Porsche in\u00e9dits"},"content":{"rendered":"\n<figure class=\"wp-block-image size-large is-resized\"><img loading=\"lazy\" decoding=\"async\" src=\"http:\/\/lignesauto.fr\/wp-content\/uploads\/2018\/10\/LOGOActus_BD-1024x367.jpg\" alt=\"\" class=\"wp-image-4921\" width=\"446\" height=\"159\" srcset=\"https:\/\/lignesauto.fr\/wp-content\/uploads\/2018\/10\/LOGOActus_BD-1024x367.jpg 1024w, https:\/\/lignesauto.fr\/wp-content\/uploads\/2018\/10\/LOGOActus_BD-300x108.jpg 300w, https:\/\/lignesauto.fr\/wp-content\/uploads\/2018\/10\/LOGOActus_BD-768x276.jpg 768w, https:\/\/lignesauto.fr\/wp-content\/uploads\/2018\/10\/LOGOActus_BD-370x133.jpg 370w, https:\/\/lignesauto.fr\/wp-content\/uploads\/2018\/10\/LOGOActus_BD-1040x373.jpg 1040w, https:\/\/lignesauto.fr\/wp-content\/uploads\/2018\/10\/LOGOActus_BD.jpg 1240w\" sizes=\"(max-width: 446px) 100vw, 446px\" \/><\/figure>\n\n\n\n<figure class=\"wp-block-image size-large\"><img loading=\"lazy\" decoding=\"async\" width=\"1024\" height=\"576\" src=\"http:\/\/lignesauto.fr\/wp-content\/uploads\/2020\/11\/LIGNES_P_25-1024x576.jpg\" alt=\"\" class=\"wp-image-20496\" srcset=\"https:\/\/lignesauto.fr\/wp-content\/uploads\/2020\/11\/LIGNES_P_25-1024x576.jpg 1024w, https:\/\/lignesauto.fr\/wp-content\/uploads\/2020\/11\/LIGNES_P_25-300x169.jpg 300w, https:\/\/lignesauto.fr\/wp-content\/uploads\/2020\/11\/LIGNES_P_25-768x432.jpg 768w, https:\/\/lignesauto.fr\/wp-content\/uploads\/2020\/11\/LIGNES_P_25.jpg 1417w\" sizes=\"(max-width: 1024px) 100vw, 1024px\" \/><\/figure>\n\n\n\n<p style=\"font-size:18px\">Porsche r\u00e9v\u00e8le pour la premi\u00e8re fois des concept-cars in\u00e9dits, con\u00e7us de 2005 \u00e0 2019 et qui n\u2019ont encore jamais vu le jour. Le constructeur d\u00e9voile ainsi ses propres visions spectaculaires de 15 voitures diff\u00e9rentes r\u00e9f\u00e9renc\u00e9es dans un livre disponible au mus\u00e9e Porsche. Voici quelques-unes de ces Porsche jusqu\u2019alors myst\u00e9rieuses&#8230;<\/p>\n\n\n\n<figure class=\"wp-block-image size-large\"><img loading=\"lazy\" decoding=\"async\" width=\"1024\" height=\"576\" src=\"http:\/\/lignesauto.fr\/wp-content\/uploads\/2020\/11\/LIGNES_P_22-1024x576.jpg\" alt=\"\" class=\"wp-image-20497\" srcset=\"https:\/\/lignesauto.fr\/wp-content\/uploads\/2020\/11\/LIGNES_P_22-1024x576.jpg 1024w, https:\/\/lignesauto.fr\/wp-content\/uploads\/2020\/11\/LIGNES_P_22-300x169.jpg 300w, https:\/\/lignesauto.fr\/wp-content\/uploads\/2020\/11\/LIGNES_P_22-768x432.jpg 768w, https:\/\/lignesauto.fr\/wp-content\/uploads\/2020\/11\/LIGNES_P_22.jpg 1417w\" sizes=\"(max-width: 1024px) 100vw, 1024px\" \/><\/figure>\n\n\n\n<p style=\"font-size:18px\">&#8220;Les amateurs du monde entier aiment le design innovant de nos voitures de sport&#8221;, d\u00e9clare Oliver Blume, pr\u00e9sident du conseil d&#8217;administration de Porsche. &#8220;Des \u00e9tudes de concept visionnaires sont \u00e0 la base de ce succ\u00e8s : elles fournissent le r\u00e9servoir d&#8217;id\u00e9es pour le design Porsche de demain, et combinent notre forte tradition avec des technologies futures r\u00e9volutionnaires&#8221;.<\/p>\n\n\n\n<figure class=\"wp-block-image size-large\"><img loading=\"lazy\" decoding=\"async\" width=\"1024\" height=\"577\" src=\"http:\/\/lignesauto.fr\/wp-content\/uploads\/2020\/11\/LIGNES_P_03-1024x577.jpg\" alt=\"\" class=\"wp-image-20498\" srcset=\"https:\/\/lignesauto.fr\/wp-content\/uploads\/2020\/11\/LIGNES_P_03-1024x577.jpg 1024w, https:\/\/lignesauto.fr\/wp-content\/uploads\/2020\/11\/LIGNES_P_03-300x169.jpg 300w, https:\/\/lignesauto.fr\/wp-content\/uploads\/2020\/11\/LIGNES_P_03-768x433.jpg 768w, https:\/\/lignesauto.fr\/wp-content\/uploads\/2020\/11\/LIGNES_P_03.jpg 1417w\" sizes=\"(max-width: 1024px) 100vw, 1024px\" \/><\/figure>\n\n\n\n<p style=\"font-size:18px\">Les \u00e9tudes de conception in\u00e9dites sont pr\u00e9sent\u00e9es en tissant un lien entre elles et les mod\u00e8les de production actuels, le tout avec le designer en chef de Porsche, Michael Mauer (voir vid\u00e9o).<\/p>\n\n\n\n<figure class=\"wp-block-embed-youtube wp-block-embed is-type-video is-provider-youtube wp-embed-aspect-16-9 wp-has-aspect-ratio\"><div class=\"wp-block-embed__wrapper\">\nhttps:\/\/www.youtube.com\/watch?v=60Eo3Po5GGM&#038;feature=youtu.be&#038;fbclid=IwAR3YUiC4_sgeUH5B9hE6GCEwhtudAN0iHbKrbeqmJ5UTPmZScbZvR5FEMaM\n<\/div><\/figure>\n\n\n\n<p style=\"font-size:18px\">Pour les fans de la marque, le livre intitul\u00e9 &#8220;Porsche Unseen&#8221; est publi\u00e9 &nbsp;par la maison d&#8217;\u00e9dition Delius Klasing. Les lecteurs int\u00e9ress\u00e9s pourront d\u00e9couvrir en d\u00e9tail les coulisses du style Porsche. Une s\u00e9lection d&#8217;\u00e9tudes sera \u00e9galement expos\u00e9e ult\u00e9rieurement pour que les fans puissent l&#8217;admirer en direct : le mus\u00e9e Porsche int\u00e9grera les mod\u00e8les dans l&#8217;exposition en 2021.<\/p>\n\n\n\n<figure class=\"wp-block-image size-large\"><img loading=\"lazy\" decoding=\"async\" width=\"1024\" height=\"576\" src=\"http:\/\/lignesauto.fr\/wp-content\/uploads\/2020\/11\/LIGNES_P_11-1024x576.jpg\" alt=\"\" class=\"wp-image-20499\" srcset=\"https:\/\/lignesauto.fr\/wp-content\/uploads\/2020\/11\/LIGNES_P_11-1024x576.jpg 1024w, https:\/\/lignesauto.fr\/wp-content\/uploads\/2020\/11\/LIGNES_P_11-300x169.jpg 300w, https:\/\/lignesauto.fr\/wp-content\/uploads\/2020\/11\/LIGNES_P_11-768x432.jpg 768w, https:\/\/lignesauto.fr\/wp-content\/uploads\/2020\/11\/LIGNES_P_11.jpg 1417w\" sizes=\"(max-width: 1024px) 100vw, 1024px\" \/><\/figure>\n\n\n\n<p style=\"font-size:18px\">Le processus de conception commence par une esquisse. Et m\u00eame si ensuite &#8220;Le monde virtuel est la premi\u00e8re \u00e9tape&nbsp;\u00bb explique Michael Mauer, &#8220;il faut surtout vivre ces mod\u00e8les dans la r\u00e9alit\u00e9, \u00e0 l\u2019\u00e9chelle 1\/1 pour mieux comprendre les proportions.&#8221;<\/p>\n\n\n\n<figure class=\"wp-block-image size-large\"><img loading=\"lazy\" decoding=\"async\" width=\"1024\" height=\"576\" src=\"http:\/\/lignesauto.fr\/wp-content\/uploads\/2020\/11\/LIGNES_P_26-1024x576.jpg\" alt=\"\" class=\"wp-image-20511\" srcset=\"https:\/\/lignesauto.fr\/wp-content\/uploads\/2020\/11\/LIGNES_P_26-1024x576.jpg 1024w, https:\/\/lignesauto.fr\/wp-content\/uploads\/2020\/11\/LIGNES_P_26-300x169.jpg 300w, https:\/\/lignesauto.fr\/wp-content\/uploads\/2020\/11\/LIGNES_P_26-768x432.jpg 768w, https:\/\/lignesauto.fr\/wp-content\/uploads\/2020\/11\/LIGNES_P_26.jpg 1417w\" sizes=\"(max-width: 1024px) 100vw, 1024px\" \/><\/figure>\n\n\n\n<p style=\"font-size:18px\">&#8220;Porsche n&#8217;a intentionnellement qu&#8217;un seul studio de design &#8211; situ\u00e9 \u00e0 proximit\u00e9 directe du d\u00e9veloppement&#8221;, explique Michael Mauer (voir ci-dessous)<\/p>\n\n\n\n<figure class=\"wp-block-embed-wordpress wp-block-embed is-type-wp-embed is-provider-design-actualite-archives\"><div class=\"wp-block-embed__wrapper\">\n<blockquote class=\"wp-embedded-content\" data-secret=\"I0mOgmZnMy\"><a href=\"https:\/\/lignesauto.fr\/?p=18887\">Le saviez-vous : Porsche design n&#8217;est pas \u00e0 Weissach mais \u00e0&#8230; M\u00f6nsheim<\/a><\/blockquote><iframe class=\"wp-embedded-content\" sandbox=\"allow-scripts\" security=\"restricted\" style=\"position: absolute; clip: rect(1px, 1px, 1px, 1px);\" title=\"&#8220;Le saviez-vous : Porsche design n&#8217;est pas \u00e0 Weissach mais \u00e0&#8230; M\u00f6nsheim&#8221; &#8212; LIGNES\/auto\" src=\"https:\/\/lignesauto.fr\/?p=18887&#038;embed=true#?secret=nP7BCWR8zf#?secret=I0mOgmZnMy\" data-secret=\"I0mOgmZnMy\" width=\"600\" height=\"338\" frameborder=\"0\" marginwidth=\"0\" marginheight=\"0\" scrolling=\"no\"><\/iframe>\n<\/div><\/figure>\n\n\n\n<p style=\"font-size:18px\">&#8220;Weissach est notre \u00e9picentre. Au lieu d&#8217;ouvrir des studios de design de pointe dans les m\u00e9tropoles \u00e9loign\u00e9es d&#8217;Am\u00e9rique du Nord et d&#8217;Asie, nos designers viennent du monde entier chez Porsche \u00e0 Weissach afin de cr\u00e9er les derni\u00e8res voitures de sport de s\u00e9rie et des visions automobiles au c\u0153ur de la marque. Plus de 120 designers, experts en int\u00e9rieur, ext\u00e9rieur, couleurs et mat\u00e9riaux, mod\u00e9listes, mod\u00e9listes et ing\u00e9nieurs d&#8217;\u00e9tudes travaillent dans le studio de design Porsche.&#8221;<\/p>\n\n\n\n<figure class=\"wp-block-image size-large\"><img loading=\"lazy\" decoding=\"async\" width=\"1024\" height=\"577\" src=\"http:\/\/lignesauto.fr\/wp-content\/uploads\/2020\/11\/LIGNES_P_01-1024x577.jpg\" alt=\"\" class=\"wp-image-20512\" srcset=\"https:\/\/lignesauto.fr\/wp-content\/uploads\/2020\/11\/LIGNES_P_01-1024x577.jpg 1024w, https:\/\/lignesauto.fr\/wp-content\/uploads\/2020\/11\/LIGNES_P_01-300x169.jpg 300w, https:\/\/lignesauto.fr\/wp-content\/uploads\/2020\/11\/LIGNES_P_01-768x433.jpg 768w, https:\/\/lignesauto.fr\/wp-content\/uploads\/2020\/11\/LIGNES_P_01.jpg 1417w\" sizes=\"(max-width: 1024px) 100vw, 1024px\" \/><\/figure>\n\n\n\n<p style=\"font-size:18px\">&#8220;Nos \u00e9tudes n\u2019engagent pas forc\u00e9ment Porsche \u00e0 mettre tous nos concepts sur la route&nbsp;! Il s&#8217;agit plut\u00f4t d&#8217;\u00e9tablir un espace cr\u00e9atif et une relation avec l&#8217;avenir&#8221;, d\u00e9clare Michael Mauer en d\u00e9crivant le processus de conception et ajoute : &#8220;Il y a deux possibilit\u00e9s pour continuer \u00e0 se d\u00e9velopper en tant que marque : soit vous am\u00e9liorez vos produits \u00e0 partir du pr\u00e9sent, c&#8217;est-\u00e0-dire pas \u00e0 pas. Cependant, il est difficile d&#8217;\u00eatre vraiment innovant dans ce processus. Soit vous donnez libre cours \u00e0 votre cr\u00e9ativit\u00e9. L&#8217;id\u00e9e est de laisser vos pens\u00e9es sauter \u00e0 apr\u00e8s-demain, puis de les dessiner pour demain&#8221;.<\/p>\n\n\n\n<figure class=\"wp-block-image size-large\"><img loading=\"lazy\" decoding=\"async\" width=\"1024\" height=\"576\" src=\"http:\/\/lignesauto.fr\/wp-content\/uploads\/2020\/11\/LIGNES_P_21-1024x576.jpg\" alt=\"\" class=\"wp-image-20513\" srcset=\"https:\/\/lignesauto.fr\/wp-content\/uploads\/2020\/11\/LIGNES_P_21-1024x576.jpg 1024w, https:\/\/lignesauto.fr\/wp-content\/uploads\/2020\/11\/LIGNES_P_21-300x169.jpg 300w, https:\/\/lignesauto.fr\/wp-content\/uploads\/2020\/11\/LIGNES_P_21-768x432.jpg 768w, https:\/\/lignesauto.fr\/wp-content\/uploads\/2020\/11\/LIGNES_P_21.jpg 1417w\" sizes=\"(max-width: 1024px) 100vw, 1024px\" \/><\/figure>\n\n\n\n<p style=\"font-size:18px\">Sur la base de cette id\u00e9e, Porsche d\u00e9veloppe l&#8217;identit\u00e9 du produit \u00e0 long terme. Dans ce processus, l&#8217;objectif est de combiner l&#8217;ADN du design Porsche avec l&#8217;ing\u00e9nierie automobile de pointe. D&#8217;une part, cela garantit la capacit\u00e9 d&#8217;innovation des futurs mod\u00e8les Porsche et, d&#8217;autre part, cela fournit \u00e9galement une r\u00e9f\u00e9rence \u00e9volutive \u00e0 la riche histoire de Porsche.<\/p>\n\n\n\n<h2 class=\"wp-block-heading\"><strong>Concept Porsche 919 Street&nbsp;2017<\/strong><\/h2>\n\n\n\n<figure class=\"wp-block-image size-large\"><img loading=\"lazy\" decoding=\"async\" width=\"1024\" height=\"576\" src=\"http:\/\/lignesauto.fr\/wp-content\/uploads\/2020\/11\/LIGNES_P_05-1024x576.jpg\" alt=\"\" class=\"wp-image-20501\" srcset=\"https:\/\/lignesauto.fr\/wp-content\/uploads\/2020\/11\/LIGNES_P_05-1024x576.jpg 1024w, https:\/\/lignesauto.fr\/wp-content\/uploads\/2020\/11\/LIGNES_P_05-300x169.jpg 300w, https:\/\/lignesauto.fr\/wp-content\/uploads\/2020\/11\/LIGNES_P_05-768x432.jpg 768w, https:\/\/lignesauto.fr\/wp-content\/uploads\/2020\/11\/LIGNES_P_05.jpg 1417w\" sizes=\"(max-width: 1024px) 100vw, 1024px\" \/><\/figure>\n\n\n\n<p style=\"font-size:18px\">La Porsche 919 Street (mod\u00e8le clay 1\/1) a \u00e9t\u00e9 d\u00e9velopp\u00e9e sur la base de la technologie utilis\u00e9e dans la Porsche 919 Hybrid des 24 Heures du Mans, promettant de mettre l&#8217;exp\u00e9rience de conduite exaltante de la voiture de course LMP1 \u00e0 la disposition des pilotes amateurs. <\/p>\n\n\n\n<figure class=\"wp-block-image size-large\"><img loading=\"lazy\" decoding=\"async\" width=\"1024\" height=\"576\" src=\"http:\/\/lignesauto.fr\/wp-content\/uploads\/2020\/11\/LIGNES_P_18-1024x576.jpg\" alt=\"\" class=\"wp-image-20502\" srcset=\"https:\/\/lignesauto.fr\/wp-content\/uploads\/2020\/11\/LIGNES_P_18-1024x576.jpg 1024w, https:\/\/lignesauto.fr\/wp-content\/uploads\/2020\/11\/LIGNES_P_18-300x169.jpg 300w, https:\/\/lignesauto.fr\/wp-content\/uploads\/2020\/11\/LIGNES_P_18-768x432.jpg 768w, https:\/\/lignesauto.fr\/wp-content\/uploads\/2020\/11\/LIGNES_P_18.jpg 1417w\" sizes=\"(max-width: 1024px) 100vw, 1024px\" \/><\/figure>\n\n\n\n<p style=\"font-size:18px\">Sous la carrosserie se trouvent la monocoque en carbone et le groupe motopropulseur hybride de 900 ch qui ont permis \u00e0 la Porsche 919 de remporter ses victoires au Mans. Les dimensions et l&#8217;empattement sont \u00e9galement les m\u00eames que ceux de la voiture de course.<\/p>\n\n\n\n<h2 class=\"wp-block-heading\"><strong>Porsche Vision Spyder&nbsp;2019<\/strong><\/h2>\n\n\n\n<figure class=\"wp-block-image size-large\"><img loading=\"lazy\" decoding=\"async\" width=\"1024\" height=\"576\" src=\"http:\/\/lignesauto.fr\/wp-content\/uploads\/2020\/11\/LIGNES_P_17-1024x576.jpg\" alt=\"\" class=\"wp-image-20503\" srcset=\"https:\/\/lignesauto.fr\/wp-content\/uploads\/2020\/11\/LIGNES_P_17-1024x576.jpg 1024w, https:\/\/lignesauto.fr\/wp-content\/uploads\/2020\/11\/LIGNES_P_17-300x169.jpg 300w, https:\/\/lignesauto.fr\/wp-content\/uploads\/2020\/11\/LIGNES_P_17-768x432.jpg 768w, https:\/\/lignesauto.fr\/wp-content\/uploads\/2020\/11\/LIGNES_P_17.jpg 1417w\" sizes=\"(max-width: 1024px) 100vw, 1024px\" \/><\/figure>\n\n\n\n<p style=\"font-size:18px\">Avec son cockpit spartiate et puriste, les grilles de radiateur caract\u00e9ristiques au-dessus du moteur central, les \u00e9l\u00e9ments graphiques rouges et les ailerons sugg\u00e9r\u00e9s \u00e0 l&#8217;arri\u00e8re, la Porsche Vision Spyder compacte (mod\u00e8le r\u00e9sine 1\/1) rappelle clairement la Porsche 550-1500 RS Spyder de 1954.<\/p>\n\n\n\n<figure class=\"wp-block-image size-large\"><img loading=\"lazy\" decoding=\"async\" width=\"1024\" height=\"576\" src=\"http:\/\/lignesauto.fr\/wp-content\/uploads\/2020\/11\/LIGNES_P_16-1024x576.jpg\" alt=\"\" class=\"wp-image-20504\" srcset=\"https:\/\/lignesauto.fr\/wp-content\/uploads\/2020\/11\/LIGNES_P_16-1024x576.jpg 1024w, https:\/\/lignesauto.fr\/wp-content\/uploads\/2020\/11\/LIGNES_P_16-300x169.jpg 300w, https:\/\/lignesauto.fr\/wp-content\/uploads\/2020\/11\/LIGNES_P_16-768x432.jpg 768w, https:\/\/lignesauto.fr\/wp-content\/uploads\/2020\/11\/LIGNES_P_16.jpg 1417w\" sizes=\"(max-width: 1024px) 100vw, 1024px\" \/><\/figure>\n\n\n\n<p style=\"font-size:18px\">En m\u00eame temps, l&#8217;\u00e9tude visait \u00e0 d\u00e9velopper l&#8217;identit\u00e9 de conception de Porsche et \u00e0 fournir un r\u00e9servoir d&#8217;id\u00e9es pour les futurs d\u00e9tails &#8211; par exemple, l&#8217;arceau de s\u00e9curit\u00e9 ultra-moderne.<\/p>\n\n\n\n<figure class=\"wp-block-image size-large\"><img loading=\"lazy\" decoding=\"async\" width=\"1024\" height=\"576\" src=\"http:\/\/lignesauto.fr\/wp-content\/uploads\/2020\/11\/LIGNES_P_15-1-1024x576.jpg\" alt=\"\" class=\"wp-image-20505\" srcset=\"https:\/\/lignesauto.fr\/wp-content\/uploads\/2020\/11\/LIGNES_P_15-1-1024x576.jpg 1024w, https:\/\/lignesauto.fr\/wp-content\/uploads\/2020\/11\/LIGNES_P_15-1-300x169.jpg 300w, https:\/\/lignesauto.fr\/wp-content\/uploads\/2020\/11\/LIGNES_P_15-1-768x432.jpg 768w, https:\/\/lignesauto.fr\/wp-content\/uploads\/2020\/11\/LIGNES_P_15-1.jpg 1417w\" sizes=\"(max-width: 1024px) 100vw, 1024px\" \/><\/figure>\n\n\n\n<h2 class=\"wp-block-heading\"><strong>Porsche Vision Renndienst 2018&nbsp;<\/strong><\/h2>\n\n\n\n<figure class=\"wp-block-image size-large\"><img loading=\"lazy\" decoding=\"async\" width=\"1024\" height=\"576\" src=\"http:\/\/lignesauto.fr\/wp-content\/uploads\/2020\/11\/LIGNES_P_12-1024x576.jpg\" alt=\"\" class=\"wp-image-20506\" srcset=\"https:\/\/lignesauto.fr\/wp-content\/uploads\/2020\/11\/LIGNES_P_12-1024x576.jpg 1024w, https:\/\/lignesauto.fr\/wp-content\/uploads\/2020\/11\/LIGNES_P_12-300x169.jpg 300w, https:\/\/lignesauto.fr\/wp-content\/uploads\/2020\/11\/LIGNES_P_12-768x432.jpg 768w, https:\/\/lignesauto.fr\/wp-content\/uploads\/2020\/11\/LIGNES_P_12.jpg 1417w\" sizes=\"(max-width: 1024px) 100vw, 1024px\" \/><\/figure>\n\n\n\n<p style=\"font-size:18px\">La vision de Porsche &#8220;Renndienst&#8221; (mod\u00e8le r\u00e9sine 1\/1) est l&#8217;interpr\u00e9tation libre d&#8217;un concept d&#8217;espace favorable \u00e0 la famille pour un maximum de six personnes. L&#8217;\u00e9quipe de design a con\u00e7u une &#8220;navette spatiale&#8221; futuriste aux proportions int\u00e9ressantes. <\/p>\n\n\n\n<figure class=\"wp-block-image size-large\"><img loading=\"lazy\" decoding=\"async\" width=\"1024\" height=\"576\" src=\"http:\/\/lignesauto.fr\/wp-content\/uploads\/2020\/11\/LIGNES_P_13-1024x576.jpg\" alt=\"\" class=\"wp-image-20507\" srcset=\"https:\/\/lignesauto.fr\/wp-content\/uploads\/2020\/11\/LIGNES_P_13-1024x576.jpg 1024w, https:\/\/lignesauto.fr\/wp-content\/uploads\/2020\/11\/LIGNES_P_13-300x169.jpg 300w, https:\/\/lignesauto.fr\/wp-content\/uploads\/2020\/11\/LIGNES_P_13-768x432.jpg 768w, https:\/\/lignesauto.fr\/wp-content\/uploads\/2020\/11\/LIGNES_P_13.jpg 1417w\" sizes=\"(max-width: 1024px) 100vw, 1024px\" \/><\/figure>\n\n\n\n<p style=\"font-size:18px\">L&#8217;\u00e9tude montre comment l&#8217;ADN du design de Porsche, avec sa mod\u00e9lisation de surface caract\u00e9ristique, peut \u00eatre transf\u00e9r\u00e9 \u00e0 un segment de v\u00e9hicule inconnu pour la marque. \u00c0 l&#8217;int\u00e9rieur, les passagers trouvent une cabine de voyage confortable et modulable. Le conducteur est assis dans un si\u00e8ge central.<\/p>\n\n\n\n<figure class=\"wp-block-image size-large\"><img loading=\"lazy\" decoding=\"async\" width=\"1024\" height=\"576\" src=\"http:\/\/lignesauto.fr\/wp-content\/uploads\/2020\/11\/LIGNES_P_14-1024x576.jpg\" alt=\"\" class=\"wp-image-20508\" srcset=\"https:\/\/lignesauto.fr\/wp-content\/uploads\/2020\/11\/LIGNES_P_14-1024x576.jpg 1024w, https:\/\/lignesauto.fr\/wp-content\/uploads\/2020\/11\/LIGNES_P_14-300x169.jpg 300w, https:\/\/lignesauto.fr\/wp-content\/uploads\/2020\/11\/LIGNES_P_14-768x432.jpg 768w, https:\/\/lignesauto.fr\/wp-content\/uploads\/2020\/11\/LIGNES_P_14.jpg 1417w\" sizes=\"(max-width: 1024px) 100vw, 1024px\" \/><\/figure>\n\n\n\n<p style=\"font-size:18px\">La technologie d&#8217;entra\u00eenement enti\u00e8rement \u00e9lectrique se trouve log\u00e9e sous le plancher. Ainsi, les passagers peuvent profiter d&#8217;un espace et d&#8217;une exp\u00e9rience de voyage d&#8217;une g\u00e9n\u00e9rosit\u00e9 inattendue, combin\u00e9e \u00e0 un style digne de Porsche.<\/p>\n\n\n\n<h2 class=\"wp-block-heading\"><strong>Commandez le livre directement chez l&#8217;\u00e9diteur ici : <a href=\"https:\/\/www.delius-klasing.de\/porsche-unseen-11980\">https:\/\/www.delius-klasing.de\/porsche-unseen-11980<\/a><\/strong><\/h2>\n\n\n\n<figure class=\"wp-block-image size-large\"><img loading=\"lazy\" decoding=\"async\" width=\"846\" height=\"1024\" src=\"http:\/\/lignesauto.fr\/wp-content\/uploads\/2020\/11\/Capture-de\u0301cran-2020-11-12-a\u0300-11.45.04-846x1024.png\" alt=\"\" class=\"wp-image-20536\" srcset=\"https:\/\/lignesauto.fr\/wp-content\/uploads\/2020\/11\/Capture-de\u0301cran-2020-11-12-a\u0300-11.45.04-846x1024.png 846w, https:\/\/lignesauto.fr\/wp-content\/uploads\/2020\/11\/Capture-de\u0301cran-2020-11-12-a\u0300-11.45.04-248x300.png 248w, https:\/\/lignesauto.fr\/wp-content\/uploads\/2020\/11\/Capture-de\u0301cran-2020-11-12-a\u0300-11.45.04-768x929.png 768w, https:\/\/lignesauto.fr\/wp-content\/uploads\/2020\/11\/Capture-de\u0301cran-2020-11-12-a\u0300-11.45.04-1269x1536.png 1269w, https:\/\/lignesauto.fr\/wp-content\/uploads\/2020\/11\/Capture-de\u0301cran-2020-11-12-a\u0300-11.45.04.png 1276w\" sizes=\"(max-width: 846px) 100vw, 846px\" \/><\/figure>\n\n\n\n<figure class=\"wp-block-image is-resized\"><img loading=\"lazy\" decoding=\"async\" src=\"http:\/\/lignesauto.fr\/wp-content\/uploads\/2018\/10\/LOGOActus_BD-1024x367.jpg\" alt=\"L\u2019attribut alt de cette image est vide, son nom de fichier est LOGOActus_BD-1024x367.jpg.\" width=\"495\" height=\"177\"\/><\/figure>\n","protected":false},"excerpt":{"rendered":"<p>Porsche r\u00e9v\u00e8le pour la premi\u00e8re fois des concept-cars in\u00e9dits, con\u00e7us de 2005 \u00e0 2019 et qui n\u2019ont encore jamais vu le jour. Le constructeur d\u00e9voile ainsi ses propres visions spectaculaires de 15 voitures diff\u00e9rentes r\u00e9f\u00e9renc\u00e9es dans un livre disponible au mus\u00e9e Porsche. Voici quelques-unes de ces Porsche jusqu\u2019alors myst\u00e9rieuses&#8230; &#8220;Les [&hellip;]<\/p>\n","protected":false},"author":1,"featured_media":20495,"comment_status":"open","ping_status":"open","sticky":false,"template":"","format":"standard","meta":{"footnotes":""},"categories":[1],"tags":[],"_links":{"self":[{"href":"https:\/\/lignesauto.fr\/index.php?rest_route=\/wp\/v2\/posts\/20491"}],"collection":[{"href":"https:\/\/lignesauto.fr\/index.php?rest_route=\/wp\/v2\/posts"}],"about":[{"href":"https:\/\/lignesauto.fr\/index.php?rest_route=\/wp\/v2\/types\/post"}],"author":[{"embeddable":true,"href":"https:\/\/lignesauto.fr\/index.php?rest_route=\/wp\/v2\/users\/1"}],"replies":[{"embeddable":true,"href":"https:\/\/lignesauto.fr\/index.php?rest_route=%2Fwp%2Fv2%2Fcomments&post=20491"}],"version-history":[{"count":13,"href":"https:\/\/lignesauto.fr\/index.php?rest_route=\/wp\/v2\/posts\/20491\/revisions"}],"predecessor-version":[{"id":20537,"href":"https:\/\/lignesauto.fr\/index.php?rest_route=\/wp\/v2\/posts\/20491\/revisions\/20537"}],"wp:featuredmedia":[{"embeddable":true,"href":"https:\/\/lignesauto.fr\/index.php?rest_route=\/wp\/v2\/media\/20495"}],"wp:attachment":[{"href":"https:\/\/lignesauto.fr\/index.php?rest_route=%2Fwp%2Fv2%2Fmedia&parent=20491"}],"wp:term":[{"taxonomy":"category","embeddable":true,"href":"https:\/\/lignesauto.fr\/index.php?rest_route=%2Fwp%2Fv2%2Fcategories&post=20491"},{"taxonomy":"post_tag","embeddable":true,"href":"https:\/\/lignesauto.fr\/index.php?rest_route=%2Fwp%2Fv2%2Ftags&post=20491"}],"curies":[{"name":"wp","href":"https:\/\/api.w.org\/{rel}","templated":true}]}}