{"id":20663,"date":"2020-12-31T19:14:00","date_gmt":"2020-12-31T18:14:00","guid":{"rendered":"http:\/\/lignesauto.fr\/?p=20663"},"modified":"2021-01-02T15:17:07","modified_gmt":"2021-01-02T14:17:07","slug":"linedite-porsche-960-celle-qui-inspira-la-taycan","status":"publish","type":"post","link":"https:\/\/lignesauto.fr\/?p=20663","title":{"rendered":"L&#8217;in\u00e9dite Porsche 960 : celle qui inspira le Taycan"},"content":{"rendered":"\n<figure class=\"wp-block-image size-large is-resized\"><img loading=\"lazy\" decoding=\"async\" src=\"http:\/\/lignesauto.fr\/wp-content\/uploads\/2018\/10\/LOGOActus_BD-1024x367.jpg\" alt=\"\" class=\"wp-image-4921\" width=\"465\" height=\"166\" srcset=\"https:\/\/lignesauto.fr\/wp-content\/uploads\/2018\/10\/LOGOActus_BD-1024x367.jpg 1024w, https:\/\/lignesauto.fr\/wp-content\/uploads\/2018\/10\/LOGOActus_BD-300x108.jpg 300w, https:\/\/lignesauto.fr\/wp-content\/uploads\/2018\/10\/LOGOActus_BD-768x276.jpg 768w, https:\/\/lignesauto.fr\/wp-content\/uploads\/2018\/10\/LOGOActus_BD-370x133.jpg 370w, https:\/\/lignesauto.fr\/wp-content\/uploads\/2018\/10\/LOGOActus_BD-1040x373.jpg 1040w, https:\/\/lignesauto.fr\/wp-content\/uploads\/2018\/10\/LOGOActus_BD.jpg 1240w\" sizes=\"(max-width: 465px) 100vw, 465px\" \/><\/figure>\n\n\n\n<figure class=\"wp-block-image size-large\"><img loading=\"lazy\" decoding=\"async\" width=\"1024\" height=\"576\" src=\"http:\/\/lignesauto.fr\/wp-content\/uploads\/2020\/11\/0-1024x576.jpg\" alt=\"\" class=\"wp-image-20667\" srcset=\"https:\/\/lignesauto.fr\/wp-content\/uploads\/2020\/11\/0-1024x576.jpg 1024w, https:\/\/lignesauto.fr\/wp-content\/uploads\/2020\/11\/0-300x169.jpg 300w, https:\/\/lignesauto.fr\/wp-content\/uploads\/2020\/11\/0-768x432.jpg 768w, https:\/\/lignesauto.fr\/wp-content\/uploads\/2020\/11\/0.jpg 1417w\" sizes=\"(max-width: 1024px) 100vw, 1024px\" \/><\/figure>\n\n\n\n<p style=\"font-size:18px\">Au milieu des ann\u00e9es 2010, un sketch d&#8217;un designer Porsche va retenir l&#8217;attention de Michael Mauer (ci-dessus aux c\u00f4t\u00e9s du Taycan). Le dessin va se transformer en projet de d\u00e9veloppement d&#8217;une Porsche \u00e0 quatre portes, mais il n&#8217;est pas question encore de voiture \u00e9lectrique. Le patron du design Porsche s\u2019explique.<\/p>\n\n\n\n<figure class=\"wp-block-image size-large\"><img loading=\"lazy\" decoding=\"async\" width=\"1024\" height=\"604\" src=\"http:\/\/lignesauto.fr\/wp-content\/uploads\/2020\/11\/1-1-1024x604.png\" alt=\"\" class=\"wp-image-20668\" srcset=\"https:\/\/lignesauto.fr\/wp-content\/uploads\/2020\/11\/1-1-1024x604.png 1024w, https:\/\/lignesauto.fr\/wp-content\/uploads\/2020\/11\/1-1-300x177.png 300w, https:\/\/lignesauto.fr\/wp-content\/uploads\/2020\/11\/1-1-768x453.png 768w, https:\/\/lignesauto.fr\/wp-content\/uploads\/2020\/11\/1-1.png 1417w\" sizes=\"(max-width: 1024px) 100vw, 1024px\" \/><\/figure>\n\n\n\n<p style=\"font-size:18px\">Tous les mod\u00e8les de production en s\u00e9rie r\u00e9ussis ne sont pas d\u00e9velopp\u00e9s selon un processus de conception lin\u00e9aire. Parfois, il peut y avoir une s\u00e9rie de co\u00efncidences et d&#8217;alignements inattendus des plan\u00e8tes qui conduisent un designer, par quelques d\u00e9tours, \u00e0 la destination finale. L&#8217;histoire de la Porsche Taycan &#8211; la premi\u00e8re voiture de sport de s\u00e9rie enti\u00e8rement \u00e9lectrique de la marque &#8211; a \u00e9galement commenc\u00e9 par un malentendu. <\/p>\n\n\n\n<figure class=\"wp-block-image size-large\"><img loading=\"lazy\" decoding=\"async\" width=\"1024\" height=\"604\" src=\"http:\/\/lignesauto.fr\/wp-content\/uploads\/2020\/11\/4-1-1024x604.png\" alt=\"\" class=\"wp-image-20665\" srcset=\"https:\/\/lignesauto.fr\/wp-content\/uploads\/2020\/11\/4-1-1024x604.png 1024w, https:\/\/lignesauto.fr\/wp-content\/uploads\/2020\/11\/4-1-300x177.png 300w, https:\/\/lignesauto.fr\/wp-content\/uploads\/2020\/11\/4-1-768x453.png 768w, https:\/\/lignesauto.fr\/wp-content\/uploads\/2020\/11\/4-1.png 1417w\" sizes=\"(max-width: 1024px) 100vw, 1024px\" \/><\/figure>\n\n\n\n<p style=\"font-size:18px\">&#8220;En passant dans le bureau de design, j&#8217;ai vu une repr\u00e9sentation sch\u00e9matique de la Porsche 918 sur la planche \u00e0 dessin d&#8217;un designer dans notre studio. Une ligne avait \u00e9t\u00e9 redessin\u00e9e au feutre pour montrer clairement un profil in\u00e9dit&#8221;, se souvient Michael Mauer. &#8220;J&#8217;\u00e9tais stup\u00e9fait !&#8221; D\u2019un coup d\u2019\u0153il, l&#8217;esquisse capte le patron du design qui pousse le projet en avant. <\/p>\n\n\n\n<figure class=\"wp-block-image size-large\"><img loading=\"lazy\" decoding=\"async\" width=\"1024\" height=\"817\" src=\"http:\/\/lignesauto.fr\/wp-content\/uploads\/2020\/11\/2-1-1024x817.png\" alt=\"\" class=\"wp-image-20670\" srcset=\"https:\/\/lignesauto.fr\/wp-content\/uploads\/2020\/11\/2-1-1024x817.png 1024w, https:\/\/lignesauto.fr\/wp-content\/uploads\/2020\/11\/2-1-300x239.png 300w, https:\/\/lignesauto.fr\/wp-content\/uploads\/2020\/11\/2-1-768x613.png 768w, https:\/\/lignesauto.fr\/wp-content\/uploads\/2020\/11\/2-1.png 1417w\" sizes=\"(max-width: 1024px) 100vw, 1024px\" \/><\/figure>\n\n\n\n<p style=\"font-size:18px\">L&#8217;id\u00e9e d&#8217;une super voiture de sport \u00e0 quatre places \u00e9tait n\u00e9e. La question suivante \u00e9tait celle de la cha\u00eene de traction appropri\u00e9e pour permettre la r\u00e9alisation des proportions particuli\u00e8rement sportives : ce design d&#8217;athl\u00e8te pouvait-il \u00eatre propuls\u00e9 par un moteur mont\u00e9 en position centrale arri\u00e8re ? Ou devait-il recevoir un moteur arri\u00e8re dans la tradition de la marque, comme la premi\u00e8re Porsche 911 ? <\/p>\n\n\n\n<figure class=\"wp-block-image size-large\"><img loading=\"lazy\" decoding=\"async\" width=\"1024\" height=\"830\" src=\"http:\/\/lignesauto.fr\/wp-content\/uploads\/2020\/11\/3-1-1024x830.png\" alt=\"\" class=\"wp-image-20672\" srcset=\"https:\/\/lignesauto.fr\/wp-content\/uploads\/2020\/11\/3-1-1024x830.png 1024w, https:\/\/lignesauto.fr\/wp-content\/uploads\/2020\/11\/3-1-300x243.png 300w, https:\/\/lignesauto.fr\/wp-content\/uploads\/2020\/11\/3-1-768x623.png 768w, https:\/\/lignesauto.fr\/wp-content\/uploads\/2020\/11\/3-1.png 1417w\" sizes=\"(max-width: 1024px) 100vw, 1024px\" \/><\/figure>\n\n\n\n<p style=\"font-size:18px\">&#8220;Au vu de la question des proportions et de l&#8217;\u00e9mergence du th\u00e8me de la mobilit\u00e9 \u00e9lectrique, nous avons vite compris que l&#8217;id\u00e9e s&#8217;accordait parfaitement avec un groupe motopropulseur purement \u00e9lectrique&#8221;, se souvient Michael Mauer. La premi\u00e8re \u00e9tape de l&#8217;\u00e9volution de la Porsche Taycan (ci-dessous) a donc \u00e9t\u00e9 d\u00e9velopp\u00e9e \u00e0 partir d&#8217;une super voiture de sport quatre places \u00e0 moteur thermique imagin\u00e9 en position centrale !<\/p>\n\n\n\n<figure class=\"wp-block-image size-large\"><img loading=\"lazy\" decoding=\"async\" width=\"1417\" height=\"645\" src=\"http:\/\/lignesauto.fr\/wp-content\/uploads\/2020\/11\/6-1024x466.png\" alt=\"\" class=\"wp-image-20671\" srcset=\"https:\/\/lignesauto.fr\/wp-content\/uploads\/2020\/11\/6-1024x466.png 1024w, https:\/\/lignesauto.fr\/wp-content\/uploads\/2020\/11\/6-300x137.png 300w, https:\/\/lignesauto.fr\/wp-content\/uploads\/2020\/11\/6-768x350.png 768w, https:\/\/lignesauto.fr\/wp-content\/uploads\/2020\/11\/6.png 1417w\" sizes=\"(max-width: 1417px) 100vw, 1417px\" \/><\/figure>\n\n\n\n<p style=\"font-size:18px\">La Porsche 960 Turismo a \u00e9galement lanc\u00e9 de nouvelles tendances en termes de style : la barre lumineuse continue avec le logo Porsche \u00e0 l&#8217;arri\u00e8re a \u00e9t\u00e9 adopt\u00e9e comme \u00e9l\u00e9ment fixe de l&#8217;identit\u00e9 de la marque et on la trouve maintenant sur presque tous les mod\u00e8les. La nouvelle identit\u00e9 visuelle des v\u00e9hicules \u00e9lectriques a \u00e9galement \u00e9t\u00e9 d\u00e9velopp\u00e9e et d\u00e9finie sur la base des feux avant de cette \u00e9tude de style.<\/p>\n\n\n\n<figure class=\"wp-block-image size-large\"><img loading=\"lazy\" decoding=\"async\" width=\"1024\" height=\"683\" src=\"http:\/\/lignesauto.fr\/wp-content\/uploads\/2020\/11\/5-1024x683.jpg\" alt=\"\" class=\"wp-image-20673\" srcset=\"https:\/\/lignesauto.fr\/wp-content\/uploads\/2020\/11\/5-1024x683.jpg 1024w, https:\/\/lignesauto.fr\/wp-content\/uploads\/2020\/11\/5-300x200.jpg 300w, https:\/\/lignesauto.fr\/wp-content\/uploads\/2020\/11\/5-768x512.jpg 768w, https:\/\/lignesauto.fr\/wp-content\/uploads\/2020\/11\/5.jpg 1417w\" sizes=\"(max-width: 1024px) 100vw, 1024px\" \/><\/figure>\n\n\n\n<h2 class=\"wp-block-heading\"><strong>COMMANDEZ LE PREMIER LIVRE TRIMESTRIEL IN\u00c9DIT DE LIGNES\/auto ici <\/strong><\/h2>\n\n\n\n<figure class=\"wp-block-embed-wordpress wp-block-embed is-type-wp-embed is-provider-design-actualite-archives\"><div class=\"wp-block-embed__wrapper\">\nhttps:\/\/lignesauto.fr\/?p=20407\n<\/div><\/figure>\n\n\n\n<figure class=\"wp-block-image is-resized\"><img loading=\"lazy\" decoding=\"async\" src=\"http:\/\/lignesauto.fr\/wp-content\/uploads\/2018\/10\/LOGOActus_BD-1024x367.jpg\" alt=\"L\u2019attribut alt de cette image est vide, son nom de fichier est LOGOActus_BD-1024x367.jpg.\" width=\"494\" height=\"176\"\/><\/figure>\n","protected":false},"excerpt":{"rendered":"<p>Au milieu des ann\u00e9es 2010, un sketch d&#8217;un designer Porsche va retenir l&#8217;attention de Michael Mauer (ci-dessus aux c\u00f4t\u00e9s du Taycan). Le dessin va se transformer en projet de d\u00e9veloppement d&#8217;une Porsche \u00e0 quatre portes, mais il n&#8217;est pas question encore de voiture \u00e9lectrique. Le patron du design Porsche s\u2019explique. [&hellip;]<\/p>\n","protected":false},"author":1,"featured_media":20665,"comment_status":"open","ping_status":"open","sticky":false,"template":"","format":"standard","meta":{"footnotes":""},"categories":[1],"tags":[],"_links":{"self":[{"href":"https:\/\/lignesauto.fr\/index.php?rest_route=\/wp\/v2\/posts\/20663"}],"collection":[{"href":"https:\/\/lignesauto.fr\/index.php?rest_route=\/wp\/v2\/posts"}],"about":[{"href":"https:\/\/lignesauto.fr\/index.php?rest_route=\/wp\/v2\/types\/post"}],"author":[{"embeddable":true,"href":"https:\/\/lignesauto.fr\/index.php?rest_route=\/wp\/v2\/users\/1"}],"replies":[{"embeddable":true,"href":"https:\/\/lignesauto.fr\/index.php?rest_route=%2Fwp%2Fv2%2Fcomments&post=20663"}],"version-history":[{"count":12,"href":"https:\/\/lignesauto.fr\/index.php?rest_route=\/wp\/v2\/posts\/20663\/revisions"}],"predecessor-version":[{"id":20692,"href":"https:\/\/lignesauto.fr\/index.php?rest_route=\/wp\/v2\/posts\/20663\/revisions\/20692"}],"wp:featuredmedia":[{"embeddable":true,"href":"https:\/\/lignesauto.fr\/index.php?rest_route=\/wp\/v2\/media\/20665"}],"wp:attachment":[{"href":"https:\/\/lignesauto.fr\/index.php?rest_route=%2Fwp%2Fv2%2Fmedia&parent=20663"}],"wp:term":[{"taxonomy":"category","embeddable":true,"href":"https:\/\/lignesauto.fr\/index.php?rest_route=%2Fwp%2Fv2%2Fcategories&post=20663"},{"taxonomy":"post_tag","embeddable":true,"href":"https:\/\/lignesauto.fr\/index.php?rest_route=%2Fwp%2Fv2%2Ftags&post=20663"}],"curies":[{"name":"wp","href":"https:\/\/api.w.org\/{rel}","templated":true}]}}